{"id":1456,"date":"2014-02-13T10:08:11","date_gmt":"2014-02-13T13:08:11","guid":{"rendered":"http:\/\/www.notibras.com\/site\/?p=1456"},"modified":"2014-02-13T10:08:52","modified_gmt":"2014-02-13T13:08:52","slug":"reforma-ministerial-fica-parada-e-a-base-vai-brigando-entre-si","status":"publish","type":"post","link":"https:\/\/www.notibras.com\/site\/reforma-ministerial-fica-parada-e-a-base-vai-brigando-entre-si\/","title":{"rendered":"Reforma ministerial fica parada (e a base vai brigando entre si)"},"content":{"rendered":"<p>Reforma parcial do Minist\u00e9rio est\u00e1 parada na posse, na semana passada, dos quatro ministros do PT.<b> <\/b>A forma como a presidente Dilma Rousseff quer fazer a escolha dos novos ministros n\u00e3o est\u00e1 sendo aceita pelos partidos. \u201cN\u00e3o queremos ser barriga de aluguel\u201c \u2013 reagiram os dirigentes do PTB aos serem \u00a0informados de que a legenda poderia ser contemplada com o Minist\u00e9rio do Turismo, mas a escolha do nome para ocup\u00e1-lo seria feita pelo Pal\u00e1cio do Planalto. Os petebistas comunicaram \u00e0 presidente que abriam m\u00e3o desse Minist\u00e9rio.<\/p>\n<p>Atitude id\u00eantica adotaram os deputados da bancada do PMDB na C\u00e2mara, ao saberem que o Minist\u00e9rio da Agricultura seria ocupado por nome n\u00e3o indicado por eles. A lideran\u00e7a do PMDB comunicou ao l\u00edder do governo na C\u00e2mara, deputado Arlindo Chinaglia, que sua bancada estava deixando de integrar a base do governo, reservando-lhe\u00a0 o direito de votar projetos conforme os interesse da maioria da bancada. N\u00e3o seguir\u00e1 mais a orienta\u00e7\u00e3o do governo.<\/p>\n<p>A crise foi aberta. Entrou em campo o ex-presidente Lula para tentar pacificar as rela\u00e7\u00f5es do Pal\u00e1cio do Planalto com os partidos governistas.<\/p>\n<p><b>MENSAL\u00c3O DOS TUCANOS<br \/>\n<\/b><\/p>\n<p>O que mais o PT queria neste inicio de ano eleitoral aconteceu: vai come\u00e7ar andar o processo do mensal\u00e3o do PSDB de Minas Gerais. O procurador\u2013geral da Rep\u00fablica, Rodrigo Janot, pediu a condena\u00e7\u00e3o do ex \u2013governador mineiro, o hoje deputado federal Eduardo Azeredo, a 22 anos de pris\u00e3o por desvio de recursos\u00a0 de empresas do governo para a campanha da reelei\u00e7\u00e3o, em 1998, quando perdeu o pleito para Itamar Franco.<\/p>\n<p>Azeredo \u00e9 tamb\u00e9m acusado por lavagem de dinheiro, em um esquema montado pelo publicit\u00e1rio Marco Val\u00e9rio, o mesmo que j\u00e1 foi condenado a 42 anos de cadeia no processo do mensal\u00e3o do PT.<\/p>\n<p>O pedido de condena\u00e7\u00e3o de Azeredo j\u00e1 est\u00e1 no Supremo Tribunal Federal. O relator do \u00a0processo \u00e9 o ministro Luis Roberto Barroso e para revisor \u00a0\u00a0foi escolhido o decano do Supremo, ministro Celso de Mello. Segundo o procurador geral Rodrigo Janot, foram desviados na \u00e9poca (1988) \u00a0R$ 3.5 milh\u00f5es, aproximadamente R$ 9.3 milh\u00f5es nos dias de hoje, dos caixas das empresas CEMIG e COPASA, al\u00e9m do banco oficial BENGE, hoje extinto.<\/p>\n<p>O processo corre tamb\u00e9m contra o senador Cl\u00e9sio de Andrade, do PMDB, companheiro de chapa de Azeredo, em 1998. A extrema lentid\u00e3o do processo\u00a0 salvou a pele de outro denunciado, nesse caso por peculato e forma\u00e7\u00e3o de quadrilha, o ent\u00e3o petebista Walfrido dos Mares Guia, vice \u2013governador de Minas na gest\u00e3o do tucano Azeredo e, mais tarde, duas vezes ministro no Governo Lula. Ele se safou por ter completado 70 anos.<\/p>\n<p>O ministro &#8211; relator Roberto Barroso deu \u00e0 Azeredo o prazo at\u00e9 o pr\u00f3ximo dia 27 para apresenta\u00e7\u00e3o da sua defesa.<\/p>\n<p><b>SUCESS\u00c3O EM BRAS\u00cdLIA<\/b><\/p>\n<p>Tr\u00eas dos mais influentes caciques pol\u00edticos da cidade de Bras\u00edlia-\u00a0 ex \u2013governadores\u00a0 Joaquim Roriz e Jos\u00e9 Roberto Arruda e o ex \u2013senador\u00a0 cassado Luiz Estev\u00e3o \u2013decidiram se juntar para apresenta\u00e7\u00e3o de candidato<b> <\/b>\u00fanico para disputar o \u00a0Governo do Distrito Federal, hoje nas m\u00e3os do PT.<\/p>\n<p>Eles mesmos est\u00e3o impedidos de serem esse candidato por estarem enquadra dos na Lei da Ficha Limpa. Desse acordo para candidato \u00fanico- o nome est\u00e1 sendo procurado- participa tamb\u00e9m o governador de Goi\u00e1s Marcone Pirillo, que exerce grande influ\u00eancia nos munic\u00edpios goianos\u00a0 do entorno do Distrito Federal\u00a0 e neles reside um grande contingente de eleitores que votam em Bras\u00edlia. E as articula\u00e7\u00f5es s\u00e3o no sentido tamb\u00e9m de se criar um palanque para o candidato presidencial A\u00e9cio Neves.<\/p>\n<p>O atual governador do Distrito Federal Agnelo Queiroz, candidato \u00e0 reelei\u00e7\u00e3o, est\u00e1 com uma p\u00e9ssima avalia\u00e7\u00e3o popular, tendo, inclusive,\u00a0\u00a0 sido apontado, em recente pesquisa, como o pior entre os 27 governadores de Estado. V\u00e1rios partidos que o apoiaram em 2010 est\u00e3o abandonando a sua reelei\u00e7\u00e3o.<\/p>\n<p>Tem \u2013se como certo o lan\u00e7amento de um terceiro candidato, que seria o senador Rodrigo Rollemberg, do PSB, com apoio da ex \u2013senadora Marina Silva Ela foi a candidata \u00e0 Presid\u00eancia mais votada, em Bras\u00edlia, nas elei\u00e7\u00f5es de 2010. Por fora corre o nome do deputado federal Reguffe, do PDT, que contaria com o apoio do ex \u2013prefeito e hoje senador Cristovam Buarque. Ele \u00e9 avaliado como um dos melhores entre os 513 deputados federais.<\/p>\n<p><strong>Cl\u00e1udio Coletti<\/strong><\/p>\n","protected":false},"excerpt":{"rendered":"<p>Reforma parcial do Minist\u00e9rio est\u00e1 parada na posse, na semana passada, dos quatro ministros do PT. A forma como a presidente Dilma Rousseff quer fazer a escolha dos novos ministros n\u00e3o est\u00e1 sendo aceita pelos partidos. \u201cN\u00e3o queremos ser barriga de aluguel\u201c \u2013 reagiram os dirigentes do PTB aos serem \u00a0informados de que a legenda [&hellip;]<\/p>\n","protected":false},"author":2,"featured_media":1457,"comment_status":"open","ping_status":"closed","sticky":false,"template":"","format":"standard","meta":{"_acf_changed":false,"footnotes":""},"categories":[25],"tags":[],"class_list":["post-1456","post","type-post","status-publish","format-standard","has-post-thumbnail","hentry","category-opina-ai"],"acf":[],"yoast_head":"<!-- This site is optimized with the Yoast SEO plugin v27.5 - https:\/\/yoast.com\/product\/yoast-seo-wordpress\/ -->\n<title>Reforma ministerial fica parada (e a base vai brigando entre si) - Notibras<\/title>\n<meta name=\"robots\" content=\"index, follow, max-snippet:-1, max-image-preview:large, max-video-preview:-1\" \/>\n<link rel=\"canonical\" href=\"https:\/\/www.notibras.com\/site\/reforma-ministerial-fica-parada-e-a-base-vai-brigando-entre-si\/\" \/>\n<meta property=\"og:locale\" content=\"pt_BR\" \/>\n<meta property=\"og:type\" content=\"article\" \/>\n<meta property=\"og:title\" content=\"Reforma ministerial fica parada (e a base vai brigando entre si) - Notibras\" \/>\n<meta property=\"og:description\" content=\"Reforma parcial do Minist\u00e9rio est\u00e1 parada na posse, na semana passada, dos quatro ministros do PT. A forma como a presidente Dilma Rousseff quer fazer a escolha dos novos ministros n\u00e3o est\u00e1 sendo aceita pelos partidos. \u201cN\u00e3o queremos ser barriga de aluguel\u201c \u2013 reagiram os dirigentes do PTB aos serem \u00a0informados de que a legenda [&hellip;]\" \/>\n<meta property=\"og:url\" content=\"https:\/\/www.notibras.com\/site\/reforma-ministerial-fica-parada-e-a-base-vai-brigando-entre-si\/\" \/>\n<meta property=\"og:site_name\" content=\"Notibras\" \/>\n<meta property=\"article:publisher\" content=\"https:\/\/www.facebook.com\/notibras\/\" \/>\n<meta property=\"article:published_time\" content=\"2014-02-13T13:08:11+00:00\" \/>\n<meta property=\"article:modified_time\" content=\"2014-02-13T13:08:52+00:00\" \/>\n<meta property=\"og:image\" content=\"https:\/\/www.notibras.com\/site\/wp-content\/uploads\/2014\/02\/dilma_reforma_ministerial_dida_sampaio_ae_03122011_630.jpg\" \/>\n\t<meta property=\"og:image:width\" content=\"630\" \/>\n\t<meta property=\"og:image:height\" content=\"310\" \/>\n\t<meta property=\"og:image:type\" content=\"image\/jpeg\" \/>\n<meta name=\"author\" content=\"Reda\u00e7\u00e3o\" \/>\n<meta name=\"twitter:card\" content=\"summary_large_image\" \/>\n<meta name=\"twitter:creator\" content=\"@Notibras\" \/>\n<meta name=\"twitter:site\" content=\"@Notibras\" \/>\n<meta name=\"twitter:label1\" content=\"Escrito por\" \/>\n\t<meta name=\"twitter:data1\" content=\"Reda\u00e7\u00e3o\" \/>\n\t<meta name=\"twitter:label2\" content=\"Est. tempo de leitura\" \/>\n\t<meta name=\"twitter:data2\" content=\"4 minutos\" \/>\n<script type=\"application\/ld+json\" class=\"yoast-schema-graph\">{\"@context\":\"https:\\\/\\\/schema.org\",\"@graph\":[{\"@type\":\"Article\",\"@id\":\"https:\\\/\\\/www.notibras.com\\\/site\\\/reforma-ministerial-fica-parada-e-a-base-vai-brigando-entre-si\\\/#article\",\"isPartOf\":{\"@id\":\"https:\\\/\\\/www.notibras.com\\\/site\\\/reforma-ministerial-fica-parada-e-a-base-vai-brigando-entre-si\\\/\"},\"author\":{\"name\":\"Reda\u00e7\u00e3o\",\"@id\":\"https:\\\/\\\/www.notibras.com\\\/site\\\/#\\\/schema\\\/person\\\/36ab0979449956132d3e5b517ea76ac8\"},\"headline\":\"Reforma ministerial fica parada (e a base vai brigando entre si)\",\"datePublished\":\"2014-02-13T13:08:11+00:00\",\"dateModified\":\"2014-02-13T13:08:52+00:00\",\"mainEntityOfPage\":{\"@id\":\"https:\\\/\\\/www.notibras.com\\\/site\\\/reforma-ministerial-fica-parada-e-a-base-vai-brigando-entre-si\\\/\"},\"wordCount\":758,\"commentCount\":0,\"publisher\":{\"@id\":\"https:\\\/\\\/www.notibras.com\\\/site\\\/#organization\"},\"image\":{\"@id\":\"https:\\\/\\\/www.notibras.com\\\/site\\\/reforma-ministerial-fica-parada-e-a-base-vai-brigando-entre-si\\\/#primaryimage\"},\"thumbnailUrl\":\"https:\\\/\\\/www.notibras.com\\\/site\\\/wp-content\\\/uploads\\\/2014\\\/02\\\/dilma_reforma_ministerial_dida_sampaio_ae_03122011_630.jpg\",\"articleSection\":[\"Opina a\u00ed\"],\"inLanguage\":\"pt-BR\",\"potentialAction\":[{\"@type\":\"CommentAction\",\"name\":\"Comment\",\"target\":[\"https:\\\/\\\/www.notibras.com\\\/site\\\/reforma-ministerial-fica-parada-e-a-base-vai-brigando-entre-si\\\/#respond\"]}]},{\"@type\":\"WebPage\",\"@id\":\"https:\\\/\\\/www.notibras.com\\\/site\\\/reforma-ministerial-fica-parada-e-a-base-vai-brigando-entre-si\\\/\",\"url\":\"https:\\\/\\\/www.notibras.com\\\/site\\\/reforma-ministerial-fica-parada-e-a-base-vai-brigando-entre-si\\\/\",\"name\":\"Reforma ministerial fica parada (e a base vai brigando entre si) - Notibras\",\"isPartOf\":{\"@id\":\"https:\\\/\\\/www.notibras.com\\\/site\\\/#website\"},\"primaryImageOfPage\":{\"@id\":\"https:\\\/\\\/www.notibras.com\\\/site\\\/reforma-ministerial-fica-parada-e-a-base-vai-brigando-entre-si\\\/#primaryimage\"},\"image\":{\"@id\":\"https:\\\/\\\/www.notibras.com\\\/site\\\/reforma-ministerial-fica-parada-e-a-base-vai-brigando-entre-si\\\/#primaryimage\"},\"thumbnailUrl\":\"https:\\\/\\\/www.notibras.com\\\/site\\\/wp-content\\\/uploads\\\/2014\\\/02\\\/dilma_reforma_ministerial_dida_sampaio_ae_03122011_630.jpg\",\"datePublished\":\"2014-02-13T13:08:11+00:00\",\"dateModified\":\"2014-02-13T13:08:52+00:00\",\"breadcrumb\":{\"@id\":\"https:\\\/\\\/www.notibras.com\\\/site\\\/reforma-ministerial-fica-parada-e-a-base-vai-brigando-entre-si\\\/#breadcrumb\"},\"inLanguage\":\"pt-BR\",\"potentialAction\":[{\"@type\":\"ReadAction\",\"target\":[\"https:\\\/\\\/www.notibras.com\\\/site\\\/reforma-ministerial-fica-parada-e-a-base-vai-brigando-entre-si\\\/\"]}]},{\"@type\":\"ImageObject\",\"inLanguage\":\"pt-BR\",\"@id\":\"https:\\\/\\\/www.notibras.com\\\/site\\\/reforma-ministerial-fica-parada-e-a-base-vai-brigando-entre-si\\\/#primaryimage\",\"url\":\"https:\\\/\\\/www.notibras.com\\\/site\\\/wp-content\\\/uploads\\\/2014\\\/02\\\/dilma_reforma_ministerial_dida_sampaio_ae_03122011_630.jpg\",\"contentUrl\":\"https:\\\/\\\/www.notibras.com\\\/site\\\/wp-content\\\/uploads\\\/2014\\\/02\\\/dilma_reforma_ministerial_dida_sampaio_ae_03122011_630.jpg\",\"width\":630,\"height\":310},{\"@type\":\"BreadcrumbList\",\"@id\":\"https:\\\/\\\/www.notibras.com\\\/site\\\/reforma-ministerial-fica-parada-e-a-base-vai-brigando-entre-si\\\/#breadcrumb\",\"itemListElement\":[{\"@type\":\"ListItem\",\"position\":1,\"name\":\"In\u00edcio\",\"item\":\"https:\\\/\\\/www.notibras.com\\\/site\\\/\"},{\"@type\":\"ListItem\",\"position\":2,\"name\":\"Reforma ministerial fica parada (e a base vai brigando entre si)\"}]},{\"@type\":\"WebSite\",\"@id\":\"https:\\\/\\\/www.notibras.com\\\/site\\\/#website\",\"url\":\"https:\\\/\\\/www.notibras.com\\\/site\\\/\",\"name\":\"Notibras\",\"description\":\"Not\u00edcias de Bras\u00edlia, do Brasil e do Mundo\",\"publisher\":{\"@id\":\"https:\\\/\\\/www.notibras.com\\\/site\\\/#organization\"},\"potentialAction\":[{\"@type\":\"SearchAction\",\"target\":{\"@type\":\"EntryPoint\",\"urlTemplate\":\"https:\\\/\\\/www.notibras.com\\\/site\\\/?s={search_term_string}\"},\"query-input\":{\"@type\":\"PropertyValueSpecification\",\"valueRequired\":true,\"valueName\":\"search_term_string\"}}],\"inLanguage\":\"pt-BR\"},{\"@type\":\"Organization\",\"@id\":\"https:\\\/\\\/www.notibras.com\\\/site\\\/#organization\",\"name\":\"Grupo Notibras de Comunica\u00e7\u00e3o\",\"url\":\"https:\\\/\\\/www.notibras.com\\\/site\\\/\",\"logo\":{\"@type\":\"ImageObject\",\"inLanguage\":\"pt-BR\",\"@id\":\"https:\\\/\\\/www.notibras.com\\\/site\\\/#\\\/schema\\\/logo\\\/image\\\/\",\"url\":\"https:\\\/\\\/www.notibras.com\\\/site\\\/wp-content\\\/uploads\\\/2023\\\/01\\\/notibras23.png\",\"contentUrl\":\"https:\\\/\\\/www.notibras.com\\\/site\\\/wp-content\\\/uploads\\\/2023\\\/01\\\/notibras23.png\",\"width\":350,\"height\":87,\"caption\":\"Grupo Notibras de Comunica\u00e7\u00e3o\"},\"image\":{\"@id\":\"https:\\\/\\\/www.notibras.com\\\/site\\\/#\\\/schema\\\/logo\\\/image\\\/\"},\"sameAs\":[\"https:\\\/\\\/www.facebook.com\\\/notibras\\\/\",\"https:\\\/\\\/x.com\\\/Notibras\",\"https:\\\/\\\/www.instagram.com\\\/notibras\\\/\"]},{\"@type\":\"Person\",\"@id\":\"https:\\\/\\\/www.notibras.com\\\/site\\\/#\\\/schema\\\/person\\\/36ab0979449956132d3e5b517ea76ac8\",\"name\":\"Reda\u00e7\u00e3o\",\"image\":{\"@type\":\"ImageObject\",\"inLanguage\":\"pt-BR\",\"@id\":\"https:\\\/\\\/secure.gravatar.com\\\/avatar\\\/e0a867bdedb85fd243eadf09663511f96fc81e0720a4a42581f334ad4303aa6b?s=96&d=mm&r=g\",\"url\":\"https:\\\/\\\/secure.gravatar.com\\\/avatar\\\/e0a867bdedb85fd243eadf09663511f96fc81e0720a4a42581f334ad4303aa6b?s=96&d=mm&r=g\",\"contentUrl\":\"https:\\\/\\\/secure.gravatar.com\\\/avatar\\\/e0a867bdedb85fd243eadf09663511f96fc81e0720a4a42581f334ad4303aa6b?s=96&d=mm&r=g\",\"caption\":\"Reda\u00e7\u00e3o\"}}]}<\/script>\n<!-- \/ Yoast SEO plugin. -->","yoast_head_json":{"title":"Reforma ministerial fica parada (e a base vai brigando entre si) - Notibras","robots":{"index":"index","follow":"follow","max-snippet":"max-snippet:-1","max-image-preview":"max-image-preview:large","max-video-preview":"max-video-preview:-1"},"canonical":"https:\/\/www.notibras.com\/site\/reforma-ministerial-fica-parada-e-a-base-vai-brigando-entre-si\/","og_locale":"pt_BR","og_type":"article","og_title":"Reforma ministerial fica parada (e a base vai brigando entre si) - Notibras","og_description":"Reforma parcial do Minist\u00e9rio est\u00e1 parada na posse, na semana passada, dos quatro ministros do PT. A forma como a presidente Dilma Rousseff quer fazer a escolha dos novos ministros n\u00e3o est\u00e1 sendo aceita pelos partidos. \u201cN\u00e3o queremos ser barriga de aluguel\u201c \u2013 reagiram os dirigentes do PTB aos serem \u00a0informados de que a legenda [&hellip;]","og_url":"https:\/\/www.notibras.com\/site\/reforma-ministerial-fica-parada-e-a-base-vai-brigando-entre-si\/","og_site_name":"Notibras","article_publisher":"https:\/\/www.facebook.com\/notibras\/","article_published_time":"2014-02-13T13:08:11+00:00","article_modified_time":"2014-02-13T13:08:52+00:00","og_image":[{"width":630,"height":310,"url":"https:\/\/www.notibras.com\/site\/wp-content\/uploads\/2014\/02\/dilma_reforma_ministerial_dida_sampaio_ae_03122011_630.jpg","type":"image\/jpeg"}],"author":"Reda\u00e7\u00e3o","twitter_card":"summary_large_image","twitter_creator":"@Notibras","twitter_site":"@Notibras","twitter_misc":{"Escrito por":"Reda\u00e7\u00e3o","Est. tempo de leitura":"4 minutos"},"schema":{"@context":"https:\/\/schema.org","@graph":[{"@type":"Article","@id":"https:\/\/www.notibras.com\/site\/reforma-ministerial-fica-parada-e-a-base-vai-brigando-entre-si\/#article","isPartOf":{"@id":"https:\/\/www.notibras.com\/site\/reforma-ministerial-fica-parada-e-a-base-vai-brigando-entre-si\/"},"author":{"name":"Reda\u00e7\u00e3o","@id":"https:\/\/www.notibras.com\/site\/#\/schema\/person\/36ab0979449956132d3e5b517ea76ac8"},"headline":"Reforma ministerial fica parada (e a base vai brigando entre si)","datePublished":"2014-02-13T13:08:11+00:00","dateModified":"2014-02-13T13:08:52+00:00","mainEntityOfPage":{"@id":"https:\/\/www.notibras.com\/site\/reforma-ministerial-fica-parada-e-a-base-vai-brigando-entre-si\/"},"wordCount":758,"commentCount":0,"publisher":{"@id":"https:\/\/www.notibras.com\/site\/#organization"},"image":{"@id":"https:\/\/www.notibras.com\/site\/reforma-ministerial-fica-parada-e-a-base-vai-brigando-entre-si\/#primaryimage"},"thumbnailUrl":"https:\/\/www.notibras.com\/site\/wp-content\/uploads\/2014\/02\/dilma_reforma_ministerial_dida_sampaio_ae_03122011_630.jpg","articleSection":["Opina a\u00ed"],"inLanguage":"pt-BR","potentialAction":[{"@type":"CommentAction","name":"Comment","target":["https:\/\/www.notibras.com\/site\/reforma-ministerial-fica-parada-e-a-base-vai-brigando-entre-si\/#respond"]}]},{"@type":"WebPage","@id":"https:\/\/www.notibras.com\/site\/reforma-ministerial-fica-parada-e-a-base-vai-brigando-entre-si\/","url":"https:\/\/www.notibras.com\/site\/reforma-ministerial-fica-parada-e-a-base-vai-brigando-entre-si\/","name":"Reforma ministerial fica parada (e a base vai brigando entre si) - Notibras","isPartOf":{"@id":"https:\/\/www.notibras.com\/site\/#website"},"primaryImageOfPage":{"@id":"https:\/\/www.notibras.com\/site\/reforma-ministerial-fica-parada-e-a-base-vai-brigando-entre-si\/#primaryimage"},"image":{"@id":"https:\/\/www.notibras.com\/site\/reforma-ministerial-fica-parada-e-a-base-vai-brigando-entre-si\/#primaryimage"},"thumbnailUrl":"https:\/\/www.notibras.com\/site\/wp-content\/uploads\/2014\/02\/dilma_reforma_ministerial_dida_sampaio_ae_03122011_630.jpg","datePublished":"2014-02-13T13:08:11+00:00","dateModified":"2014-02-13T13:08:52+00:00","breadcrumb":{"@id":"https:\/\/www.notibras.com\/site\/reforma-ministerial-fica-parada-e-a-base-vai-brigando-entre-si\/#breadcrumb"},"inLanguage":"pt-BR","potentialAction":[{"@type":"ReadAction","target":["https:\/\/www.notibras.com\/site\/reforma-ministerial-fica-parada-e-a-base-vai-brigando-entre-si\/"]}]},{"@type":"ImageObject","inLanguage":"pt-BR","@id":"https:\/\/www.notibras.com\/site\/reforma-ministerial-fica-parada-e-a-base-vai-brigando-entre-si\/#primaryimage","url":"https:\/\/www.notibras.com\/site\/wp-content\/uploads\/2014\/02\/dilma_reforma_ministerial_dida_sampaio_ae_03122011_630.jpg","contentUrl":"https:\/\/www.notibras.com\/site\/wp-content\/uploads\/2014\/02\/dilma_reforma_ministerial_dida_sampaio_ae_03122011_630.jpg","width":630,"height":310},{"@type":"BreadcrumbList","@id":"https:\/\/www.notibras.com\/site\/reforma-ministerial-fica-parada-e-a-base-vai-brigando-entre-si\/#breadcrumb","itemListElement":[{"@type":"ListItem","position":1,"name":"In\u00edcio","item":"https:\/\/www.notibras.com\/site\/"},{"@type":"ListItem","position":2,"name":"Reforma ministerial fica parada (e a base vai brigando entre si)"}]},{"@type":"WebSite","@id":"https:\/\/www.notibras.com\/site\/#website","url":"https:\/\/www.notibras.com\/site\/","name":"Notibras","description":"Not\u00edcias de Bras\u00edlia, do Brasil e do Mundo","publisher":{"@id":"https:\/\/www.notibras.com\/site\/#organization"},"potentialAction":[{"@type":"SearchAction","target":{"@type":"EntryPoint","urlTemplate":"https:\/\/www.notibras.com\/site\/?s={search_term_string}"},"query-input":{"@type":"PropertyValueSpecification","valueRequired":true,"valueName":"search_term_string"}}],"inLanguage":"pt-BR"},{"@type":"Organization","@id":"https:\/\/www.notibras.com\/site\/#organization","name":"Grupo Notibras de Comunica\u00e7\u00e3o","url":"https:\/\/www.notibras.com\/site\/","logo":{"@type":"ImageObject","inLanguage":"pt-BR","@id":"https:\/\/www.notibras.com\/site\/#\/schema\/logo\/image\/","url":"https:\/\/www.notibras.com\/site\/wp-content\/uploads\/2023\/01\/notibras23.png","contentUrl":"https:\/\/www.notibras.com\/site\/wp-content\/uploads\/2023\/01\/notibras23.png","width":350,"height":87,"caption":"Grupo Notibras de Comunica\u00e7\u00e3o"},"image":{"@id":"https:\/\/www.notibras.com\/site\/#\/schema\/logo\/image\/"},"sameAs":["https:\/\/www.facebook.com\/notibras\/","https:\/\/x.com\/Notibras","https:\/\/www.instagram.com\/notibras\/"]},{"@type":"Person","@id":"https:\/\/www.notibras.com\/site\/#\/schema\/person\/36ab0979449956132d3e5b517ea76ac8","name":"Reda\u00e7\u00e3o","image":{"@type":"ImageObject","inLanguage":"pt-BR","@id":"https:\/\/secure.gravatar.com\/avatar\/e0a867bdedb85fd243eadf09663511f96fc81e0720a4a42581f334ad4303aa6b?s=96&d=mm&r=g","url":"https:\/\/secure.gravatar.com\/avatar\/e0a867bdedb85fd243eadf09663511f96fc81e0720a4a42581f334ad4303aa6b?s=96&d=mm&r=g","contentUrl":"https:\/\/secure.gravatar.com\/avatar\/e0a867bdedb85fd243eadf09663511f96fc81e0720a4a42581f334ad4303aa6b?s=96&d=mm&r=g","caption":"Reda\u00e7\u00e3o"}}]}},"amp_enabled":true,"_links":{"self":[{"href":"https:\/\/www.notibras.com\/site\/wp-json\/wp\/v2\/posts\/1456","targetHints":{"allow":["GET"]}}],"collection":[{"href":"https:\/\/www.notibras.com\/site\/wp-json\/wp\/v2\/posts"}],"about":[{"href":"https:\/\/www.notibras.com\/site\/wp-json\/wp\/v2\/types\/post"}],"author":[{"embeddable":true,"href":"https:\/\/www.notibras.com\/site\/wp-json\/wp\/v2\/users\/2"}],"replies":[{"embeddable":true,"href":"https:\/\/www.notibras.com\/site\/wp-json\/wp\/v2\/comments?post=1456"}],"version-history":[{"count":0,"href":"https:\/\/www.notibras.com\/site\/wp-json\/wp\/v2\/posts\/1456\/revisions"}],"wp:featuredmedia":[{"embeddable":true,"href":"https:\/\/www.notibras.com\/site\/wp-json\/wp\/v2\/media\/1457"}],"wp:attachment":[{"href":"https:\/\/www.notibras.com\/site\/wp-json\/wp\/v2\/media?parent=1456"}],"wp:term":[{"taxonomy":"category","embeddable":true,"href":"https:\/\/www.notibras.com\/site\/wp-json\/wp\/v2\/categories?post=1456"},{"taxonomy":"post_tag","embeddable":true,"href":"https:\/\/www.notibras.com\/site\/wp-json\/wp\/v2\/tags?post=1456"}],"curies":[{"name":"wp","href":"https:\/\/api.w.org\/{rel}","templated":true}]}}