{"id":14631,"date":"2014-06-28T07:51:47","date_gmt":"2014-06-28T10:51:47","guid":{"rendered":"http:\/\/www.notibras.com\/site\/?p=14631"},"modified":"2014-06-28T16:18:11","modified_gmt":"2014-06-28T19:18:11","slug":"brasil-x-chile-argentina-x-colombia-mata-mata-comeca-para-valer","status":"publish","type":"post","link":"https:\/\/www.notibras.com\/site\/brasil-x-chile-argentina-x-colombia-mata-mata-comeca-para-valer\/","title":{"rendered":"Brasil x Chile, Argentina x Col\u00f4mbia. Come\u00e7a o mata-mata"},"content":{"rendered":"<p>Brasil, Chile, Uruguai e Col\u00f4mbia entram em campo neste s\u00e1bado para mostrar a for\u00e7a do futebol sul-americano nesta edi\u00e7\u00e3o da Copa do Mundo. Com clima de Copa Am\u00e9rica, as quatro sele\u00e7\u00f5es abrem a fase de oitavas de final da competi\u00e7\u00e3o.<\/p>\n<p>A sele\u00e7\u00e3o brasileira pega o Chile, no Mineir\u00e3o, em Belo Horizonte, \u00e0s 13h. Uruguaios e colombianos se enfrentam \u00e0s 17h, no Maracan\u00e3, no Rio. Os vencedores dos dois confrontos v\u00e3o se encontrar nas quartas de final, na sexta-feira (4), \u00e0s 17h, no Castel\u00e3o, em Fortaleza.<\/p>\n<blockquote><p>O Brasil deve entrar em campo modificado, com Fernandinho na vaga de Paulinho. O volante do Manchester City entrou bem contra Camar\u00f5es, quando o Brasil garantiu a lideran\u00e7a do grupo A, com uma goleada por 4 a 1. Fernandinho marcou o \u00faltimo gol do jogo e tamb\u00e9m foi importante para proteger a defesa brasileira. Ele treinou no time titular.<\/p><\/blockquote>\n<p>Outros testes feitos por Felip\u00e3o durante a semana indicaram duas possibilidades de mudan\u00e7as: Maicon em vez de Daniel Alves na lateral direita; e Ramires substituindo Hulk. &#8220;N\u00e3o sei o time que vai jogar, porque sempre tem um problema ou outro acontecendo&#8221;, disse Felip\u00e3o. David Luiz deixou o campo com dor nas costas.<\/p>\n","protected":false},"excerpt":{"rendered":"<p>Brasil, Chile, Uruguai e Col\u00f4mbia entram em campo neste s\u00e1bado para mostrar a for\u00e7a do futebol sul-americano nesta edi\u00e7\u00e3o da Copa do Mundo. Com clima de Copa Am\u00e9rica, as quatro sele\u00e7\u00f5es abrem a fase de oitavas de final da competi\u00e7\u00e3o. A sele\u00e7\u00e3o brasileira pega o Chile, no Mineir\u00e3o, em Belo Horizonte, \u00e0s 13h. Uruguaios e [&hellip;]<\/p>\n","protected":false},"author":2,"featured_media":14632,"comment_status":"open","ping_status":"closed","sticky":false,"template":"","format":"standard","meta":{"_acf_changed":false,"footnotes":""},"categories":[19],"tags":[],"class_list":["post-14631","post","type-post","status-publish","format-standard","has-post-thumbnail","hentry","category-esportes"],"acf":[],"_links":{"self":[{"href":"https:\/\/www.notibras.com\/site\/wp-json\/wp\/v2\/posts\/14631","targetHints":{"allow":["GET"]}}],"collection":[{"href":"https:\/\/www.notibras.com\/site\/wp-json\/wp\/v2\/posts"}],"about":[{"href":"https:\/\/www.notibras.com\/site\/wp-json\/wp\/v2\/types\/post"}],"author":[{"embeddable":true,"href":"https:\/\/www.notibras.com\/site\/wp-json\/wp\/v2\/users\/2"}],"replies":[{"embeddable":true,"href":"https:\/\/www.notibras.com\/site\/wp-json\/wp\/v2\/comments?post=14631"}],"version-history":[{"count":0,"href":"https:\/\/www.notibras.com\/site\/wp-json\/wp\/v2\/posts\/14631\/revisions"}],"wp:featuredmedia":[{"embeddable":true,"href":"https:\/\/www.notibras.com\/site\/wp-json\/wp\/v2\/media\/14632"}],"wp:attachment":[{"href":"https:\/\/www.notibras.com\/site\/wp-json\/wp\/v2\/media?parent=14631"}],"wp:term":[{"taxonomy":"category","embeddable":true,"href":"https:\/\/www.notibras.com\/site\/wp-json\/wp\/v2\/categories?post=14631"},{"taxonomy":"post_tag","embeddable":true,"href":"https:\/\/www.notibras.com\/site\/wp-json\/wp\/v2\/tags?post=14631"}],"curies":[{"name":"wp","href":"https:\/\/api.w.org\/{rel}","templated":true}]}}