{"id":14696,"date":"2014-06-28T19:02:28","date_gmt":"2014-06-28T22:02:28","guid":{"rendered":"http:\/\/www.notibras.com\/site\/?p=14696"},"modified":"2014-06-28T19:12:56","modified_gmt":"2014-06-28T22:12:56","slug":"brasil-tera-pela-frente-time-rapido-e-que-tem-o-artilheiro-da-copa","status":"publish","type":"post","link":"https:\/\/www.notibras.com\/site\/brasil-tera-pela-frente-time-rapido-e-que-tem-o-artilheiro-da-copa\/","title":{"rendered":"Brasil ter\u00e1 pela frente time r\u00e1pido e que tem o artilheiro da Copa"},"content":{"rendered":"<p>Uma sele\u00e7\u00e3o sul-americana, ofensiva e com uma enorme vontade de se colocar entre os grandes do futebol mundial. A descri\u00e7\u00e3o, que poderia ser dada \u00e0 sele\u00e7\u00e3o do Chile, tamb\u00e9m \u00e9 v\u00e1lida para a Col\u00f4mbia, advers\u00e1ria do Brasil nas quartas de final da Copa do Mundo.\u00a0A classifica\u00e7\u00e3o veio ap\u00f3s vit\u00f3ria de 2 a 0 sobre o Uruguai, no Maracan\u00e3.<\/p>\n<p>Com 100% de aproveitamento, os colombianos s\u00e3o uma das sensa\u00e7\u00f5es da Copa. Segundo melhor ataque da primeira fase, atropelou Gr\u00e9cia e Jap\u00e3o, s\u00f3 sofrendo para vencer a Costa do Marfim. Nas oitavas, despachou o tradicional Uruguai em um duelo sul-americano.<\/p>\n<p>Por\u00e9m, a Col\u00f4mbia chegou \u00e0 Copa do Mundo como uma grande inc\u00f3gnita. Gra\u00e7as \u00e0 \u00f3tima campanha nas eliminat\u00f3rias, obteve uma boa coloca\u00e7\u00e3o no ranking da Fifa e foi escolhida como cabe\u00e7a de chave do Mundial. Ningu\u00e9m sabia, por\u00e9m, como reagiria \u00e0 perda do atacante Falcao Garcia, seu principal jogador, cortado da delega\u00e7\u00e3o por causa de uma les\u00e3o no joelho.<\/p>\n<p>Mas reagiu bem. Muito bem. Gra\u00e7as a um jogador em especial: o meia James Rodr\u00edguez, de apenas 22 anos. Ele j\u00e1 havia marcado tr\u00eas gols na fase de grupos, e foi \u00e0s redes mais duas vezes neste s\u00e1bado, tornando-se o artilheiro n\u00e3o s\u00f3 da equipe, mas de todo Mundial \u2013 chegou aos cinco gols e ultrapassou M\u00fcller, da Alemanha, Messi, da Argentina, e Neymar, do Brasil, todos com quatro, na segunda coloca\u00e7\u00e3o.<\/p>\n<blockquote><p>Considerado novo craque do futebol colombiano, James j\u00e1 desponta como candidato a melhor jogador da Copa. Vai depender, claro, do qu\u00e3o longe sua equipe conseguir chegar. E tudo isso aliado a muita irrever\u00eancia. Al\u00e9m do belo futebol, os colombianos chamaram a aten\u00e7\u00e3o nesta Copa com suas dancinhas nas comemora\u00e7\u00f5es dos gols. Ousadia e alegria que lembram Neymar em seus melhores momentos da carreira.<\/p><\/blockquote>\n<p>Mas se o retrospecto for levado em conta, o Brasil larga muito na frente. As duas equipes nunca se enfrentaram na hist\u00f3ria das Copas do Mundo, mas em outras competi\u00e7\u00f5es o cen\u00e1rio \u00e9 totalmente favor\u00e1vel \u00e0 sele\u00e7\u00e3o brasileira. S\u00e3o 15 vit\u00f3rias, sete empates e apenas duas derrotas para os colombianos. O equil\u00edbrio, por\u00e9m, \u00e9 a t\u00f4nica dos \u00faltimos anos. Os \u00faltimos tr\u00eas duelos em jogos oficiais, todos pelas eliminat\u00f3rias, terminaram em empates por 0 a 0.<\/p>\n<p>Ainda assim, promessa de muita dificuldade para o Brasil, que n\u00e3o poder\u00e1 contar com seu principal marcador. O volante Luiz Gustavo recebeu o segundo cart\u00e3o amarelo nas oitavas de final e est\u00e1 suspenso. Paulinho, Ramires, Hernanes e at\u00e9 mesmo o zagueiro Henrique surgem como poss\u00edveis substitutos de um jogador considerado imprescind\u00edvel no esquema de Felip\u00e3o.<\/p>\n","protected":false},"excerpt":{"rendered":"<p>Uma sele\u00e7\u00e3o sul-americana, ofensiva e com uma enorme vontade de se colocar entre os grandes do futebol mundial. A descri\u00e7\u00e3o, que poderia ser dada \u00e0 sele\u00e7\u00e3o do Chile, tamb\u00e9m \u00e9 v\u00e1lida para a Col\u00f4mbia, advers\u00e1ria do Brasil nas quartas de final da Copa do Mundo.\u00a0A classifica\u00e7\u00e3o veio ap\u00f3s vit\u00f3ria de 2 a 0 sobre o [&hellip;]<\/p>\n","protected":false},"author":2,"featured_media":14698,"comment_status":"open","ping_status":"closed","sticky":false,"template":"","format":"standard","meta":{"_acf_changed":false,"footnotes":""},"categories":[19],"tags":[],"class_list":["post-14696","post","type-post","status-publish","format-standard","has-post-thumbnail","hentry","category-esportes"],"acf":[],"_links":{"self":[{"href":"https:\/\/www.notibras.com\/site\/wp-json\/wp\/v2\/posts\/14696","targetHints":{"allow":["GET"]}}],"collection":[{"href":"https:\/\/www.notibras.com\/site\/wp-json\/wp\/v2\/posts"}],"about":[{"href":"https:\/\/www.notibras.com\/site\/wp-json\/wp\/v2\/types\/post"}],"author":[{"embeddable":true,"href":"https:\/\/www.notibras.com\/site\/wp-json\/wp\/v2\/users\/2"}],"replies":[{"embeddable":true,"href":"https:\/\/www.notibras.com\/site\/wp-json\/wp\/v2\/comments?post=14696"}],"version-history":[{"count":0,"href":"https:\/\/www.notibras.com\/site\/wp-json\/wp\/v2\/posts\/14696\/revisions"}],"wp:featuredmedia":[{"embeddable":true,"href":"https:\/\/www.notibras.com\/site\/wp-json\/wp\/v2\/media\/14698"}],"wp:attachment":[{"href":"https:\/\/www.notibras.com\/site\/wp-json\/wp\/v2\/media?parent=14696"}],"wp:term":[{"taxonomy":"category","embeddable":true,"href":"https:\/\/www.notibras.com\/site\/wp-json\/wp\/v2\/categories?post=14696"},{"taxonomy":"post_tag","embeddable":true,"href":"https:\/\/www.notibras.com\/site\/wp-json\/wp\/v2\/tags?post=14696"}],"curies":[{"name":"wp","href":"https:\/\/api.w.org\/{rel}","templated":true}]}}