{"id":14729,"date":"2014-06-29T06:00:56","date_gmt":"2014-06-29T09:00:56","guid":{"rendered":"http:\/\/www.notibras.com\/site\/?p=14729"},"modified":"2014-06-29T09:03:34","modified_gmt":"2014-06-29T12:03:34","slug":"cicilista-atropelado-tem-corpo-arrastado-por-dois-quilometros","status":"publish","type":"post","link":"https:\/\/www.notibras.com\/site\/cicilista-atropelado-tem-corpo-arrastado-por-dois-quilometros\/","title":{"rendered":"Cicilista atropelado tem corpo arrastado por 2 quil\u00f4metros"},"content":{"rendered":"<p>Um ciclista morreu atropelado e teve o corpo arrastado por cerca de 2 km na ERS-239 na altura de Sapiranga, no Vale do Sinos, Rio Grande do Sul, informou o Comando Rodovi\u00e1rio da Brigada Militar (CRBM).<\/p>\n<p>O acidente ocorreu por volta das 19h45 deste s\u00e1bado (28), e at\u00e9 por volta de 23h20 a v\u00edtima n\u00e3o havia sido identificada.<\/p>\n<p>Segundo a pol\u00edcia, o ciclista foi atingido lateralmente por um carro no km 32 da rodovia, e caiu sobre a pista. Outro carro atingiu o homem e o arrastou at\u00e9 o km 30, onde parou em um posto de combust\u00edvel.<\/p>\n<p>A policiais, a condutora disse n\u00e3o ter percebido que a v\u00edtima estava sob o ve\u00edculo.<\/p>\n","protected":false},"excerpt":{"rendered":"<p>Um ciclista morreu atropelado e teve o corpo arrastado por cerca de 2 km na ERS-239 na altura de Sapiranga, no Vale do Sinos, Rio Grande do Sul, informou o Comando Rodovi\u00e1rio da Brigada Militar (CRBM). O acidente ocorreu por volta das 19h45 deste s\u00e1bado (28), e at\u00e9 por volta de 23h20 a v\u00edtima n\u00e3o [&hellip;]<\/p>\n","protected":false},"author":2,"featured_media":14730,"comment_status":"open","ping_status":"closed","sticky":false,"template":"","format":"standard","meta":{"_acf_changed":false,"footnotes":""},"categories":[16],"tags":[],"class_list":["post-14729","post","type-post","status-publish","format-standard","has-post-thumbnail","hentry","category-brasil"],"acf":[],"yoast_head":"<!-- This site is optimized with the Yoast SEO plugin v27.2 - https:\/\/yoast.com\/product\/yoast-seo-wordpress\/ -->\n<title>Cicilista atropelado tem corpo arrastado por 2 quil\u00f4metros - Notibras<\/title>\n<meta name=\"robots\" content=\"index, follow, max-snippet:-1, max-image-preview:large, max-video-preview:-1\" \/>\n<link rel=\"canonical\" href=\"https:\/\/www.notibras.com\/site\/cicilista-atropelado-tem-corpo-arrastado-por-dois-quilometros\/\" \/>\n<meta property=\"og:locale\" content=\"pt_BR\" \/>\n<meta property=\"og:type\" content=\"article\" \/>\n<meta property=\"og:title\" content=\"Cicilista atropelado tem corpo arrastado por 2 quil\u00f4metros - Notibras\" \/>\n<meta property=\"og:description\" content=\"Um ciclista morreu atropelado e teve o corpo arrastado por cerca de 2 km na ERS-239 na altura de Sapiranga, no Vale do Sinos, Rio Grande do Sul, informou o Comando Rodovi\u00e1rio da Brigada Militar (CRBM). O acidente ocorreu por volta das 19h45 deste s\u00e1bado (28), e at\u00e9 por volta de 23h20 a v\u00edtima n\u00e3o [&hellip;]\" \/>\n<meta property=\"og:url\" content=\"https:\/\/www.notibras.com\/site\/cicilista-atropelado-tem-corpo-arrastado-por-dois-quilometros\/\" \/>\n<meta property=\"og:site_name\" content=\"Notibras\" \/>\n<meta property=\"article:publisher\" content=\"https:\/\/www.facebook.com\/notibras\/\" \/>\n<meta property=\"article:published_time\" content=\"2014-06-29T09:00:56+00:00\" \/>\n<meta property=\"article:modified_time\" content=\"2014-06-29T12:03:34+00:00\" \/>\n<meta property=\"og:image\" content=\"https:\/\/www.notibras.com\/site\/wp-content\/uploads\/2014\/06\/09_08_34_905_file.jpeg.jpg\" \/>\n\t<meta property=\"og:image:width\" content=\"460\" \/>\n\t<meta property=\"og:image:height\" content=\"305\" \/>\n\t<meta property=\"og:image:type\" content=\"image\/jpeg\" \/>\n<meta name=\"author\" content=\"Reda\u00e7\u00e3o\" \/>\n<meta name=\"twitter:card\" content=\"summary_large_image\" \/>\n<meta name=\"twitter:creator\" content=\"@Notibras\" \/>\n<meta name=\"twitter:site\" content=\"@Notibras\" \/>\n<meta name=\"twitter:label1\" content=\"Escrito por\" \/>\n\t<meta name=\"twitter:data1\" content=\"Reda\u00e7\u00e3o\" \/>\n\t<meta name=\"twitter:label2\" content=\"Est. tempo de leitura\" \/>\n\t<meta name=\"twitter:data2\" content=\"1 minuto\" \/>\n<script type=\"application\/ld+json\" class=\"yoast-schema-graph\">{\"@context\":\"https:\/\/schema.org\",\"@graph\":[{\"@type\":\"Article\",\"@id\":\"https:\/\/www.notibras.com\/site\/cicilista-atropelado-tem-corpo-arrastado-por-dois-quilometros\/#article\",\"isPartOf\":{\"@id\":\"https:\/\/www.notibras.com\/site\/cicilista-atropelado-tem-corpo-arrastado-por-dois-quilometros\/\"},\"author\":{\"name\":\"Reda\u00e7\u00e3o\",\"@id\":\"https:\/\/www.notibras.com\/site\/#\/schema\/person\/36ab0979449956132d3e5b517ea76ac8\"},\"headline\":\"Cicilista atropelado tem corpo arrastado por 2 quil\u00f4metros\",\"datePublished\":\"2014-06-29T09:00:56+00:00\",\"dateModified\":\"2014-06-29T12:03:34+00:00\",\"mainEntityOfPage\":{\"@id\":\"https:\/\/www.notibras.com\/site\/cicilista-atropelado-tem-corpo-arrastado-por-dois-quilometros\/\"},\"wordCount\":126,\"commentCount\":0,\"publisher\":{\"@id\":\"https:\/\/www.notibras.com\/site\/#organization\"},\"image\":{\"@id\":\"https:\/\/www.notibras.com\/site\/cicilista-atropelado-tem-corpo-arrastado-por-dois-quilometros\/#primaryimage\"},\"thumbnailUrl\":\"https:\/\/www.notibras.com\/site\/wp-content\/uploads\/2014\/06\/09_08_34_905_file.jpeg.jpg\",\"articleSection\":[\"Brasil\"],\"inLanguage\":\"pt-BR\",\"potentialAction\":[{\"@type\":\"CommentAction\",\"name\":\"Comment\",\"target\":[\"https:\/\/www.notibras.com\/site\/cicilista-atropelado-tem-corpo-arrastado-por-dois-quilometros\/#respond\"]}]},{\"@type\":\"WebPage\",\"@id\":\"https:\/\/www.notibras.com\/site\/cicilista-atropelado-tem-corpo-arrastado-por-dois-quilometros\/\",\"url\":\"https:\/\/www.notibras.com\/site\/cicilista-atropelado-tem-corpo-arrastado-por-dois-quilometros\/\",\"name\":\"Cicilista atropelado tem corpo arrastado por 2 quil\u00f4metros - Notibras\",\"isPartOf\":{\"@id\":\"https:\/\/www.notibras.com\/site\/#website\"},\"primaryImageOfPage\":{\"@id\":\"https:\/\/www.notibras.com\/site\/cicilista-atropelado-tem-corpo-arrastado-por-dois-quilometros\/#primaryimage\"},\"image\":{\"@id\":\"https:\/\/www.notibras.com\/site\/cicilista-atropelado-tem-corpo-arrastado-por-dois-quilometros\/#primaryimage\"},\"thumbnailUrl\":\"https:\/\/www.notibras.com\/site\/wp-content\/uploads\/2014\/06\/09_08_34_905_file.jpeg.jpg\",\"datePublished\":\"2014-06-29T09:00:56+00:00\",\"dateModified\":\"2014-06-29T12:03:34+00:00\",\"breadcrumb\":{\"@id\":\"https:\/\/www.notibras.com\/site\/cicilista-atropelado-tem-corpo-arrastado-por-dois-quilometros\/#breadcrumb\"},\"inLanguage\":\"pt-BR\",\"potentialAction\":[{\"@type\":\"ReadAction\",\"target\":[\"https:\/\/www.notibras.com\/site\/cicilista-atropelado-tem-corpo-arrastado-por-dois-quilometros\/\"]}]},{\"@type\":\"ImageObject\",\"inLanguage\":\"pt-BR\",\"@id\":\"https:\/\/www.notibras.com\/site\/cicilista-atropelado-tem-corpo-arrastado-por-dois-quilometros\/#primaryimage\",\"url\":\"https:\/\/www.notibras.com\/site\/wp-content\/uploads\/2014\/06\/09_08_34_905_file.jpeg.jpg\",\"contentUrl\":\"https:\/\/www.notibras.com\/site\/wp-content\/uploads\/2014\/06\/09_08_34_905_file.jpeg.jpg\",\"width\":460,\"height\":305},{\"@type\":\"BreadcrumbList\",\"@id\":\"https:\/\/www.notibras.com\/site\/cicilista-atropelado-tem-corpo-arrastado-por-dois-quilometros\/#breadcrumb\",\"itemListElement\":[{\"@type\":\"ListItem\",\"position\":1,\"name\":\"In\u00edcio\",\"item\":\"https:\/\/www.notibras.com\/site\/\"},{\"@type\":\"ListItem\",\"position\":2,\"name\":\"Cicilista atropelado tem corpo arrastado por 2 quil\u00f4metros\"}]},{\"@type\":\"WebSite\",\"@id\":\"https:\/\/www.notibras.com\/site\/#website\",\"url\":\"https:\/\/www.notibras.com\/site\/\",\"name\":\"Notibras\",\"description\":\"Not\u00edcias de Bras\u00edlia, do Brasil e do Mundo\",\"publisher\":{\"@id\":\"https:\/\/www.notibras.com\/site\/#organization\"},\"potentialAction\":[{\"@type\":\"SearchAction\",\"target\":{\"@type\":\"EntryPoint\",\"urlTemplate\":\"https:\/\/www.notibras.com\/site\/?s={search_term_string}\"},\"query-input\":{\"@type\":\"PropertyValueSpecification\",\"valueRequired\":true,\"valueName\":\"search_term_string\"}}],\"inLanguage\":\"pt-BR\"},{\"@type\":\"Organization\",\"@id\":\"https:\/\/www.notibras.com\/site\/#organization\",\"name\":\"Grupo Notibras de Comunica\u00e7\u00e3o\",\"url\":\"https:\/\/www.notibras.com\/site\/\",\"logo\":{\"@type\":\"ImageObject\",\"inLanguage\":\"pt-BR\",\"@id\":\"https:\/\/www.notibras.com\/site\/#\/schema\/logo\/image\/\",\"url\":\"https:\/\/www.notibras.com\/site\/wp-content\/uploads\/2023\/01\/notibras23.png\",\"contentUrl\":\"https:\/\/www.notibras.com\/site\/wp-content\/uploads\/2023\/01\/notibras23.png\",\"width\":350,\"height\":87,\"caption\":\"Grupo Notibras de Comunica\u00e7\u00e3o\"},\"image\":{\"@id\":\"https:\/\/www.notibras.com\/site\/#\/schema\/logo\/image\/\"},\"sameAs\":[\"https:\/\/www.facebook.com\/notibras\/\",\"https:\/\/x.com\/Notibras\",\"https:\/\/www.instagram.com\/notibras\/\"]},{\"@type\":\"Person\",\"@id\":\"https:\/\/www.notibras.com\/site\/#\/schema\/person\/36ab0979449956132d3e5b517ea76ac8\",\"name\":\"Reda\u00e7\u00e3o\",\"image\":{\"@type\":\"ImageObject\",\"inLanguage\":\"pt-BR\",\"@id\":\"https:\/\/secure.gravatar.com\/avatar\/e0a867bdedb85fd243eadf09663511f96fc81e0720a4a42581f334ad4303aa6b?s=96&d=mm&r=g\",\"url\":\"https:\/\/secure.gravatar.com\/avatar\/e0a867bdedb85fd243eadf09663511f96fc81e0720a4a42581f334ad4303aa6b?s=96&d=mm&r=g\",\"contentUrl\":\"https:\/\/secure.gravatar.com\/avatar\/e0a867bdedb85fd243eadf09663511f96fc81e0720a4a42581f334ad4303aa6b?s=96&d=mm&r=g\",\"caption\":\"Reda\u00e7\u00e3o\"}}]}<\/script>\n<!-- \/ Yoast SEO plugin. -->","yoast_head_json":{"title":"Cicilista atropelado tem corpo arrastado por 2 quil\u00f4metros - Notibras","robots":{"index":"index","follow":"follow","max-snippet":"max-snippet:-1","max-image-preview":"max-image-preview:large","max-video-preview":"max-video-preview:-1"},"canonical":"https:\/\/www.notibras.com\/site\/cicilista-atropelado-tem-corpo-arrastado-por-dois-quilometros\/","og_locale":"pt_BR","og_type":"article","og_title":"Cicilista atropelado tem corpo arrastado por 2 quil\u00f4metros - Notibras","og_description":"Um ciclista morreu atropelado e teve o corpo arrastado por cerca de 2 km na ERS-239 na altura de Sapiranga, no Vale do Sinos, Rio Grande do Sul, informou o Comando Rodovi\u00e1rio da Brigada Militar (CRBM). O acidente ocorreu por volta das 19h45 deste s\u00e1bado (28), e at\u00e9 por volta de 23h20 a v\u00edtima n\u00e3o [&hellip;]","og_url":"https:\/\/www.notibras.com\/site\/cicilista-atropelado-tem-corpo-arrastado-por-dois-quilometros\/","og_site_name":"Notibras","article_publisher":"https:\/\/www.facebook.com\/notibras\/","article_published_time":"2014-06-29T09:00:56+00:00","article_modified_time":"2014-06-29T12:03:34+00:00","og_image":[{"width":460,"height":305,"url":"https:\/\/www.notibras.com\/site\/wp-content\/uploads\/2014\/06\/09_08_34_905_file.jpeg.jpg","type":"image\/jpeg"}],"author":"Reda\u00e7\u00e3o","twitter_card":"summary_large_image","twitter_creator":"@Notibras","twitter_site":"@Notibras","twitter_misc":{"Escrito por":"Reda\u00e7\u00e3o","Est. tempo de leitura":"1 minuto"},"schema":{"@context":"https:\/\/schema.org","@graph":[{"@type":"Article","@id":"https:\/\/www.notibras.com\/site\/cicilista-atropelado-tem-corpo-arrastado-por-dois-quilometros\/#article","isPartOf":{"@id":"https:\/\/www.notibras.com\/site\/cicilista-atropelado-tem-corpo-arrastado-por-dois-quilometros\/"},"author":{"name":"Reda\u00e7\u00e3o","@id":"https:\/\/www.notibras.com\/site\/#\/schema\/person\/36ab0979449956132d3e5b517ea76ac8"},"headline":"Cicilista atropelado tem corpo arrastado por 2 quil\u00f4metros","datePublished":"2014-06-29T09:00:56+00:00","dateModified":"2014-06-29T12:03:34+00:00","mainEntityOfPage":{"@id":"https:\/\/www.notibras.com\/site\/cicilista-atropelado-tem-corpo-arrastado-por-dois-quilometros\/"},"wordCount":126,"commentCount":0,"publisher":{"@id":"https:\/\/www.notibras.com\/site\/#organization"},"image":{"@id":"https:\/\/www.notibras.com\/site\/cicilista-atropelado-tem-corpo-arrastado-por-dois-quilometros\/#primaryimage"},"thumbnailUrl":"https:\/\/www.notibras.com\/site\/wp-content\/uploads\/2014\/06\/09_08_34_905_file.jpeg.jpg","articleSection":["Brasil"],"inLanguage":"pt-BR","potentialAction":[{"@type":"CommentAction","name":"Comment","target":["https:\/\/www.notibras.com\/site\/cicilista-atropelado-tem-corpo-arrastado-por-dois-quilometros\/#respond"]}]},{"@type":"WebPage","@id":"https:\/\/www.notibras.com\/site\/cicilista-atropelado-tem-corpo-arrastado-por-dois-quilometros\/","url":"https:\/\/www.notibras.com\/site\/cicilista-atropelado-tem-corpo-arrastado-por-dois-quilometros\/","name":"Cicilista atropelado tem corpo arrastado por 2 quil\u00f4metros - Notibras","isPartOf":{"@id":"https:\/\/www.notibras.com\/site\/#website"},"primaryImageOfPage":{"@id":"https:\/\/www.notibras.com\/site\/cicilista-atropelado-tem-corpo-arrastado-por-dois-quilometros\/#primaryimage"},"image":{"@id":"https:\/\/www.notibras.com\/site\/cicilista-atropelado-tem-corpo-arrastado-por-dois-quilometros\/#primaryimage"},"thumbnailUrl":"https:\/\/www.notibras.com\/site\/wp-content\/uploads\/2014\/06\/09_08_34_905_file.jpeg.jpg","datePublished":"2014-06-29T09:00:56+00:00","dateModified":"2014-06-29T12:03:34+00:00","breadcrumb":{"@id":"https:\/\/www.notibras.com\/site\/cicilista-atropelado-tem-corpo-arrastado-por-dois-quilometros\/#breadcrumb"},"inLanguage":"pt-BR","potentialAction":[{"@type":"ReadAction","target":["https:\/\/www.notibras.com\/site\/cicilista-atropelado-tem-corpo-arrastado-por-dois-quilometros\/"]}]},{"@type":"ImageObject","inLanguage":"pt-BR","@id":"https:\/\/www.notibras.com\/site\/cicilista-atropelado-tem-corpo-arrastado-por-dois-quilometros\/#primaryimage","url":"https:\/\/www.notibras.com\/site\/wp-content\/uploads\/2014\/06\/09_08_34_905_file.jpeg.jpg","contentUrl":"https:\/\/www.notibras.com\/site\/wp-content\/uploads\/2014\/06\/09_08_34_905_file.jpeg.jpg","width":460,"height":305},{"@type":"BreadcrumbList","@id":"https:\/\/www.notibras.com\/site\/cicilista-atropelado-tem-corpo-arrastado-por-dois-quilometros\/#breadcrumb","itemListElement":[{"@type":"ListItem","position":1,"name":"In\u00edcio","item":"https:\/\/www.notibras.com\/site\/"},{"@type":"ListItem","position":2,"name":"Cicilista atropelado tem corpo arrastado por 2 quil\u00f4metros"}]},{"@type":"WebSite","@id":"https:\/\/www.notibras.com\/site\/#website","url":"https:\/\/www.notibras.com\/site\/","name":"Notibras","description":"Not\u00edcias de Bras\u00edlia, do Brasil e do Mundo","publisher":{"@id":"https:\/\/www.notibras.com\/site\/#organization"},"potentialAction":[{"@type":"SearchAction","target":{"@type":"EntryPoint","urlTemplate":"https:\/\/www.notibras.com\/site\/?s={search_term_string}"},"query-input":{"@type":"PropertyValueSpecification","valueRequired":true,"valueName":"search_term_string"}}],"inLanguage":"pt-BR"},{"@type":"Organization","@id":"https:\/\/www.notibras.com\/site\/#organization","name":"Grupo Notibras de Comunica\u00e7\u00e3o","url":"https:\/\/www.notibras.com\/site\/","logo":{"@type":"ImageObject","inLanguage":"pt-BR","@id":"https:\/\/www.notibras.com\/site\/#\/schema\/logo\/image\/","url":"https:\/\/www.notibras.com\/site\/wp-content\/uploads\/2023\/01\/notibras23.png","contentUrl":"https:\/\/www.notibras.com\/site\/wp-content\/uploads\/2023\/01\/notibras23.png","width":350,"height":87,"caption":"Grupo Notibras de Comunica\u00e7\u00e3o"},"image":{"@id":"https:\/\/www.notibras.com\/site\/#\/schema\/logo\/image\/"},"sameAs":["https:\/\/www.facebook.com\/notibras\/","https:\/\/x.com\/Notibras","https:\/\/www.instagram.com\/notibras\/"]},{"@type":"Person","@id":"https:\/\/www.notibras.com\/site\/#\/schema\/person\/36ab0979449956132d3e5b517ea76ac8","name":"Reda\u00e7\u00e3o","image":{"@type":"ImageObject","inLanguage":"pt-BR","@id":"https:\/\/secure.gravatar.com\/avatar\/e0a867bdedb85fd243eadf09663511f96fc81e0720a4a42581f334ad4303aa6b?s=96&d=mm&r=g","url":"https:\/\/secure.gravatar.com\/avatar\/e0a867bdedb85fd243eadf09663511f96fc81e0720a4a42581f334ad4303aa6b?s=96&d=mm&r=g","contentUrl":"https:\/\/secure.gravatar.com\/avatar\/e0a867bdedb85fd243eadf09663511f96fc81e0720a4a42581f334ad4303aa6b?s=96&d=mm&r=g","caption":"Reda\u00e7\u00e3o"}}]}},"amp_enabled":true,"_links":{"self":[{"href":"https:\/\/www.notibras.com\/site\/wp-json\/wp\/v2\/posts\/14729","targetHints":{"allow":["GET"]}}],"collection":[{"href":"https:\/\/www.notibras.com\/site\/wp-json\/wp\/v2\/posts"}],"about":[{"href":"https:\/\/www.notibras.com\/site\/wp-json\/wp\/v2\/types\/post"}],"author":[{"embeddable":true,"href":"https:\/\/www.notibras.com\/site\/wp-json\/wp\/v2\/users\/2"}],"replies":[{"embeddable":true,"href":"https:\/\/www.notibras.com\/site\/wp-json\/wp\/v2\/comments?post=14729"}],"version-history":[{"count":0,"href":"https:\/\/www.notibras.com\/site\/wp-json\/wp\/v2\/posts\/14729\/revisions"}],"wp:featuredmedia":[{"embeddable":true,"href":"https:\/\/www.notibras.com\/site\/wp-json\/wp\/v2\/media\/14730"}],"wp:attachment":[{"href":"https:\/\/www.notibras.com\/site\/wp-json\/wp\/v2\/media?parent=14729"}],"wp:term":[{"taxonomy":"category","embeddable":true,"href":"https:\/\/www.notibras.com\/site\/wp-json\/wp\/v2\/categories?post=14729"},{"taxonomy":"post_tag","embeddable":true,"href":"https:\/\/www.notibras.com\/site\/wp-json\/wp\/v2\/tags?post=14729"}],"curies":[{"name":"wp","href":"https:\/\/api.w.org\/{rel}","templated":true}]}}