{"id":14740,"date":"2014-06-29T11:57:47","date_gmt":"2014-06-29T14:57:47","guid":{"rendered":"http:\/\/www.notibras.com\/site\/?p=14740"},"modified":"2014-06-30T08:19:59","modified_gmt":"2014-06-30T11:19:59","slug":"torcedor-tem-enfarte-em-jogo-do-brasil-e-morre-ao-chegar-a-hospital","status":"publish","type":"post","link":"https:\/\/www.notibras.com\/site\/torcedor-tem-enfarte-em-jogo-do-brasil-e-morre-ao-chegar-a-hospital\/","title":{"rendered":"Torcedor sofre enfarte no Mineir\u00e3o e morre no hospital"},"content":{"rendered":"<div id=\"materia-letra\" class=\"materia-conteudo entry-content\">\n<div>\n<p>Um homem de 69 anos morreu ap\u00f3s dar entrada no hospital, durante o jogo Brasil x Chile, com quadro de infarto, neste s\u00e1bado (28), em Belo Horizonte. De acordo com a Secretaria de Estado de Sa\u00fade, ele passou mal dentro do Mineir\u00e3o, e foi encaminhado para uma unidade de sa\u00fade particular.<\/p>\n<p>Ainda segundo a secretaria, o caso relacionado ao jogo foi notificado para a secretaria porque o hospital \u00e9 refer\u00eancia da Federa\u00e7\u00e3o Internacional de Futebol, a Fifa. O paciente deu entrada \u00e0s 15h40 e faleceu \u00e0s 17h45. A v\u00edtima carioca tinha hist\u00f3rico de hipertens\u00e3o e diabetes. O nome n\u00e3o foi informado.<\/p>\n<p>Dentro do Mineir\u00e3o, cerca de 60 atendimentos foram feitos no posto m\u00e9dico, mas o detalhamento dos casos ainda n\u00e3o foi informado pela secretaria. No entorno, outras oito pessoas receberam cuidados m\u00e9dicos. Destas, um cidad\u00e3o de El Salvador e morador da Calif\u00f3rnia precisou ser encaminhado para o Hospital de Pronto-Socorro Risoleta Toletino Neves, pois apresentava falta de ar. Ele j\u00e1 recebeu alta. J\u00e1 uma mulher foi levada para o Hospital Odilon Behrens. Ainda segundo a secretaria, ela passa bem e foi submetida a exames.<\/p>\n<p>No espa\u00e7o do Fifa Fan Fest, na Regi\u00e3o Oeste da cidade, foram realizados 28 atendimentos, com tr\u00eas encaminhamentos hospitalares. Ao todo, sete casos com alguma rela\u00e7\u00e3o com o jogo foram encaminhados para o Hospital de Pronto Socorro Jo\u00e3o XXIII, incluindo dois baleados durante comemora\u00e7\u00e3o no p\u00f3s-jogo e um ferido na cabe\u00e7a por garrafada durante briga na Savassi, em Belo Horizonte, al\u00e9m de um ferido por um roj\u00e3o em Vespasiano, na Regi\u00e3o Metropolitana. As informa\u00e7\u00f5es s\u00e3o da Secretaria de Estado de Sa\u00fade de Minas Gerais.<\/p>\n<\/div>\n<\/div>\n","protected":false},"excerpt":{"rendered":"<p>Um homem de 69 anos morreu ap\u00f3s dar entrada no hospital, durante o jogo Brasil x Chile, com quadro de infarto, neste s\u00e1bado (28), em Belo Horizonte. De acordo com a Secretaria de Estado de Sa\u00fade, ele passou mal dentro do Mineir\u00e3o, e foi encaminhado para uma unidade de sa\u00fade particular. Ainda segundo a secretaria, [&hellip;]<\/p>\n","protected":false},"author":2,"featured_media":14741,"comment_status":"open","ping_status":"closed","sticky":false,"template":"","format":"standard","meta":{"_acf_changed":false,"footnotes":""},"categories":[16],"tags":[],"class_list":["post-14740","post","type-post","status-publish","format-standard","has-post-thumbnail","hentry","category-brasil"],"acf":[],"yoast_head":"<!-- This site is optimized with the Yoast SEO plugin v27.2 - https:\/\/yoast.com\/product\/yoast-seo-wordpress\/ -->\n<title>Torcedor sofre enfarte no Mineir\u00e3o e morre no hospital - Notibras<\/title>\n<meta name=\"robots\" content=\"index, follow, max-snippet:-1, max-image-preview:large, max-video-preview:-1\" \/>\n<link rel=\"canonical\" href=\"https:\/\/www.notibras.com\/site\/torcedor-tem-enfarte-em-jogo-do-brasil-e-morre-ao-chegar-a-hospital\/\" \/>\n<meta property=\"og:locale\" content=\"pt_BR\" \/>\n<meta property=\"og:type\" content=\"article\" \/>\n<meta property=\"og:title\" content=\"Torcedor sofre enfarte no Mineir\u00e3o e morre no hospital - Notibras\" \/>\n<meta property=\"og:description\" content=\"Um homem de 69 anos morreu ap\u00f3s dar entrada no hospital, durante o jogo Brasil x Chile, com quadro de infarto, neste s\u00e1bado (28), em Belo Horizonte. De acordo com a Secretaria de Estado de Sa\u00fade, ele passou mal dentro do Mineir\u00e3o, e foi encaminhado para uma unidade de sa\u00fade particular. Ainda segundo a secretaria, [&hellip;]\" \/>\n<meta property=\"og:url\" content=\"https:\/\/www.notibras.com\/site\/torcedor-tem-enfarte-em-jogo-do-brasil-e-morre-ao-chegar-a-hospital\/\" \/>\n<meta property=\"og:site_name\" content=\"Notibras\" \/>\n<meta property=\"article:publisher\" content=\"https:\/\/www.facebook.com\/notibras\/\" \/>\n<meta property=\"article:published_time\" content=\"2014-06-29T14:57:47+00:00\" \/>\n<meta property=\"article:modified_time\" content=\"2014-06-30T11:19:59+00:00\" \/>\n<meta property=\"og:image\" content=\"https:\/\/www.notibras.com\/site\/wp-content\/uploads\/2014\/06\/20140628165159695589u.jpg\" \/>\n\t<meta property=\"og:image:width\" content=\"750\" \/>\n\t<meta property=\"og:image:height\" content=\"500\" \/>\n\t<meta property=\"og:image:type\" content=\"image\/jpeg\" \/>\n<meta name=\"author\" content=\"Reda\u00e7\u00e3o\" \/>\n<meta name=\"twitter:card\" content=\"summary_large_image\" \/>\n<meta name=\"twitter:creator\" content=\"@Notibras\" \/>\n<meta name=\"twitter:site\" content=\"@Notibras\" \/>\n<meta name=\"twitter:label1\" content=\"Escrito por\" \/>\n\t<meta name=\"twitter:data1\" content=\"Reda\u00e7\u00e3o\" \/>\n\t<meta name=\"twitter:label2\" content=\"Est. tempo de leitura\" \/>\n\t<meta name=\"twitter:data2\" content=\"1 minuto\" \/>\n<script type=\"application\/ld+json\" class=\"yoast-schema-graph\">{\"@context\":\"https:\/\/schema.org\",\"@graph\":[{\"@type\":\"Article\",\"@id\":\"https:\/\/www.notibras.com\/site\/torcedor-tem-enfarte-em-jogo-do-brasil-e-morre-ao-chegar-a-hospital\/#article\",\"isPartOf\":{\"@id\":\"https:\/\/www.notibras.com\/site\/torcedor-tem-enfarte-em-jogo-do-brasil-e-morre-ao-chegar-a-hospital\/\"},\"author\":{\"name\":\"Reda\u00e7\u00e3o\",\"@id\":\"https:\/\/www.notibras.com\/site\/#\/schema\/person\/36ab0979449956132d3e5b517ea76ac8\"},\"headline\":\"Torcedor sofre enfarte no Mineir\u00e3o e morre no hospital\",\"datePublished\":\"2014-06-29T14:57:47+00:00\",\"dateModified\":\"2014-06-30T11:19:59+00:00\",\"mainEntityOfPage\":{\"@id\":\"https:\/\/www.notibras.com\/site\/torcedor-tem-enfarte-em-jogo-do-brasil-e-morre-ao-chegar-a-hospital\/\"},\"wordCount\":304,\"commentCount\":0,\"publisher\":{\"@id\":\"https:\/\/www.notibras.com\/site\/#organization\"},\"image\":{\"@id\":\"https:\/\/www.notibras.com\/site\/torcedor-tem-enfarte-em-jogo-do-brasil-e-morre-ao-chegar-a-hospital\/#primaryimage\"},\"thumbnailUrl\":\"https:\/\/www.notibras.com\/site\/wp-content\/uploads\/2014\/06\/20140628165159695589u.jpg\",\"articleSection\":[\"Brasil\"],\"inLanguage\":\"pt-BR\",\"potentialAction\":[{\"@type\":\"CommentAction\",\"name\":\"Comment\",\"target\":[\"https:\/\/www.notibras.com\/site\/torcedor-tem-enfarte-em-jogo-do-brasil-e-morre-ao-chegar-a-hospital\/#respond\"]}]},{\"@type\":\"WebPage\",\"@id\":\"https:\/\/www.notibras.com\/site\/torcedor-tem-enfarte-em-jogo-do-brasil-e-morre-ao-chegar-a-hospital\/\",\"url\":\"https:\/\/www.notibras.com\/site\/torcedor-tem-enfarte-em-jogo-do-brasil-e-morre-ao-chegar-a-hospital\/\",\"name\":\"Torcedor sofre enfarte no Mineir\u00e3o e morre no hospital - Notibras\",\"isPartOf\":{\"@id\":\"https:\/\/www.notibras.com\/site\/#website\"},\"primaryImageOfPage\":{\"@id\":\"https:\/\/www.notibras.com\/site\/torcedor-tem-enfarte-em-jogo-do-brasil-e-morre-ao-chegar-a-hospital\/#primaryimage\"},\"image\":{\"@id\":\"https:\/\/www.notibras.com\/site\/torcedor-tem-enfarte-em-jogo-do-brasil-e-morre-ao-chegar-a-hospital\/#primaryimage\"},\"thumbnailUrl\":\"https:\/\/www.notibras.com\/site\/wp-content\/uploads\/2014\/06\/20140628165159695589u.jpg\",\"datePublished\":\"2014-06-29T14:57:47+00:00\",\"dateModified\":\"2014-06-30T11:19:59+00:00\",\"breadcrumb\":{\"@id\":\"https:\/\/www.notibras.com\/site\/torcedor-tem-enfarte-em-jogo-do-brasil-e-morre-ao-chegar-a-hospital\/#breadcrumb\"},\"inLanguage\":\"pt-BR\",\"potentialAction\":[{\"@type\":\"ReadAction\",\"target\":[\"https:\/\/www.notibras.com\/site\/torcedor-tem-enfarte-em-jogo-do-brasil-e-morre-ao-chegar-a-hospital\/\"]}]},{\"@type\":\"ImageObject\",\"inLanguage\":\"pt-BR\",\"@id\":\"https:\/\/www.notibras.com\/site\/torcedor-tem-enfarte-em-jogo-do-brasil-e-morre-ao-chegar-a-hospital\/#primaryimage\",\"url\":\"https:\/\/www.notibras.com\/site\/wp-content\/uploads\/2014\/06\/20140628165159695589u.jpg\",\"contentUrl\":\"https:\/\/www.notibras.com\/site\/wp-content\/uploads\/2014\/06\/20140628165159695589u.jpg\",\"width\":750,\"height\":500},{\"@type\":\"BreadcrumbList\",\"@id\":\"https:\/\/www.notibras.com\/site\/torcedor-tem-enfarte-em-jogo-do-brasil-e-morre-ao-chegar-a-hospital\/#breadcrumb\",\"itemListElement\":[{\"@type\":\"ListItem\",\"position\":1,\"name\":\"In\u00edcio\",\"item\":\"https:\/\/www.notibras.com\/site\/\"},{\"@type\":\"ListItem\",\"position\":2,\"name\":\"Torcedor sofre enfarte no Mineir\u00e3o e morre no hospital\"}]},{\"@type\":\"WebSite\",\"@id\":\"https:\/\/www.notibras.com\/site\/#website\",\"url\":\"https:\/\/www.notibras.com\/site\/\",\"name\":\"Notibras\",\"description\":\"Not\u00edcias de Bras\u00edlia, do Brasil e do Mundo\",\"publisher\":{\"@id\":\"https:\/\/www.notibras.com\/site\/#organization\"},\"potentialAction\":[{\"@type\":\"SearchAction\",\"target\":{\"@type\":\"EntryPoint\",\"urlTemplate\":\"https:\/\/www.notibras.com\/site\/?s={search_term_string}\"},\"query-input\":{\"@type\":\"PropertyValueSpecification\",\"valueRequired\":true,\"valueName\":\"search_term_string\"}}],\"inLanguage\":\"pt-BR\"},{\"@type\":\"Organization\",\"@id\":\"https:\/\/www.notibras.com\/site\/#organization\",\"name\":\"Grupo Notibras de Comunica\u00e7\u00e3o\",\"url\":\"https:\/\/www.notibras.com\/site\/\",\"logo\":{\"@type\":\"ImageObject\",\"inLanguage\":\"pt-BR\",\"@id\":\"https:\/\/www.notibras.com\/site\/#\/schema\/logo\/image\/\",\"url\":\"https:\/\/www.notibras.com\/site\/wp-content\/uploads\/2023\/01\/notibras23.png\",\"contentUrl\":\"https:\/\/www.notibras.com\/site\/wp-content\/uploads\/2023\/01\/notibras23.png\",\"width\":350,\"height\":87,\"caption\":\"Grupo Notibras de Comunica\u00e7\u00e3o\"},\"image\":{\"@id\":\"https:\/\/www.notibras.com\/site\/#\/schema\/logo\/image\/\"},\"sameAs\":[\"https:\/\/www.facebook.com\/notibras\/\",\"https:\/\/x.com\/Notibras\",\"https:\/\/www.instagram.com\/notibras\/\"]},{\"@type\":\"Person\",\"@id\":\"https:\/\/www.notibras.com\/site\/#\/schema\/person\/36ab0979449956132d3e5b517ea76ac8\",\"name\":\"Reda\u00e7\u00e3o\",\"image\":{\"@type\":\"ImageObject\",\"inLanguage\":\"pt-BR\",\"@id\":\"https:\/\/secure.gravatar.com\/avatar\/e0a867bdedb85fd243eadf09663511f96fc81e0720a4a42581f334ad4303aa6b?s=96&d=mm&r=g\",\"url\":\"https:\/\/secure.gravatar.com\/avatar\/e0a867bdedb85fd243eadf09663511f96fc81e0720a4a42581f334ad4303aa6b?s=96&d=mm&r=g\",\"contentUrl\":\"https:\/\/secure.gravatar.com\/avatar\/e0a867bdedb85fd243eadf09663511f96fc81e0720a4a42581f334ad4303aa6b?s=96&d=mm&r=g\",\"caption\":\"Reda\u00e7\u00e3o\"}}]}<\/script>\n<!-- \/ Yoast SEO plugin. -->","yoast_head_json":{"title":"Torcedor sofre enfarte no Mineir\u00e3o e morre no hospital - Notibras","robots":{"index":"index","follow":"follow","max-snippet":"max-snippet:-1","max-image-preview":"max-image-preview:large","max-video-preview":"max-video-preview:-1"},"canonical":"https:\/\/www.notibras.com\/site\/torcedor-tem-enfarte-em-jogo-do-brasil-e-morre-ao-chegar-a-hospital\/","og_locale":"pt_BR","og_type":"article","og_title":"Torcedor sofre enfarte no Mineir\u00e3o e morre no hospital - Notibras","og_description":"Um homem de 69 anos morreu ap\u00f3s dar entrada no hospital, durante o jogo Brasil x Chile, com quadro de infarto, neste s\u00e1bado (28), em Belo Horizonte. De acordo com a Secretaria de Estado de Sa\u00fade, ele passou mal dentro do Mineir\u00e3o, e foi encaminhado para uma unidade de sa\u00fade particular. Ainda segundo a secretaria, [&hellip;]","og_url":"https:\/\/www.notibras.com\/site\/torcedor-tem-enfarte-em-jogo-do-brasil-e-morre-ao-chegar-a-hospital\/","og_site_name":"Notibras","article_publisher":"https:\/\/www.facebook.com\/notibras\/","article_published_time":"2014-06-29T14:57:47+00:00","article_modified_time":"2014-06-30T11:19:59+00:00","og_image":[{"width":750,"height":500,"url":"https:\/\/www.notibras.com\/site\/wp-content\/uploads\/2014\/06\/20140628165159695589u.jpg","type":"image\/jpeg"}],"author":"Reda\u00e7\u00e3o","twitter_card":"summary_large_image","twitter_creator":"@Notibras","twitter_site":"@Notibras","twitter_misc":{"Escrito por":"Reda\u00e7\u00e3o","Est. tempo de leitura":"1 minuto"},"schema":{"@context":"https:\/\/schema.org","@graph":[{"@type":"Article","@id":"https:\/\/www.notibras.com\/site\/torcedor-tem-enfarte-em-jogo-do-brasil-e-morre-ao-chegar-a-hospital\/#article","isPartOf":{"@id":"https:\/\/www.notibras.com\/site\/torcedor-tem-enfarte-em-jogo-do-brasil-e-morre-ao-chegar-a-hospital\/"},"author":{"name":"Reda\u00e7\u00e3o","@id":"https:\/\/www.notibras.com\/site\/#\/schema\/person\/36ab0979449956132d3e5b517ea76ac8"},"headline":"Torcedor sofre enfarte no Mineir\u00e3o e morre no hospital","datePublished":"2014-06-29T14:57:47+00:00","dateModified":"2014-06-30T11:19:59+00:00","mainEntityOfPage":{"@id":"https:\/\/www.notibras.com\/site\/torcedor-tem-enfarte-em-jogo-do-brasil-e-morre-ao-chegar-a-hospital\/"},"wordCount":304,"commentCount":0,"publisher":{"@id":"https:\/\/www.notibras.com\/site\/#organization"},"image":{"@id":"https:\/\/www.notibras.com\/site\/torcedor-tem-enfarte-em-jogo-do-brasil-e-morre-ao-chegar-a-hospital\/#primaryimage"},"thumbnailUrl":"https:\/\/www.notibras.com\/site\/wp-content\/uploads\/2014\/06\/20140628165159695589u.jpg","articleSection":["Brasil"],"inLanguage":"pt-BR","potentialAction":[{"@type":"CommentAction","name":"Comment","target":["https:\/\/www.notibras.com\/site\/torcedor-tem-enfarte-em-jogo-do-brasil-e-morre-ao-chegar-a-hospital\/#respond"]}]},{"@type":"WebPage","@id":"https:\/\/www.notibras.com\/site\/torcedor-tem-enfarte-em-jogo-do-brasil-e-morre-ao-chegar-a-hospital\/","url":"https:\/\/www.notibras.com\/site\/torcedor-tem-enfarte-em-jogo-do-brasil-e-morre-ao-chegar-a-hospital\/","name":"Torcedor sofre enfarte no Mineir\u00e3o e morre no hospital - Notibras","isPartOf":{"@id":"https:\/\/www.notibras.com\/site\/#website"},"primaryImageOfPage":{"@id":"https:\/\/www.notibras.com\/site\/torcedor-tem-enfarte-em-jogo-do-brasil-e-morre-ao-chegar-a-hospital\/#primaryimage"},"image":{"@id":"https:\/\/www.notibras.com\/site\/torcedor-tem-enfarte-em-jogo-do-brasil-e-morre-ao-chegar-a-hospital\/#primaryimage"},"thumbnailUrl":"https:\/\/www.notibras.com\/site\/wp-content\/uploads\/2014\/06\/20140628165159695589u.jpg","datePublished":"2014-06-29T14:57:47+00:00","dateModified":"2014-06-30T11:19:59+00:00","breadcrumb":{"@id":"https:\/\/www.notibras.com\/site\/torcedor-tem-enfarte-em-jogo-do-brasil-e-morre-ao-chegar-a-hospital\/#breadcrumb"},"inLanguage":"pt-BR","potentialAction":[{"@type":"ReadAction","target":["https:\/\/www.notibras.com\/site\/torcedor-tem-enfarte-em-jogo-do-brasil-e-morre-ao-chegar-a-hospital\/"]}]},{"@type":"ImageObject","inLanguage":"pt-BR","@id":"https:\/\/www.notibras.com\/site\/torcedor-tem-enfarte-em-jogo-do-brasil-e-morre-ao-chegar-a-hospital\/#primaryimage","url":"https:\/\/www.notibras.com\/site\/wp-content\/uploads\/2014\/06\/20140628165159695589u.jpg","contentUrl":"https:\/\/www.notibras.com\/site\/wp-content\/uploads\/2014\/06\/20140628165159695589u.jpg","width":750,"height":500},{"@type":"BreadcrumbList","@id":"https:\/\/www.notibras.com\/site\/torcedor-tem-enfarte-em-jogo-do-brasil-e-morre-ao-chegar-a-hospital\/#breadcrumb","itemListElement":[{"@type":"ListItem","position":1,"name":"In\u00edcio","item":"https:\/\/www.notibras.com\/site\/"},{"@type":"ListItem","position":2,"name":"Torcedor sofre enfarte no Mineir\u00e3o e morre no hospital"}]},{"@type":"WebSite","@id":"https:\/\/www.notibras.com\/site\/#website","url":"https:\/\/www.notibras.com\/site\/","name":"Notibras","description":"Not\u00edcias de Bras\u00edlia, do Brasil e do Mundo","publisher":{"@id":"https:\/\/www.notibras.com\/site\/#organization"},"potentialAction":[{"@type":"SearchAction","target":{"@type":"EntryPoint","urlTemplate":"https:\/\/www.notibras.com\/site\/?s={search_term_string}"},"query-input":{"@type":"PropertyValueSpecification","valueRequired":true,"valueName":"search_term_string"}}],"inLanguage":"pt-BR"},{"@type":"Organization","@id":"https:\/\/www.notibras.com\/site\/#organization","name":"Grupo Notibras de Comunica\u00e7\u00e3o","url":"https:\/\/www.notibras.com\/site\/","logo":{"@type":"ImageObject","inLanguage":"pt-BR","@id":"https:\/\/www.notibras.com\/site\/#\/schema\/logo\/image\/","url":"https:\/\/www.notibras.com\/site\/wp-content\/uploads\/2023\/01\/notibras23.png","contentUrl":"https:\/\/www.notibras.com\/site\/wp-content\/uploads\/2023\/01\/notibras23.png","width":350,"height":87,"caption":"Grupo Notibras de Comunica\u00e7\u00e3o"},"image":{"@id":"https:\/\/www.notibras.com\/site\/#\/schema\/logo\/image\/"},"sameAs":["https:\/\/www.facebook.com\/notibras\/","https:\/\/x.com\/Notibras","https:\/\/www.instagram.com\/notibras\/"]},{"@type":"Person","@id":"https:\/\/www.notibras.com\/site\/#\/schema\/person\/36ab0979449956132d3e5b517ea76ac8","name":"Reda\u00e7\u00e3o","image":{"@type":"ImageObject","inLanguage":"pt-BR","@id":"https:\/\/secure.gravatar.com\/avatar\/e0a867bdedb85fd243eadf09663511f96fc81e0720a4a42581f334ad4303aa6b?s=96&d=mm&r=g","url":"https:\/\/secure.gravatar.com\/avatar\/e0a867bdedb85fd243eadf09663511f96fc81e0720a4a42581f334ad4303aa6b?s=96&d=mm&r=g","contentUrl":"https:\/\/secure.gravatar.com\/avatar\/e0a867bdedb85fd243eadf09663511f96fc81e0720a4a42581f334ad4303aa6b?s=96&d=mm&r=g","caption":"Reda\u00e7\u00e3o"}}]}},"amp_enabled":true,"_links":{"self":[{"href":"https:\/\/www.notibras.com\/site\/wp-json\/wp\/v2\/posts\/14740","targetHints":{"allow":["GET"]}}],"collection":[{"href":"https:\/\/www.notibras.com\/site\/wp-json\/wp\/v2\/posts"}],"about":[{"href":"https:\/\/www.notibras.com\/site\/wp-json\/wp\/v2\/types\/post"}],"author":[{"embeddable":true,"href":"https:\/\/www.notibras.com\/site\/wp-json\/wp\/v2\/users\/2"}],"replies":[{"embeddable":true,"href":"https:\/\/www.notibras.com\/site\/wp-json\/wp\/v2\/comments?post=14740"}],"version-history":[{"count":0,"href":"https:\/\/www.notibras.com\/site\/wp-json\/wp\/v2\/posts\/14740\/revisions"}],"wp:featuredmedia":[{"embeddable":true,"href":"https:\/\/www.notibras.com\/site\/wp-json\/wp\/v2\/media\/14741"}],"wp:attachment":[{"href":"https:\/\/www.notibras.com\/site\/wp-json\/wp\/v2\/media?parent=14740"}],"wp:term":[{"taxonomy":"category","embeddable":true,"href":"https:\/\/www.notibras.com\/site\/wp-json\/wp\/v2\/categories?post=14740"},{"taxonomy":"post_tag","embeddable":true,"href":"https:\/\/www.notibras.com\/site\/wp-json\/wp\/v2\/tags?post=14740"}],"curies":[{"name":"wp","href":"https:\/\/api.w.org\/{rel}","templated":true}]}}