{"id":14755,"date":"2014-06-29T20:06:20","date_gmt":"2014-06-29T23:06:20","guid":{"rendered":"http:\/\/www.notibras.com\/site\/?p=14755"},"modified":"2014-06-30T14:39:58","modified_gmt":"2014-06-30T17:39:58","slug":"costa-rica-a-surpresa-supera-expulsao-e-bate-grecia-nos-penaltis","status":"publish","type":"post","link":"https:\/\/www.notibras.com\/site\/costa-rica-a-surpresa-supera-expulsao-e-bate-grecia-nos-penaltis\/","title":{"rendered":"Costa Rica supera expuls\u00e3o e bate Gr\u00e9cia nos p\u00eanaltis"},"content":{"rendered":"<p>O torcedor que foi \u00e0 Arena Pernambuco neste domingo viu um jogo dram\u00e1tico, que se estendeu pela prorroga\u00e7\u00e3o e foi decidido apenas nos p\u00eanaltis. Mas n\u00e3o houve Dan\u00e7a Grega. A festa ficou por conta dos costarriquenhos, que venceram nos p\u00eanaltis (5 a 3) ap\u00f3s um empate de 1 a 1 enquanto a bola rolou no gramado.<\/p>\n<p>Ao avan\u00e7ar \u00e0s quartas de final, a sele\u00e7\u00e3o do pa\u00eds centro-americano vai enfrentar a Holanda, atual vice-campe\u00e3 do mundo, no pr\u00f3ximo s\u00e1bado em Salvador. Para a Gr\u00e9cia, fica a li\u00e7\u00e3o de que, \u00e0s vezes, \u00e9 preciso sair para o ataque. Quando conseguirem, talvez repitam a bela hist\u00f3ria constru\u00edda pela Costa Rica, que est\u00e1 ente as oito melhores sele\u00e7\u00f5es do mundo no momento.<\/p>\n<blockquote><p>Nem a Costa Rica, que conseguiu superar o antes chamado &#8220;Grupo da Morte&#8221;, nem a Gr\u00e9cia, que conseguiu sua vaga do jeito mais emocionante entre todas as 16 sele\u00e7\u00f5es que avan\u00e7aram, iriam se expor no jogo mais importante da hist\u00f3ria de ambas as sele\u00e7\u00f5es. Por isso, o primeiro tempo de jogo foi enfadonho, com poucas chances de perigo &#8211; a melhor veio com a Gr\u00e9cia, em cabe\u00e7ada de Salpingidis que terminou em impressionante defesa de Navas, com a perna esquerda<span style=\"font-family: Calibri, sans-serif; font-size: 11pt;\">.<\/span><\/p><\/blockquote>\n<p>S\u00f3 que tudo mudou logo aos seis minutos da segunda etapa, quando a Costa Rica trocou passes, mostrando a mesma categoria da primeira fase, at\u00e9 achar o capit\u00e3o Bryan Ruiz, o autor do gol do triunfo sobre a It\u00e1lia, livre na meia-lua. De perna esquerda, ele colocou a bola de mansinho no canto esquerdo de Karnezis, goleiro grego, que nem se mexeu. . A Gr\u00e9cia teve que sair para o jogo, como ocorreu contra a Costa do Marfim. De novo, poucos acreditavam. De novo, deu certo. No \u00faltimo lance, Salpingidis girou e bateu forte, Navas pegou, mas Papastathopoulos fez no rebote.<\/p>\n<p>Nos p\u00eanaltis, ap\u00f3s 0 a 0 na prorroga\u00e7\u00e3o, a Costa Rica contou com Navas, o melhor da partida. Pegou o p\u00eanalti de Gekas com uma s\u00f3 m\u00e3o. Hist\u00f3ria feita para o pequeno pa\u00eds de Am\u00e9rica Central que n\u00e3o possui ex\u00e9rcito, mas que mostrou muito poderio na Copa at\u00e9 aqui \u2013 e capacidade de supera\u00e7\u00e3o.<\/p>\n","protected":false},"excerpt":{"rendered":"<p>O torcedor que foi \u00e0 Arena Pernambuco neste domingo viu um jogo dram\u00e1tico, que se estendeu pela prorroga\u00e7\u00e3o e foi decidido apenas nos p\u00eanaltis. Mas n\u00e3o houve Dan\u00e7a Grega. A festa ficou por conta dos costarriquenhos, que venceram nos p\u00eanaltis (5 a 3) ap\u00f3s um empate de 1 a 1 enquanto a bola rolou no [&hellip;]<\/p>\n","protected":false},"author":2,"featured_media":14756,"comment_status":"open","ping_status":"closed","sticky":false,"template":"","format":"standard","meta":{"_acf_changed":false,"footnotes":""},"categories":[19],"tags":[],"class_list":["post-14755","post","type-post","status-publish","format-standard","has-post-thumbnail","hentry","category-esportes"],"acf":[],"_links":{"self":[{"href":"https:\/\/www.notibras.com\/site\/wp-json\/wp\/v2\/posts\/14755","targetHints":{"allow":["GET"]}}],"collection":[{"href":"https:\/\/www.notibras.com\/site\/wp-json\/wp\/v2\/posts"}],"about":[{"href":"https:\/\/www.notibras.com\/site\/wp-json\/wp\/v2\/types\/post"}],"author":[{"embeddable":true,"href":"https:\/\/www.notibras.com\/site\/wp-json\/wp\/v2\/users\/2"}],"replies":[{"embeddable":true,"href":"https:\/\/www.notibras.com\/site\/wp-json\/wp\/v2\/comments?post=14755"}],"version-history":[{"count":0,"href":"https:\/\/www.notibras.com\/site\/wp-json\/wp\/v2\/posts\/14755\/revisions"}],"wp:featuredmedia":[{"embeddable":true,"href":"https:\/\/www.notibras.com\/site\/wp-json\/wp\/v2\/media\/14756"}],"wp:attachment":[{"href":"https:\/\/www.notibras.com\/site\/wp-json\/wp\/v2\/media?parent=14755"}],"wp:term":[{"taxonomy":"category","embeddable":true,"href":"https:\/\/www.notibras.com\/site\/wp-json\/wp\/v2\/categories?post=14755"},{"taxonomy":"post_tag","embeddable":true,"href":"https:\/\/www.notibras.com\/site\/wp-json\/wp\/v2\/tags?post=14755"}],"curies":[{"name":"wp","href":"https:\/\/api.w.org\/{rel}","templated":true}]}}