{"id":14797,"date":"2014-06-30T07:13:44","date_gmt":"2014-06-30T10:13:44","guid":{"rendered":"http:\/\/www.notibras.com\/site\/?p=14797"},"modified":"2014-06-30T15:28:21","modified_gmt":"2014-06-30T18:28:21","slug":"fifa-so-tem-velhos-filhos-da-puta-diz-mujica-presidente-do-uruguai","status":"publish","type":"post","link":"https:\/\/www.notibras.com\/site\/fifa-so-tem-velhos-filhos-da-puta-diz-mujica-presidente-do-uruguai\/","title":{"rendered":"Fifa s\u00f3 tem &#8216;filhos da puta&#8217;, diz Mujica, presidente do Uruguai"},"content":{"rendered":"<p>O presidente uruguaio, Jos\u00e9 Mujica, afirmou que a Fifa \u00e9 formada por &#8220;velhos filhos da puta&#8221;, em uma entrevista no domingo a um canal de televis\u00e3o local.<\/p>\n<p>A declara\u00e7\u00e3o foi feita na recep\u00e7\u00e3o em Montevid\u00e9u aos jogadores do Uruguai, eliminados na v\u00e9spera nas oitavas de final da Copa do Mundo do Brasil-2014.<\/p>\n<blockquote><p>&#8220;A Fifa s\u00e3o um bando de velhos filhos da puta&#8221;, disse o presidente no programa &#8220;La Hora de los Deportes&#8221; do canal estatal.<\/p><\/blockquote>\n<p>Imediatamente Mujica levou as m\u00e3os \u00e0 boca. Mas quando um jornalista perguntou se poderia divulgar as declara\u00e7\u00f5es, o presidente respondeu: &#8220;publica por mim&#8221;.<\/p>\n<p>Ao lado da esposa, a senadora Luc\u00eda Topolansky, Mujica saudou os jogadores uruguaios poucos minutos depois do desembarque.<\/p>\n<p>Ao ser questionada sobre a pol\u00eamica frase do marido,Topolansky sorriu e disse: &#8220;Concordo com as palavras do presidente&#8221;.<\/p>\n<blockquote><p>&#8220;Poderiam ter punido, mas n\u00e3o com san\u00e7\u00f5es fascistas&#8221;, disse o ex-guerrilheiro, conhecido pelo estilo direto, ao comentar a suspens\u00e3o de Luis Su\u00e1rez.<\/p><\/blockquote>\n<p>O atacante do Liverpool mordeu o zagueiro italiano Giorgio Chiellini e recebeu uma suspens\u00e3o de nove partidas oficiais da sele\u00e7\u00e3o, al\u00e9m de quatro meses de qualquer atividade relacionada com o futebol.<\/p>\n<p>Sem o atacante, o Uruguai perdeu no s\u00e1bado por 2-0 para a Col\u00f4mbia nas oitavas de final da Copa.<\/p>\n<p>A puni\u00e7\u00e3o a Suarez provocou revolta no Uruguai.<\/p>\n<p>O jogador &#8211; punido pela terceira vez na carreira por morder um rival &#8211; teve que abandonar a concentra\u00e7\u00e3o celeste no Brasil, por decis\u00e3o da Fifa.<\/p>\n","protected":false},"excerpt":{"rendered":"<p>O presidente uruguaio, Jos\u00e9 Mujica, afirmou que a Fifa \u00e9 formada por &#8220;velhos filhos da puta&#8221;, em uma entrevista no domingo a um canal de televis\u00e3o local. A declara\u00e7\u00e3o foi feita na recep\u00e7\u00e3o em Montevid\u00e9u aos jogadores do Uruguai, eliminados na v\u00e9spera nas oitavas de final da Copa do Mundo do Brasil-2014. &#8220;A Fifa s\u00e3o [&hellip;]<\/p>\n","protected":false},"author":2,"featured_media":14798,"comment_status":"open","ping_status":"closed","sticky":false,"template":"","format":"standard","meta":{"_acf_changed":false,"footnotes":""},"categories":[19],"tags":[],"class_list":["post-14797","post","type-post","status-publish","format-standard","has-post-thumbnail","hentry","category-esportes"],"acf":[],"_links":{"self":[{"href":"https:\/\/www.notibras.com\/site\/wp-json\/wp\/v2\/posts\/14797","targetHints":{"allow":["GET"]}}],"collection":[{"href":"https:\/\/www.notibras.com\/site\/wp-json\/wp\/v2\/posts"}],"about":[{"href":"https:\/\/www.notibras.com\/site\/wp-json\/wp\/v2\/types\/post"}],"author":[{"embeddable":true,"href":"https:\/\/www.notibras.com\/site\/wp-json\/wp\/v2\/users\/2"}],"replies":[{"embeddable":true,"href":"https:\/\/www.notibras.com\/site\/wp-json\/wp\/v2\/comments?post=14797"}],"version-history":[{"count":0,"href":"https:\/\/www.notibras.com\/site\/wp-json\/wp\/v2\/posts\/14797\/revisions"}],"wp:featuredmedia":[{"embeddable":true,"href":"https:\/\/www.notibras.com\/site\/wp-json\/wp\/v2\/media\/14798"}],"wp:attachment":[{"href":"https:\/\/www.notibras.com\/site\/wp-json\/wp\/v2\/media?parent=14797"}],"wp:term":[{"taxonomy":"category","embeddable":true,"href":"https:\/\/www.notibras.com\/site\/wp-json\/wp\/v2\/categories?post=14797"},{"taxonomy":"post_tag","embeddable":true,"href":"https:\/\/www.notibras.com\/site\/wp-json\/wp\/v2\/tags?post=14797"}],"curies":[{"name":"wp","href":"https:\/\/api.w.org\/{rel}","templated":true}]}}