{"id":14963,"date":"2014-07-01T01:03:36","date_gmt":"2014-07-01T04:03:36","guid":{"rendered":"http:\/\/www.notibras.com\/site\/?p=14963"},"modified":"2014-07-02T15:47:22","modified_gmt":"2014-07-02T18:47:22","slug":"joaquim-se-despede-do-supremo-e-descarta-disputar-cargo-politico","status":"publish","type":"post","link":"https:\/\/www.notibras.com\/site\/joaquim-se-despede-do-supremo-e-descarta-disputar-cargo-politico\/","title":{"rendered":"Joaquim se despede do Supremo e descarta disputar cargo pol\u00edtico"},"content":{"rendered":"<p>O presidente do Supremo Tribunal Federal (STF), ministro Joaquim Barbosa, disse nesta ter\u00e7a 1\u00ba que deixa a Corte de forma tranquila e com a \u201calma leve\u201d. Barbosa participou de sua \u00faltima sess\u00e3o como ministro do Tribunal.<\/p>\n<p>Em maio,\u00a0 ele anunciou que se aposentaria antecipadamente neste m\u00eas, ap\u00f3s 11 anos como ministro da Corte. O decreto que vai oficializar a aposentadoria deve ser publicado at\u00e9 o fim deste m\u00eas. Com a sa\u00edda de Barbosa, a presid\u00eancia do Tribunal ser\u00e1 exercida pelo atual vice-presidente, Ricardo Lewandowski.<\/p>\n<p>Barbosa descartou pretens\u00f5es de seguir a carreira pol\u00edtica ap\u00f3s a aposentadoria. &#8220;A pol\u00edtica n\u00e3o tem na minha vida essa import\u00e2ncia toda, a n\u00e3o ser como objeto de estudos e reflex\u00f5es. Mas uma pol\u00edtica em um senso bem elevado do termo, uma pol\u00edtica examinada sob a \u00f3tica das rela\u00e7\u00f5es entre os Estados, entre as na\u00e7\u00f5es. Eu n\u00e3o tenho esse apre\u00e7o todo pela pol\u00edtica, por essa pol\u00edtica do dia a dia. Isso n\u00e3o tem grande interesse para mim\u201d, afirmou.<\/p>\n<blockquote><p>Para ele, foi um \u201cprivil\u00e9gio imenso\u201d o per\u00edodo que passou no Supremo. \u201cFoi um per\u00edodo em que, n\u00e3o em raz\u00e3o da minha atua\u00e7\u00e3o individual, mas coletivamente, o Supremo Tribunal Federal teve um papel extraordin\u00e1rio no aperfei\u00e7oamento da nossa democracia. Isso \u00e9 que \u00e9 o fundamental para mim\u201d, destacou.<\/p><\/blockquote>\n<p>Ap\u00f3s a despedida do presidente, o ministro Marco Aur\u00e9lio reconheceu que Barbosa ficar\u00e1 na hist\u00f3ria do Tribunal pela sua atua\u00e7\u00e3o como relator da A\u00e7\u00e3o Penal 470, o processo do mensal\u00e3o. Melo disse, por\u00e9m, que a gest\u00e3o do vice-presidente Ricardo Lewandowski, que assumir\u00e1 a presid\u00eancia com a sa\u00edda de Barbosa, dever\u00e1 retomar o padr\u00e3o do STF. \u201cO resgate da liturgia, que precisa ser observada. As institui\u00e7\u00f5es crescem quando proclamamos valores, quando observamos a necessidade de manter o alto n\u00edvel.\u201d<\/p>\n<p>Barbosa tem 59 anos e poderia continuar na Corte at\u00e9 2024, quando completar\u00e1 70 anos e teria de ser aposentado compulsoriamente. Ele\u00a0 nasceu na cidade mineira de Paracatu e foi o primeiro negro a\u00a0 presidir o STF. Ele ocupa a presid\u00eancia do Supremo e do Conselho Nacional de Justi\u00e7a desde novembro de 2012. O ministro foi indicado \u00e0 Suprema Corte em 2003, no mandato do ex-presidente Luiz In\u00e1cio Lula da Silva.<\/p>\n<p><strong>Ivan Richard, ABr<\/strong><\/p>\n","protected":false},"excerpt":{"rendered":"<p>O presidente do Supremo Tribunal Federal (STF), ministro Joaquim Barbosa, disse nesta ter\u00e7a 1\u00ba que deixa a Corte de forma tranquila e com a \u201calma leve\u201d. Barbosa participou de sua \u00faltima sess\u00e3o como ministro do Tribunal. Em maio,\u00a0 ele anunciou que se aposentaria antecipadamente neste m\u00eas, ap\u00f3s 11 anos como ministro da Corte. O decreto [&hellip;]<\/p>\n","protected":false},"author":2,"featured_media":14966,"comment_status":"open","ping_status":"closed","sticky":false,"template":"","format":"standard","meta":{"_acf_changed":false,"footnotes":""},"categories":[16],"tags":[],"class_list":["post-14963","post","type-post","status-publish","format-standard","has-post-thumbnail","hentry","category-brasil"],"acf":[],"yoast_head":"<!-- This site is optimized with the Yoast SEO plugin v27.2 - https:\/\/yoast.com\/product\/yoast-seo-wordpress\/ -->\n<title>Joaquim se despede do Supremo e descarta disputar cargo pol\u00edtico - Notibras<\/title>\n<meta name=\"robots\" content=\"index, follow, max-snippet:-1, max-image-preview:large, max-video-preview:-1\" \/>\n<link rel=\"canonical\" href=\"https:\/\/www.notibras.com\/site\/joaquim-se-despede-do-supremo-e-descarta-disputar-cargo-politico\/\" \/>\n<meta property=\"og:locale\" content=\"pt_BR\" \/>\n<meta property=\"og:type\" content=\"article\" \/>\n<meta property=\"og:title\" content=\"Joaquim se despede do Supremo e descarta disputar cargo pol\u00edtico - Notibras\" \/>\n<meta property=\"og:description\" content=\"O presidente do Supremo Tribunal Federal (STF), ministro Joaquim Barbosa, disse nesta ter\u00e7a 1\u00ba que deixa a Corte de forma tranquila e com a \u201calma leve\u201d. Barbosa participou de sua \u00faltima sess\u00e3o como ministro do Tribunal. Em maio,\u00a0 ele anunciou que se aposentaria antecipadamente neste m\u00eas, ap\u00f3s 11 anos como ministro da Corte. O decreto [&hellip;]\" \/>\n<meta property=\"og:url\" content=\"https:\/\/www.notibras.com\/site\/joaquim-se-despede-do-supremo-e-descarta-disputar-cargo-politico\/\" \/>\n<meta property=\"og:site_name\" content=\"Notibras\" \/>\n<meta property=\"article:publisher\" content=\"https:\/\/www.facebook.com\/notibras\/\" \/>\n<meta property=\"article:published_time\" content=\"2014-07-01T04:03:36+00:00\" \/>\n<meta property=\"article:modified_time\" content=\"2014-07-02T18:47:22+00:00\" \/>\n<meta property=\"og:image\" content=\"https:\/\/www.notibras.com\/site\/wp-content\/uploads\/2014\/07\/min-joaquim-barbosa-02.jpg\" \/>\n\t<meta property=\"og:image:width\" content=\"1500\" \/>\n\t<meta property=\"og:image:height\" content=\"846\" \/>\n\t<meta property=\"og:image:type\" content=\"image\/jpeg\" \/>\n<meta name=\"author\" content=\"Reda\u00e7\u00e3o\" \/>\n<meta name=\"twitter:card\" content=\"summary_large_image\" \/>\n<meta name=\"twitter:creator\" content=\"@Notibras\" \/>\n<meta name=\"twitter:site\" content=\"@Notibras\" \/>\n<meta name=\"twitter:label1\" content=\"Escrito por\" \/>\n\t<meta name=\"twitter:data1\" content=\"Reda\u00e7\u00e3o\" \/>\n\t<meta name=\"twitter:label2\" content=\"Est. tempo de leitura\" \/>\n\t<meta name=\"twitter:data2\" content=\"2 minutos\" \/>\n<script type=\"application\/ld+json\" class=\"yoast-schema-graph\">{\"@context\":\"https:\/\/schema.org\",\"@graph\":[{\"@type\":\"Article\",\"@id\":\"https:\/\/www.notibras.com\/site\/joaquim-se-despede-do-supremo-e-descarta-disputar-cargo-politico\/#article\",\"isPartOf\":{\"@id\":\"https:\/\/www.notibras.com\/site\/joaquim-se-despede-do-supremo-e-descarta-disputar-cargo-politico\/\"},\"author\":{\"name\":\"Reda\u00e7\u00e3o\",\"@id\":\"https:\/\/www.notibras.com\/site\/#\/schema\/person\/36ab0979449956132d3e5b517ea76ac8\"},\"headline\":\"Joaquim se despede do Supremo e descarta disputar cargo pol\u00edtico\",\"datePublished\":\"2014-07-01T04:03:36+00:00\",\"dateModified\":\"2014-07-02T18:47:22+00:00\",\"mainEntityOfPage\":{\"@id\":\"https:\/\/www.notibras.com\/site\/joaquim-se-despede-do-supremo-e-descarta-disputar-cargo-politico\/\"},\"wordCount\":409,\"commentCount\":0,\"publisher\":{\"@id\":\"https:\/\/www.notibras.com\/site\/#organization\"},\"image\":{\"@id\":\"https:\/\/www.notibras.com\/site\/joaquim-se-despede-do-supremo-e-descarta-disputar-cargo-politico\/#primaryimage\"},\"thumbnailUrl\":\"https:\/\/www.notibras.com\/site\/wp-content\/uploads\/2014\/07\/min-joaquim-barbosa-02.jpg\",\"articleSection\":[\"Brasil\"],\"inLanguage\":\"pt-BR\",\"potentialAction\":[{\"@type\":\"CommentAction\",\"name\":\"Comment\",\"target\":[\"https:\/\/www.notibras.com\/site\/joaquim-se-despede-do-supremo-e-descarta-disputar-cargo-politico\/#respond\"]}]},{\"@type\":\"WebPage\",\"@id\":\"https:\/\/www.notibras.com\/site\/joaquim-se-despede-do-supremo-e-descarta-disputar-cargo-politico\/\",\"url\":\"https:\/\/www.notibras.com\/site\/joaquim-se-despede-do-supremo-e-descarta-disputar-cargo-politico\/\",\"name\":\"Joaquim se despede do Supremo e descarta disputar cargo pol\u00edtico - Notibras\",\"isPartOf\":{\"@id\":\"https:\/\/www.notibras.com\/site\/#website\"},\"primaryImageOfPage\":{\"@id\":\"https:\/\/www.notibras.com\/site\/joaquim-se-despede-do-supremo-e-descarta-disputar-cargo-politico\/#primaryimage\"},\"image\":{\"@id\":\"https:\/\/www.notibras.com\/site\/joaquim-se-despede-do-supremo-e-descarta-disputar-cargo-politico\/#primaryimage\"},\"thumbnailUrl\":\"https:\/\/www.notibras.com\/site\/wp-content\/uploads\/2014\/07\/min-joaquim-barbosa-02.jpg\",\"datePublished\":\"2014-07-01T04:03:36+00:00\",\"dateModified\":\"2014-07-02T18:47:22+00:00\",\"breadcrumb\":{\"@id\":\"https:\/\/www.notibras.com\/site\/joaquim-se-despede-do-supremo-e-descarta-disputar-cargo-politico\/#breadcrumb\"},\"inLanguage\":\"pt-BR\",\"potentialAction\":[{\"@type\":\"ReadAction\",\"target\":[\"https:\/\/www.notibras.com\/site\/joaquim-se-despede-do-supremo-e-descarta-disputar-cargo-politico\/\"]}]},{\"@type\":\"ImageObject\",\"inLanguage\":\"pt-BR\",\"@id\":\"https:\/\/www.notibras.com\/site\/joaquim-se-despede-do-supremo-e-descarta-disputar-cargo-politico\/#primaryimage\",\"url\":\"https:\/\/www.notibras.com\/site\/wp-content\/uploads\/2014\/07\/min-joaquim-barbosa-02.jpg\",\"contentUrl\":\"https:\/\/www.notibras.com\/site\/wp-content\/uploads\/2014\/07\/min-joaquim-barbosa-02.jpg\",\"width\":1500,\"height\":846,\"caption\":\"Ex-presidente do Supremo seria carta na manga da Rede e do PSB. Foto\/Arquivo Notibras\"},{\"@type\":\"BreadcrumbList\",\"@id\":\"https:\/\/www.notibras.com\/site\/joaquim-se-despede-do-supremo-e-descarta-disputar-cargo-politico\/#breadcrumb\",\"itemListElement\":[{\"@type\":\"ListItem\",\"position\":1,\"name\":\"In\u00edcio\",\"item\":\"https:\/\/www.notibras.com\/site\/\"},{\"@type\":\"ListItem\",\"position\":2,\"name\":\"Joaquim se despede do Supremo e descarta disputar cargo pol\u00edtico\"}]},{\"@type\":\"WebSite\",\"@id\":\"https:\/\/www.notibras.com\/site\/#website\",\"url\":\"https:\/\/www.notibras.com\/site\/\",\"name\":\"Notibras\",\"description\":\"Not\u00edcias de Bras\u00edlia, do Brasil e do Mundo\",\"publisher\":{\"@id\":\"https:\/\/www.notibras.com\/site\/#organization\"},\"potentialAction\":[{\"@type\":\"SearchAction\",\"target\":{\"@type\":\"EntryPoint\",\"urlTemplate\":\"https:\/\/www.notibras.com\/site\/?s={search_term_string}\"},\"query-input\":{\"@type\":\"PropertyValueSpecification\",\"valueRequired\":true,\"valueName\":\"search_term_string\"}}],\"inLanguage\":\"pt-BR\"},{\"@type\":\"Organization\",\"@id\":\"https:\/\/www.notibras.com\/site\/#organization\",\"name\":\"Grupo Notibras de Comunica\u00e7\u00e3o\",\"url\":\"https:\/\/www.notibras.com\/site\/\",\"logo\":{\"@type\":\"ImageObject\",\"inLanguage\":\"pt-BR\",\"@id\":\"https:\/\/www.notibras.com\/site\/#\/schema\/logo\/image\/\",\"url\":\"https:\/\/www.notibras.com\/site\/wp-content\/uploads\/2023\/01\/notibras23.png\",\"contentUrl\":\"https:\/\/www.notibras.com\/site\/wp-content\/uploads\/2023\/01\/notibras23.png\",\"width\":350,\"height\":87,\"caption\":\"Grupo Notibras de Comunica\u00e7\u00e3o\"},\"image\":{\"@id\":\"https:\/\/www.notibras.com\/site\/#\/schema\/logo\/image\/\"},\"sameAs\":[\"https:\/\/www.facebook.com\/notibras\/\",\"https:\/\/x.com\/Notibras\",\"https:\/\/www.instagram.com\/notibras\/\"]},{\"@type\":\"Person\",\"@id\":\"https:\/\/www.notibras.com\/site\/#\/schema\/person\/36ab0979449956132d3e5b517ea76ac8\",\"name\":\"Reda\u00e7\u00e3o\",\"image\":{\"@type\":\"ImageObject\",\"inLanguage\":\"pt-BR\",\"@id\":\"https:\/\/secure.gravatar.com\/avatar\/e0a867bdedb85fd243eadf09663511f96fc81e0720a4a42581f334ad4303aa6b?s=96&d=mm&r=g\",\"url\":\"https:\/\/secure.gravatar.com\/avatar\/e0a867bdedb85fd243eadf09663511f96fc81e0720a4a42581f334ad4303aa6b?s=96&d=mm&r=g\",\"contentUrl\":\"https:\/\/secure.gravatar.com\/avatar\/e0a867bdedb85fd243eadf09663511f96fc81e0720a4a42581f334ad4303aa6b?s=96&d=mm&r=g\",\"caption\":\"Reda\u00e7\u00e3o\"}}]}<\/script>\n<!-- \/ Yoast SEO plugin. -->","yoast_head_json":{"title":"Joaquim se despede do Supremo e descarta disputar cargo pol\u00edtico - Notibras","robots":{"index":"index","follow":"follow","max-snippet":"max-snippet:-1","max-image-preview":"max-image-preview:large","max-video-preview":"max-video-preview:-1"},"canonical":"https:\/\/www.notibras.com\/site\/joaquim-se-despede-do-supremo-e-descarta-disputar-cargo-politico\/","og_locale":"pt_BR","og_type":"article","og_title":"Joaquim se despede do Supremo e descarta disputar cargo pol\u00edtico - Notibras","og_description":"O presidente do Supremo Tribunal Federal (STF), ministro Joaquim Barbosa, disse nesta ter\u00e7a 1\u00ba que deixa a Corte de forma tranquila e com a \u201calma leve\u201d. Barbosa participou de sua \u00faltima sess\u00e3o como ministro do Tribunal. Em maio,\u00a0 ele anunciou que se aposentaria antecipadamente neste m\u00eas, ap\u00f3s 11 anos como ministro da Corte. O decreto [&hellip;]","og_url":"https:\/\/www.notibras.com\/site\/joaquim-se-despede-do-supremo-e-descarta-disputar-cargo-politico\/","og_site_name":"Notibras","article_publisher":"https:\/\/www.facebook.com\/notibras\/","article_published_time":"2014-07-01T04:03:36+00:00","article_modified_time":"2014-07-02T18:47:22+00:00","og_image":[{"width":1500,"height":846,"url":"https:\/\/www.notibras.com\/site\/wp-content\/uploads\/2014\/07\/min-joaquim-barbosa-02.jpg","type":"image\/jpeg"}],"author":"Reda\u00e7\u00e3o","twitter_card":"summary_large_image","twitter_creator":"@Notibras","twitter_site":"@Notibras","twitter_misc":{"Escrito por":"Reda\u00e7\u00e3o","Est. tempo de leitura":"2 minutos"},"schema":{"@context":"https:\/\/schema.org","@graph":[{"@type":"Article","@id":"https:\/\/www.notibras.com\/site\/joaquim-se-despede-do-supremo-e-descarta-disputar-cargo-politico\/#article","isPartOf":{"@id":"https:\/\/www.notibras.com\/site\/joaquim-se-despede-do-supremo-e-descarta-disputar-cargo-politico\/"},"author":{"name":"Reda\u00e7\u00e3o","@id":"https:\/\/www.notibras.com\/site\/#\/schema\/person\/36ab0979449956132d3e5b517ea76ac8"},"headline":"Joaquim se despede do Supremo e descarta disputar cargo pol\u00edtico","datePublished":"2014-07-01T04:03:36+00:00","dateModified":"2014-07-02T18:47:22+00:00","mainEntityOfPage":{"@id":"https:\/\/www.notibras.com\/site\/joaquim-se-despede-do-supremo-e-descarta-disputar-cargo-politico\/"},"wordCount":409,"commentCount":0,"publisher":{"@id":"https:\/\/www.notibras.com\/site\/#organization"},"image":{"@id":"https:\/\/www.notibras.com\/site\/joaquim-se-despede-do-supremo-e-descarta-disputar-cargo-politico\/#primaryimage"},"thumbnailUrl":"https:\/\/www.notibras.com\/site\/wp-content\/uploads\/2014\/07\/min-joaquim-barbosa-02.jpg","articleSection":["Brasil"],"inLanguage":"pt-BR","potentialAction":[{"@type":"CommentAction","name":"Comment","target":["https:\/\/www.notibras.com\/site\/joaquim-se-despede-do-supremo-e-descarta-disputar-cargo-politico\/#respond"]}]},{"@type":"WebPage","@id":"https:\/\/www.notibras.com\/site\/joaquim-se-despede-do-supremo-e-descarta-disputar-cargo-politico\/","url":"https:\/\/www.notibras.com\/site\/joaquim-se-despede-do-supremo-e-descarta-disputar-cargo-politico\/","name":"Joaquim se despede do Supremo e descarta disputar cargo pol\u00edtico - Notibras","isPartOf":{"@id":"https:\/\/www.notibras.com\/site\/#website"},"primaryImageOfPage":{"@id":"https:\/\/www.notibras.com\/site\/joaquim-se-despede-do-supremo-e-descarta-disputar-cargo-politico\/#primaryimage"},"image":{"@id":"https:\/\/www.notibras.com\/site\/joaquim-se-despede-do-supremo-e-descarta-disputar-cargo-politico\/#primaryimage"},"thumbnailUrl":"https:\/\/www.notibras.com\/site\/wp-content\/uploads\/2014\/07\/min-joaquim-barbosa-02.jpg","datePublished":"2014-07-01T04:03:36+00:00","dateModified":"2014-07-02T18:47:22+00:00","breadcrumb":{"@id":"https:\/\/www.notibras.com\/site\/joaquim-se-despede-do-supremo-e-descarta-disputar-cargo-politico\/#breadcrumb"},"inLanguage":"pt-BR","potentialAction":[{"@type":"ReadAction","target":["https:\/\/www.notibras.com\/site\/joaquim-se-despede-do-supremo-e-descarta-disputar-cargo-politico\/"]}]},{"@type":"ImageObject","inLanguage":"pt-BR","@id":"https:\/\/www.notibras.com\/site\/joaquim-se-despede-do-supremo-e-descarta-disputar-cargo-politico\/#primaryimage","url":"https:\/\/www.notibras.com\/site\/wp-content\/uploads\/2014\/07\/min-joaquim-barbosa-02.jpg","contentUrl":"https:\/\/www.notibras.com\/site\/wp-content\/uploads\/2014\/07\/min-joaquim-barbosa-02.jpg","width":1500,"height":846,"caption":"Ex-presidente do Supremo seria carta na manga da Rede e do PSB. Foto\/Arquivo Notibras"},{"@type":"BreadcrumbList","@id":"https:\/\/www.notibras.com\/site\/joaquim-se-despede-do-supremo-e-descarta-disputar-cargo-politico\/#breadcrumb","itemListElement":[{"@type":"ListItem","position":1,"name":"In\u00edcio","item":"https:\/\/www.notibras.com\/site\/"},{"@type":"ListItem","position":2,"name":"Joaquim se despede do Supremo e descarta disputar cargo pol\u00edtico"}]},{"@type":"WebSite","@id":"https:\/\/www.notibras.com\/site\/#website","url":"https:\/\/www.notibras.com\/site\/","name":"Notibras","description":"Not\u00edcias de Bras\u00edlia, do Brasil e do Mundo","publisher":{"@id":"https:\/\/www.notibras.com\/site\/#organization"},"potentialAction":[{"@type":"SearchAction","target":{"@type":"EntryPoint","urlTemplate":"https:\/\/www.notibras.com\/site\/?s={search_term_string}"},"query-input":{"@type":"PropertyValueSpecification","valueRequired":true,"valueName":"search_term_string"}}],"inLanguage":"pt-BR"},{"@type":"Organization","@id":"https:\/\/www.notibras.com\/site\/#organization","name":"Grupo Notibras de Comunica\u00e7\u00e3o","url":"https:\/\/www.notibras.com\/site\/","logo":{"@type":"ImageObject","inLanguage":"pt-BR","@id":"https:\/\/www.notibras.com\/site\/#\/schema\/logo\/image\/","url":"https:\/\/www.notibras.com\/site\/wp-content\/uploads\/2023\/01\/notibras23.png","contentUrl":"https:\/\/www.notibras.com\/site\/wp-content\/uploads\/2023\/01\/notibras23.png","width":350,"height":87,"caption":"Grupo Notibras de Comunica\u00e7\u00e3o"},"image":{"@id":"https:\/\/www.notibras.com\/site\/#\/schema\/logo\/image\/"},"sameAs":["https:\/\/www.facebook.com\/notibras\/","https:\/\/x.com\/Notibras","https:\/\/www.instagram.com\/notibras\/"]},{"@type":"Person","@id":"https:\/\/www.notibras.com\/site\/#\/schema\/person\/36ab0979449956132d3e5b517ea76ac8","name":"Reda\u00e7\u00e3o","image":{"@type":"ImageObject","inLanguage":"pt-BR","@id":"https:\/\/secure.gravatar.com\/avatar\/e0a867bdedb85fd243eadf09663511f96fc81e0720a4a42581f334ad4303aa6b?s=96&d=mm&r=g","url":"https:\/\/secure.gravatar.com\/avatar\/e0a867bdedb85fd243eadf09663511f96fc81e0720a4a42581f334ad4303aa6b?s=96&d=mm&r=g","contentUrl":"https:\/\/secure.gravatar.com\/avatar\/e0a867bdedb85fd243eadf09663511f96fc81e0720a4a42581f334ad4303aa6b?s=96&d=mm&r=g","caption":"Reda\u00e7\u00e3o"}}]}},"amp_enabled":true,"_links":{"self":[{"href":"https:\/\/www.notibras.com\/site\/wp-json\/wp\/v2\/posts\/14963","targetHints":{"allow":["GET"]}}],"collection":[{"href":"https:\/\/www.notibras.com\/site\/wp-json\/wp\/v2\/posts"}],"about":[{"href":"https:\/\/www.notibras.com\/site\/wp-json\/wp\/v2\/types\/post"}],"author":[{"embeddable":true,"href":"https:\/\/www.notibras.com\/site\/wp-json\/wp\/v2\/users\/2"}],"replies":[{"embeddable":true,"href":"https:\/\/www.notibras.com\/site\/wp-json\/wp\/v2\/comments?post=14963"}],"version-history":[{"count":0,"href":"https:\/\/www.notibras.com\/site\/wp-json\/wp\/v2\/posts\/14963\/revisions"}],"wp:featuredmedia":[{"embeddable":true,"href":"https:\/\/www.notibras.com\/site\/wp-json\/wp\/v2\/media\/14966"}],"wp:attachment":[{"href":"https:\/\/www.notibras.com\/site\/wp-json\/wp\/v2\/media?parent=14963"}],"wp:term":[{"taxonomy":"category","embeddable":true,"href":"https:\/\/www.notibras.com\/site\/wp-json\/wp\/v2\/categories?post=14963"},{"taxonomy":"post_tag","embeddable":true,"href":"https:\/\/www.notibras.com\/site\/wp-json\/wp\/v2\/tags?post=14963"}],"curies":[{"name":"wp","href":"https:\/\/api.w.org\/{rel}","templated":true}]}}