{"id":15001,"date":"2014-07-01T15:02:21","date_gmt":"2014-07-01T18:02:21","guid":{"rendered":"http:\/\/www.notibras.com\/site\/?p=15001"},"modified":"2014-07-01T21:08:22","modified_gmt":"2014-07-02T00:08:22","slug":"anistia-internacional-denuncia-forca-bruta-nos-atos-contra-a-copa","status":"publish","type":"post","link":"https:\/\/www.notibras.com\/site\/anistia-internacional-denuncia-forca-bruta-nos-atos-contra-a-copa\/","title":{"rendered":"Anistia Internacional denuncia for\u00e7a nos atos contra a Copa"},"content":{"rendered":"<p>As for\u00e7as de seguran\u00e7a est\u00e3o fazendo uso de viol\u00eancia para reprimir manifesta\u00e7\u00f5es pac\u00edficas durante a Copa do Mundo. O alerta \u00e9 da Anistia Internacional, que divulgou um balan\u00e7o da campanha &#8220;Brasil, chega de bola fora!&#8221;, lan\u00e7ada em maio com o objetivo de prevenir amea\u00e7as \u00e0 liberdade de express\u00e3o. A entidade ressalta que parte dos manifestantes tamb\u00e9m promovem atos violentos.<\/p>\n<p>A assessora de Direitos Humanos da Anistia Internacional Brasil, Renata Neder, lembra que as for\u00e7as de seguran\u00e7a deveriam garantir o direito \u00e0 livre manifesta\u00e7\u00e3o, e n\u00e3o levar viol\u00eancia \u00e0s manifesta\u00e7\u00f5es. \u201cDe um lado, as for\u00e7as de seguran\u00e7a devem, sim, agir para coibir e investigar eventuais atos de viol\u00eancia nas manifesta\u00e7\u00f5es e, de outro, a pol\u00edcia e as for\u00e7as de seguran\u00e7a n\u00e3o podem usar a for\u00e7a de maneira excessiva e desnecess\u00e1ria, nem cometer qualquer tipo de abuso\u201d.<\/p>\n<p>Ela destaca que a organiza\u00e7\u00e3o reconhece como avan\u00e7o o recuo na aprova\u00e7\u00e3o de projetos de lei em discuss\u00e3o no Congresso Nacional, que poderiam restringir e criminalizar manifesta\u00e7\u00f5es: \u201cA gente avalia que houve avan\u00e7o por parte do governo federal, que disse que n\u00e3o iria mais apoiar nenhuma nova legisla\u00e7\u00e3o sobre protestos, que poderiam colocar novas restri\u00e7\u00f5es ao direito de manifesta\u00e7\u00f5es pac\u00edficas no Brasil\u201d.<\/p>\n<blockquote><p>Renata relata, por\u00e9m, que ocorreram abusos nas manifesta\u00e7\u00f5es, mesmo com a entidade tendo enviado, antes do in\u00edcio da Copa, of\u00edcios para os governos dos 12 estados que sediam jogos, manifestando preocupa\u00e7\u00e3o com a atua\u00e7\u00e3o da pol\u00edcia, al\u00e9m de encaminhar guia de boas pr\u00e1ticas e o C\u00f3digo de Conduta da Organiza\u00e7\u00e3o das Na\u00e7\u00f5es Unidas (ONU). \u201cNo entanto, a gente avaliou tamb\u00e9m que houve novos epis\u00f3dios de uso de for\u00e7a excessiva e das chamadas armas menos letais, por parte da Pol\u00edcia Militar (PM), em cidades que sediaram os jogos e foram palcos de protestos\u201d, acrescentou.<\/p><\/blockquote>\n<p>De acordo com a Anistia Internacional, durante a primeira fase do Mundial foram constatados abusos e viol\u00eancia em diversas cidades. H\u00e1 relatos de que em Belo Horizonte, no dia 12 de junho, um protesto pac\u00edfico virou confronto perto da Pra\u00e7a da Liberdade, que estava cercada pela pol\u00edcia, impedindo a aproxima\u00e7\u00e3o dos manifestantes. Roj\u00f5es foram disparados em dire\u00e7\u00e3o ao cerco e bombas de efeito moral lan\u00e7adas pelos policiais. Ag\u00eancias de bancos, fachadas de lojas, uma viatura e um cinema foram danificados por manifestantes.<\/p>\n<p>Em S\u00e3o Paulo, no dia 19, ap\u00f3s a dispers\u00e3o de um protesto convocado pelo Movimento Passe Livre, um grupo invadiu e depredou uma concession\u00e1ria de carros de luxo e ag\u00eancias banc\u00e1rias. No dia 9, o estudante Murilo Magalh\u00e3es, ativista da Assembleia Nacional de Estudantes Livres, foi detido e agredido ao participar de um protesto de apoio \u00e0 greve dos metrovi\u00e1rios.<\/p>\n<p>No dia 23 de junho, policiais civis detiveram dois manifestantes, autuados por porte de material explosivo, associa\u00e7\u00e3o criminosa e incita\u00e7\u00e3o \u00e0 viol\u00eancia, mas ambos negam as acusa\u00e7\u00f5es. No dia 25, a pol\u00edcia impediu a concentra\u00e7\u00e3o de um protesto contra as pris\u00f5es arbitr\u00e1rias, que estava come\u00e7ando na regi\u00e3o do Museu de Artes de S\u00e3o Paulo (Masp).<\/p>\n<p>No dia 12, tamb\u00e9m em S\u00e3o Paulo, h\u00e1 evid\u00eancias de que a PM fez uso excessivo de for\u00e7a, bem como de g\u00e1s lacrimog\u00eaneo e bombas de efeito moral, para reprimir uma manifesta\u00e7\u00e3o que estava apenas come\u00e7ando na zona leste. V\u00e1rias pessoas ficaram feridas, incluindo tr\u00eas jornalistas.<\/p>\n<p>No mesmo dia, no Rio de Janeiro, foi usado g\u00e1s lacrimog\u00eaneo para dispersar uma manifesta\u00e7\u00e3o pac\u00edfica que chegava aos Arcos da Lapa e detidos manifestantes que faziam movimento pac\u00edfico. No dia 20, quatro manifestantes foram detidos por ter m\u00e1scaras nas mochilas e um representante de m\u00eddia independente foi levado para a delegacia por estar com uma bateria externa para celular, considerada artefato explosivo pela pol\u00edcia.<\/p>\n<p>Em Fortaleza, no dia 17, a PM dispersou uma manifesta\u00e7\u00e3o com o uso de armas menos letais, contrariando as recomenda\u00e7\u00f5es do Minist\u00e9rio P\u00fablico. Manifestantes foram revistados e detidos aleatoriamente e sem justificativa, al\u00e9m de serem cadastrados pelos policiais.<\/p>\n<p>Em Recife, tamb\u00e9m no dia 17, a PM fez uso excessivo de for\u00e7a e de balas de borracha, g\u00e1s lacrimog\u00eaneo e <em>spray<\/em> de pimenta para esvaziar o Cais Jos\u00e9 Estelita, ocupado por cerca de 100 pessoas desde maio, em protesto contra o projeto para o local. Manifestantes foram detidos, e outros ficaram feridos e tiveram equipamentos confiscados.<\/p>\n<p>Outra den\u00fancia relatada pela Anistia Internacional \u00e9 a intimida\u00e7\u00e3o de manifestantes, com integrantes de movimentos sociais e ativistas convocados para depor no mesmo dia e hora em que havia protesto marcado na cidade ou na v\u00e9spera do in\u00edcio da Copa. Fato que ocorreu em Fortaleza, S\u00e3o Paulo, Rio de Janeiro e Curitiba. Em Bras\u00edlia, integrantes do Comit\u00ea Popular da Copa foram abordadas por pessoas que diziam ser do Tribunal Regional Eleitoral para confirmar dados pessoais, mas o \u00f3rg\u00e3o nega esse tipo de a\u00e7\u00e3o.<\/p>\n<p>De acordo com dados da Associa\u00e7\u00e3o Brasileira de Jornalista Investigativo, desde o in\u00edcio da Copa do Mundo pelo menos 18 jornalistas sofreram agress\u00f5es durante o exerc\u00edcio da profiss\u00e3o, em cidades-sede da Copa.<\/p>\n<p>A Anistia Internacional pede a imediata investiga\u00e7\u00e3o de todas as den\u00fancias, de forma imparcial e independente, com a identifica\u00e7\u00e3o dos policiais que acompanhavam os protestos, e que nenhum detido seja processado criminalmente \u201capenas por exercer seu direito de participar de manifesta\u00e7\u00f5es p\u00fablicas\u201d. Destaca ainda a necessidade de garantia das condi\u00e7\u00f5es de trabalho para os profissionais da imprensa tradicional e alternativa.<\/p>\n<p>A peti\u00e7\u00e3o <em>online<\/em> da campanha &#8220;Brasil, chega de bola fora!&#8221; (<a href=\"http:\/\/www.aiyellowcard.org\">www.aiyellowcard.org<\/a>) j\u00e1 tem mais de 108 mil assinaturas, mas a Presid\u00eancia da Rep\u00fablica e o Congresso Nacional n\u00e3o receberam os representantes da organiza\u00e7\u00e3o para a entrega do relat\u00f3rio <em>Eles Usam uma Estrat\u00e9gia de Medo<\/em>.<\/p>\n<p><strong>Akemi Nitahara, ABr<br \/>\n<\/strong><\/p>\n","protected":false},"excerpt":{"rendered":"<p>As for\u00e7as de seguran\u00e7a est\u00e3o fazendo uso de viol\u00eancia para reprimir manifesta\u00e7\u00f5es pac\u00edficas durante a Copa do Mundo. O alerta \u00e9 da Anistia Internacional, que divulgou um balan\u00e7o da campanha &#8220;Brasil, chega de bola fora!&#8221;, lan\u00e7ada em maio com o objetivo de prevenir amea\u00e7as \u00e0 liberdade de express\u00e3o. A entidade ressalta que parte dos manifestantes [&hellip;]<\/p>\n","protected":false},"author":2,"featured_media":15002,"comment_status":"open","ping_status":"closed","sticky":false,"template":"","format":"standard","meta":{"_acf_changed":false,"footnotes":""},"categories":[16],"tags":[],"class_list":["post-15001","post","type-post","status-publish","format-standard","has-post-thumbnail","hentry","category-brasil"],"acf":[],"yoast_head":"<!-- This site is optimized with the Yoast SEO plugin v27.2 - https:\/\/yoast.com\/product\/yoast-seo-wordpress\/ -->\n<title>Anistia Internacional denuncia for\u00e7a nos atos contra a Copa - Notibras<\/title>\n<meta name=\"robots\" content=\"index, follow, max-snippet:-1, max-image-preview:large, max-video-preview:-1\" \/>\n<link rel=\"canonical\" href=\"https:\/\/www.notibras.com\/site\/anistia-internacional-denuncia-forca-bruta-nos-atos-contra-a-copa\/\" \/>\n<meta property=\"og:locale\" content=\"pt_BR\" \/>\n<meta property=\"og:type\" content=\"article\" \/>\n<meta property=\"og:title\" content=\"Anistia Internacional denuncia for\u00e7a nos atos contra a Copa - Notibras\" \/>\n<meta property=\"og:description\" content=\"As for\u00e7as de seguran\u00e7a est\u00e3o fazendo uso de viol\u00eancia para reprimir manifesta\u00e7\u00f5es pac\u00edficas durante a Copa do Mundo. O alerta \u00e9 da Anistia Internacional, que divulgou um balan\u00e7o da campanha &#8220;Brasil, chega de bola fora!&#8221;, lan\u00e7ada em maio com o objetivo de prevenir amea\u00e7as \u00e0 liberdade de express\u00e3o. A entidade ressalta que parte dos manifestantes [&hellip;]\" \/>\n<meta property=\"og:url\" content=\"https:\/\/www.notibras.com\/site\/anistia-internacional-denuncia-forca-bruta-nos-atos-contra-a-copa\/\" \/>\n<meta property=\"og:site_name\" content=\"Notibras\" \/>\n<meta property=\"article:publisher\" content=\"https:\/\/www.facebook.com\/notibras\/\" \/>\n<meta property=\"article:published_time\" content=\"2014-07-01T18:02:21+00:00\" \/>\n<meta property=\"article:modified_time\" content=\"2014-07-02T00:08:22+00:00\" \/>\n<meta property=\"og:image\" content=\"https:\/\/www.notibras.com\/site\/wp-content\/uploads\/2014\/07\/ataquepm.jpg\" \/>\n\t<meta property=\"og:image:width\" content=\"800\" \/>\n\t<meta property=\"og:image:height\" content=\"532\" \/>\n\t<meta property=\"og:image:type\" content=\"image\/jpeg\" \/>\n<meta name=\"author\" content=\"Reda\u00e7\u00e3o\" \/>\n<meta name=\"twitter:card\" content=\"summary_large_image\" \/>\n<meta name=\"twitter:creator\" content=\"@Notibras\" \/>\n<meta name=\"twitter:site\" content=\"@Notibras\" \/>\n<meta name=\"twitter:label1\" content=\"Escrito por\" \/>\n\t<meta name=\"twitter:data1\" content=\"Reda\u00e7\u00e3o\" \/>\n\t<meta name=\"twitter:label2\" content=\"Est. tempo de leitura\" \/>\n\t<meta name=\"twitter:data2\" content=\"5 minutos\" \/>\n<script type=\"application\/ld+json\" class=\"yoast-schema-graph\">{\"@context\":\"https:\/\/schema.org\",\"@graph\":[{\"@type\":\"Article\",\"@id\":\"https:\/\/www.notibras.com\/site\/anistia-internacional-denuncia-forca-bruta-nos-atos-contra-a-copa\/#article\",\"isPartOf\":{\"@id\":\"https:\/\/www.notibras.com\/site\/anistia-internacional-denuncia-forca-bruta-nos-atos-contra-a-copa\/\"},\"author\":{\"name\":\"Reda\u00e7\u00e3o\",\"@id\":\"https:\/\/www.notibras.com\/site\/#\/schema\/person\/36ab0979449956132d3e5b517ea76ac8\"},\"headline\":\"Anistia Internacional denuncia for\u00e7a nos atos contra a Copa\",\"datePublished\":\"2014-07-01T18:02:21+00:00\",\"dateModified\":\"2014-07-02T00:08:22+00:00\",\"mainEntityOfPage\":{\"@id\":\"https:\/\/www.notibras.com\/site\/anistia-internacional-denuncia-forca-bruta-nos-atos-contra-a-copa\/\"},\"wordCount\":1043,\"commentCount\":0,\"publisher\":{\"@id\":\"https:\/\/www.notibras.com\/site\/#organization\"},\"image\":{\"@id\":\"https:\/\/www.notibras.com\/site\/anistia-internacional-denuncia-forca-bruta-nos-atos-contra-a-copa\/#primaryimage\"},\"thumbnailUrl\":\"https:\/\/www.notibras.com\/site\/wp-content\/uploads\/2014\/07\/ataquepm.jpg\",\"articleSection\":[\"Brasil\"],\"inLanguage\":\"pt-BR\",\"potentialAction\":[{\"@type\":\"CommentAction\",\"name\":\"Comment\",\"target\":[\"https:\/\/www.notibras.com\/site\/anistia-internacional-denuncia-forca-bruta-nos-atos-contra-a-copa\/#respond\"]}]},{\"@type\":\"WebPage\",\"@id\":\"https:\/\/www.notibras.com\/site\/anistia-internacional-denuncia-forca-bruta-nos-atos-contra-a-copa\/\",\"url\":\"https:\/\/www.notibras.com\/site\/anistia-internacional-denuncia-forca-bruta-nos-atos-contra-a-copa\/\",\"name\":\"Anistia Internacional denuncia for\u00e7a nos atos contra a Copa - Notibras\",\"isPartOf\":{\"@id\":\"https:\/\/www.notibras.com\/site\/#website\"},\"primaryImageOfPage\":{\"@id\":\"https:\/\/www.notibras.com\/site\/anistia-internacional-denuncia-forca-bruta-nos-atos-contra-a-copa\/#primaryimage\"},\"image\":{\"@id\":\"https:\/\/www.notibras.com\/site\/anistia-internacional-denuncia-forca-bruta-nos-atos-contra-a-copa\/#primaryimage\"},\"thumbnailUrl\":\"https:\/\/www.notibras.com\/site\/wp-content\/uploads\/2014\/07\/ataquepm.jpg\",\"datePublished\":\"2014-07-01T18:02:21+00:00\",\"dateModified\":\"2014-07-02T00:08:22+00:00\",\"breadcrumb\":{\"@id\":\"https:\/\/www.notibras.com\/site\/anistia-internacional-denuncia-forca-bruta-nos-atos-contra-a-copa\/#breadcrumb\"},\"inLanguage\":\"pt-BR\",\"potentialAction\":[{\"@type\":\"ReadAction\",\"target\":[\"https:\/\/www.notibras.com\/site\/anistia-internacional-denuncia-forca-bruta-nos-atos-contra-a-copa\/\"]}]},{\"@type\":\"ImageObject\",\"inLanguage\":\"pt-BR\",\"@id\":\"https:\/\/www.notibras.com\/site\/anistia-internacional-denuncia-forca-bruta-nos-atos-contra-a-copa\/#primaryimage\",\"url\":\"https:\/\/www.notibras.com\/site\/wp-content\/uploads\/2014\/07\/ataquepm.jpg\",\"contentUrl\":\"https:\/\/www.notibras.com\/site\/wp-content\/uploads\/2014\/07\/ataquepm.jpg\",\"width\":800,\"height\":532},{\"@type\":\"BreadcrumbList\",\"@id\":\"https:\/\/www.notibras.com\/site\/anistia-internacional-denuncia-forca-bruta-nos-atos-contra-a-copa\/#breadcrumb\",\"itemListElement\":[{\"@type\":\"ListItem\",\"position\":1,\"name\":\"In\u00edcio\",\"item\":\"https:\/\/www.notibras.com\/site\/\"},{\"@type\":\"ListItem\",\"position\":2,\"name\":\"Anistia Internacional denuncia for\u00e7a nos atos contra a Copa\"}]},{\"@type\":\"WebSite\",\"@id\":\"https:\/\/www.notibras.com\/site\/#website\",\"url\":\"https:\/\/www.notibras.com\/site\/\",\"name\":\"Notibras\",\"description\":\"Not\u00edcias de Bras\u00edlia, do Brasil e do Mundo\",\"publisher\":{\"@id\":\"https:\/\/www.notibras.com\/site\/#organization\"},\"potentialAction\":[{\"@type\":\"SearchAction\",\"target\":{\"@type\":\"EntryPoint\",\"urlTemplate\":\"https:\/\/www.notibras.com\/site\/?s={search_term_string}\"},\"query-input\":{\"@type\":\"PropertyValueSpecification\",\"valueRequired\":true,\"valueName\":\"search_term_string\"}}],\"inLanguage\":\"pt-BR\"},{\"@type\":\"Organization\",\"@id\":\"https:\/\/www.notibras.com\/site\/#organization\",\"name\":\"Grupo Notibras de Comunica\u00e7\u00e3o\",\"url\":\"https:\/\/www.notibras.com\/site\/\",\"logo\":{\"@type\":\"ImageObject\",\"inLanguage\":\"pt-BR\",\"@id\":\"https:\/\/www.notibras.com\/site\/#\/schema\/logo\/image\/\",\"url\":\"https:\/\/www.notibras.com\/site\/wp-content\/uploads\/2023\/01\/notibras23.png\",\"contentUrl\":\"https:\/\/www.notibras.com\/site\/wp-content\/uploads\/2023\/01\/notibras23.png\",\"width\":350,\"height\":87,\"caption\":\"Grupo Notibras de Comunica\u00e7\u00e3o\"},\"image\":{\"@id\":\"https:\/\/www.notibras.com\/site\/#\/schema\/logo\/image\/\"},\"sameAs\":[\"https:\/\/www.facebook.com\/notibras\/\",\"https:\/\/x.com\/Notibras\",\"https:\/\/www.instagram.com\/notibras\/\"]},{\"@type\":\"Person\",\"@id\":\"https:\/\/www.notibras.com\/site\/#\/schema\/person\/36ab0979449956132d3e5b517ea76ac8\",\"name\":\"Reda\u00e7\u00e3o\",\"image\":{\"@type\":\"ImageObject\",\"inLanguage\":\"pt-BR\",\"@id\":\"https:\/\/secure.gravatar.com\/avatar\/e0a867bdedb85fd243eadf09663511f96fc81e0720a4a42581f334ad4303aa6b?s=96&d=mm&r=g\",\"url\":\"https:\/\/secure.gravatar.com\/avatar\/e0a867bdedb85fd243eadf09663511f96fc81e0720a4a42581f334ad4303aa6b?s=96&d=mm&r=g\",\"contentUrl\":\"https:\/\/secure.gravatar.com\/avatar\/e0a867bdedb85fd243eadf09663511f96fc81e0720a4a42581f334ad4303aa6b?s=96&d=mm&r=g\",\"caption\":\"Reda\u00e7\u00e3o\"}}]}<\/script>\n<!-- \/ Yoast SEO plugin. -->","yoast_head_json":{"title":"Anistia Internacional denuncia for\u00e7a nos atos contra a Copa - Notibras","robots":{"index":"index","follow":"follow","max-snippet":"max-snippet:-1","max-image-preview":"max-image-preview:large","max-video-preview":"max-video-preview:-1"},"canonical":"https:\/\/www.notibras.com\/site\/anistia-internacional-denuncia-forca-bruta-nos-atos-contra-a-copa\/","og_locale":"pt_BR","og_type":"article","og_title":"Anistia Internacional denuncia for\u00e7a nos atos contra a Copa - Notibras","og_description":"As for\u00e7as de seguran\u00e7a est\u00e3o fazendo uso de viol\u00eancia para reprimir manifesta\u00e7\u00f5es pac\u00edficas durante a Copa do Mundo. O alerta \u00e9 da Anistia Internacional, que divulgou um balan\u00e7o da campanha &#8220;Brasil, chega de bola fora!&#8221;, lan\u00e7ada em maio com o objetivo de prevenir amea\u00e7as \u00e0 liberdade de express\u00e3o. A entidade ressalta que parte dos manifestantes [&hellip;]","og_url":"https:\/\/www.notibras.com\/site\/anistia-internacional-denuncia-forca-bruta-nos-atos-contra-a-copa\/","og_site_name":"Notibras","article_publisher":"https:\/\/www.facebook.com\/notibras\/","article_published_time":"2014-07-01T18:02:21+00:00","article_modified_time":"2014-07-02T00:08:22+00:00","og_image":[{"width":800,"height":532,"url":"https:\/\/www.notibras.com\/site\/wp-content\/uploads\/2014\/07\/ataquepm.jpg","type":"image\/jpeg"}],"author":"Reda\u00e7\u00e3o","twitter_card":"summary_large_image","twitter_creator":"@Notibras","twitter_site":"@Notibras","twitter_misc":{"Escrito por":"Reda\u00e7\u00e3o","Est. tempo de leitura":"5 minutos"},"schema":{"@context":"https:\/\/schema.org","@graph":[{"@type":"Article","@id":"https:\/\/www.notibras.com\/site\/anistia-internacional-denuncia-forca-bruta-nos-atos-contra-a-copa\/#article","isPartOf":{"@id":"https:\/\/www.notibras.com\/site\/anistia-internacional-denuncia-forca-bruta-nos-atos-contra-a-copa\/"},"author":{"name":"Reda\u00e7\u00e3o","@id":"https:\/\/www.notibras.com\/site\/#\/schema\/person\/36ab0979449956132d3e5b517ea76ac8"},"headline":"Anistia Internacional denuncia for\u00e7a nos atos contra a Copa","datePublished":"2014-07-01T18:02:21+00:00","dateModified":"2014-07-02T00:08:22+00:00","mainEntityOfPage":{"@id":"https:\/\/www.notibras.com\/site\/anistia-internacional-denuncia-forca-bruta-nos-atos-contra-a-copa\/"},"wordCount":1043,"commentCount":0,"publisher":{"@id":"https:\/\/www.notibras.com\/site\/#organization"},"image":{"@id":"https:\/\/www.notibras.com\/site\/anistia-internacional-denuncia-forca-bruta-nos-atos-contra-a-copa\/#primaryimage"},"thumbnailUrl":"https:\/\/www.notibras.com\/site\/wp-content\/uploads\/2014\/07\/ataquepm.jpg","articleSection":["Brasil"],"inLanguage":"pt-BR","potentialAction":[{"@type":"CommentAction","name":"Comment","target":["https:\/\/www.notibras.com\/site\/anistia-internacional-denuncia-forca-bruta-nos-atos-contra-a-copa\/#respond"]}]},{"@type":"WebPage","@id":"https:\/\/www.notibras.com\/site\/anistia-internacional-denuncia-forca-bruta-nos-atos-contra-a-copa\/","url":"https:\/\/www.notibras.com\/site\/anistia-internacional-denuncia-forca-bruta-nos-atos-contra-a-copa\/","name":"Anistia Internacional denuncia for\u00e7a nos atos contra a Copa - Notibras","isPartOf":{"@id":"https:\/\/www.notibras.com\/site\/#website"},"primaryImageOfPage":{"@id":"https:\/\/www.notibras.com\/site\/anistia-internacional-denuncia-forca-bruta-nos-atos-contra-a-copa\/#primaryimage"},"image":{"@id":"https:\/\/www.notibras.com\/site\/anistia-internacional-denuncia-forca-bruta-nos-atos-contra-a-copa\/#primaryimage"},"thumbnailUrl":"https:\/\/www.notibras.com\/site\/wp-content\/uploads\/2014\/07\/ataquepm.jpg","datePublished":"2014-07-01T18:02:21+00:00","dateModified":"2014-07-02T00:08:22+00:00","breadcrumb":{"@id":"https:\/\/www.notibras.com\/site\/anistia-internacional-denuncia-forca-bruta-nos-atos-contra-a-copa\/#breadcrumb"},"inLanguage":"pt-BR","potentialAction":[{"@type":"ReadAction","target":["https:\/\/www.notibras.com\/site\/anistia-internacional-denuncia-forca-bruta-nos-atos-contra-a-copa\/"]}]},{"@type":"ImageObject","inLanguage":"pt-BR","@id":"https:\/\/www.notibras.com\/site\/anistia-internacional-denuncia-forca-bruta-nos-atos-contra-a-copa\/#primaryimage","url":"https:\/\/www.notibras.com\/site\/wp-content\/uploads\/2014\/07\/ataquepm.jpg","contentUrl":"https:\/\/www.notibras.com\/site\/wp-content\/uploads\/2014\/07\/ataquepm.jpg","width":800,"height":532},{"@type":"BreadcrumbList","@id":"https:\/\/www.notibras.com\/site\/anistia-internacional-denuncia-forca-bruta-nos-atos-contra-a-copa\/#breadcrumb","itemListElement":[{"@type":"ListItem","position":1,"name":"In\u00edcio","item":"https:\/\/www.notibras.com\/site\/"},{"@type":"ListItem","position":2,"name":"Anistia Internacional denuncia for\u00e7a nos atos contra a Copa"}]},{"@type":"WebSite","@id":"https:\/\/www.notibras.com\/site\/#website","url":"https:\/\/www.notibras.com\/site\/","name":"Notibras","description":"Not\u00edcias de Bras\u00edlia, do Brasil e do Mundo","publisher":{"@id":"https:\/\/www.notibras.com\/site\/#organization"},"potentialAction":[{"@type":"SearchAction","target":{"@type":"EntryPoint","urlTemplate":"https:\/\/www.notibras.com\/site\/?s={search_term_string}"},"query-input":{"@type":"PropertyValueSpecification","valueRequired":true,"valueName":"search_term_string"}}],"inLanguage":"pt-BR"},{"@type":"Organization","@id":"https:\/\/www.notibras.com\/site\/#organization","name":"Grupo Notibras de Comunica\u00e7\u00e3o","url":"https:\/\/www.notibras.com\/site\/","logo":{"@type":"ImageObject","inLanguage":"pt-BR","@id":"https:\/\/www.notibras.com\/site\/#\/schema\/logo\/image\/","url":"https:\/\/www.notibras.com\/site\/wp-content\/uploads\/2023\/01\/notibras23.png","contentUrl":"https:\/\/www.notibras.com\/site\/wp-content\/uploads\/2023\/01\/notibras23.png","width":350,"height":87,"caption":"Grupo Notibras de Comunica\u00e7\u00e3o"},"image":{"@id":"https:\/\/www.notibras.com\/site\/#\/schema\/logo\/image\/"},"sameAs":["https:\/\/www.facebook.com\/notibras\/","https:\/\/x.com\/Notibras","https:\/\/www.instagram.com\/notibras\/"]},{"@type":"Person","@id":"https:\/\/www.notibras.com\/site\/#\/schema\/person\/36ab0979449956132d3e5b517ea76ac8","name":"Reda\u00e7\u00e3o","image":{"@type":"ImageObject","inLanguage":"pt-BR","@id":"https:\/\/secure.gravatar.com\/avatar\/e0a867bdedb85fd243eadf09663511f96fc81e0720a4a42581f334ad4303aa6b?s=96&d=mm&r=g","url":"https:\/\/secure.gravatar.com\/avatar\/e0a867bdedb85fd243eadf09663511f96fc81e0720a4a42581f334ad4303aa6b?s=96&d=mm&r=g","contentUrl":"https:\/\/secure.gravatar.com\/avatar\/e0a867bdedb85fd243eadf09663511f96fc81e0720a4a42581f334ad4303aa6b?s=96&d=mm&r=g","caption":"Reda\u00e7\u00e3o"}}]}},"amp_enabled":true,"_links":{"self":[{"href":"https:\/\/www.notibras.com\/site\/wp-json\/wp\/v2\/posts\/15001","targetHints":{"allow":["GET"]}}],"collection":[{"href":"https:\/\/www.notibras.com\/site\/wp-json\/wp\/v2\/posts"}],"about":[{"href":"https:\/\/www.notibras.com\/site\/wp-json\/wp\/v2\/types\/post"}],"author":[{"embeddable":true,"href":"https:\/\/www.notibras.com\/site\/wp-json\/wp\/v2\/users\/2"}],"replies":[{"embeddable":true,"href":"https:\/\/www.notibras.com\/site\/wp-json\/wp\/v2\/comments?post=15001"}],"version-history":[{"count":0,"href":"https:\/\/www.notibras.com\/site\/wp-json\/wp\/v2\/posts\/15001\/revisions"}],"wp:featuredmedia":[{"embeddable":true,"href":"https:\/\/www.notibras.com\/site\/wp-json\/wp\/v2\/media\/15002"}],"wp:attachment":[{"href":"https:\/\/www.notibras.com\/site\/wp-json\/wp\/v2\/media?parent=15001"}],"wp:term":[{"taxonomy":"category","embeddable":true,"href":"https:\/\/www.notibras.com\/site\/wp-json\/wp\/v2\/categories?post=15001"},{"taxonomy":"post_tag","embeddable":true,"href":"https:\/\/www.notibras.com\/site\/wp-json\/wp\/v2\/tags?post=15001"}],"curies":[{"name":"wp","href":"https:\/\/api.w.org\/{rel}","templated":true}]}}