{"id":15038,"date":"2014-07-02T22:13:13","date_gmt":"2014-07-03T01:13:13","guid":{"rendered":"http:\/\/www.notibras.com\/site\/?p=15038"},"modified":"2014-07-02T23:41:37","modified_gmt":"2014-07-03T02:41:37","slug":"jovem-homem-negro-o-triste-quadro-dos-assassniatos-no-brasil","status":"publish","type":"post","link":"https:\/\/www.notibras.com\/site\/jovem-homem-negro-o-triste-quadro-dos-assassniatos-no-brasil\/","title":{"rendered":"Jovem, homem, negro. O triste quadro dos assassinatos no Brasil"},"content":{"rendered":"<p>Em m\u00e9dia, 100 a cada 100 mil jovens com idade entre 19 e 26 anos morreram de forma violenta no Brasil em 2012, mostra o <em>Mapa da Viol\u00eancia 2014<\/em>, que considera morte violenta a resultante de homic\u00eddios, suic\u00eddios ou acidentes de transporte (que incluem avi\u00f5es e barcos, al\u00e9m dos que ocorrem nas vias terrestres de circula\u00e7\u00e3o).<\/p>\n<p>O estudo mostra que, nos anos 1980, a taxa de mortalidade juvenil era 146 mortes por 100 mil jovens, e passou para 149, em 2012. Se a m\u00e9dia geral n\u00e3o mudou significativamente com o passar do tempo e o aumento populacional, a causa, sim. \u00a0Naquela d\u00e9cada, as causas externas, que independem do organismo, eram respons\u00e1veis pela metade do total de mortes dos jovens.<\/p>\n<p>J\u00e1 em 2012, dos 77.805 \u00f3bitos juvenis registrados pelo Sistema de Informa\u00e7\u00f5es de Mortalidade (SIM), do Minist\u00e9rio da Sa\u00fade, 55.291 tiveram sua origem nas causas externas. Mais de 71% do total.\u00a0Os homic\u00eddios e os acidentes de transporte s\u00e3o os dois principais respons\u00e1veis por essas mortes, segundo o relat\u00f3rio.<\/p>\n<p>A diferen\u00e7a tamb\u00e9m \u00e9 diagnosticada quando comparados homens e mulheres. Entre 1980 e 2012, no total das mulheres, as taxas passam de 2,3 para 4,8 homic\u00eddios por 100 mil. Um crescimento de 111%. Entre os homens, a taxa passa de 21,2 para 54,3. Um aumento de 156%.<\/p>\n<p>No caso dos suic\u00eddios, a pesquisa revela mortalidade tr\u00eas a quatro vezes maior no caso dos homens, no Brasil. Entre as d\u00e9cadas citadas, as taxas masculinas cresceram 84,9%. J\u00e1 as femininas, 15,8%.<\/p>\n<p>Uma terceira vari\u00e1vel chama a aten\u00e7\u00e3o na pesquisa: a vitimiza\u00e7\u00e3o dos negros \u00e9 bem maior que a de brancos. Morreram proporcionalmente 146,5% mais negros do que brancos no Brasil, em 2012. Considerando a d\u00e9cada entre 2002 e 2012, a vitimiza\u00e7\u00e3o negra, isso \u00e9, a compara\u00e7\u00e3o da taxa de morte desse segmento com a da popula\u00e7\u00e3o branca, mais que duplicou.<\/p>\n<p>Segundo o respons\u00e1vel pela an\u00e1lise, Julio Jacobo Waiselfisz, coordenador da \u00c1rea de Estudos da Viol\u00eancia da Faculdade Latino-Americana de Ci\u00eancias, o recorte racial ajuda a explicar o fato de n\u00e3o ter se verificado na pesquisa grandes mudan\u00e7as nas taxas globais de homic\u00eddios, embora o n\u00famero registrado a cada ano tenha aumentado. Os brancos t\u00eam morrido menos. Os negros, mais. Entre 2002 e 2012, por exemplo, o n\u00famero de homic\u00eddios de jovens brancos caiu 32,3% e o dos jovens negros aumentou 32,4%.<\/p>\n<p>De acordo com Jacobo, essa seletividade foi constru\u00edda por diversos mecanismos, entre os quais o desenvolvimento de pol\u00edticas p\u00fablicas de enfrentamento \u00e0 viol\u00eancia em \u00e1reas onde havia mais popula\u00e7\u00e3o branca do que negra, bem como o acesso, por parte dos brancos, \u00e0 seguran\u00e7a privada. Assim, os negros s\u00e3o exclu\u00eddos duplamente &#8211; pelo Estado e por causa do poder aquisitivo. \u201cIsso faz com que seja mais dif\u00edcil a morte de um branco do que a de um negro\u201d, destaca o soci\u00f3logo.<\/p>\n<p>Ele alerta que essa situa\u00e7\u00e3o n\u00e3o pode ser encarada com naturalidade pela popula\u00e7\u00e3o brasileira. \u201cN\u00e3o pode haver a culpabiliza\u00e7\u00e3o da v\u00edtima\u201d, diz Jacobo, para quem o preconceito acaba justificando a viol\u00eancia contra setores vulner\u00e1veis. O soci\u00f3logo, que em 2013 recebeu o Pr\u00eamio Nacional de Seguran\u00e7a P\u00fablica e Direitos Humanos da Presid\u00eancia da Rep\u00fablica, defende o estabelecimento de pol\u00edticas de prote\u00e7\u00e3o espec\u00edficas, que respeitem os direitos dos diferentes grupos e busquem garantir a vida da popula\u00e7\u00e3o.<\/p>\n<div class=\"node-info\"><strong>Helena Martins, ABr<\/strong><strong><br \/>\n<\/strong><\/div>\n","protected":false},"excerpt":{"rendered":"<p>Em m\u00e9dia, 100 a cada 100 mil jovens com idade entre 19 e 26 anos morreram de forma violenta no Brasil em 2012, mostra o Mapa da Viol\u00eancia 2014, que considera morte violenta a resultante de homic\u00eddios, suic\u00eddios ou acidentes de transporte (que incluem avi\u00f5es e barcos, al\u00e9m dos que ocorrem nas vias terrestres de [&hellip;]<\/p>\n","protected":false},"author":2,"featured_media":15039,"comment_status":"open","ping_status":"closed","sticky":false,"template":"","format":"standard","meta":{"_acf_changed":false,"footnotes":""},"categories":[16],"tags":[],"class_list":["post-15038","post","type-post","status-publish","format-standard","has-post-thumbnail","hentry","category-brasil"],"acf":[],"yoast_head":"<!-- This site is optimized with the Yoast SEO plugin v27.2 - https:\/\/yoast.com\/product\/yoast-seo-wordpress\/ -->\n<title>Jovem, homem, negro. O triste quadro dos assassinatos no Brasil - Notibras<\/title>\n<meta name=\"robots\" content=\"index, follow, max-snippet:-1, max-image-preview:large, max-video-preview:-1\" \/>\n<link rel=\"canonical\" href=\"https:\/\/www.notibras.com\/site\/jovem-homem-negro-o-triste-quadro-dos-assassniatos-no-brasil\/\" \/>\n<meta property=\"og:locale\" content=\"pt_BR\" \/>\n<meta property=\"og:type\" content=\"article\" \/>\n<meta property=\"og:title\" content=\"Jovem, homem, negro. O triste quadro dos assassinatos no Brasil - Notibras\" \/>\n<meta property=\"og:description\" content=\"Em m\u00e9dia, 100 a cada 100 mil jovens com idade entre 19 e 26 anos morreram de forma violenta no Brasil em 2012, mostra o Mapa da Viol\u00eancia 2014, que considera morte violenta a resultante de homic\u00eddios, suic\u00eddios ou acidentes de transporte (que incluem avi\u00f5es e barcos, al\u00e9m dos que ocorrem nas vias terrestres de [&hellip;]\" \/>\n<meta property=\"og:url\" content=\"https:\/\/www.notibras.com\/site\/jovem-homem-negro-o-triste-quadro-dos-assassniatos-no-brasil\/\" \/>\n<meta property=\"og:site_name\" content=\"Notibras\" \/>\n<meta property=\"article:publisher\" content=\"https:\/\/www.facebook.com\/notibras\/\" \/>\n<meta property=\"article:published_time\" content=\"2014-07-03T01:13:13+00:00\" \/>\n<meta property=\"article:modified_time\" content=\"2014-07-03T02:41:37+00:00\" \/>\n<meta property=\"og:image\" content=\"https:\/\/www.notibras.com\/site\/wp-content\/uploads\/2014\/07\/br.jpg\" \/>\n\t<meta property=\"og:image:width\" content=\"600\" \/>\n\t<meta property=\"og:image:height\" content=\"404\" \/>\n\t<meta property=\"og:image:type\" content=\"image\/jpeg\" \/>\n<meta name=\"author\" content=\"Reda\u00e7\u00e3o\" \/>\n<meta name=\"twitter:card\" content=\"summary_large_image\" \/>\n<meta name=\"twitter:creator\" content=\"@Notibras\" \/>\n<meta name=\"twitter:site\" content=\"@Notibras\" \/>\n<meta name=\"twitter:label1\" content=\"Escrito por\" \/>\n\t<meta name=\"twitter:data1\" content=\"Reda\u00e7\u00e3o\" \/>\n\t<meta name=\"twitter:label2\" content=\"Est. tempo de leitura\" \/>\n\t<meta name=\"twitter:data2\" content=\"3 minutos\" \/>\n<script type=\"application\/ld+json\" class=\"yoast-schema-graph\">{\"@context\":\"https:\/\/schema.org\",\"@graph\":[{\"@type\":\"Article\",\"@id\":\"https:\/\/www.notibras.com\/site\/jovem-homem-negro-o-triste-quadro-dos-assassniatos-no-brasil\/#article\",\"isPartOf\":{\"@id\":\"https:\/\/www.notibras.com\/site\/jovem-homem-negro-o-triste-quadro-dos-assassniatos-no-brasil\/\"},\"author\":{\"name\":\"Reda\u00e7\u00e3o\",\"@id\":\"https:\/\/www.notibras.com\/site\/#\/schema\/person\/36ab0979449956132d3e5b517ea76ac8\"},\"headline\":\"Jovem, homem, negro. O triste quadro dos assassinatos no Brasil\",\"datePublished\":\"2014-07-03T01:13:13+00:00\",\"dateModified\":\"2014-07-03T02:41:37+00:00\",\"mainEntityOfPage\":{\"@id\":\"https:\/\/www.notibras.com\/site\/jovem-homem-negro-o-triste-quadro-dos-assassniatos-no-brasil\/\"},\"wordCount\":585,\"commentCount\":0,\"publisher\":{\"@id\":\"https:\/\/www.notibras.com\/site\/#organization\"},\"image\":{\"@id\":\"https:\/\/www.notibras.com\/site\/jovem-homem-negro-o-triste-quadro-dos-assassniatos-no-brasil\/#primaryimage\"},\"thumbnailUrl\":\"https:\/\/www.notibras.com\/site\/wp-content\/uploads\/2014\/07\/br.jpg\",\"articleSection\":[\"Brasil\"],\"inLanguage\":\"pt-BR\",\"potentialAction\":[{\"@type\":\"CommentAction\",\"name\":\"Comment\",\"target\":[\"https:\/\/www.notibras.com\/site\/jovem-homem-negro-o-triste-quadro-dos-assassniatos-no-brasil\/#respond\"]}]},{\"@type\":\"WebPage\",\"@id\":\"https:\/\/www.notibras.com\/site\/jovem-homem-negro-o-triste-quadro-dos-assassniatos-no-brasil\/\",\"url\":\"https:\/\/www.notibras.com\/site\/jovem-homem-negro-o-triste-quadro-dos-assassniatos-no-brasil\/\",\"name\":\"Jovem, homem, negro. O triste quadro dos assassinatos no Brasil - Notibras\",\"isPartOf\":{\"@id\":\"https:\/\/www.notibras.com\/site\/#website\"},\"primaryImageOfPage\":{\"@id\":\"https:\/\/www.notibras.com\/site\/jovem-homem-negro-o-triste-quadro-dos-assassniatos-no-brasil\/#primaryimage\"},\"image\":{\"@id\":\"https:\/\/www.notibras.com\/site\/jovem-homem-negro-o-triste-quadro-dos-assassniatos-no-brasil\/#primaryimage\"},\"thumbnailUrl\":\"https:\/\/www.notibras.com\/site\/wp-content\/uploads\/2014\/07\/br.jpg\",\"datePublished\":\"2014-07-03T01:13:13+00:00\",\"dateModified\":\"2014-07-03T02:41:37+00:00\",\"breadcrumb\":{\"@id\":\"https:\/\/www.notibras.com\/site\/jovem-homem-negro-o-triste-quadro-dos-assassniatos-no-brasil\/#breadcrumb\"},\"inLanguage\":\"pt-BR\",\"potentialAction\":[{\"@type\":\"ReadAction\",\"target\":[\"https:\/\/www.notibras.com\/site\/jovem-homem-negro-o-triste-quadro-dos-assassniatos-no-brasil\/\"]}]},{\"@type\":\"ImageObject\",\"inLanguage\":\"pt-BR\",\"@id\":\"https:\/\/www.notibras.com\/site\/jovem-homem-negro-o-triste-quadro-dos-assassniatos-no-brasil\/#primaryimage\",\"url\":\"https:\/\/www.notibras.com\/site\/wp-content\/uploads\/2014\/07\/br.jpg\",\"contentUrl\":\"https:\/\/www.notibras.com\/site\/wp-content\/uploads\/2014\/07\/br.jpg\",\"width\":600,\"height\":404},{\"@type\":\"BreadcrumbList\",\"@id\":\"https:\/\/www.notibras.com\/site\/jovem-homem-negro-o-triste-quadro-dos-assassniatos-no-brasil\/#breadcrumb\",\"itemListElement\":[{\"@type\":\"ListItem\",\"position\":1,\"name\":\"In\u00edcio\",\"item\":\"https:\/\/www.notibras.com\/site\/\"},{\"@type\":\"ListItem\",\"position\":2,\"name\":\"Jovem, homem, negro. O triste quadro dos assassinatos no Brasil\"}]},{\"@type\":\"WebSite\",\"@id\":\"https:\/\/www.notibras.com\/site\/#website\",\"url\":\"https:\/\/www.notibras.com\/site\/\",\"name\":\"Notibras\",\"description\":\"Not\u00edcias de Bras\u00edlia, do Brasil e do Mundo\",\"publisher\":{\"@id\":\"https:\/\/www.notibras.com\/site\/#organization\"},\"potentialAction\":[{\"@type\":\"SearchAction\",\"target\":{\"@type\":\"EntryPoint\",\"urlTemplate\":\"https:\/\/www.notibras.com\/site\/?s={search_term_string}\"},\"query-input\":{\"@type\":\"PropertyValueSpecification\",\"valueRequired\":true,\"valueName\":\"search_term_string\"}}],\"inLanguage\":\"pt-BR\"},{\"@type\":\"Organization\",\"@id\":\"https:\/\/www.notibras.com\/site\/#organization\",\"name\":\"Grupo Notibras de Comunica\u00e7\u00e3o\",\"url\":\"https:\/\/www.notibras.com\/site\/\",\"logo\":{\"@type\":\"ImageObject\",\"inLanguage\":\"pt-BR\",\"@id\":\"https:\/\/www.notibras.com\/site\/#\/schema\/logo\/image\/\",\"url\":\"https:\/\/www.notibras.com\/site\/wp-content\/uploads\/2023\/01\/notibras23.png\",\"contentUrl\":\"https:\/\/www.notibras.com\/site\/wp-content\/uploads\/2023\/01\/notibras23.png\",\"width\":350,\"height\":87,\"caption\":\"Grupo Notibras de Comunica\u00e7\u00e3o\"},\"image\":{\"@id\":\"https:\/\/www.notibras.com\/site\/#\/schema\/logo\/image\/\"},\"sameAs\":[\"https:\/\/www.facebook.com\/notibras\/\",\"https:\/\/x.com\/Notibras\",\"https:\/\/www.instagram.com\/notibras\/\"]},{\"@type\":\"Person\",\"@id\":\"https:\/\/www.notibras.com\/site\/#\/schema\/person\/36ab0979449956132d3e5b517ea76ac8\",\"name\":\"Reda\u00e7\u00e3o\",\"image\":{\"@type\":\"ImageObject\",\"inLanguage\":\"pt-BR\",\"@id\":\"https:\/\/secure.gravatar.com\/avatar\/e0a867bdedb85fd243eadf09663511f96fc81e0720a4a42581f334ad4303aa6b?s=96&d=mm&r=g\",\"url\":\"https:\/\/secure.gravatar.com\/avatar\/e0a867bdedb85fd243eadf09663511f96fc81e0720a4a42581f334ad4303aa6b?s=96&d=mm&r=g\",\"contentUrl\":\"https:\/\/secure.gravatar.com\/avatar\/e0a867bdedb85fd243eadf09663511f96fc81e0720a4a42581f334ad4303aa6b?s=96&d=mm&r=g\",\"caption\":\"Reda\u00e7\u00e3o\"}}]}<\/script>\n<!-- \/ Yoast SEO plugin. -->","yoast_head_json":{"title":"Jovem, homem, negro. O triste quadro dos assassinatos no Brasil - Notibras","robots":{"index":"index","follow":"follow","max-snippet":"max-snippet:-1","max-image-preview":"max-image-preview:large","max-video-preview":"max-video-preview:-1"},"canonical":"https:\/\/www.notibras.com\/site\/jovem-homem-negro-o-triste-quadro-dos-assassniatos-no-brasil\/","og_locale":"pt_BR","og_type":"article","og_title":"Jovem, homem, negro. O triste quadro dos assassinatos no Brasil - Notibras","og_description":"Em m\u00e9dia, 100 a cada 100 mil jovens com idade entre 19 e 26 anos morreram de forma violenta no Brasil em 2012, mostra o Mapa da Viol\u00eancia 2014, que considera morte violenta a resultante de homic\u00eddios, suic\u00eddios ou acidentes de transporte (que incluem avi\u00f5es e barcos, al\u00e9m dos que ocorrem nas vias terrestres de [&hellip;]","og_url":"https:\/\/www.notibras.com\/site\/jovem-homem-negro-o-triste-quadro-dos-assassniatos-no-brasil\/","og_site_name":"Notibras","article_publisher":"https:\/\/www.facebook.com\/notibras\/","article_published_time":"2014-07-03T01:13:13+00:00","article_modified_time":"2014-07-03T02:41:37+00:00","og_image":[{"width":600,"height":404,"url":"https:\/\/www.notibras.com\/site\/wp-content\/uploads\/2014\/07\/br.jpg","type":"image\/jpeg"}],"author":"Reda\u00e7\u00e3o","twitter_card":"summary_large_image","twitter_creator":"@Notibras","twitter_site":"@Notibras","twitter_misc":{"Escrito por":"Reda\u00e7\u00e3o","Est. tempo de leitura":"3 minutos"},"schema":{"@context":"https:\/\/schema.org","@graph":[{"@type":"Article","@id":"https:\/\/www.notibras.com\/site\/jovem-homem-negro-o-triste-quadro-dos-assassniatos-no-brasil\/#article","isPartOf":{"@id":"https:\/\/www.notibras.com\/site\/jovem-homem-negro-o-triste-quadro-dos-assassniatos-no-brasil\/"},"author":{"name":"Reda\u00e7\u00e3o","@id":"https:\/\/www.notibras.com\/site\/#\/schema\/person\/36ab0979449956132d3e5b517ea76ac8"},"headline":"Jovem, homem, negro. O triste quadro dos assassinatos no Brasil","datePublished":"2014-07-03T01:13:13+00:00","dateModified":"2014-07-03T02:41:37+00:00","mainEntityOfPage":{"@id":"https:\/\/www.notibras.com\/site\/jovem-homem-negro-o-triste-quadro-dos-assassniatos-no-brasil\/"},"wordCount":585,"commentCount":0,"publisher":{"@id":"https:\/\/www.notibras.com\/site\/#organization"},"image":{"@id":"https:\/\/www.notibras.com\/site\/jovem-homem-negro-o-triste-quadro-dos-assassniatos-no-brasil\/#primaryimage"},"thumbnailUrl":"https:\/\/www.notibras.com\/site\/wp-content\/uploads\/2014\/07\/br.jpg","articleSection":["Brasil"],"inLanguage":"pt-BR","potentialAction":[{"@type":"CommentAction","name":"Comment","target":["https:\/\/www.notibras.com\/site\/jovem-homem-negro-o-triste-quadro-dos-assassniatos-no-brasil\/#respond"]}]},{"@type":"WebPage","@id":"https:\/\/www.notibras.com\/site\/jovem-homem-negro-o-triste-quadro-dos-assassniatos-no-brasil\/","url":"https:\/\/www.notibras.com\/site\/jovem-homem-negro-o-triste-quadro-dos-assassniatos-no-brasil\/","name":"Jovem, homem, negro. O triste quadro dos assassinatos no Brasil - Notibras","isPartOf":{"@id":"https:\/\/www.notibras.com\/site\/#website"},"primaryImageOfPage":{"@id":"https:\/\/www.notibras.com\/site\/jovem-homem-negro-o-triste-quadro-dos-assassniatos-no-brasil\/#primaryimage"},"image":{"@id":"https:\/\/www.notibras.com\/site\/jovem-homem-negro-o-triste-quadro-dos-assassniatos-no-brasil\/#primaryimage"},"thumbnailUrl":"https:\/\/www.notibras.com\/site\/wp-content\/uploads\/2014\/07\/br.jpg","datePublished":"2014-07-03T01:13:13+00:00","dateModified":"2014-07-03T02:41:37+00:00","breadcrumb":{"@id":"https:\/\/www.notibras.com\/site\/jovem-homem-negro-o-triste-quadro-dos-assassniatos-no-brasil\/#breadcrumb"},"inLanguage":"pt-BR","potentialAction":[{"@type":"ReadAction","target":["https:\/\/www.notibras.com\/site\/jovem-homem-negro-o-triste-quadro-dos-assassniatos-no-brasil\/"]}]},{"@type":"ImageObject","inLanguage":"pt-BR","@id":"https:\/\/www.notibras.com\/site\/jovem-homem-negro-o-triste-quadro-dos-assassniatos-no-brasil\/#primaryimage","url":"https:\/\/www.notibras.com\/site\/wp-content\/uploads\/2014\/07\/br.jpg","contentUrl":"https:\/\/www.notibras.com\/site\/wp-content\/uploads\/2014\/07\/br.jpg","width":600,"height":404},{"@type":"BreadcrumbList","@id":"https:\/\/www.notibras.com\/site\/jovem-homem-negro-o-triste-quadro-dos-assassniatos-no-brasil\/#breadcrumb","itemListElement":[{"@type":"ListItem","position":1,"name":"In\u00edcio","item":"https:\/\/www.notibras.com\/site\/"},{"@type":"ListItem","position":2,"name":"Jovem, homem, negro. O triste quadro dos assassinatos no Brasil"}]},{"@type":"WebSite","@id":"https:\/\/www.notibras.com\/site\/#website","url":"https:\/\/www.notibras.com\/site\/","name":"Notibras","description":"Not\u00edcias de Bras\u00edlia, do Brasil e do Mundo","publisher":{"@id":"https:\/\/www.notibras.com\/site\/#organization"},"potentialAction":[{"@type":"SearchAction","target":{"@type":"EntryPoint","urlTemplate":"https:\/\/www.notibras.com\/site\/?s={search_term_string}"},"query-input":{"@type":"PropertyValueSpecification","valueRequired":true,"valueName":"search_term_string"}}],"inLanguage":"pt-BR"},{"@type":"Organization","@id":"https:\/\/www.notibras.com\/site\/#organization","name":"Grupo Notibras de Comunica\u00e7\u00e3o","url":"https:\/\/www.notibras.com\/site\/","logo":{"@type":"ImageObject","inLanguage":"pt-BR","@id":"https:\/\/www.notibras.com\/site\/#\/schema\/logo\/image\/","url":"https:\/\/www.notibras.com\/site\/wp-content\/uploads\/2023\/01\/notibras23.png","contentUrl":"https:\/\/www.notibras.com\/site\/wp-content\/uploads\/2023\/01\/notibras23.png","width":350,"height":87,"caption":"Grupo Notibras de Comunica\u00e7\u00e3o"},"image":{"@id":"https:\/\/www.notibras.com\/site\/#\/schema\/logo\/image\/"},"sameAs":["https:\/\/www.facebook.com\/notibras\/","https:\/\/x.com\/Notibras","https:\/\/www.instagram.com\/notibras\/"]},{"@type":"Person","@id":"https:\/\/www.notibras.com\/site\/#\/schema\/person\/36ab0979449956132d3e5b517ea76ac8","name":"Reda\u00e7\u00e3o","image":{"@type":"ImageObject","inLanguage":"pt-BR","@id":"https:\/\/secure.gravatar.com\/avatar\/e0a867bdedb85fd243eadf09663511f96fc81e0720a4a42581f334ad4303aa6b?s=96&d=mm&r=g","url":"https:\/\/secure.gravatar.com\/avatar\/e0a867bdedb85fd243eadf09663511f96fc81e0720a4a42581f334ad4303aa6b?s=96&d=mm&r=g","contentUrl":"https:\/\/secure.gravatar.com\/avatar\/e0a867bdedb85fd243eadf09663511f96fc81e0720a4a42581f334ad4303aa6b?s=96&d=mm&r=g","caption":"Reda\u00e7\u00e3o"}}]}},"amp_enabled":true,"_links":{"self":[{"href":"https:\/\/www.notibras.com\/site\/wp-json\/wp\/v2\/posts\/15038","targetHints":{"allow":["GET"]}}],"collection":[{"href":"https:\/\/www.notibras.com\/site\/wp-json\/wp\/v2\/posts"}],"about":[{"href":"https:\/\/www.notibras.com\/site\/wp-json\/wp\/v2\/types\/post"}],"author":[{"embeddable":true,"href":"https:\/\/www.notibras.com\/site\/wp-json\/wp\/v2\/users\/2"}],"replies":[{"embeddable":true,"href":"https:\/\/www.notibras.com\/site\/wp-json\/wp\/v2\/comments?post=15038"}],"version-history":[{"count":0,"href":"https:\/\/www.notibras.com\/site\/wp-json\/wp\/v2\/posts\/15038\/revisions"}],"wp:featuredmedia":[{"embeddable":true,"href":"https:\/\/www.notibras.com\/site\/wp-json\/wp\/v2\/media\/15039"}],"wp:attachment":[{"href":"https:\/\/www.notibras.com\/site\/wp-json\/wp\/v2\/media?parent=15038"}],"wp:term":[{"taxonomy":"category","embeddable":true,"href":"https:\/\/www.notibras.com\/site\/wp-json\/wp\/v2\/categories?post=15038"},{"taxonomy":"post_tag","embeddable":true,"href":"https:\/\/www.notibras.com\/site\/wp-json\/wp\/v2\/tags?post=15038"}],"curies":[{"name":"wp","href":"https:\/\/api.w.org\/{rel}","templated":true}]}}