{"id":15048,"date":"2014-07-02T15:44:51","date_gmt":"2014-07-02T18:44:51","guid":{"rendered":"http:\/\/www.notibras.com\/site\/?p=15048"},"modified":"2014-07-02T23:43:09","modified_gmt":"2014-07-03T02:43:09","slug":"brasil-bate-recorde-em-assassinatos-e-e-7o-em-lista-de-100-paises","status":"publish","type":"post","link":"https:\/\/www.notibras.com\/site\/brasil-bate-recorde-em-assassinatos-e-e-7o-em-lista-de-100-paises\/","title":{"rendered":"Brasil bate recorde em assassinatos e tem 7\u00ba lugar em lista de 100 pa\u00edses"},"content":{"rendered":"<p>A cada dia, 154 pessoas morreram, em m\u00e9dia, v\u00edtimas de homic\u00eddio no Brasil, em 2012. Ao todo, foram 56.337 pessoas que perderam a vida assassinadas, 7% a mais do que em 2011. Os dados s\u00e3o do <em>Mapa da Viol\u00eancia 2014<\/em>, que mostra um crescimento de 13,4% de registros desse tipo de morte em compara\u00e7\u00e3o com o n\u00famero obtido em 2002. O percentual \u00e9 um pouco maior que o de crescimento da popula\u00e7\u00e3o total do pa\u00eds: 11,1%.<\/p>\n<p>As principais v\u00edtimas s\u00e3o jovens do sexo masculino e negros. Ao todo, foram v\u00edtimas desse tipo de morte 30.072 jovens, com idade entre 15 e 29 anos. O n\u00famero representa 53,4% do total de homic\u00eddios do pa\u00eds. Tamb\u00e9m, desse total, 91,6% eram homens.<\/p>\n<p>Os dados de 2012, \u00faltimo ano da s\u00e9rie projetada pelo mapa, mostram ainda que, a partir dos 13 anos de idade, o percentual come\u00e7a a crescer. Passa de quatro homic\u00eddios a cada 100 mil habitantes para 75, quando se chega aos 21 anos de idade.<\/p>\n<p>Os homic\u00eddios tamb\u00e9m vitimam majoritariamente negros, isso \u00e9, pretos e pardos. Foram 41.127 negros mortos, em 2012, e 14.928 brancos. Considerando toda a d\u00e9cada (2002 \u2013 2012), houve \u201ccrescente seletividade social\u201d, nos termos do relat\u00f3rio. Enquanto o n\u00famero de assassinatos de brancos diminuiu, passando de 19.846, em 2002, para 14.928, em 2012, as v\u00edtimas negras aumentaram de 29.656 para 41.127, no mesmo per\u00edodo.<\/p>\n<p>Ao todo, ao longo dessa d\u00e9cada, morreram 556 mil pessoas v\u00edtimas de homic\u00eddio, \u201cquantitativo que excede largamente o n\u00famero de mortes da maioria dos conflitos armados registrados no mundo\u201d, destaca o texto. Comparando 100 pa\u00edses que registraram taxa de homic\u00eddios, entre 2008 e 2012, para cada grupo de 100 mil habitantes, o estudo conclui que o Brasil ocupa o s\u00e9timo lugar no<em> ranking<\/em> dos analisados. Fica atr\u00e1s de El Salvador, da Guatemala, de Trinidad e Tobago, da Col\u00f4mbia, Venezuela e de Guadalupe.<\/p>\n<p>O Brasil j\u00e1 ocupou posi\u00e7\u00f5es piores no <em>ranking<\/em>. A situa\u00e7\u00e3o foi amenizada tanto por pol\u00edticas de enfrentamento \u00e0 viol\u00eancia desenvolvidas internamente, que frearam o crescimento exponencial das mortes, quanto pelo fato de pa\u00edses, especialmente da Am\u00e9rica Central, estarem vivendo \u201cuma eclos\u00e3o de viol\u00eancia\u201d. Sobre isso, o relat\u00f3rio destaca que mesmo os pa\u00edses com menores taxas da Am\u00e9rica Latina, quando comparados com os da Europa ou da \u00c1sia, assumem posi\u00e7\u00f5es intermedi\u00e1rias ou mesmo de viol\u00eancia elevada. Nesses continentes, segundo a pesquisa, os \u00edndices n\u00e3o chegam a tr\u00eas homic\u00eddios em 100 mil habitantes.<\/p>\n<p>Entre as pol\u00edticas desenvolvidas internamente, o estudo destaca a Campanha do Desarmamento e o Plano Nacional de Seguran\u00e7a P\u00fablica, em n\u00edvel nacional, e a\u00e7\u00f5es em n\u00edvel estadual, como as executadas em S\u00e3o Paulo e no Rio de Janeiro, que geraram quedas nos \u00edndices de homic\u00eddio em meados dos anos 2000. A magnitude desses lugares pesou na redu\u00e7\u00e3o dos \u00edndices e possibilitou a leve melhora na posi\u00e7\u00e3o do pa\u00eds no <em>ranking<\/em> mundial.<\/p>\n<p>Mesmo assim, a situa\u00e7\u00e3o \u00e9 preocupante, de acordo com o <em>Mapa da Viol\u00eancia<\/em>, que \u00e9 baseado no Sistema de Informa\u00e7\u00f5es de Mortalidade (SIM) e em outros dados do Minist\u00e9rio da Sa\u00fade.<\/p>\n<p>Entre 2002 e 2012, houve crescimento dos homic\u00eddios em 20 das 27 unidades da Federa\u00e7\u00e3o. Sete delas tiveram crescimento explosivo: o Maranh\u00e3o, Cear\u00e1, a Para\u00edba, o Par\u00e1, Amazonas e, especialmente &#8211; registra o estudo -, o Rio Grande do Norte e a Bahia. Nos dois \u00faltimos, as taxas de mortalidade juvenil devido a homic\u00eddios mais que triplicaram.<\/p>\n<p>Nesse \u00faltimo ano, houve aumento das mortes, especialmente entre os jovens. No caso do Rio de Janeiro, por exemplo, ocorreram 56,5 homic\u00eddios por grupo de 100 mil jovens, em 2012.<\/p>\n<p>Na d\u00e9cada, as unidades que diminu\u00edram as taxas foram: Mato Grosso, o Esp\u00edrito Santo, Mato Grosso do Sul, Rond\u00f4nia, Pernambuco e, com mais intensidade, o Rio de Janeiro e S\u00e3o Paulo. Apenas seis estados tiveram queda entre 2012 e 2011. Um deles, Pernambuco, diminuiu 6,8%. Os n\u00fameros, todavia, mostram o desafio: nesse estado, foram 73,8 homic\u00eddios a cada 100 mil jovens.<\/p>\n<div class=\"node-info\"><strong>Helena Martins, ABr<\/strong><strong><br \/>\n<\/strong><\/div>\n","protected":false},"excerpt":{"rendered":"<p>A cada dia, 154 pessoas morreram, em m\u00e9dia, v\u00edtimas de homic\u00eddio no Brasil, em 2012. Ao todo, foram 56.337 pessoas que perderam a vida assassinadas, 7% a mais do que em 2011. Os dados s\u00e3o do Mapa da Viol\u00eancia 2014, que mostra um crescimento de 13,4% de registros desse tipo de morte em compara\u00e7\u00e3o com [&hellip;]<\/p>\n","protected":false},"author":2,"featured_media":15049,"comment_status":"open","ping_status":"closed","sticky":false,"template":"","format":"standard","meta":{"_acf_changed":false,"footnotes":""},"categories":[16],"tags":[],"class_list":["post-15048","post","type-post","status-publish","format-standard","has-post-thumbnail","hentry","category-brasil"],"acf":[],"yoast_head":"<!-- This site is optimized with the Yoast SEO plugin v27.2 - https:\/\/yoast.com\/product\/yoast-seo-wordpress\/ -->\n<title>Brasil bate recorde em assassinatos e tem 7\u00ba lugar em lista de 100 pa\u00edses - Notibras<\/title>\n<meta name=\"robots\" content=\"index, follow, max-snippet:-1, max-image-preview:large, max-video-preview:-1\" \/>\n<link rel=\"canonical\" href=\"https:\/\/www.notibras.com\/site\/brasil-bate-recorde-em-assassinatos-e-e-7o-em-lista-de-100-paises\/\" \/>\n<meta property=\"og:locale\" content=\"pt_BR\" \/>\n<meta property=\"og:type\" content=\"article\" \/>\n<meta property=\"og:title\" content=\"Brasil bate recorde em assassinatos e tem 7\u00ba lugar em lista de 100 pa\u00edses - Notibras\" \/>\n<meta property=\"og:description\" content=\"A cada dia, 154 pessoas morreram, em m\u00e9dia, v\u00edtimas de homic\u00eddio no Brasil, em 2012. Ao todo, foram 56.337 pessoas que perderam a vida assassinadas, 7% a mais do que em 2011. Os dados s\u00e3o do Mapa da Viol\u00eancia 2014, que mostra um crescimento de 13,4% de registros desse tipo de morte em compara\u00e7\u00e3o com [&hellip;]\" \/>\n<meta property=\"og:url\" content=\"https:\/\/www.notibras.com\/site\/brasil-bate-recorde-em-assassinatos-e-e-7o-em-lista-de-100-paises\/\" \/>\n<meta property=\"og:site_name\" content=\"Notibras\" \/>\n<meta property=\"article:publisher\" content=\"https:\/\/www.facebook.com\/notibras\/\" \/>\n<meta property=\"article:published_time\" content=\"2014-07-02T18:44:51+00:00\" \/>\n<meta property=\"article:modified_time\" content=\"2014-07-03T02:43:09+00:00\" \/>\n<meta property=\"og:image\" content=\"https:\/\/www.notibras.com\/site\/wp-content\/uploads\/2014\/07\/br11.jpg\" \/>\n\t<meta property=\"og:image:width\" content=\"630\" \/>\n\t<meta property=\"og:image:height\" content=\"408\" \/>\n\t<meta property=\"og:image:type\" content=\"image\/jpeg\" \/>\n<meta name=\"author\" content=\"Reda\u00e7\u00e3o\" \/>\n<meta name=\"twitter:card\" content=\"summary_large_image\" \/>\n<meta name=\"twitter:creator\" content=\"@Notibras\" \/>\n<meta name=\"twitter:site\" content=\"@Notibras\" \/>\n<meta name=\"twitter:label1\" content=\"Escrito por\" \/>\n\t<meta name=\"twitter:data1\" content=\"Reda\u00e7\u00e3o\" \/>\n\t<meta name=\"twitter:label2\" content=\"Est. tempo de leitura\" \/>\n\t<meta name=\"twitter:data2\" content=\"3 minutos\" \/>\n<script type=\"application\/ld+json\" class=\"yoast-schema-graph\">{\"@context\":\"https:\/\/schema.org\",\"@graph\":[{\"@type\":\"Article\",\"@id\":\"https:\/\/www.notibras.com\/site\/brasil-bate-recorde-em-assassinatos-e-e-7o-em-lista-de-100-paises\/#article\",\"isPartOf\":{\"@id\":\"https:\/\/www.notibras.com\/site\/brasil-bate-recorde-em-assassinatos-e-e-7o-em-lista-de-100-paises\/\"},\"author\":{\"name\":\"Reda\u00e7\u00e3o\",\"@id\":\"https:\/\/www.notibras.com\/site\/#\/schema\/person\/36ab0979449956132d3e5b517ea76ac8\"},\"headline\":\"Brasil bate recorde em assassinatos e tem 7\u00ba lugar em lista de 100 pa\u00edses\",\"datePublished\":\"2014-07-02T18:44:51+00:00\",\"dateModified\":\"2014-07-03T02:43:09+00:00\",\"mainEntityOfPage\":{\"@id\":\"https:\/\/www.notibras.com\/site\/brasil-bate-recorde-em-assassinatos-e-e-7o-em-lista-de-100-paises\/\"},\"wordCount\":692,\"commentCount\":0,\"publisher\":{\"@id\":\"https:\/\/www.notibras.com\/site\/#organization\"},\"image\":{\"@id\":\"https:\/\/www.notibras.com\/site\/brasil-bate-recorde-em-assassinatos-e-e-7o-em-lista-de-100-paises\/#primaryimage\"},\"thumbnailUrl\":\"https:\/\/www.notibras.com\/site\/wp-content\/uploads\/2014\/07\/br11.jpg\",\"articleSection\":[\"Brasil\"],\"inLanguage\":\"pt-BR\",\"potentialAction\":[{\"@type\":\"CommentAction\",\"name\":\"Comment\",\"target\":[\"https:\/\/www.notibras.com\/site\/brasil-bate-recorde-em-assassinatos-e-e-7o-em-lista-de-100-paises\/#respond\"]}]},{\"@type\":\"WebPage\",\"@id\":\"https:\/\/www.notibras.com\/site\/brasil-bate-recorde-em-assassinatos-e-e-7o-em-lista-de-100-paises\/\",\"url\":\"https:\/\/www.notibras.com\/site\/brasil-bate-recorde-em-assassinatos-e-e-7o-em-lista-de-100-paises\/\",\"name\":\"Brasil bate recorde em assassinatos e tem 7\u00ba lugar em lista de 100 pa\u00edses - Notibras\",\"isPartOf\":{\"@id\":\"https:\/\/www.notibras.com\/site\/#website\"},\"primaryImageOfPage\":{\"@id\":\"https:\/\/www.notibras.com\/site\/brasil-bate-recorde-em-assassinatos-e-e-7o-em-lista-de-100-paises\/#primaryimage\"},\"image\":{\"@id\":\"https:\/\/www.notibras.com\/site\/brasil-bate-recorde-em-assassinatos-e-e-7o-em-lista-de-100-paises\/#primaryimage\"},\"thumbnailUrl\":\"https:\/\/www.notibras.com\/site\/wp-content\/uploads\/2014\/07\/br11.jpg\",\"datePublished\":\"2014-07-02T18:44:51+00:00\",\"dateModified\":\"2014-07-03T02:43:09+00:00\",\"breadcrumb\":{\"@id\":\"https:\/\/www.notibras.com\/site\/brasil-bate-recorde-em-assassinatos-e-e-7o-em-lista-de-100-paises\/#breadcrumb\"},\"inLanguage\":\"pt-BR\",\"potentialAction\":[{\"@type\":\"ReadAction\",\"target\":[\"https:\/\/www.notibras.com\/site\/brasil-bate-recorde-em-assassinatos-e-e-7o-em-lista-de-100-paises\/\"]}]},{\"@type\":\"ImageObject\",\"inLanguage\":\"pt-BR\",\"@id\":\"https:\/\/www.notibras.com\/site\/brasil-bate-recorde-em-assassinatos-e-e-7o-em-lista-de-100-paises\/#primaryimage\",\"url\":\"https:\/\/www.notibras.com\/site\/wp-content\/uploads\/2014\/07\/br11.jpg\",\"contentUrl\":\"https:\/\/www.notibras.com\/site\/wp-content\/uploads\/2014\/07\/br11.jpg\",\"width\":630,\"height\":408},{\"@type\":\"BreadcrumbList\",\"@id\":\"https:\/\/www.notibras.com\/site\/brasil-bate-recorde-em-assassinatos-e-e-7o-em-lista-de-100-paises\/#breadcrumb\",\"itemListElement\":[{\"@type\":\"ListItem\",\"position\":1,\"name\":\"In\u00edcio\",\"item\":\"https:\/\/www.notibras.com\/site\/\"},{\"@type\":\"ListItem\",\"position\":2,\"name\":\"Brasil bate recorde em assassinatos e tem 7\u00ba lugar em lista de 100 pa\u00edses\"}]},{\"@type\":\"WebSite\",\"@id\":\"https:\/\/www.notibras.com\/site\/#website\",\"url\":\"https:\/\/www.notibras.com\/site\/\",\"name\":\"Notibras\",\"description\":\"Not\u00edcias de Bras\u00edlia, do Brasil e do Mundo\",\"publisher\":{\"@id\":\"https:\/\/www.notibras.com\/site\/#organization\"},\"potentialAction\":[{\"@type\":\"SearchAction\",\"target\":{\"@type\":\"EntryPoint\",\"urlTemplate\":\"https:\/\/www.notibras.com\/site\/?s={search_term_string}\"},\"query-input\":{\"@type\":\"PropertyValueSpecification\",\"valueRequired\":true,\"valueName\":\"search_term_string\"}}],\"inLanguage\":\"pt-BR\"},{\"@type\":\"Organization\",\"@id\":\"https:\/\/www.notibras.com\/site\/#organization\",\"name\":\"Grupo Notibras de Comunica\u00e7\u00e3o\",\"url\":\"https:\/\/www.notibras.com\/site\/\",\"logo\":{\"@type\":\"ImageObject\",\"inLanguage\":\"pt-BR\",\"@id\":\"https:\/\/www.notibras.com\/site\/#\/schema\/logo\/image\/\",\"url\":\"https:\/\/www.notibras.com\/site\/wp-content\/uploads\/2023\/01\/notibras23.png\",\"contentUrl\":\"https:\/\/www.notibras.com\/site\/wp-content\/uploads\/2023\/01\/notibras23.png\",\"width\":350,\"height\":87,\"caption\":\"Grupo Notibras de Comunica\u00e7\u00e3o\"},\"image\":{\"@id\":\"https:\/\/www.notibras.com\/site\/#\/schema\/logo\/image\/\"},\"sameAs\":[\"https:\/\/www.facebook.com\/notibras\/\",\"https:\/\/x.com\/Notibras\",\"https:\/\/www.instagram.com\/notibras\/\"]},{\"@type\":\"Person\",\"@id\":\"https:\/\/www.notibras.com\/site\/#\/schema\/person\/36ab0979449956132d3e5b517ea76ac8\",\"name\":\"Reda\u00e7\u00e3o\",\"image\":{\"@type\":\"ImageObject\",\"inLanguage\":\"pt-BR\",\"@id\":\"https:\/\/secure.gravatar.com\/avatar\/e0a867bdedb85fd243eadf09663511f96fc81e0720a4a42581f334ad4303aa6b?s=96&d=mm&r=g\",\"url\":\"https:\/\/secure.gravatar.com\/avatar\/e0a867bdedb85fd243eadf09663511f96fc81e0720a4a42581f334ad4303aa6b?s=96&d=mm&r=g\",\"contentUrl\":\"https:\/\/secure.gravatar.com\/avatar\/e0a867bdedb85fd243eadf09663511f96fc81e0720a4a42581f334ad4303aa6b?s=96&d=mm&r=g\",\"caption\":\"Reda\u00e7\u00e3o\"}}]}<\/script>\n<!-- \/ Yoast SEO plugin. -->","yoast_head_json":{"title":"Brasil bate recorde em assassinatos e tem 7\u00ba lugar em lista de 100 pa\u00edses - Notibras","robots":{"index":"index","follow":"follow","max-snippet":"max-snippet:-1","max-image-preview":"max-image-preview:large","max-video-preview":"max-video-preview:-1"},"canonical":"https:\/\/www.notibras.com\/site\/brasil-bate-recorde-em-assassinatos-e-e-7o-em-lista-de-100-paises\/","og_locale":"pt_BR","og_type":"article","og_title":"Brasil bate recorde em assassinatos e tem 7\u00ba lugar em lista de 100 pa\u00edses - Notibras","og_description":"A cada dia, 154 pessoas morreram, em m\u00e9dia, v\u00edtimas de homic\u00eddio no Brasil, em 2012. Ao todo, foram 56.337 pessoas que perderam a vida assassinadas, 7% a mais do que em 2011. Os dados s\u00e3o do Mapa da Viol\u00eancia 2014, que mostra um crescimento de 13,4% de registros desse tipo de morte em compara\u00e7\u00e3o com [&hellip;]","og_url":"https:\/\/www.notibras.com\/site\/brasil-bate-recorde-em-assassinatos-e-e-7o-em-lista-de-100-paises\/","og_site_name":"Notibras","article_publisher":"https:\/\/www.facebook.com\/notibras\/","article_published_time":"2014-07-02T18:44:51+00:00","article_modified_time":"2014-07-03T02:43:09+00:00","og_image":[{"width":630,"height":408,"url":"https:\/\/www.notibras.com\/site\/wp-content\/uploads\/2014\/07\/br11.jpg","type":"image\/jpeg"}],"author":"Reda\u00e7\u00e3o","twitter_card":"summary_large_image","twitter_creator":"@Notibras","twitter_site":"@Notibras","twitter_misc":{"Escrito por":"Reda\u00e7\u00e3o","Est. tempo de leitura":"3 minutos"},"schema":{"@context":"https:\/\/schema.org","@graph":[{"@type":"Article","@id":"https:\/\/www.notibras.com\/site\/brasil-bate-recorde-em-assassinatos-e-e-7o-em-lista-de-100-paises\/#article","isPartOf":{"@id":"https:\/\/www.notibras.com\/site\/brasil-bate-recorde-em-assassinatos-e-e-7o-em-lista-de-100-paises\/"},"author":{"name":"Reda\u00e7\u00e3o","@id":"https:\/\/www.notibras.com\/site\/#\/schema\/person\/36ab0979449956132d3e5b517ea76ac8"},"headline":"Brasil bate recorde em assassinatos e tem 7\u00ba lugar em lista de 100 pa\u00edses","datePublished":"2014-07-02T18:44:51+00:00","dateModified":"2014-07-03T02:43:09+00:00","mainEntityOfPage":{"@id":"https:\/\/www.notibras.com\/site\/brasil-bate-recorde-em-assassinatos-e-e-7o-em-lista-de-100-paises\/"},"wordCount":692,"commentCount":0,"publisher":{"@id":"https:\/\/www.notibras.com\/site\/#organization"},"image":{"@id":"https:\/\/www.notibras.com\/site\/brasil-bate-recorde-em-assassinatos-e-e-7o-em-lista-de-100-paises\/#primaryimage"},"thumbnailUrl":"https:\/\/www.notibras.com\/site\/wp-content\/uploads\/2014\/07\/br11.jpg","articleSection":["Brasil"],"inLanguage":"pt-BR","potentialAction":[{"@type":"CommentAction","name":"Comment","target":["https:\/\/www.notibras.com\/site\/brasil-bate-recorde-em-assassinatos-e-e-7o-em-lista-de-100-paises\/#respond"]}]},{"@type":"WebPage","@id":"https:\/\/www.notibras.com\/site\/brasil-bate-recorde-em-assassinatos-e-e-7o-em-lista-de-100-paises\/","url":"https:\/\/www.notibras.com\/site\/brasil-bate-recorde-em-assassinatos-e-e-7o-em-lista-de-100-paises\/","name":"Brasil bate recorde em assassinatos e tem 7\u00ba lugar em lista de 100 pa\u00edses - Notibras","isPartOf":{"@id":"https:\/\/www.notibras.com\/site\/#website"},"primaryImageOfPage":{"@id":"https:\/\/www.notibras.com\/site\/brasil-bate-recorde-em-assassinatos-e-e-7o-em-lista-de-100-paises\/#primaryimage"},"image":{"@id":"https:\/\/www.notibras.com\/site\/brasil-bate-recorde-em-assassinatos-e-e-7o-em-lista-de-100-paises\/#primaryimage"},"thumbnailUrl":"https:\/\/www.notibras.com\/site\/wp-content\/uploads\/2014\/07\/br11.jpg","datePublished":"2014-07-02T18:44:51+00:00","dateModified":"2014-07-03T02:43:09+00:00","breadcrumb":{"@id":"https:\/\/www.notibras.com\/site\/brasil-bate-recorde-em-assassinatos-e-e-7o-em-lista-de-100-paises\/#breadcrumb"},"inLanguage":"pt-BR","potentialAction":[{"@type":"ReadAction","target":["https:\/\/www.notibras.com\/site\/brasil-bate-recorde-em-assassinatos-e-e-7o-em-lista-de-100-paises\/"]}]},{"@type":"ImageObject","inLanguage":"pt-BR","@id":"https:\/\/www.notibras.com\/site\/brasil-bate-recorde-em-assassinatos-e-e-7o-em-lista-de-100-paises\/#primaryimage","url":"https:\/\/www.notibras.com\/site\/wp-content\/uploads\/2014\/07\/br11.jpg","contentUrl":"https:\/\/www.notibras.com\/site\/wp-content\/uploads\/2014\/07\/br11.jpg","width":630,"height":408},{"@type":"BreadcrumbList","@id":"https:\/\/www.notibras.com\/site\/brasil-bate-recorde-em-assassinatos-e-e-7o-em-lista-de-100-paises\/#breadcrumb","itemListElement":[{"@type":"ListItem","position":1,"name":"In\u00edcio","item":"https:\/\/www.notibras.com\/site\/"},{"@type":"ListItem","position":2,"name":"Brasil bate recorde em assassinatos e tem 7\u00ba lugar em lista de 100 pa\u00edses"}]},{"@type":"WebSite","@id":"https:\/\/www.notibras.com\/site\/#website","url":"https:\/\/www.notibras.com\/site\/","name":"Notibras","description":"Not\u00edcias de Bras\u00edlia, do Brasil e do Mundo","publisher":{"@id":"https:\/\/www.notibras.com\/site\/#organization"},"potentialAction":[{"@type":"SearchAction","target":{"@type":"EntryPoint","urlTemplate":"https:\/\/www.notibras.com\/site\/?s={search_term_string}"},"query-input":{"@type":"PropertyValueSpecification","valueRequired":true,"valueName":"search_term_string"}}],"inLanguage":"pt-BR"},{"@type":"Organization","@id":"https:\/\/www.notibras.com\/site\/#organization","name":"Grupo Notibras de Comunica\u00e7\u00e3o","url":"https:\/\/www.notibras.com\/site\/","logo":{"@type":"ImageObject","inLanguage":"pt-BR","@id":"https:\/\/www.notibras.com\/site\/#\/schema\/logo\/image\/","url":"https:\/\/www.notibras.com\/site\/wp-content\/uploads\/2023\/01\/notibras23.png","contentUrl":"https:\/\/www.notibras.com\/site\/wp-content\/uploads\/2023\/01\/notibras23.png","width":350,"height":87,"caption":"Grupo Notibras de Comunica\u00e7\u00e3o"},"image":{"@id":"https:\/\/www.notibras.com\/site\/#\/schema\/logo\/image\/"},"sameAs":["https:\/\/www.facebook.com\/notibras\/","https:\/\/x.com\/Notibras","https:\/\/www.instagram.com\/notibras\/"]},{"@type":"Person","@id":"https:\/\/www.notibras.com\/site\/#\/schema\/person\/36ab0979449956132d3e5b517ea76ac8","name":"Reda\u00e7\u00e3o","image":{"@type":"ImageObject","inLanguage":"pt-BR","@id":"https:\/\/secure.gravatar.com\/avatar\/e0a867bdedb85fd243eadf09663511f96fc81e0720a4a42581f334ad4303aa6b?s=96&d=mm&r=g","url":"https:\/\/secure.gravatar.com\/avatar\/e0a867bdedb85fd243eadf09663511f96fc81e0720a4a42581f334ad4303aa6b?s=96&d=mm&r=g","contentUrl":"https:\/\/secure.gravatar.com\/avatar\/e0a867bdedb85fd243eadf09663511f96fc81e0720a4a42581f334ad4303aa6b?s=96&d=mm&r=g","caption":"Reda\u00e7\u00e3o"}}]}},"amp_enabled":true,"_links":{"self":[{"href":"https:\/\/www.notibras.com\/site\/wp-json\/wp\/v2\/posts\/15048","targetHints":{"allow":["GET"]}}],"collection":[{"href":"https:\/\/www.notibras.com\/site\/wp-json\/wp\/v2\/posts"}],"about":[{"href":"https:\/\/www.notibras.com\/site\/wp-json\/wp\/v2\/types\/post"}],"author":[{"embeddable":true,"href":"https:\/\/www.notibras.com\/site\/wp-json\/wp\/v2\/users\/2"}],"replies":[{"embeddable":true,"href":"https:\/\/www.notibras.com\/site\/wp-json\/wp\/v2\/comments?post=15048"}],"version-history":[{"count":0,"href":"https:\/\/www.notibras.com\/site\/wp-json\/wp\/v2\/posts\/15048\/revisions"}],"wp:featuredmedia":[{"embeddable":true,"href":"https:\/\/www.notibras.com\/site\/wp-json\/wp\/v2\/media\/15049"}],"wp:attachment":[{"href":"https:\/\/www.notibras.com\/site\/wp-json\/wp\/v2\/media?parent=15048"}],"wp:term":[{"taxonomy":"category","embeddable":true,"href":"https:\/\/www.notibras.com\/site\/wp-json\/wp\/v2\/categories?post=15048"},{"taxonomy":"post_tag","embeddable":true,"href":"https:\/\/www.notibras.com\/site\/wp-json\/wp\/v2\/tags?post=15048"}],"curies":[{"name":"wp","href":"https:\/\/api.w.org\/{rel}","templated":true}]}}