{"id":15113,"date":"2014-07-02T23:28:33","date_gmt":"2014-07-03T02:28:33","guid":{"rendered":"http:\/\/www.notibras.com\/site\/?p=15113"},"modified":"2014-07-02T23:28:33","modified_gmt":"2014-07-03T02:28:33","slug":"passe-livre-faz-ato-contra-investigacao-de-manifestantes","status":"publish","type":"post","link":"https:\/\/www.notibras.com\/site\/passe-livre-faz-ato-contra-investigacao-de-manifestantes\/","title":{"rendered":"Passe Livre faz ato contra investiga\u00e7\u00e3o de manifestantes"},"content":{"rendered":"<p>O Movimento Passe Livre (MPL) fez nesta quarta-feira 2 um ato pedindo o fim do inqu\u00e9rito da Diretoria Estadual de Investiga\u00e7\u00f5es Criminais (Deic) da Pol\u00edcia Civil que investiga atos violentos em manifesta\u00e7\u00f5es.<\/p>\n<p>Segundo o movimento, a investiga\u00e7\u00e3o \u00e9 ilegal porque n\u00e3o apura crimes espec\u00edficos e funciona, na verdade, como uma forma de identificar as pessoas que participam de protestos em S\u00e3o Paulo.<\/p>\n<p>Os manifestantes fizeram um debate na Pra\u00e7a da S\u00e9, no centro, em frente ao\u00a0 Tribunal de Justi\u00e7a de S\u00e3o Paulo.<\/p>\n<blockquote><p>\u201cN\u00f3s estamos denunciando essa pratica e entrando com uma a\u00e7\u00e3o [judicial] para trancar esse inqu\u00e9rito cujo objetivo \u00e9 intimidar e evitar que as pessoas se mobilizem\u201d, ressaltou o integrante do MPL Lucas Monteiro.<\/p><\/blockquote>\n<p>Os militantes entraram hoje com uma a\u00e7\u00e3o no tribunal pedindo o fim da investiga\u00e7\u00e3o que tem entre os alvos 22 membros e parentes de membros do MPL. Apesar de intimados repetidas vezes, os ativistas do Passe Livre t\u00eam se recusado a prestar depoimento.<\/p>\n<p>O secret\u00e1rio estadual de Seguran\u00e7a P\u00fablica, Fernando Grella, disse que poder\u00e1 ser usada a condu\u00e7\u00e3o coercitiva para garantir que os ativistas compare\u00e7am ao Deic.<\/p>\n<p>O ato de hoje foi acompanhado por um grande contingente da Pol\u00edcia Militar, incluindo a Tropa de Choque, a Cavalaria e o grupo conhecido como \u201ctropa do bra\u00e7o\u201d, policiais com treinamento em artes marciais que n\u00e3o usam armas. A opera\u00e7\u00e3o, no entanto, n\u00e3o foi t\u00e3o ostensiva quanto a da noite de ontem (1\u00ba), quando foram feitas seis pris\u00f5es e houve uso de g\u00e1s lacrimog\u00eaneo e spray de pimenta contra os participantes de um debate na Pra\u00e7a Roosevelt, no centro.<\/p>\n<p>\u201cA presen\u00e7a ostensiva da Pol\u00edcia Militar \u00e9 uma tentativa de intimidar os manifestantes. Est\u00e1 em 1 x 1\u00a0 a propor\u00e7\u00e3o de policiais e manifestantes. Mas n\u00f3s n\u00e3o vamos nos intimidar, vamos continuar mobilizados\u201d, destacou Monteiro sobre a presen\u00e7a da tropa no local. \u201cEstamos aqui com diversos movimentos sociais para mostrar que \u00e9 cotidiana a viol\u00eancia que os movimentos e a popula\u00e7\u00e3o sofrem. Perceber que \u00e9 importante a unidade entre os militantes e os n\u00e3o militantes tamb\u00e9m para questionar essa viol\u00eancia que a gente sofre\u201d, acrescentou.<\/p>\n<p>Al\u00e9m do MPL,\u00a0 representantes de movimentos de moradia, o movimento M\u00e3es de Maio e os Advogados Ativistas tamb\u00e9m participaram do ato.<\/p>\n","protected":false},"excerpt":{"rendered":"<p>O Movimento Passe Livre (MPL) fez nesta quarta-feira 2 um ato pedindo o fim do inqu\u00e9rito da Diretoria Estadual de Investiga\u00e7\u00f5es Criminais (Deic) da Pol\u00edcia Civil que investiga atos violentos em manifesta\u00e7\u00f5es. Segundo o movimento, a investiga\u00e7\u00e3o \u00e9 ilegal porque n\u00e3o apura crimes espec\u00edficos e funciona, na verdade, como uma forma de identificar as pessoas [&hellip;]<\/p>\n","protected":false},"author":2,"featured_media":15114,"comment_status":"open","ping_status":"closed","sticky":false,"template":"","format":"standard","meta":{"_acf_changed":false,"footnotes":""},"categories":[24],"tags":[],"class_list":["post-15113","post","type-post","status-publish","format-standard","has-post-thumbnail","hentry","category-sao-paulo"],"acf":[],"_links":{"self":[{"href":"https:\/\/www.notibras.com\/site\/wp-json\/wp\/v2\/posts\/15113","targetHints":{"allow":["GET"]}}],"collection":[{"href":"https:\/\/www.notibras.com\/site\/wp-json\/wp\/v2\/posts"}],"about":[{"href":"https:\/\/www.notibras.com\/site\/wp-json\/wp\/v2\/types\/post"}],"author":[{"embeddable":true,"href":"https:\/\/www.notibras.com\/site\/wp-json\/wp\/v2\/users\/2"}],"replies":[{"embeddable":true,"href":"https:\/\/www.notibras.com\/site\/wp-json\/wp\/v2\/comments?post=15113"}],"version-history":[{"count":0,"href":"https:\/\/www.notibras.com\/site\/wp-json\/wp\/v2\/posts\/15113\/revisions"}],"wp:featuredmedia":[{"embeddable":true,"href":"https:\/\/www.notibras.com\/site\/wp-json\/wp\/v2\/media\/15114"}],"wp:attachment":[{"href":"https:\/\/www.notibras.com\/site\/wp-json\/wp\/v2\/media?parent=15113"}],"wp:term":[{"taxonomy":"category","embeddable":true,"href":"https:\/\/www.notibras.com\/site\/wp-json\/wp\/v2\/categories?post=15113"},{"taxonomy":"post_tag","embeddable":true,"href":"https:\/\/www.notibras.com\/site\/wp-json\/wp\/v2\/tags?post=15113"}],"curies":[{"name":"wp","href":"https:\/\/api.w.org\/{rel}","templated":true}]}}