{"id":15148,"date":"2014-07-03T14:13:01","date_gmt":"2014-07-03T17:13:01","guid":{"rendered":"http:\/\/www.notibras.com\/site\/?p=15148"},"modified":"2014-07-04T05:44:32","modified_gmt":"2014-07-04T08:44:32","slug":"industria-registra-terceira-queda-seguida-nas-horas-trabalhadas","status":"publish","type":"post","link":"https:\/\/www.notibras.com\/site\/industria-registra-terceira-queda-seguida-nas-horas-trabalhadas\/","title":{"rendered":"Ind\u00fastria acumula terceira queda nas horas trabalhadas"},"content":{"rendered":"<p>A Confedera\u00e7\u00e3o Nacional da Ind\u00fastria (CNI) anunciou a terceira queda consecutiva nas horas trabalhadas do setor em maio. Os n\u00fameros, segundo a CNI, indicam retra\u00e7\u00e3o da atividade industrial. As informa\u00e7\u00f5es est\u00e3o na pesquisa Indicadores Industriais e mostram que s\u00f3 o faturamento aumentou no mesmo per\u00edodo.<\/p>\n<p>Pelos n\u00fameros, as horas trabalhadas na produ\u00e7\u00e3o ca\u00edram 0,4%, o emprego recuou 0,3% e a massa real de sal\u00e1rios na ind\u00fastria diminuiu 0,9% em maio, na compara\u00e7\u00e3o com abril na s\u00e9rie livre de influ\u00eancias sazonais. O n\u00edvel de utiliza\u00e7\u00e3o da capacidade instalada tamb\u00e9m diminuiu, o que confirma a retra\u00e7\u00e3o da atividade na ind\u00fastria, registrando 80,7%. Foram 2 pontos percentuais abaixo do registrado em maio do ano passado e 0,2 ponto percentual inferior ao de abril.<\/p>\n<blockquote><p>O faturamento aumentou 0,3% em maio ante a abril, na s\u00e9rie com ajuste sazonal, mas registra queda de 1,9% na compara\u00e7\u00e3o com maio do ano passado, o que refor\u00e7a a tend\u00eancia de queda da atividade, segundo a CNI. \u201cNa tend\u00eancia da m\u00e9dia de 2014, comparada com 2013, o resultado \u00e9 bastante pequeno, tamb\u00e9m de 0,3%. Mas n\u00e3o podemos esquecer que isso ocorreu porque fevereiro foi bastante baixo&#8221;, disse F\u00e1bio Guerra, economista da entidade.<\/p><\/blockquote>\n<p>A utiliza\u00e7\u00e3o da capacidade instalada teve as maiores quedas nas ind\u00fastrias de impress\u00e3o e reprodu\u00e7\u00e3o, ve\u00edculos automotores, alimentos e produtos de metal. Ainda na compara\u00e7\u00e3o com maio do ano passado, as horas trabalhadas na produ\u00e7\u00e3o e o rendimento m\u00e9dio real dos trabalhadores recuaram em 12 setores.<\/p>\n<p>O emprego, informou a CNI, aumentou em 13 setores e o faturamento real cresceu em dez. Na ind\u00fastria de m\u00e1quinas e equipamentos, todos os indicadores analisados pela CNI ca\u00edram em rela\u00e7\u00e3o a maio do ano passado. O faturamento recuou 5% e as horas trabalhadas na produ\u00e7\u00e3o diminu\u00edram 2,4%. De acordo com a pesquisa, o quadro mais negativo foi registrado no setor de ve\u00edculos automotores, em que o faturamento caiu 15,3%, as horas trabalhadas recuaram 15,9% e a massa real de sal\u00e1rios diminuiu 12,9%.<\/p>\n","protected":false},"excerpt":{"rendered":"<p>A Confedera\u00e7\u00e3o Nacional da Ind\u00fastria (CNI) anunciou a terceira queda consecutiva nas horas trabalhadas do setor em maio. Os n\u00fameros, segundo a CNI, indicam retra\u00e7\u00e3o da atividade industrial. As informa\u00e7\u00f5es est\u00e3o na pesquisa Indicadores Industriais e mostram que s\u00f3 o faturamento aumentou no mesmo per\u00edodo. Pelos n\u00fameros, as horas trabalhadas na produ\u00e7\u00e3o ca\u00edram 0,4%, o [&hellip;]<\/p>\n","protected":false},"author":2,"featured_media":15149,"comment_status":"open","ping_status":"closed","sticky":false,"template":"","format":"standard","meta":{"_acf_changed":false,"footnotes":""},"categories":[16],"tags":[],"class_list":["post-15148","post","type-post","status-publish","format-standard","has-post-thumbnail","hentry","category-brasil"],"acf":[],"yoast_head":"<!-- This site is optimized with the Yoast SEO plugin v27.2 - https:\/\/yoast.com\/product\/yoast-seo-wordpress\/ -->\n<title>Ind\u00fastria acumula terceira queda nas horas trabalhadas - Notibras<\/title>\n<meta name=\"robots\" content=\"index, follow, max-snippet:-1, max-image-preview:large, max-video-preview:-1\" \/>\n<link rel=\"canonical\" href=\"https:\/\/www.notibras.com\/site\/industria-registra-terceira-queda-seguida-nas-horas-trabalhadas\/\" \/>\n<meta property=\"og:locale\" content=\"pt_BR\" \/>\n<meta property=\"og:type\" content=\"article\" \/>\n<meta property=\"og:title\" content=\"Ind\u00fastria acumula terceira queda nas horas trabalhadas - Notibras\" \/>\n<meta property=\"og:description\" content=\"A Confedera\u00e7\u00e3o Nacional da Ind\u00fastria (CNI) anunciou a terceira queda consecutiva nas horas trabalhadas do setor em maio. Os n\u00fameros, segundo a CNI, indicam retra\u00e7\u00e3o da atividade industrial. As informa\u00e7\u00f5es est\u00e3o na pesquisa Indicadores Industriais e mostram que s\u00f3 o faturamento aumentou no mesmo per\u00edodo. Pelos n\u00fameros, as horas trabalhadas na produ\u00e7\u00e3o ca\u00edram 0,4%, o [&hellip;]\" \/>\n<meta property=\"og:url\" content=\"https:\/\/www.notibras.com\/site\/industria-registra-terceira-queda-seguida-nas-horas-trabalhadas\/\" \/>\n<meta property=\"og:site_name\" content=\"Notibras\" \/>\n<meta property=\"article:publisher\" content=\"https:\/\/www.facebook.com\/notibras\/\" \/>\n<meta property=\"article:published_time\" content=\"2014-07-03T17:13:01+00:00\" \/>\n<meta property=\"article:modified_time\" content=\"2014-07-04T08:44:32+00:00\" \/>\n<meta property=\"og:image\" content=\"https:\/\/www.notibras.com\/site\/wp-content\/uploads\/2014\/07\/01886477600.jpg\" \/>\n\t<meta property=\"og:image:width\" content=\"650\" \/>\n\t<meta property=\"og:image:height\" content=\"450\" \/>\n\t<meta property=\"og:image:type\" content=\"image\/jpeg\" \/>\n<meta name=\"author\" content=\"Reda\u00e7\u00e3o\" \/>\n<meta name=\"twitter:card\" content=\"summary_large_image\" \/>\n<meta name=\"twitter:creator\" content=\"@Notibras\" \/>\n<meta name=\"twitter:site\" content=\"@Notibras\" \/>\n<meta name=\"twitter:label1\" content=\"Escrito por\" \/>\n\t<meta name=\"twitter:data1\" content=\"Reda\u00e7\u00e3o\" \/>\n\t<meta name=\"twitter:label2\" content=\"Est. tempo de leitura\" \/>\n\t<meta name=\"twitter:data2\" content=\"2 minutos\" \/>\n<script type=\"application\/ld+json\" class=\"yoast-schema-graph\">{\"@context\":\"https:\/\/schema.org\",\"@graph\":[{\"@type\":\"Article\",\"@id\":\"https:\/\/www.notibras.com\/site\/industria-registra-terceira-queda-seguida-nas-horas-trabalhadas\/#article\",\"isPartOf\":{\"@id\":\"https:\/\/www.notibras.com\/site\/industria-registra-terceira-queda-seguida-nas-horas-trabalhadas\/\"},\"author\":{\"name\":\"Reda\u00e7\u00e3o\",\"@id\":\"https:\/\/www.notibras.com\/site\/#\/schema\/person\/36ab0979449956132d3e5b517ea76ac8\"},\"headline\":\"Ind\u00fastria acumula terceira queda nas horas trabalhadas\",\"datePublished\":\"2014-07-03T17:13:01+00:00\",\"dateModified\":\"2014-07-04T08:44:32+00:00\",\"mainEntityOfPage\":{\"@id\":\"https:\/\/www.notibras.com\/site\/industria-registra-terceira-queda-seguida-nas-horas-trabalhadas\/\"},\"wordCount\":356,\"commentCount\":0,\"publisher\":{\"@id\":\"https:\/\/www.notibras.com\/site\/#organization\"},\"image\":{\"@id\":\"https:\/\/www.notibras.com\/site\/industria-registra-terceira-queda-seguida-nas-horas-trabalhadas\/#primaryimage\"},\"thumbnailUrl\":\"https:\/\/www.notibras.com\/site\/wp-content\/uploads\/2014\/07\/01886477600.jpg\",\"articleSection\":[\"Brasil\"],\"inLanguage\":\"pt-BR\",\"potentialAction\":[{\"@type\":\"CommentAction\",\"name\":\"Comment\",\"target\":[\"https:\/\/www.notibras.com\/site\/industria-registra-terceira-queda-seguida-nas-horas-trabalhadas\/#respond\"]}]},{\"@type\":\"WebPage\",\"@id\":\"https:\/\/www.notibras.com\/site\/industria-registra-terceira-queda-seguida-nas-horas-trabalhadas\/\",\"url\":\"https:\/\/www.notibras.com\/site\/industria-registra-terceira-queda-seguida-nas-horas-trabalhadas\/\",\"name\":\"Ind\u00fastria acumula terceira queda nas horas trabalhadas - Notibras\",\"isPartOf\":{\"@id\":\"https:\/\/www.notibras.com\/site\/#website\"},\"primaryImageOfPage\":{\"@id\":\"https:\/\/www.notibras.com\/site\/industria-registra-terceira-queda-seguida-nas-horas-trabalhadas\/#primaryimage\"},\"image\":{\"@id\":\"https:\/\/www.notibras.com\/site\/industria-registra-terceira-queda-seguida-nas-horas-trabalhadas\/#primaryimage\"},\"thumbnailUrl\":\"https:\/\/www.notibras.com\/site\/wp-content\/uploads\/2014\/07\/01886477600.jpg\",\"datePublished\":\"2014-07-03T17:13:01+00:00\",\"dateModified\":\"2014-07-04T08:44:32+00:00\",\"breadcrumb\":{\"@id\":\"https:\/\/www.notibras.com\/site\/industria-registra-terceira-queda-seguida-nas-horas-trabalhadas\/#breadcrumb\"},\"inLanguage\":\"pt-BR\",\"potentialAction\":[{\"@type\":\"ReadAction\",\"target\":[\"https:\/\/www.notibras.com\/site\/industria-registra-terceira-queda-seguida-nas-horas-trabalhadas\/\"]}]},{\"@type\":\"ImageObject\",\"inLanguage\":\"pt-BR\",\"@id\":\"https:\/\/www.notibras.com\/site\/industria-registra-terceira-queda-seguida-nas-horas-trabalhadas\/#primaryimage\",\"url\":\"https:\/\/www.notibras.com\/site\/wp-content\/uploads\/2014\/07\/01886477600.jpg\",\"contentUrl\":\"https:\/\/www.notibras.com\/site\/wp-content\/uploads\/2014\/07\/01886477600.jpg\",\"width\":650,\"height\":450},{\"@type\":\"BreadcrumbList\",\"@id\":\"https:\/\/www.notibras.com\/site\/industria-registra-terceira-queda-seguida-nas-horas-trabalhadas\/#breadcrumb\",\"itemListElement\":[{\"@type\":\"ListItem\",\"position\":1,\"name\":\"In\u00edcio\",\"item\":\"https:\/\/www.notibras.com\/site\/\"},{\"@type\":\"ListItem\",\"position\":2,\"name\":\"Ind\u00fastria acumula terceira queda nas horas trabalhadas\"}]},{\"@type\":\"WebSite\",\"@id\":\"https:\/\/www.notibras.com\/site\/#website\",\"url\":\"https:\/\/www.notibras.com\/site\/\",\"name\":\"Notibras\",\"description\":\"Not\u00edcias de Bras\u00edlia, do Brasil e do Mundo\",\"publisher\":{\"@id\":\"https:\/\/www.notibras.com\/site\/#organization\"},\"potentialAction\":[{\"@type\":\"SearchAction\",\"target\":{\"@type\":\"EntryPoint\",\"urlTemplate\":\"https:\/\/www.notibras.com\/site\/?s={search_term_string}\"},\"query-input\":{\"@type\":\"PropertyValueSpecification\",\"valueRequired\":true,\"valueName\":\"search_term_string\"}}],\"inLanguage\":\"pt-BR\"},{\"@type\":\"Organization\",\"@id\":\"https:\/\/www.notibras.com\/site\/#organization\",\"name\":\"Grupo Notibras de Comunica\u00e7\u00e3o\",\"url\":\"https:\/\/www.notibras.com\/site\/\",\"logo\":{\"@type\":\"ImageObject\",\"inLanguage\":\"pt-BR\",\"@id\":\"https:\/\/www.notibras.com\/site\/#\/schema\/logo\/image\/\",\"url\":\"https:\/\/www.notibras.com\/site\/wp-content\/uploads\/2023\/01\/notibras23.png\",\"contentUrl\":\"https:\/\/www.notibras.com\/site\/wp-content\/uploads\/2023\/01\/notibras23.png\",\"width\":350,\"height\":87,\"caption\":\"Grupo Notibras de Comunica\u00e7\u00e3o\"},\"image\":{\"@id\":\"https:\/\/www.notibras.com\/site\/#\/schema\/logo\/image\/\"},\"sameAs\":[\"https:\/\/www.facebook.com\/notibras\/\",\"https:\/\/x.com\/Notibras\",\"https:\/\/www.instagram.com\/notibras\/\"]},{\"@type\":\"Person\",\"@id\":\"https:\/\/www.notibras.com\/site\/#\/schema\/person\/36ab0979449956132d3e5b517ea76ac8\",\"name\":\"Reda\u00e7\u00e3o\",\"image\":{\"@type\":\"ImageObject\",\"inLanguage\":\"pt-BR\",\"@id\":\"https:\/\/secure.gravatar.com\/avatar\/e0a867bdedb85fd243eadf09663511f96fc81e0720a4a42581f334ad4303aa6b?s=96&d=mm&r=g\",\"url\":\"https:\/\/secure.gravatar.com\/avatar\/e0a867bdedb85fd243eadf09663511f96fc81e0720a4a42581f334ad4303aa6b?s=96&d=mm&r=g\",\"contentUrl\":\"https:\/\/secure.gravatar.com\/avatar\/e0a867bdedb85fd243eadf09663511f96fc81e0720a4a42581f334ad4303aa6b?s=96&d=mm&r=g\",\"caption\":\"Reda\u00e7\u00e3o\"}}]}<\/script>\n<!-- \/ Yoast SEO plugin. -->","yoast_head_json":{"title":"Ind\u00fastria acumula terceira queda nas horas trabalhadas - Notibras","robots":{"index":"index","follow":"follow","max-snippet":"max-snippet:-1","max-image-preview":"max-image-preview:large","max-video-preview":"max-video-preview:-1"},"canonical":"https:\/\/www.notibras.com\/site\/industria-registra-terceira-queda-seguida-nas-horas-trabalhadas\/","og_locale":"pt_BR","og_type":"article","og_title":"Ind\u00fastria acumula terceira queda nas horas trabalhadas - Notibras","og_description":"A Confedera\u00e7\u00e3o Nacional da Ind\u00fastria (CNI) anunciou a terceira queda consecutiva nas horas trabalhadas do setor em maio. Os n\u00fameros, segundo a CNI, indicam retra\u00e7\u00e3o da atividade industrial. As informa\u00e7\u00f5es est\u00e3o na pesquisa Indicadores Industriais e mostram que s\u00f3 o faturamento aumentou no mesmo per\u00edodo. Pelos n\u00fameros, as horas trabalhadas na produ\u00e7\u00e3o ca\u00edram 0,4%, o [&hellip;]","og_url":"https:\/\/www.notibras.com\/site\/industria-registra-terceira-queda-seguida-nas-horas-trabalhadas\/","og_site_name":"Notibras","article_publisher":"https:\/\/www.facebook.com\/notibras\/","article_published_time":"2014-07-03T17:13:01+00:00","article_modified_time":"2014-07-04T08:44:32+00:00","og_image":[{"width":650,"height":450,"url":"https:\/\/www.notibras.com\/site\/wp-content\/uploads\/2014\/07\/01886477600.jpg","type":"image\/jpeg"}],"author":"Reda\u00e7\u00e3o","twitter_card":"summary_large_image","twitter_creator":"@Notibras","twitter_site":"@Notibras","twitter_misc":{"Escrito por":"Reda\u00e7\u00e3o","Est. tempo de leitura":"2 minutos"},"schema":{"@context":"https:\/\/schema.org","@graph":[{"@type":"Article","@id":"https:\/\/www.notibras.com\/site\/industria-registra-terceira-queda-seguida-nas-horas-trabalhadas\/#article","isPartOf":{"@id":"https:\/\/www.notibras.com\/site\/industria-registra-terceira-queda-seguida-nas-horas-trabalhadas\/"},"author":{"name":"Reda\u00e7\u00e3o","@id":"https:\/\/www.notibras.com\/site\/#\/schema\/person\/36ab0979449956132d3e5b517ea76ac8"},"headline":"Ind\u00fastria acumula terceira queda nas horas trabalhadas","datePublished":"2014-07-03T17:13:01+00:00","dateModified":"2014-07-04T08:44:32+00:00","mainEntityOfPage":{"@id":"https:\/\/www.notibras.com\/site\/industria-registra-terceira-queda-seguida-nas-horas-trabalhadas\/"},"wordCount":356,"commentCount":0,"publisher":{"@id":"https:\/\/www.notibras.com\/site\/#organization"},"image":{"@id":"https:\/\/www.notibras.com\/site\/industria-registra-terceira-queda-seguida-nas-horas-trabalhadas\/#primaryimage"},"thumbnailUrl":"https:\/\/www.notibras.com\/site\/wp-content\/uploads\/2014\/07\/01886477600.jpg","articleSection":["Brasil"],"inLanguage":"pt-BR","potentialAction":[{"@type":"CommentAction","name":"Comment","target":["https:\/\/www.notibras.com\/site\/industria-registra-terceira-queda-seguida-nas-horas-trabalhadas\/#respond"]}]},{"@type":"WebPage","@id":"https:\/\/www.notibras.com\/site\/industria-registra-terceira-queda-seguida-nas-horas-trabalhadas\/","url":"https:\/\/www.notibras.com\/site\/industria-registra-terceira-queda-seguida-nas-horas-trabalhadas\/","name":"Ind\u00fastria acumula terceira queda nas horas trabalhadas - Notibras","isPartOf":{"@id":"https:\/\/www.notibras.com\/site\/#website"},"primaryImageOfPage":{"@id":"https:\/\/www.notibras.com\/site\/industria-registra-terceira-queda-seguida-nas-horas-trabalhadas\/#primaryimage"},"image":{"@id":"https:\/\/www.notibras.com\/site\/industria-registra-terceira-queda-seguida-nas-horas-trabalhadas\/#primaryimage"},"thumbnailUrl":"https:\/\/www.notibras.com\/site\/wp-content\/uploads\/2014\/07\/01886477600.jpg","datePublished":"2014-07-03T17:13:01+00:00","dateModified":"2014-07-04T08:44:32+00:00","breadcrumb":{"@id":"https:\/\/www.notibras.com\/site\/industria-registra-terceira-queda-seguida-nas-horas-trabalhadas\/#breadcrumb"},"inLanguage":"pt-BR","potentialAction":[{"@type":"ReadAction","target":["https:\/\/www.notibras.com\/site\/industria-registra-terceira-queda-seguida-nas-horas-trabalhadas\/"]}]},{"@type":"ImageObject","inLanguage":"pt-BR","@id":"https:\/\/www.notibras.com\/site\/industria-registra-terceira-queda-seguida-nas-horas-trabalhadas\/#primaryimage","url":"https:\/\/www.notibras.com\/site\/wp-content\/uploads\/2014\/07\/01886477600.jpg","contentUrl":"https:\/\/www.notibras.com\/site\/wp-content\/uploads\/2014\/07\/01886477600.jpg","width":650,"height":450},{"@type":"BreadcrumbList","@id":"https:\/\/www.notibras.com\/site\/industria-registra-terceira-queda-seguida-nas-horas-trabalhadas\/#breadcrumb","itemListElement":[{"@type":"ListItem","position":1,"name":"In\u00edcio","item":"https:\/\/www.notibras.com\/site\/"},{"@type":"ListItem","position":2,"name":"Ind\u00fastria acumula terceira queda nas horas trabalhadas"}]},{"@type":"WebSite","@id":"https:\/\/www.notibras.com\/site\/#website","url":"https:\/\/www.notibras.com\/site\/","name":"Notibras","description":"Not\u00edcias de Bras\u00edlia, do Brasil e do Mundo","publisher":{"@id":"https:\/\/www.notibras.com\/site\/#organization"},"potentialAction":[{"@type":"SearchAction","target":{"@type":"EntryPoint","urlTemplate":"https:\/\/www.notibras.com\/site\/?s={search_term_string}"},"query-input":{"@type":"PropertyValueSpecification","valueRequired":true,"valueName":"search_term_string"}}],"inLanguage":"pt-BR"},{"@type":"Organization","@id":"https:\/\/www.notibras.com\/site\/#organization","name":"Grupo Notibras de Comunica\u00e7\u00e3o","url":"https:\/\/www.notibras.com\/site\/","logo":{"@type":"ImageObject","inLanguage":"pt-BR","@id":"https:\/\/www.notibras.com\/site\/#\/schema\/logo\/image\/","url":"https:\/\/www.notibras.com\/site\/wp-content\/uploads\/2023\/01\/notibras23.png","contentUrl":"https:\/\/www.notibras.com\/site\/wp-content\/uploads\/2023\/01\/notibras23.png","width":350,"height":87,"caption":"Grupo Notibras de Comunica\u00e7\u00e3o"},"image":{"@id":"https:\/\/www.notibras.com\/site\/#\/schema\/logo\/image\/"},"sameAs":["https:\/\/www.facebook.com\/notibras\/","https:\/\/x.com\/Notibras","https:\/\/www.instagram.com\/notibras\/"]},{"@type":"Person","@id":"https:\/\/www.notibras.com\/site\/#\/schema\/person\/36ab0979449956132d3e5b517ea76ac8","name":"Reda\u00e7\u00e3o","image":{"@type":"ImageObject","inLanguage":"pt-BR","@id":"https:\/\/secure.gravatar.com\/avatar\/e0a867bdedb85fd243eadf09663511f96fc81e0720a4a42581f334ad4303aa6b?s=96&d=mm&r=g","url":"https:\/\/secure.gravatar.com\/avatar\/e0a867bdedb85fd243eadf09663511f96fc81e0720a4a42581f334ad4303aa6b?s=96&d=mm&r=g","contentUrl":"https:\/\/secure.gravatar.com\/avatar\/e0a867bdedb85fd243eadf09663511f96fc81e0720a4a42581f334ad4303aa6b?s=96&d=mm&r=g","caption":"Reda\u00e7\u00e3o"}}]}},"amp_enabled":true,"_links":{"self":[{"href":"https:\/\/www.notibras.com\/site\/wp-json\/wp\/v2\/posts\/15148","targetHints":{"allow":["GET"]}}],"collection":[{"href":"https:\/\/www.notibras.com\/site\/wp-json\/wp\/v2\/posts"}],"about":[{"href":"https:\/\/www.notibras.com\/site\/wp-json\/wp\/v2\/types\/post"}],"author":[{"embeddable":true,"href":"https:\/\/www.notibras.com\/site\/wp-json\/wp\/v2\/users\/2"}],"replies":[{"embeddable":true,"href":"https:\/\/www.notibras.com\/site\/wp-json\/wp\/v2\/comments?post=15148"}],"version-history":[{"count":0,"href":"https:\/\/www.notibras.com\/site\/wp-json\/wp\/v2\/posts\/15148\/revisions"}],"wp:featuredmedia":[{"embeddable":true,"href":"https:\/\/www.notibras.com\/site\/wp-json\/wp\/v2\/media\/15149"}],"wp:attachment":[{"href":"https:\/\/www.notibras.com\/site\/wp-json\/wp\/v2\/media?parent=15148"}],"wp:term":[{"taxonomy":"category","embeddable":true,"href":"https:\/\/www.notibras.com\/site\/wp-json\/wp\/v2\/categories?post=15148"},{"taxonomy":"post_tag","embeddable":true,"href":"https:\/\/www.notibras.com\/site\/wp-json\/wp\/v2\/tags?post=15148"}],"curies":[{"name":"wp","href":"https:\/\/api.w.org\/{rel}","templated":true}]}}