{"id":15151,"date":"2014-07-03T11:13:35","date_gmt":"2014-07-03T14:13:35","guid":{"rendered":"http:\/\/www.notibras.com\/site\/?p=15151"},"modified":"2014-07-03T14:17:08","modified_gmt":"2014-07-03T17:17:08","slug":"atividade-no-comercio-registra-queda-de-32-em-junho","status":"publish","type":"post","link":"https:\/\/www.notibras.com\/site\/atividade-no-comercio-registra-queda-de-32-em-junho\/","title":{"rendered":"Atividade no com\u00e9rcio registra uma baixa de 3,2% em junho"},"content":{"rendered":"<p>A redu\u00e7\u00e3o do expediente do com\u00e9rcio durante a Copa do Mundo e a decreta\u00e7\u00e3o de feriados em algumas cidades diminuiu o movimento de consumidores em lojas de todo o pa\u00eds, aponta pesquisa da empresa de\u00a0 consultoria Serasa Experian. Houve queda de 3,2% na atividade do com\u00e9rcio em junho na compara\u00e7\u00e3o com o m\u00eas anterior. Em rela\u00e7\u00e3o a junho do ano passado, no entanto, o indicador do movimento no varejo revela 0,7%\u00a0 de aumento.<\/p>\n<p>Al\u00e9m do impacto do Mundial, os economistas da Serasa destacam outros fatores, como \u201ca eleva\u00e7\u00e3o das taxas de juros; a menor gera\u00e7\u00e3o de empregos no mercado de trabalho; o baixo \u00edndice de confian\u00e7a dos consumidores e as incertezas com rela\u00e7\u00e3o \u00e0 economia\u201d. De janeiro a junho, o indicador acumula alta de 3,6% na compara\u00e7\u00e3o com igual per\u00edodo de 2013.<\/p>\n<blockquote><p>Apenas o segmento de tecidos, vestu\u00e1rio, cal\u00e7ados e acess\u00f3rios manteve-se est\u00e1vel em rela\u00e7\u00e3o a junho. Os demais setores registraram queda na movimenta\u00e7\u00e3o, com destaque para os setores de material de constru\u00e7\u00e3o (-13,1%) e combust\u00edveis e lubrificantes (-12,3%). Tamb\u00e9m registraram queda os setores de ve\u00edculos, motos e pe\u00e7as (-6,4%); supermercados, hipermercados, alimentos e bebidas (-4,2%) e m\u00f3veis, eletroeletr\u00f4nicos e inform\u00e1tica (-3,0%).<\/p><\/blockquote>\n<p><strong>Camila Maciel, ABr<\/strong><\/p>\n","protected":false},"excerpt":{"rendered":"<p>A redu\u00e7\u00e3o do expediente do com\u00e9rcio durante a Copa do Mundo e a decreta\u00e7\u00e3o de feriados em algumas cidades diminuiu o movimento de consumidores em lojas de todo o pa\u00eds, aponta pesquisa da empresa de\u00a0 consultoria Serasa Experian. Houve queda de 3,2% na atividade do com\u00e9rcio em junho na compara\u00e7\u00e3o com o m\u00eas anterior. Em [&hellip;]<\/p>\n","protected":false},"author":2,"featured_media":15152,"comment_status":"open","ping_status":"closed","sticky":false,"template":"","format":"standard","meta":{"_acf_changed":false,"footnotes":""},"categories":[16],"tags":[],"class_list":["post-15151","post","type-post","status-publish","format-standard","has-post-thumbnail","hentry","category-brasil"],"acf":[],"yoast_head":"<!-- This site is optimized with the Yoast SEO plugin v27.2 - https:\/\/yoast.com\/product\/yoast-seo-wordpress\/ -->\n<title>Atividade no com\u00e9rcio registra uma baixa de 3,2% em junho - Notibras<\/title>\n<meta name=\"robots\" content=\"index, follow, max-snippet:-1, max-image-preview:large, max-video-preview:-1\" \/>\n<link rel=\"canonical\" href=\"https:\/\/www.notibras.com\/site\/atividade-no-comercio-registra-queda-de-32-em-junho\/\" \/>\n<meta property=\"og:locale\" content=\"pt_BR\" \/>\n<meta property=\"og:type\" content=\"article\" \/>\n<meta property=\"og:title\" content=\"Atividade no com\u00e9rcio registra uma baixa de 3,2% em junho - Notibras\" \/>\n<meta property=\"og:description\" content=\"A redu\u00e7\u00e3o do expediente do com\u00e9rcio durante a Copa do Mundo e a decreta\u00e7\u00e3o de feriados em algumas cidades diminuiu o movimento de consumidores em lojas de todo o pa\u00eds, aponta pesquisa da empresa de\u00a0 consultoria Serasa Experian. Houve queda de 3,2% na atividade do com\u00e9rcio em junho na compara\u00e7\u00e3o com o m\u00eas anterior. Em [&hellip;]\" \/>\n<meta property=\"og:url\" content=\"https:\/\/www.notibras.com\/site\/atividade-no-comercio-registra-queda-de-32-em-junho\/\" \/>\n<meta property=\"og:site_name\" content=\"Notibras\" \/>\n<meta property=\"article:publisher\" content=\"https:\/\/www.facebook.com\/notibras\/\" \/>\n<meta property=\"article:published_time\" content=\"2014-07-03T14:13:35+00:00\" \/>\n<meta property=\"article:modified_time\" content=\"2014-07-03T17:17:08+00:00\" \/>\n<meta property=\"og:image\" content=\"https:\/\/www.notibras.com\/site\/wp-content\/uploads\/2014\/07\/images.jpg\" \/>\n\t<meta property=\"og:image:width\" content=\"259\" \/>\n\t<meta property=\"og:image:height\" content=\"194\" \/>\n\t<meta property=\"og:image:type\" content=\"image\/jpeg\" \/>\n<meta name=\"author\" content=\"Reda\u00e7\u00e3o\" \/>\n<meta name=\"twitter:card\" content=\"summary_large_image\" \/>\n<meta name=\"twitter:creator\" content=\"@Notibras\" \/>\n<meta name=\"twitter:site\" content=\"@Notibras\" \/>\n<meta name=\"twitter:label1\" content=\"Escrito por\" \/>\n\t<meta name=\"twitter:data1\" content=\"Reda\u00e7\u00e3o\" \/>\n\t<meta name=\"twitter:label2\" content=\"Est. tempo de leitura\" \/>\n\t<meta name=\"twitter:data2\" content=\"1 minuto\" \/>\n<script type=\"application\/ld+json\" class=\"yoast-schema-graph\">{\"@context\":\"https:\/\/schema.org\",\"@graph\":[{\"@type\":\"Article\",\"@id\":\"https:\/\/www.notibras.com\/site\/atividade-no-comercio-registra-queda-de-32-em-junho\/#article\",\"isPartOf\":{\"@id\":\"https:\/\/www.notibras.com\/site\/atividade-no-comercio-registra-queda-de-32-em-junho\/\"},\"author\":{\"name\":\"Reda\u00e7\u00e3o\",\"@id\":\"https:\/\/www.notibras.com\/site\/#\/schema\/person\/36ab0979449956132d3e5b517ea76ac8\"},\"headline\":\"Atividade no com\u00e9rcio registra uma baixa de 3,2% em junho\",\"datePublished\":\"2014-07-03T14:13:35+00:00\",\"dateModified\":\"2014-07-03T17:17:08+00:00\",\"mainEntityOfPage\":{\"@id\":\"https:\/\/www.notibras.com\/site\/atividade-no-comercio-registra-queda-de-32-em-junho\/\"},\"wordCount\":229,\"commentCount\":0,\"publisher\":{\"@id\":\"https:\/\/www.notibras.com\/site\/#organization\"},\"image\":{\"@id\":\"https:\/\/www.notibras.com\/site\/atividade-no-comercio-registra-queda-de-32-em-junho\/#primaryimage\"},\"thumbnailUrl\":\"https:\/\/www.notibras.com\/site\/wp-content\/uploads\/2014\/07\/images.jpg\",\"articleSection\":[\"Brasil\"],\"inLanguage\":\"pt-BR\",\"potentialAction\":[{\"@type\":\"CommentAction\",\"name\":\"Comment\",\"target\":[\"https:\/\/www.notibras.com\/site\/atividade-no-comercio-registra-queda-de-32-em-junho\/#respond\"]}]},{\"@type\":\"WebPage\",\"@id\":\"https:\/\/www.notibras.com\/site\/atividade-no-comercio-registra-queda-de-32-em-junho\/\",\"url\":\"https:\/\/www.notibras.com\/site\/atividade-no-comercio-registra-queda-de-32-em-junho\/\",\"name\":\"Atividade no com\u00e9rcio registra uma baixa de 3,2% em junho - Notibras\",\"isPartOf\":{\"@id\":\"https:\/\/www.notibras.com\/site\/#website\"},\"primaryImageOfPage\":{\"@id\":\"https:\/\/www.notibras.com\/site\/atividade-no-comercio-registra-queda-de-32-em-junho\/#primaryimage\"},\"image\":{\"@id\":\"https:\/\/www.notibras.com\/site\/atividade-no-comercio-registra-queda-de-32-em-junho\/#primaryimage\"},\"thumbnailUrl\":\"https:\/\/www.notibras.com\/site\/wp-content\/uploads\/2014\/07\/images.jpg\",\"datePublished\":\"2014-07-03T14:13:35+00:00\",\"dateModified\":\"2014-07-03T17:17:08+00:00\",\"breadcrumb\":{\"@id\":\"https:\/\/www.notibras.com\/site\/atividade-no-comercio-registra-queda-de-32-em-junho\/#breadcrumb\"},\"inLanguage\":\"pt-BR\",\"potentialAction\":[{\"@type\":\"ReadAction\",\"target\":[\"https:\/\/www.notibras.com\/site\/atividade-no-comercio-registra-queda-de-32-em-junho\/\"]}]},{\"@type\":\"ImageObject\",\"inLanguage\":\"pt-BR\",\"@id\":\"https:\/\/www.notibras.com\/site\/atividade-no-comercio-registra-queda-de-32-em-junho\/#primaryimage\",\"url\":\"https:\/\/www.notibras.com\/site\/wp-content\/uploads\/2014\/07\/images.jpg\",\"contentUrl\":\"https:\/\/www.notibras.com\/site\/wp-content\/uploads\/2014\/07\/images.jpg\",\"width\":259,\"height\":194},{\"@type\":\"BreadcrumbList\",\"@id\":\"https:\/\/www.notibras.com\/site\/atividade-no-comercio-registra-queda-de-32-em-junho\/#breadcrumb\",\"itemListElement\":[{\"@type\":\"ListItem\",\"position\":1,\"name\":\"In\u00edcio\",\"item\":\"https:\/\/www.notibras.com\/site\/\"},{\"@type\":\"ListItem\",\"position\":2,\"name\":\"Atividade no com\u00e9rcio registra uma baixa de 3,2% em junho\"}]},{\"@type\":\"WebSite\",\"@id\":\"https:\/\/www.notibras.com\/site\/#website\",\"url\":\"https:\/\/www.notibras.com\/site\/\",\"name\":\"Notibras\",\"description\":\"Not\u00edcias de Bras\u00edlia, do Brasil e do Mundo\",\"publisher\":{\"@id\":\"https:\/\/www.notibras.com\/site\/#organization\"},\"potentialAction\":[{\"@type\":\"SearchAction\",\"target\":{\"@type\":\"EntryPoint\",\"urlTemplate\":\"https:\/\/www.notibras.com\/site\/?s={search_term_string}\"},\"query-input\":{\"@type\":\"PropertyValueSpecification\",\"valueRequired\":true,\"valueName\":\"search_term_string\"}}],\"inLanguage\":\"pt-BR\"},{\"@type\":\"Organization\",\"@id\":\"https:\/\/www.notibras.com\/site\/#organization\",\"name\":\"Grupo Notibras de Comunica\u00e7\u00e3o\",\"url\":\"https:\/\/www.notibras.com\/site\/\",\"logo\":{\"@type\":\"ImageObject\",\"inLanguage\":\"pt-BR\",\"@id\":\"https:\/\/www.notibras.com\/site\/#\/schema\/logo\/image\/\",\"url\":\"https:\/\/www.notibras.com\/site\/wp-content\/uploads\/2023\/01\/notibras23.png\",\"contentUrl\":\"https:\/\/www.notibras.com\/site\/wp-content\/uploads\/2023\/01\/notibras23.png\",\"width\":350,\"height\":87,\"caption\":\"Grupo Notibras de Comunica\u00e7\u00e3o\"},\"image\":{\"@id\":\"https:\/\/www.notibras.com\/site\/#\/schema\/logo\/image\/\"},\"sameAs\":[\"https:\/\/www.facebook.com\/notibras\/\",\"https:\/\/x.com\/Notibras\",\"https:\/\/www.instagram.com\/notibras\/\"]},{\"@type\":\"Person\",\"@id\":\"https:\/\/www.notibras.com\/site\/#\/schema\/person\/36ab0979449956132d3e5b517ea76ac8\",\"name\":\"Reda\u00e7\u00e3o\",\"image\":{\"@type\":\"ImageObject\",\"inLanguage\":\"pt-BR\",\"@id\":\"https:\/\/secure.gravatar.com\/avatar\/e0a867bdedb85fd243eadf09663511f96fc81e0720a4a42581f334ad4303aa6b?s=96&d=mm&r=g\",\"url\":\"https:\/\/secure.gravatar.com\/avatar\/e0a867bdedb85fd243eadf09663511f96fc81e0720a4a42581f334ad4303aa6b?s=96&d=mm&r=g\",\"contentUrl\":\"https:\/\/secure.gravatar.com\/avatar\/e0a867bdedb85fd243eadf09663511f96fc81e0720a4a42581f334ad4303aa6b?s=96&d=mm&r=g\",\"caption\":\"Reda\u00e7\u00e3o\"}}]}<\/script>\n<!-- \/ Yoast SEO plugin. -->","yoast_head_json":{"title":"Atividade no com\u00e9rcio registra uma baixa de 3,2% em junho - Notibras","robots":{"index":"index","follow":"follow","max-snippet":"max-snippet:-1","max-image-preview":"max-image-preview:large","max-video-preview":"max-video-preview:-1"},"canonical":"https:\/\/www.notibras.com\/site\/atividade-no-comercio-registra-queda-de-32-em-junho\/","og_locale":"pt_BR","og_type":"article","og_title":"Atividade no com\u00e9rcio registra uma baixa de 3,2% em junho - Notibras","og_description":"A redu\u00e7\u00e3o do expediente do com\u00e9rcio durante a Copa do Mundo e a decreta\u00e7\u00e3o de feriados em algumas cidades diminuiu o movimento de consumidores em lojas de todo o pa\u00eds, aponta pesquisa da empresa de\u00a0 consultoria Serasa Experian. Houve queda de 3,2% na atividade do com\u00e9rcio em junho na compara\u00e7\u00e3o com o m\u00eas anterior. Em [&hellip;]","og_url":"https:\/\/www.notibras.com\/site\/atividade-no-comercio-registra-queda-de-32-em-junho\/","og_site_name":"Notibras","article_publisher":"https:\/\/www.facebook.com\/notibras\/","article_published_time":"2014-07-03T14:13:35+00:00","article_modified_time":"2014-07-03T17:17:08+00:00","og_image":[{"width":259,"height":194,"url":"https:\/\/www.notibras.com\/site\/wp-content\/uploads\/2014\/07\/images.jpg","type":"image\/jpeg"}],"author":"Reda\u00e7\u00e3o","twitter_card":"summary_large_image","twitter_creator":"@Notibras","twitter_site":"@Notibras","twitter_misc":{"Escrito por":"Reda\u00e7\u00e3o","Est. tempo de leitura":"1 minuto"},"schema":{"@context":"https:\/\/schema.org","@graph":[{"@type":"Article","@id":"https:\/\/www.notibras.com\/site\/atividade-no-comercio-registra-queda-de-32-em-junho\/#article","isPartOf":{"@id":"https:\/\/www.notibras.com\/site\/atividade-no-comercio-registra-queda-de-32-em-junho\/"},"author":{"name":"Reda\u00e7\u00e3o","@id":"https:\/\/www.notibras.com\/site\/#\/schema\/person\/36ab0979449956132d3e5b517ea76ac8"},"headline":"Atividade no com\u00e9rcio registra uma baixa de 3,2% em junho","datePublished":"2014-07-03T14:13:35+00:00","dateModified":"2014-07-03T17:17:08+00:00","mainEntityOfPage":{"@id":"https:\/\/www.notibras.com\/site\/atividade-no-comercio-registra-queda-de-32-em-junho\/"},"wordCount":229,"commentCount":0,"publisher":{"@id":"https:\/\/www.notibras.com\/site\/#organization"},"image":{"@id":"https:\/\/www.notibras.com\/site\/atividade-no-comercio-registra-queda-de-32-em-junho\/#primaryimage"},"thumbnailUrl":"https:\/\/www.notibras.com\/site\/wp-content\/uploads\/2014\/07\/images.jpg","articleSection":["Brasil"],"inLanguage":"pt-BR","potentialAction":[{"@type":"CommentAction","name":"Comment","target":["https:\/\/www.notibras.com\/site\/atividade-no-comercio-registra-queda-de-32-em-junho\/#respond"]}]},{"@type":"WebPage","@id":"https:\/\/www.notibras.com\/site\/atividade-no-comercio-registra-queda-de-32-em-junho\/","url":"https:\/\/www.notibras.com\/site\/atividade-no-comercio-registra-queda-de-32-em-junho\/","name":"Atividade no com\u00e9rcio registra uma baixa de 3,2% em junho - Notibras","isPartOf":{"@id":"https:\/\/www.notibras.com\/site\/#website"},"primaryImageOfPage":{"@id":"https:\/\/www.notibras.com\/site\/atividade-no-comercio-registra-queda-de-32-em-junho\/#primaryimage"},"image":{"@id":"https:\/\/www.notibras.com\/site\/atividade-no-comercio-registra-queda-de-32-em-junho\/#primaryimage"},"thumbnailUrl":"https:\/\/www.notibras.com\/site\/wp-content\/uploads\/2014\/07\/images.jpg","datePublished":"2014-07-03T14:13:35+00:00","dateModified":"2014-07-03T17:17:08+00:00","breadcrumb":{"@id":"https:\/\/www.notibras.com\/site\/atividade-no-comercio-registra-queda-de-32-em-junho\/#breadcrumb"},"inLanguage":"pt-BR","potentialAction":[{"@type":"ReadAction","target":["https:\/\/www.notibras.com\/site\/atividade-no-comercio-registra-queda-de-32-em-junho\/"]}]},{"@type":"ImageObject","inLanguage":"pt-BR","@id":"https:\/\/www.notibras.com\/site\/atividade-no-comercio-registra-queda-de-32-em-junho\/#primaryimage","url":"https:\/\/www.notibras.com\/site\/wp-content\/uploads\/2014\/07\/images.jpg","contentUrl":"https:\/\/www.notibras.com\/site\/wp-content\/uploads\/2014\/07\/images.jpg","width":259,"height":194},{"@type":"BreadcrumbList","@id":"https:\/\/www.notibras.com\/site\/atividade-no-comercio-registra-queda-de-32-em-junho\/#breadcrumb","itemListElement":[{"@type":"ListItem","position":1,"name":"In\u00edcio","item":"https:\/\/www.notibras.com\/site\/"},{"@type":"ListItem","position":2,"name":"Atividade no com\u00e9rcio registra uma baixa de 3,2% em junho"}]},{"@type":"WebSite","@id":"https:\/\/www.notibras.com\/site\/#website","url":"https:\/\/www.notibras.com\/site\/","name":"Notibras","description":"Not\u00edcias de Bras\u00edlia, do Brasil e do Mundo","publisher":{"@id":"https:\/\/www.notibras.com\/site\/#organization"},"potentialAction":[{"@type":"SearchAction","target":{"@type":"EntryPoint","urlTemplate":"https:\/\/www.notibras.com\/site\/?s={search_term_string}"},"query-input":{"@type":"PropertyValueSpecification","valueRequired":true,"valueName":"search_term_string"}}],"inLanguage":"pt-BR"},{"@type":"Organization","@id":"https:\/\/www.notibras.com\/site\/#organization","name":"Grupo Notibras de Comunica\u00e7\u00e3o","url":"https:\/\/www.notibras.com\/site\/","logo":{"@type":"ImageObject","inLanguage":"pt-BR","@id":"https:\/\/www.notibras.com\/site\/#\/schema\/logo\/image\/","url":"https:\/\/www.notibras.com\/site\/wp-content\/uploads\/2023\/01\/notibras23.png","contentUrl":"https:\/\/www.notibras.com\/site\/wp-content\/uploads\/2023\/01\/notibras23.png","width":350,"height":87,"caption":"Grupo Notibras de Comunica\u00e7\u00e3o"},"image":{"@id":"https:\/\/www.notibras.com\/site\/#\/schema\/logo\/image\/"},"sameAs":["https:\/\/www.facebook.com\/notibras\/","https:\/\/x.com\/Notibras","https:\/\/www.instagram.com\/notibras\/"]},{"@type":"Person","@id":"https:\/\/www.notibras.com\/site\/#\/schema\/person\/36ab0979449956132d3e5b517ea76ac8","name":"Reda\u00e7\u00e3o","image":{"@type":"ImageObject","inLanguage":"pt-BR","@id":"https:\/\/secure.gravatar.com\/avatar\/e0a867bdedb85fd243eadf09663511f96fc81e0720a4a42581f334ad4303aa6b?s=96&d=mm&r=g","url":"https:\/\/secure.gravatar.com\/avatar\/e0a867bdedb85fd243eadf09663511f96fc81e0720a4a42581f334ad4303aa6b?s=96&d=mm&r=g","contentUrl":"https:\/\/secure.gravatar.com\/avatar\/e0a867bdedb85fd243eadf09663511f96fc81e0720a4a42581f334ad4303aa6b?s=96&d=mm&r=g","caption":"Reda\u00e7\u00e3o"}}]}},"amp_enabled":true,"_links":{"self":[{"href":"https:\/\/www.notibras.com\/site\/wp-json\/wp\/v2\/posts\/15151","targetHints":{"allow":["GET"]}}],"collection":[{"href":"https:\/\/www.notibras.com\/site\/wp-json\/wp\/v2\/posts"}],"about":[{"href":"https:\/\/www.notibras.com\/site\/wp-json\/wp\/v2\/types\/post"}],"author":[{"embeddable":true,"href":"https:\/\/www.notibras.com\/site\/wp-json\/wp\/v2\/users\/2"}],"replies":[{"embeddable":true,"href":"https:\/\/www.notibras.com\/site\/wp-json\/wp\/v2\/comments?post=15151"}],"version-history":[{"count":0,"href":"https:\/\/www.notibras.com\/site\/wp-json\/wp\/v2\/posts\/15151\/revisions"}],"wp:featuredmedia":[{"embeddable":true,"href":"https:\/\/www.notibras.com\/site\/wp-json\/wp\/v2\/media\/15152"}],"wp:attachment":[{"href":"https:\/\/www.notibras.com\/site\/wp-json\/wp\/v2\/media?parent=15151"}],"wp:term":[{"taxonomy":"category","embeddable":true,"href":"https:\/\/www.notibras.com\/site\/wp-json\/wp\/v2\/categories?post=15151"},{"taxonomy":"post_tag","embeddable":true,"href":"https:\/\/www.notibras.com\/site\/wp-json\/wp\/v2\/tags?post=15151"}],"curies":[{"name":"wp","href":"https:\/\/api.w.org\/{rel}","templated":true}]}}