{"id":15156,"date":"2014-07-03T11:17:20","date_gmt":"2014-07-03T14:17:20","guid":{"rendered":"http:\/\/www.notibras.com\/site\/?p=15156"},"modified":"2014-07-03T14:23:23","modified_gmt":"2014-07-03T17:23:23","slug":"balanca-comercial-comemora-aniversario-acumulando-deficit","status":"publish","type":"post","link":"https:\/\/www.notibras.com\/site\/balanca-comercial-comemora-aniversario-acumulando-deficit\/","title":{"rendered":"Balan\u00e7a comemora 20 anos do Plano Real acumulando d\u00e9ficit"},"content":{"rendered":"<p>Produtos importados dividindo cada vez mais espa\u00e7o com as mercadorias nacionais nas prateleiras. Realidade nos primeiros anos ap\u00f3s a cria\u00e7\u00e3o do real, os resultados negativos na balan\u00e7a comercial (diferen\u00e7a entre exporta\u00e7\u00f5es e importa\u00e7\u00f5es) voltaram a se repetir nos \u00faltimos anos. Segundo analistas de com\u00e9rcio exterior, as circunst\u00e2ncias desta vez s\u00e3o diferentes. Na d\u00e9cada de 90, as importa\u00e7\u00f5es eram estimuladas pelo c\u00e2mbio fixo para conter a infla\u00e7\u00e3o. Hoje, com o c\u00e2mbio livre, os d\u00e9ficits est\u00e3o relacionados ao custo Brasil e \u00e0 perda de competitividade da ind\u00fastria nacional.<\/p>\n<p>Alguns anos antes de o real entrar em vigor, a balan\u00e7a comercial sustentava super\u00e1vits expressivos. Medidas e est\u00edmulos governamentais ajudavam a manter os saldos positivos para equilibrar o balan\u00e7o de pagamentos ap\u00f3s o Brasil decretar a morat\u00f3ria da d\u00edvida externa. A abertura do mercado \u00e0s importa\u00e7\u00f5es, no in\u00edcio dos anos 90, e a circula\u00e7\u00e3o da nova moeda, no entanto, impactaram o saldo comercial. De super\u00e1vit de US$ 10,47 bilh\u00f5es em 1994, a balan\u00e7a passou para d\u00e9ficit de US$ 3,47 bilh\u00f5es em 1995.<\/p>\n<p>O presidente da Associa\u00e7\u00e3o de Com\u00e9rcio Exterior do Brasil (AEB), Jos\u00e9 Augusto de Castro, destaca que o aumento do consumo ap\u00f3s o Plano Real tamb\u00e9m afetou a balan\u00e7a ao refor\u00e7ar as importa\u00e7\u00f5es. \u201cCom o Plano Real, a demanda interna cresceu assustadoramente. O Brasil n\u00e3o tinha condi\u00e7\u00f5es de atender. [Seria preciso] forte aumento da capacidade de produ\u00e7\u00e3o. Enquanto n\u00e3o tinha, a alternativa era importar. Foi de 1994 a 1999, um per\u00edodo curto em termos de com\u00e9rcio\u201d, diz.<\/p>\n<p>\u201c[A pol\u00edtica] levava ao d\u00e9ficit, mas era entendido que n\u00e3o era um grande problema. O pa\u00eds estava mais est\u00e1vel, com pol\u00edticas fiscais melhores\u201d, lembra a economista Lia Valls Pereira, pesquisadora do Instituto Brasileiro de Rela\u00e7\u00f5es Econ\u00f4micas (Ibre), da Funda\u00e7\u00e3o Getulio Vargas (FGV). De acordo com ela, a maior abertura \u00e0s importa\u00e7\u00f5es tamb\u00e9m ajudava a for\u00e7ar uma queda de pre\u00e7os no mercado interno, controlando a infla\u00e7\u00e3o.<\/p>\n<blockquote><p>Com as crises da \u00c1sia e da R\u00fassia, em 1997 e 1998, o cen\u00e1rio internacional mudou. A queda no pre\u00e7o das <em>commodities<\/em> \u2013 bens prim\u00e1rios com cota\u00e7\u00e3o internacional \u2013 e a dificuldade de captar d\u00f3lares dificultaram a manuten\u00e7\u00e3o do real valorizado. O governo abandonou o sistema de banda cambial e passou ao de c\u00e2mbio flutuante, em janeiro de 1999. A desvaloriza\u00e7\u00e3o favoreceu as exporta\u00e7\u00f5es.<\/p><\/blockquote>\n<p>\u201cEm dezembro de 1998, todos reclamavam que [o real] estava muito valorizado. Era dif\u00edcil exportar manufaturados. As <em>commodities<\/em> n\u00e3o tinham espa\u00e7o [na \u00e9poca]. Ao mesmo tempo, come\u00e7avam a aparecer as crises internacionais. As cota\u00e7\u00f5es n\u00e3o subiam, a demanda internacional estava contida, e o Brasil n\u00e3o conseguia expandir as exporta\u00e7\u00f5es para reverter o d\u00e9ficit\u201d, recorda o presidente da AEB.<\/p>\n<p>A partir de 2001, a balan\u00e7a comercial reverteu os resultados negativos, tanto por causa do c\u00e2mbio favor\u00e1vel como pela explos\u00e3o nos pre\u00e7os das <em>commodities<\/em>, que atingiram n\u00edveis in\u00e9ditos. A configura\u00e7\u00e3o internacional tinha uma novidade: a ascens\u00e3o da China como grande mercado consumidor e exportador mundial. A balan\u00e7a acumulou saldos positivos na casa dos dois d\u00edgitos, com o \u00e1pice em 2006, quando o super\u00e1vit chegou a US$ 46,4 bilh\u00f5es.<\/p>\n<p>Para Castro, a fase exportadora de <em>commodities<\/em> trouxe pontos positivos. \u201cHouve interioriza\u00e7\u00e3o do crescimento, mais sal\u00e1rio, mais distribui\u00e7\u00e3o de lucros\u201d, enumera. Ele critica, no entanto, a falta de reformas necess\u00e1rias para diminuir o custo da produ\u00e7\u00e3o e aumentar a competitividade dos produtos manufaturados em meio \u00e0 queda no pre\u00e7o das <em>commodities<\/em>. Tal cen\u00e1rio, avalia, acarretou a volta dos d\u00e9ficits comerciais. Nos seis primeiros meses deste ano, a balan\u00e7a acumula resultado negativo de US$ 2,49 bilh\u00f5es.<\/p>\n<p>Segundo o presidente da AEB, no entanto, o pa\u00eds n\u00e3o pode depender das oscila\u00e7\u00f5es nas <em>commodities<\/em>. \u201cO pr\u00f3prio FMI [Fundo Monet\u00e1rio Internacional] diz que o Brasil precisa de reformas. As <em>commodities<\/em> tiveram uma d\u00e9cada de ouro, mas est\u00e3o em queda. Se o crescimento da China diminuir, esse ajuste ser\u00e1 mais forte ainda. Se n\u00e3o houver reformas, o Brasil pagar\u00e1 um pre\u00e7o alto. O real est\u00e1 valorizado e o custo Brasil subiu muito\u201d, declara.<\/p>\n<p>Para Lia Valls, o real cumpriu o papel de estabiliza\u00e7\u00e3o e fez uma passagem relativamente tranquila para o modelo de c\u00e2mbio flutuante. Ela, no entanto, destaca a necessidade de maior compromisso com a pol\u00edtica fiscal e com o controle da infla\u00e7\u00e3o nos tempos atuais.<\/p>\n<p>\u201cFoi correta a forma que a gente conseguiu quebrar a infla\u00e7\u00e3o. O pa\u00eds saiu da banda cambial e passou para o regime de metas. Mas [h\u00e1] um d\u00e9ficit de transa\u00e7\u00f5es correntes relativamente elevado. \u00c9 necess\u00e1rio rever a pol\u00edtica, ter maior compromisso com a responsabilidade fiscal e sinalizar um compromisso mais claro com as metas de infla\u00e7\u00e3o, pois a gente tem batido o teto da meta\u201d, comenta a economista da FGV.<\/p>\n<div class=\"node-info\"><strong>Mariana Branco, ABr<\/strong><strong><br \/>\n<\/strong><\/div>\n","protected":false},"excerpt":{"rendered":"<p>Produtos importados dividindo cada vez mais espa\u00e7o com as mercadorias nacionais nas prateleiras. Realidade nos primeiros anos ap\u00f3s a cria\u00e7\u00e3o do real, os resultados negativos na balan\u00e7a comercial (diferen\u00e7a entre exporta\u00e7\u00f5es e importa\u00e7\u00f5es) voltaram a se repetir nos \u00faltimos anos. Segundo analistas de com\u00e9rcio exterior, as circunst\u00e2ncias desta vez s\u00e3o diferentes. Na d\u00e9cada de 90, [&hellip;]<\/p>\n","protected":false},"author":2,"featured_media":15157,"comment_status":"open","ping_status":"closed","sticky":false,"template":"","format":"standard","meta":{"_acf_changed":false,"footnotes":""},"categories":[16],"tags":[],"class_list":["post-15156","post","type-post","status-publish","format-standard","has-post-thumbnail","hentry","category-brasil"],"acf":[],"yoast_head":"<!-- This site is optimized with the Yoast SEO plugin v27.2 - https:\/\/yoast.com\/product\/yoast-seo-wordpress\/ -->\n<title>Balan\u00e7a comemora 20 anos do Plano Real acumulando d\u00e9ficit - Notibras<\/title>\n<meta name=\"robots\" content=\"index, follow, max-snippet:-1, max-image-preview:large, max-video-preview:-1\" \/>\n<link rel=\"canonical\" href=\"https:\/\/www.notibras.com\/site\/balanca-comercial-comemora-aniversario-acumulando-deficit\/\" \/>\n<meta property=\"og:locale\" content=\"pt_BR\" \/>\n<meta property=\"og:type\" content=\"article\" \/>\n<meta property=\"og:title\" content=\"Balan\u00e7a comemora 20 anos do Plano Real acumulando d\u00e9ficit - Notibras\" \/>\n<meta property=\"og:description\" content=\"Produtos importados dividindo cada vez mais espa\u00e7o com as mercadorias nacionais nas prateleiras. Realidade nos primeiros anos ap\u00f3s a cria\u00e7\u00e3o do real, os resultados negativos na balan\u00e7a comercial (diferen\u00e7a entre exporta\u00e7\u00f5es e importa\u00e7\u00f5es) voltaram a se repetir nos \u00faltimos anos. Segundo analistas de com\u00e9rcio exterior, as circunst\u00e2ncias desta vez s\u00e3o diferentes. Na d\u00e9cada de 90, [&hellip;]\" \/>\n<meta property=\"og:url\" content=\"https:\/\/www.notibras.com\/site\/balanca-comercial-comemora-aniversario-acumulando-deficit\/\" \/>\n<meta property=\"og:site_name\" content=\"Notibras\" \/>\n<meta property=\"article:publisher\" content=\"https:\/\/www.facebook.com\/notibras\/\" \/>\n<meta property=\"article:published_time\" content=\"2014-07-03T14:17:20+00:00\" \/>\n<meta property=\"article:modified_time\" content=\"2014-07-03T17:23:23+00:00\" \/>\n<meta property=\"og:image\" content=\"https:\/\/www.notibras.com\/site\/wp-content\/uploads\/2014\/07\/bc.jpg\" \/>\n\t<meta property=\"og:image:width\" content=\"281\" \/>\n\t<meta property=\"og:image:height\" content=\"179\" \/>\n\t<meta property=\"og:image:type\" content=\"image\/jpeg\" \/>\n<meta name=\"author\" content=\"Reda\u00e7\u00e3o\" \/>\n<meta name=\"twitter:card\" content=\"summary_large_image\" \/>\n<meta name=\"twitter:creator\" content=\"@Notibras\" \/>\n<meta name=\"twitter:site\" content=\"@Notibras\" \/>\n<meta name=\"twitter:label1\" content=\"Escrito por\" \/>\n\t<meta name=\"twitter:data1\" content=\"Reda\u00e7\u00e3o\" \/>\n\t<meta name=\"twitter:label2\" content=\"Est. tempo de leitura\" \/>\n\t<meta name=\"twitter:data2\" content=\"4 minutos\" \/>\n<script type=\"application\/ld+json\" class=\"yoast-schema-graph\">{\"@context\":\"https:\/\/schema.org\",\"@graph\":[{\"@type\":\"Article\",\"@id\":\"https:\/\/www.notibras.com\/site\/balanca-comercial-comemora-aniversario-acumulando-deficit\/#article\",\"isPartOf\":{\"@id\":\"https:\/\/www.notibras.com\/site\/balanca-comercial-comemora-aniversario-acumulando-deficit\/\"},\"author\":{\"name\":\"Reda\u00e7\u00e3o\",\"@id\":\"https:\/\/www.notibras.com\/site\/#\/schema\/person\/36ab0979449956132d3e5b517ea76ac8\"},\"headline\":\"Balan\u00e7a comemora 20 anos do Plano Real acumulando d\u00e9ficit\",\"datePublished\":\"2014-07-03T14:17:20+00:00\",\"dateModified\":\"2014-07-03T17:23:23+00:00\",\"mainEntityOfPage\":{\"@id\":\"https:\/\/www.notibras.com\/site\/balanca-comercial-comemora-aniversario-acumulando-deficit\/\"},\"wordCount\":875,\"commentCount\":0,\"publisher\":{\"@id\":\"https:\/\/www.notibras.com\/site\/#organization\"},\"image\":{\"@id\":\"https:\/\/www.notibras.com\/site\/balanca-comercial-comemora-aniversario-acumulando-deficit\/#primaryimage\"},\"thumbnailUrl\":\"https:\/\/www.notibras.com\/site\/wp-content\/uploads\/2014\/07\/bc.jpg\",\"articleSection\":[\"Brasil\"],\"inLanguage\":\"pt-BR\",\"potentialAction\":[{\"@type\":\"CommentAction\",\"name\":\"Comment\",\"target\":[\"https:\/\/www.notibras.com\/site\/balanca-comercial-comemora-aniversario-acumulando-deficit\/#respond\"]}]},{\"@type\":\"WebPage\",\"@id\":\"https:\/\/www.notibras.com\/site\/balanca-comercial-comemora-aniversario-acumulando-deficit\/\",\"url\":\"https:\/\/www.notibras.com\/site\/balanca-comercial-comemora-aniversario-acumulando-deficit\/\",\"name\":\"Balan\u00e7a comemora 20 anos do Plano Real acumulando d\u00e9ficit - Notibras\",\"isPartOf\":{\"@id\":\"https:\/\/www.notibras.com\/site\/#website\"},\"primaryImageOfPage\":{\"@id\":\"https:\/\/www.notibras.com\/site\/balanca-comercial-comemora-aniversario-acumulando-deficit\/#primaryimage\"},\"image\":{\"@id\":\"https:\/\/www.notibras.com\/site\/balanca-comercial-comemora-aniversario-acumulando-deficit\/#primaryimage\"},\"thumbnailUrl\":\"https:\/\/www.notibras.com\/site\/wp-content\/uploads\/2014\/07\/bc.jpg\",\"datePublished\":\"2014-07-03T14:17:20+00:00\",\"dateModified\":\"2014-07-03T17:23:23+00:00\",\"breadcrumb\":{\"@id\":\"https:\/\/www.notibras.com\/site\/balanca-comercial-comemora-aniversario-acumulando-deficit\/#breadcrumb\"},\"inLanguage\":\"pt-BR\",\"potentialAction\":[{\"@type\":\"ReadAction\",\"target\":[\"https:\/\/www.notibras.com\/site\/balanca-comercial-comemora-aniversario-acumulando-deficit\/\"]}]},{\"@type\":\"ImageObject\",\"inLanguage\":\"pt-BR\",\"@id\":\"https:\/\/www.notibras.com\/site\/balanca-comercial-comemora-aniversario-acumulando-deficit\/#primaryimage\",\"url\":\"https:\/\/www.notibras.com\/site\/wp-content\/uploads\/2014\/07\/bc.jpg\",\"contentUrl\":\"https:\/\/www.notibras.com\/site\/wp-content\/uploads\/2014\/07\/bc.jpg\",\"width\":281,\"height\":179},{\"@type\":\"BreadcrumbList\",\"@id\":\"https:\/\/www.notibras.com\/site\/balanca-comercial-comemora-aniversario-acumulando-deficit\/#breadcrumb\",\"itemListElement\":[{\"@type\":\"ListItem\",\"position\":1,\"name\":\"In\u00edcio\",\"item\":\"https:\/\/www.notibras.com\/site\/\"},{\"@type\":\"ListItem\",\"position\":2,\"name\":\"Balan\u00e7a comemora 20 anos do Plano Real acumulando d\u00e9ficit\"}]},{\"@type\":\"WebSite\",\"@id\":\"https:\/\/www.notibras.com\/site\/#website\",\"url\":\"https:\/\/www.notibras.com\/site\/\",\"name\":\"Notibras\",\"description\":\"Not\u00edcias de Bras\u00edlia, do Brasil e do Mundo\",\"publisher\":{\"@id\":\"https:\/\/www.notibras.com\/site\/#organization\"},\"potentialAction\":[{\"@type\":\"SearchAction\",\"target\":{\"@type\":\"EntryPoint\",\"urlTemplate\":\"https:\/\/www.notibras.com\/site\/?s={search_term_string}\"},\"query-input\":{\"@type\":\"PropertyValueSpecification\",\"valueRequired\":true,\"valueName\":\"search_term_string\"}}],\"inLanguage\":\"pt-BR\"},{\"@type\":\"Organization\",\"@id\":\"https:\/\/www.notibras.com\/site\/#organization\",\"name\":\"Grupo Notibras de Comunica\u00e7\u00e3o\",\"url\":\"https:\/\/www.notibras.com\/site\/\",\"logo\":{\"@type\":\"ImageObject\",\"inLanguage\":\"pt-BR\",\"@id\":\"https:\/\/www.notibras.com\/site\/#\/schema\/logo\/image\/\",\"url\":\"https:\/\/www.notibras.com\/site\/wp-content\/uploads\/2023\/01\/notibras23.png\",\"contentUrl\":\"https:\/\/www.notibras.com\/site\/wp-content\/uploads\/2023\/01\/notibras23.png\",\"width\":350,\"height\":87,\"caption\":\"Grupo Notibras de Comunica\u00e7\u00e3o\"},\"image\":{\"@id\":\"https:\/\/www.notibras.com\/site\/#\/schema\/logo\/image\/\"},\"sameAs\":[\"https:\/\/www.facebook.com\/notibras\/\",\"https:\/\/x.com\/Notibras\",\"https:\/\/www.instagram.com\/notibras\/\"]},{\"@type\":\"Person\",\"@id\":\"https:\/\/www.notibras.com\/site\/#\/schema\/person\/36ab0979449956132d3e5b517ea76ac8\",\"name\":\"Reda\u00e7\u00e3o\",\"image\":{\"@type\":\"ImageObject\",\"inLanguage\":\"pt-BR\",\"@id\":\"https:\/\/secure.gravatar.com\/avatar\/e0a867bdedb85fd243eadf09663511f96fc81e0720a4a42581f334ad4303aa6b?s=96&d=mm&r=g\",\"url\":\"https:\/\/secure.gravatar.com\/avatar\/e0a867bdedb85fd243eadf09663511f96fc81e0720a4a42581f334ad4303aa6b?s=96&d=mm&r=g\",\"contentUrl\":\"https:\/\/secure.gravatar.com\/avatar\/e0a867bdedb85fd243eadf09663511f96fc81e0720a4a42581f334ad4303aa6b?s=96&d=mm&r=g\",\"caption\":\"Reda\u00e7\u00e3o\"}}]}<\/script>\n<!-- \/ Yoast SEO plugin. -->","yoast_head_json":{"title":"Balan\u00e7a comemora 20 anos do Plano Real acumulando d\u00e9ficit - Notibras","robots":{"index":"index","follow":"follow","max-snippet":"max-snippet:-1","max-image-preview":"max-image-preview:large","max-video-preview":"max-video-preview:-1"},"canonical":"https:\/\/www.notibras.com\/site\/balanca-comercial-comemora-aniversario-acumulando-deficit\/","og_locale":"pt_BR","og_type":"article","og_title":"Balan\u00e7a comemora 20 anos do Plano Real acumulando d\u00e9ficit - Notibras","og_description":"Produtos importados dividindo cada vez mais espa\u00e7o com as mercadorias nacionais nas prateleiras. Realidade nos primeiros anos ap\u00f3s a cria\u00e7\u00e3o do real, os resultados negativos na balan\u00e7a comercial (diferen\u00e7a entre exporta\u00e7\u00f5es e importa\u00e7\u00f5es) voltaram a se repetir nos \u00faltimos anos. Segundo analistas de com\u00e9rcio exterior, as circunst\u00e2ncias desta vez s\u00e3o diferentes. Na d\u00e9cada de 90, [&hellip;]","og_url":"https:\/\/www.notibras.com\/site\/balanca-comercial-comemora-aniversario-acumulando-deficit\/","og_site_name":"Notibras","article_publisher":"https:\/\/www.facebook.com\/notibras\/","article_published_time":"2014-07-03T14:17:20+00:00","article_modified_time":"2014-07-03T17:23:23+00:00","og_image":[{"width":281,"height":179,"url":"https:\/\/www.notibras.com\/site\/wp-content\/uploads\/2014\/07\/bc.jpg","type":"image\/jpeg"}],"author":"Reda\u00e7\u00e3o","twitter_card":"summary_large_image","twitter_creator":"@Notibras","twitter_site":"@Notibras","twitter_misc":{"Escrito por":"Reda\u00e7\u00e3o","Est. tempo de leitura":"4 minutos"},"schema":{"@context":"https:\/\/schema.org","@graph":[{"@type":"Article","@id":"https:\/\/www.notibras.com\/site\/balanca-comercial-comemora-aniversario-acumulando-deficit\/#article","isPartOf":{"@id":"https:\/\/www.notibras.com\/site\/balanca-comercial-comemora-aniversario-acumulando-deficit\/"},"author":{"name":"Reda\u00e7\u00e3o","@id":"https:\/\/www.notibras.com\/site\/#\/schema\/person\/36ab0979449956132d3e5b517ea76ac8"},"headline":"Balan\u00e7a comemora 20 anos do Plano Real acumulando d\u00e9ficit","datePublished":"2014-07-03T14:17:20+00:00","dateModified":"2014-07-03T17:23:23+00:00","mainEntityOfPage":{"@id":"https:\/\/www.notibras.com\/site\/balanca-comercial-comemora-aniversario-acumulando-deficit\/"},"wordCount":875,"commentCount":0,"publisher":{"@id":"https:\/\/www.notibras.com\/site\/#organization"},"image":{"@id":"https:\/\/www.notibras.com\/site\/balanca-comercial-comemora-aniversario-acumulando-deficit\/#primaryimage"},"thumbnailUrl":"https:\/\/www.notibras.com\/site\/wp-content\/uploads\/2014\/07\/bc.jpg","articleSection":["Brasil"],"inLanguage":"pt-BR","potentialAction":[{"@type":"CommentAction","name":"Comment","target":["https:\/\/www.notibras.com\/site\/balanca-comercial-comemora-aniversario-acumulando-deficit\/#respond"]}]},{"@type":"WebPage","@id":"https:\/\/www.notibras.com\/site\/balanca-comercial-comemora-aniversario-acumulando-deficit\/","url":"https:\/\/www.notibras.com\/site\/balanca-comercial-comemora-aniversario-acumulando-deficit\/","name":"Balan\u00e7a comemora 20 anos do Plano Real acumulando d\u00e9ficit - Notibras","isPartOf":{"@id":"https:\/\/www.notibras.com\/site\/#website"},"primaryImageOfPage":{"@id":"https:\/\/www.notibras.com\/site\/balanca-comercial-comemora-aniversario-acumulando-deficit\/#primaryimage"},"image":{"@id":"https:\/\/www.notibras.com\/site\/balanca-comercial-comemora-aniversario-acumulando-deficit\/#primaryimage"},"thumbnailUrl":"https:\/\/www.notibras.com\/site\/wp-content\/uploads\/2014\/07\/bc.jpg","datePublished":"2014-07-03T14:17:20+00:00","dateModified":"2014-07-03T17:23:23+00:00","breadcrumb":{"@id":"https:\/\/www.notibras.com\/site\/balanca-comercial-comemora-aniversario-acumulando-deficit\/#breadcrumb"},"inLanguage":"pt-BR","potentialAction":[{"@type":"ReadAction","target":["https:\/\/www.notibras.com\/site\/balanca-comercial-comemora-aniversario-acumulando-deficit\/"]}]},{"@type":"ImageObject","inLanguage":"pt-BR","@id":"https:\/\/www.notibras.com\/site\/balanca-comercial-comemora-aniversario-acumulando-deficit\/#primaryimage","url":"https:\/\/www.notibras.com\/site\/wp-content\/uploads\/2014\/07\/bc.jpg","contentUrl":"https:\/\/www.notibras.com\/site\/wp-content\/uploads\/2014\/07\/bc.jpg","width":281,"height":179},{"@type":"BreadcrumbList","@id":"https:\/\/www.notibras.com\/site\/balanca-comercial-comemora-aniversario-acumulando-deficit\/#breadcrumb","itemListElement":[{"@type":"ListItem","position":1,"name":"In\u00edcio","item":"https:\/\/www.notibras.com\/site\/"},{"@type":"ListItem","position":2,"name":"Balan\u00e7a comemora 20 anos do Plano Real acumulando d\u00e9ficit"}]},{"@type":"WebSite","@id":"https:\/\/www.notibras.com\/site\/#website","url":"https:\/\/www.notibras.com\/site\/","name":"Notibras","description":"Not\u00edcias de Bras\u00edlia, do Brasil e do Mundo","publisher":{"@id":"https:\/\/www.notibras.com\/site\/#organization"},"potentialAction":[{"@type":"SearchAction","target":{"@type":"EntryPoint","urlTemplate":"https:\/\/www.notibras.com\/site\/?s={search_term_string}"},"query-input":{"@type":"PropertyValueSpecification","valueRequired":true,"valueName":"search_term_string"}}],"inLanguage":"pt-BR"},{"@type":"Organization","@id":"https:\/\/www.notibras.com\/site\/#organization","name":"Grupo Notibras de Comunica\u00e7\u00e3o","url":"https:\/\/www.notibras.com\/site\/","logo":{"@type":"ImageObject","inLanguage":"pt-BR","@id":"https:\/\/www.notibras.com\/site\/#\/schema\/logo\/image\/","url":"https:\/\/www.notibras.com\/site\/wp-content\/uploads\/2023\/01\/notibras23.png","contentUrl":"https:\/\/www.notibras.com\/site\/wp-content\/uploads\/2023\/01\/notibras23.png","width":350,"height":87,"caption":"Grupo Notibras de Comunica\u00e7\u00e3o"},"image":{"@id":"https:\/\/www.notibras.com\/site\/#\/schema\/logo\/image\/"},"sameAs":["https:\/\/www.facebook.com\/notibras\/","https:\/\/x.com\/Notibras","https:\/\/www.instagram.com\/notibras\/"]},{"@type":"Person","@id":"https:\/\/www.notibras.com\/site\/#\/schema\/person\/36ab0979449956132d3e5b517ea76ac8","name":"Reda\u00e7\u00e3o","image":{"@type":"ImageObject","inLanguage":"pt-BR","@id":"https:\/\/secure.gravatar.com\/avatar\/e0a867bdedb85fd243eadf09663511f96fc81e0720a4a42581f334ad4303aa6b?s=96&d=mm&r=g","url":"https:\/\/secure.gravatar.com\/avatar\/e0a867bdedb85fd243eadf09663511f96fc81e0720a4a42581f334ad4303aa6b?s=96&d=mm&r=g","contentUrl":"https:\/\/secure.gravatar.com\/avatar\/e0a867bdedb85fd243eadf09663511f96fc81e0720a4a42581f334ad4303aa6b?s=96&d=mm&r=g","caption":"Reda\u00e7\u00e3o"}}]}},"amp_enabled":true,"_links":{"self":[{"href":"https:\/\/www.notibras.com\/site\/wp-json\/wp\/v2\/posts\/15156","targetHints":{"allow":["GET"]}}],"collection":[{"href":"https:\/\/www.notibras.com\/site\/wp-json\/wp\/v2\/posts"}],"about":[{"href":"https:\/\/www.notibras.com\/site\/wp-json\/wp\/v2\/types\/post"}],"author":[{"embeddable":true,"href":"https:\/\/www.notibras.com\/site\/wp-json\/wp\/v2\/users\/2"}],"replies":[{"embeddable":true,"href":"https:\/\/www.notibras.com\/site\/wp-json\/wp\/v2\/comments?post=15156"}],"version-history":[{"count":0,"href":"https:\/\/www.notibras.com\/site\/wp-json\/wp\/v2\/posts\/15156\/revisions"}],"wp:featuredmedia":[{"embeddable":true,"href":"https:\/\/www.notibras.com\/site\/wp-json\/wp\/v2\/media\/15157"}],"wp:attachment":[{"href":"https:\/\/www.notibras.com\/site\/wp-json\/wp\/v2\/media?parent=15156"}],"wp:term":[{"taxonomy":"category","embeddable":true,"href":"https:\/\/www.notibras.com\/site\/wp-json\/wp\/v2\/categories?post=15156"},{"taxonomy":"post_tag","embeddable":true,"href":"https:\/\/www.notibras.com\/site\/wp-json\/wp\/v2\/tags?post=15156"}],"curies":[{"name":"wp","href":"https:\/\/api.w.org\/{rel}","templated":true}]}}