{"id":1517,"date":"2014-02-13T13:13:09","date_gmt":"2014-02-13T16:13:09","guid":{"rendered":"http:\/\/www.notibras.com\/site\/?p=1517"},"modified":"2014-02-13T15:14:10","modified_gmt":"2014-02-13T18:14:10","slug":"congresso-pode-ter-frente-mista-para-combater-violencia-contra-mulher","status":"publish","type":"post","link":"https:\/\/www.notibras.com\/site\/congresso-pode-ter-frente-mista-para-combater-violencia-contra-mulher\/","title":{"rendered":"Congresso ter\u00e1 frente mista para combater viol\u00eancia contra mulher"},"content":{"rendered":"<p>Pol\u00edticos ga\u00fachos e catarinenses cobraram nesta quinta-feira a cria\u00e7\u00e3o de uma Frente Parlamentar Mista no Congresso Nacional pelo Fim da Viol\u00eancia contra as Mulheres. A Assembleia Legislativa do Rio Grande do Sul foi pioneira na ideia \u2013 tamb\u00e9m presente em 51 c\u00e2maras de Vereadores do Estado, al\u00e9m da Assembleia Legislativa de Santa Catarina. Uma audi\u00eancia p\u00fablica, na Comiss\u00e3o de Direitos Humanos do Senado, reuniu representantes dessas frentes, de movimentos sociais e senadores.<\/p>\n","protected":false},"excerpt":{"rendered":"<p>Pol\u00edticos ga\u00fachos e catarinenses cobraram nesta quinta-feira a cria\u00e7\u00e3o de uma Frente Parlamentar Mista no Congresso Nacional pelo Fim da Viol\u00eancia contra as Mulheres. A Assembleia Legislativa do Rio Grande do Sul foi pioneira na ideia \u2013 tamb\u00e9m presente em 51 c\u00e2maras de Vereadores do Estado, al\u00e9m da Assembleia Legislativa de Santa Catarina. Uma audi\u00eancia [&hellip;]<\/p>\n","protected":false},"author":2,"featured_media":1518,"comment_status":"open","ping_status":"closed","sticky":false,"template":"","format":"standard","meta":{"_acf_changed":false,"footnotes":""},"categories":[26],"tags":[],"class_list":["post-1517","post","type-post","status-publish","format-standard","has-post-thumbnail","hentry","category-eleicoes-2022"],"acf":[],"yoast_head":"<!-- This site is optimized with the Yoast SEO plugin v27.2 - https:\/\/yoast.com\/product\/yoast-seo-wordpress\/ -->\n<title>Congresso ter\u00e1 frente mista para combater viol\u00eancia contra mulher - Notibras<\/title>\n<meta name=\"robots\" content=\"index, follow, max-snippet:-1, max-image-preview:large, max-video-preview:-1\" \/>\n<link rel=\"canonical\" href=\"https:\/\/www.notibras.com\/site\/congresso-pode-ter-frente-mista-para-combater-violencia-contra-mulher\/\" \/>\n<meta property=\"og:locale\" content=\"pt_BR\" \/>\n<meta property=\"og:type\" content=\"article\" \/>\n<meta property=\"og:title\" content=\"Congresso ter\u00e1 frente mista para combater viol\u00eancia contra mulher - Notibras\" \/>\n<meta property=\"og:description\" content=\"Pol\u00edticos ga\u00fachos e catarinenses cobraram nesta quinta-feira a cria\u00e7\u00e3o de uma Frente Parlamentar Mista no Congresso Nacional pelo Fim da Viol\u00eancia contra as Mulheres. A Assembleia Legislativa do Rio Grande do Sul foi pioneira na ideia \u2013 tamb\u00e9m presente em 51 c\u00e2maras de Vereadores do Estado, al\u00e9m da Assembleia Legislativa de Santa Catarina. Uma audi\u00eancia [&hellip;]\" \/>\n<meta property=\"og:url\" content=\"https:\/\/www.notibras.com\/site\/congresso-pode-ter-frente-mista-para-combater-violencia-contra-mulher\/\" \/>\n<meta property=\"og:site_name\" content=\"Notibras\" \/>\n<meta property=\"article:publisher\" content=\"https:\/\/www.facebook.com\/notibras\/\" \/>\n<meta property=\"article:published_time\" content=\"2014-02-13T16:13:09+00:00\" \/>\n<meta property=\"article:modified_time\" content=\"2014-02-13T18:14:10+00:00\" \/>\n<meta property=\"og:image\" content=\"https:\/\/www.notibras.com\/site\/wp-content\/uploads\/2014\/02\/peri35.jpg\" \/>\n\t<meta property=\"og:image:width\" content=\"468\" \/>\n\t<meta property=\"og:image:height\" content=\"350\" \/>\n\t<meta property=\"og:image:type\" content=\"image\/jpeg\" \/>\n<meta name=\"author\" content=\"Reda\u00e7\u00e3o\" \/>\n<meta name=\"twitter:card\" content=\"summary_large_image\" \/>\n<meta name=\"twitter:creator\" content=\"@Notibras\" \/>\n<meta name=\"twitter:site\" content=\"@Notibras\" \/>\n<meta name=\"twitter:label1\" content=\"Escrito por\" \/>\n\t<meta name=\"twitter:data1\" content=\"Reda\u00e7\u00e3o\" \/>\n<script type=\"application\/ld+json\" class=\"yoast-schema-graph\">{\"@context\":\"https:\/\/schema.org\",\"@graph\":[{\"@type\":\"Article\",\"@id\":\"https:\/\/www.notibras.com\/site\/congresso-pode-ter-frente-mista-para-combater-violencia-contra-mulher\/#article\",\"isPartOf\":{\"@id\":\"https:\/\/www.notibras.com\/site\/congresso-pode-ter-frente-mista-para-combater-violencia-contra-mulher\/\"},\"author\":{\"name\":\"Reda\u00e7\u00e3o\",\"@id\":\"https:\/\/www.notibras.com\/site\/#\/schema\/person\/36ab0979449956132d3e5b517ea76ac8\"},\"headline\":\"Congresso ter\u00e1 frente mista para combater viol\u00eancia contra mulher\",\"datePublished\":\"2014-02-13T16:13:09+00:00\",\"dateModified\":\"2014-02-13T18:14:10+00:00\",\"mainEntityOfPage\":{\"@id\":\"https:\/\/www.notibras.com\/site\/congresso-pode-ter-frente-mista-para-combater-violencia-contra-mulher\/\"},\"wordCount\":90,\"commentCount\":0,\"publisher\":{\"@id\":\"https:\/\/www.notibras.com\/site\/#organization\"},\"image\":{\"@id\":\"https:\/\/www.notibras.com\/site\/congresso-pode-ter-frente-mista-para-combater-violencia-contra-mulher\/#primaryimage\"},\"thumbnailUrl\":\"https:\/\/www.notibras.com\/site\/wp-content\/uploads\/2014\/02\/peri35.jpg\",\"articleSection\":[\"Elei\u00e7\u00f5es 2022\"],\"inLanguage\":\"pt-BR\",\"potentialAction\":[{\"@type\":\"CommentAction\",\"name\":\"Comment\",\"target\":[\"https:\/\/www.notibras.com\/site\/congresso-pode-ter-frente-mista-para-combater-violencia-contra-mulher\/#respond\"]}]},{\"@type\":\"WebPage\",\"@id\":\"https:\/\/www.notibras.com\/site\/congresso-pode-ter-frente-mista-para-combater-violencia-contra-mulher\/\",\"url\":\"https:\/\/www.notibras.com\/site\/congresso-pode-ter-frente-mista-para-combater-violencia-contra-mulher\/\",\"name\":\"Congresso ter\u00e1 frente mista para combater viol\u00eancia contra mulher - Notibras\",\"isPartOf\":{\"@id\":\"https:\/\/www.notibras.com\/site\/#website\"},\"primaryImageOfPage\":{\"@id\":\"https:\/\/www.notibras.com\/site\/congresso-pode-ter-frente-mista-para-combater-violencia-contra-mulher\/#primaryimage\"},\"image\":{\"@id\":\"https:\/\/www.notibras.com\/site\/congresso-pode-ter-frente-mista-para-combater-violencia-contra-mulher\/#primaryimage\"},\"thumbnailUrl\":\"https:\/\/www.notibras.com\/site\/wp-content\/uploads\/2014\/02\/peri35.jpg\",\"datePublished\":\"2014-02-13T16:13:09+00:00\",\"dateModified\":\"2014-02-13T18:14:10+00:00\",\"breadcrumb\":{\"@id\":\"https:\/\/www.notibras.com\/site\/congresso-pode-ter-frente-mista-para-combater-violencia-contra-mulher\/#breadcrumb\"},\"inLanguage\":\"pt-BR\",\"potentialAction\":[{\"@type\":\"ReadAction\",\"target\":[\"https:\/\/www.notibras.com\/site\/congresso-pode-ter-frente-mista-para-combater-violencia-contra-mulher\/\"]}]},{\"@type\":\"ImageObject\",\"inLanguage\":\"pt-BR\",\"@id\":\"https:\/\/www.notibras.com\/site\/congresso-pode-ter-frente-mista-para-combater-violencia-contra-mulher\/#primaryimage\",\"url\":\"https:\/\/www.notibras.com\/site\/wp-content\/uploads\/2014\/02\/peri35.jpg\",\"contentUrl\":\"https:\/\/www.notibras.com\/site\/wp-content\/uploads\/2014\/02\/peri35.jpg\",\"width\":468,\"height\":350},{\"@type\":\"BreadcrumbList\",\"@id\":\"https:\/\/www.notibras.com\/site\/congresso-pode-ter-frente-mista-para-combater-violencia-contra-mulher\/#breadcrumb\",\"itemListElement\":[{\"@type\":\"ListItem\",\"position\":1,\"name\":\"In\u00edcio\",\"item\":\"https:\/\/www.notibras.com\/site\/\"},{\"@type\":\"ListItem\",\"position\":2,\"name\":\"Congresso ter\u00e1 frente mista para combater viol\u00eancia contra mulher\"}]},{\"@type\":\"WebSite\",\"@id\":\"https:\/\/www.notibras.com\/site\/#website\",\"url\":\"https:\/\/www.notibras.com\/site\/\",\"name\":\"Notibras\",\"description\":\"Not\u00edcias de Bras\u00edlia, do Brasil e do Mundo\",\"publisher\":{\"@id\":\"https:\/\/www.notibras.com\/site\/#organization\"},\"potentialAction\":[{\"@type\":\"SearchAction\",\"target\":{\"@type\":\"EntryPoint\",\"urlTemplate\":\"https:\/\/www.notibras.com\/site\/?s={search_term_string}\"},\"query-input\":{\"@type\":\"PropertyValueSpecification\",\"valueRequired\":true,\"valueName\":\"search_term_string\"}}],\"inLanguage\":\"pt-BR\"},{\"@type\":\"Organization\",\"@id\":\"https:\/\/www.notibras.com\/site\/#organization\",\"name\":\"Grupo Notibras de Comunica\u00e7\u00e3o\",\"url\":\"https:\/\/www.notibras.com\/site\/\",\"logo\":{\"@type\":\"ImageObject\",\"inLanguage\":\"pt-BR\",\"@id\":\"https:\/\/www.notibras.com\/site\/#\/schema\/logo\/image\/\",\"url\":\"https:\/\/www.notibras.com\/site\/wp-content\/uploads\/2023\/01\/notibras23.png\",\"contentUrl\":\"https:\/\/www.notibras.com\/site\/wp-content\/uploads\/2023\/01\/notibras23.png\",\"width\":350,\"height\":87,\"caption\":\"Grupo Notibras de Comunica\u00e7\u00e3o\"},\"image\":{\"@id\":\"https:\/\/www.notibras.com\/site\/#\/schema\/logo\/image\/\"},\"sameAs\":[\"https:\/\/www.facebook.com\/notibras\/\",\"https:\/\/x.com\/Notibras\",\"https:\/\/www.instagram.com\/notibras\/\"]},{\"@type\":\"Person\",\"@id\":\"https:\/\/www.notibras.com\/site\/#\/schema\/person\/36ab0979449956132d3e5b517ea76ac8\",\"name\":\"Reda\u00e7\u00e3o\",\"image\":{\"@type\":\"ImageObject\",\"inLanguage\":\"pt-BR\",\"@id\":\"https:\/\/secure.gravatar.com\/avatar\/e0a867bdedb85fd243eadf09663511f96fc81e0720a4a42581f334ad4303aa6b?s=96&d=mm&r=g\",\"url\":\"https:\/\/secure.gravatar.com\/avatar\/e0a867bdedb85fd243eadf09663511f96fc81e0720a4a42581f334ad4303aa6b?s=96&d=mm&r=g\",\"contentUrl\":\"https:\/\/secure.gravatar.com\/avatar\/e0a867bdedb85fd243eadf09663511f96fc81e0720a4a42581f334ad4303aa6b?s=96&d=mm&r=g\",\"caption\":\"Reda\u00e7\u00e3o\"}}]}<\/script>\n<!-- \/ Yoast SEO plugin. -->","yoast_head_json":{"title":"Congresso ter\u00e1 frente mista para combater viol\u00eancia contra mulher - Notibras","robots":{"index":"index","follow":"follow","max-snippet":"max-snippet:-1","max-image-preview":"max-image-preview:large","max-video-preview":"max-video-preview:-1"},"canonical":"https:\/\/www.notibras.com\/site\/congresso-pode-ter-frente-mista-para-combater-violencia-contra-mulher\/","og_locale":"pt_BR","og_type":"article","og_title":"Congresso ter\u00e1 frente mista para combater viol\u00eancia contra mulher - Notibras","og_description":"Pol\u00edticos ga\u00fachos e catarinenses cobraram nesta quinta-feira a cria\u00e7\u00e3o de uma Frente Parlamentar Mista no Congresso Nacional pelo Fim da Viol\u00eancia contra as Mulheres. A Assembleia Legislativa do Rio Grande do Sul foi pioneira na ideia \u2013 tamb\u00e9m presente em 51 c\u00e2maras de Vereadores do Estado, al\u00e9m da Assembleia Legislativa de Santa Catarina. Uma audi\u00eancia [&hellip;]","og_url":"https:\/\/www.notibras.com\/site\/congresso-pode-ter-frente-mista-para-combater-violencia-contra-mulher\/","og_site_name":"Notibras","article_publisher":"https:\/\/www.facebook.com\/notibras\/","article_published_time":"2014-02-13T16:13:09+00:00","article_modified_time":"2014-02-13T18:14:10+00:00","og_image":[{"width":468,"height":350,"url":"https:\/\/www.notibras.com\/site\/wp-content\/uploads\/2014\/02\/peri35.jpg","type":"image\/jpeg"}],"author":"Reda\u00e7\u00e3o","twitter_card":"summary_large_image","twitter_creator":"@Notibras","twitter_site":"@Notibras","twitter_misc":{"Escrito por":"Reda\u00e7\u00e3o"},"schema":{"@context":"https:\/\/schema.org","@graph":[{"@type":"Article","@id":"https:\/\/www.notibras.com\/site\/congresso-pode-ter-frente-mista-para-combater-violencia-contra-mulher\/#article","isPartOf":{"@id":"https:\/\/www.notibras.com\/site\/congresso-pode-ter-frente-mista-para-combater-violencia-contra-mulher\/"},"author":{"name":"Reda\u00e7\u00e3o","@id":"https:\/\/www.notibras.com\/site\/#\/schema\/person\/36ab0979449956132d3e5b517ea76ac8"},"headline":"Congresso ter\u00e1 frente mista para combater viol\u00eancia contra mulher","datePublished":"2014-02-13T16:13:09+00:00","dateModified":"2014-02-13T18:14:10+00:00","mainEntityOfPage":{"@id":"https:\/\/www.notibras.com\/site\/congresso-pode-ter-frente-mista-para-combater-violencia-contra-mulher\/"},"wordCount":90,"commentCount":0,"publisher":{"@id":"https:\/\/www.notibras.com\/site\/#organization"},"image":{"@id":"https:\/\/www.notibras.com\/site\/congresso-pode-ter-frente-mista-para-combater-violencia-contra-mulher\/#primaryimage"},"thumbnailUrl":"https:\/\/www.notibras.com\/site\/wp-content\/uploads\/2014\/02\/peri35.jpg","articleSection":["Elei\u00e7\u00f5es 2022"],"inLanguage":"pt-BR","potentialAction":[{"@type":"CommentAction","name":"Comment","target":["https:\/\/www.notibras.com\/site\/congresso-pode-ter-frente-mista-para-combater-violencia-contra-mulher\/#respond"]}]},{"@type":"WebPage","@id":"https:\/\/www.notibras.com\/site\/congresso-pode-ter-frente-mista-para-combater-violencia-contra-mulher\/","url":"https:\/\/www.notibras.com\/site\/congresso-pode-ter-frente-mista-para-combater-violencia-contra-mulher\/","name":"Congresso ter\u00e1 frente mista para combater viol\u00eancia contra mulher - Notibras","isPartOf":{"@id":"https:\/\/www.notibras.com\/site\/#website"},"primaryImageOfPage":{"@id":"https:\/\/www.notibras.com\/site\/congresso-pode-ter-frente-mista-para-combater-violencia-contra-mulher\/#primaryimage"},"image":{"@id":"https:\/\/www.notibras.com\/site\/congresso-pode-ter-frente-mista-para-combater-violencia-contra-mulher\/#primaryimage"},"thumbnailUrl":"https:\/\/www.notibras.com\/site\/wp-content\/uploads\/2014\/02\/peri35.jpg","datePublished":"2014-02-13T16:13:09+00:00","dateModified":"2014-02-13T18:14:10+00:00","breadcrumb":{"@id":"https:\/\/www.notibras.com\/site\/congresso-pode-ter-frente-mista-para-combater-violencia-contra-mulher\/#breadcrumb"},"inLanguage":"pt-BR","potentialAction":[{"@type":"ReadAction","target":["https:\/\/www.notibras.com\/site\/congresso-pode-ter-frente-mista-para-combater-violencia-contra-mulher\/"]}]},{"@type":"ImageObject","inLanguage":"pt-BR","@id":"https:\/\/www.notibras.com\/site\/congresso-pode-ter-frente-mista-para-combater-violencia-contra-mulher\/#primaryimage","url":"https:\/\/www.notibras.com\/site\/wp-content\/uploads\/2014\/02\/peri35.jpg","contentUrl":"https:\/\/www.notibras.com\/site\/wp-content\/uploads\/2014\/02\/peri35.jpg","width":468,"height":350},{"@type":"BreadcrumbList","@id":"https:\/\/www.notibras.com\/site\/congresso-pode-ter-frente-mista-para-combater-violencia-contra-mulher\/#breadcrumb","itemListElement":[{"@type":"ListItem","position":1,"name":"In\u00edcio","item":"https:\/\/www.notibras.com\/site\/"},{"@type":"ListItem","position":2,"name":"Congresso ter\u00e1 frente mista para combater viol\u00eancia contra mulher"}]},{"@type":"WebSite","@id":"https:\/\/www.notibras.com\/site\/#website","url":"https:\/\/www.notibras.com\/site\/","name":"Notibras","description":"Not\u00edcias de Bras\u00edlia, do Brasil e do Mundo","publisher":{"@id":"https:\/\/www.notibras.com\/site\/#organization"},"potentialAction":[{"@type":"SearchAction","target":{"@type":"EntryPoint","urlTemplate":"https:\/\/www.notibras.com\/site\/?s={search_term_string}"},"query-input":{"@type":"PropertyValueSpecification","valueRequired":true,"valueName":"search_term_string"}}],"inLanguage":"pt-BR"},{"@type":"Organization","@id":"https:\/\/www.notibras.com\/site\/#organization","name":"Grupo Notibras de Comunica\u00e7\u00e3o","url":"https:\/\/www.notibras.com\/site\/","logo":{"@type":"ImageObject","inLanguage":"pt-BR","@id":"https:\/\/www.notibras.com\/site\/#\/schema\/logo\/image\/","url":"https:\/\/www.notibras.com\/site\/wp-content\/uploads\/2023\/01\/notibras23.png","contentUrl":"https:\/\/www.notibras.com\/site\/wp-content\/uploads\/2023\/01\/notibras23.png","width":350,"height":87,"caption":"Grupo Notibras de Comunica\u00e7\u00e3o"},"image":{"@id":"https:\/\/www.notibras.com\/site\/#\/schema\/logo\/image\/"},"sameAs":["https:\/\/www.facebook.com\/notibras\/","https:\/\/x.com\/Notibras","https:\/\/www.instagram.com\/notibras\/"]},{"@type":"Person","@id":"https:\/\/www.notibras.com\/site\/#\/schema\/person\/36ab0979449956132d3e5b517ea76ac8","name":"Reda\u00e7\u00e3o","image":{"@type":"ImageObject","inLanguage":"pt-BR","@id":"https:\/\/secure.gravatar.com\/avatar\/e0a867bdedb85fd243eadf09663511f96fc81e0720a4a42581f334ad4303aa6b?s=96&d=mm&r=g","url":"https:\/\/secure.gravatar.com\/avatar\/e0a867bdedb85fd243eadf09663511f96fc81e0720a4a42581f334ad4303aa6b?s=96&d=mm&r=g","contentUrl":"https:\/\/secure.gravatar.com\/avatar\/e0a867bdedb85fd243eadf09663511f96fc81e0720a4a42581f334ad4303aa6b?s=96&d=mm&r=g","caption":"Reda\u00e7\u00e3o"}}]}},"amp_enabled":true,"_links":{"self":[{"href":"https:\/\/www.notibras.com\/site\/wp-json\/wp\/v2\/posts\/1517","targetHints":{"allow":["GET"]}}],"collection":[{"href":"https:\/\/www.notibras.com\/site\/wp-json\/wp\/v2\/posts"}],"about":[{"href":"https:\/\/www.notibras.com\/site\/wp-json\/wp\/v2\/types\/post"}],"author":[{"embeddable":true,"href":"https:\/\/www.notibras.com\/site\/wp-json\/wp\/v2\/users\/2"}],"replies":[{"embeddable":true,"href":"https:\/\/www.notibras.com\/site\/wp-json\/wp\/v2\/comments?post=1517"}],"version-history":[{"count":0,"href":"https:\/\/www.notibras.com\/site\/wp-json\/wp\/v2\/posts\/1517\/revisions"}],"wp:featuredmedia":[{"embeddable":true,"href":"https:\/\/www.notibras.com\/site\/wp-json\/wp\/v2\/media\/1518"}],"wp:attachment":[{"href":"https:\/\/www.notibras.com\/site\/wp-json\/wp\/v2\/media?parent=1517"}],"wp:term":[{"taxonomy":"category","embeddable":true,"href":"https:\/\/www.notibras.com\/site\/wp-json\/wp\/v2\/categories?post=1517"},{"taxonomy":"post_tag","embeddable":true,"href":"https:\/\/www.notibras.com\/site\/wp-json\/wp\/v2\/tags?post=1517"}],"curies":[{"name":"wp","href":"https:\/\/api.w.org\/{rel}","templated":true}]}}