{"id":15172,"date":"2014-07-03T16:55:15","date_gmt":"2014-07-03T19:55:15","guid":{"rendered":"http:\/\/www.notibras.com\/site\/?p=15172"},"modified":"2014-07-04T15:15:49","modified_gmt":"2014-07-04T18:15:49","slug":"viaduto-em-construcao-desaba-mata-dois-e-fere-20-em-belo-horizonte","status":"publish","type":"post","link":"https:\/\/www.notibras.com\/site\/viaduto-em-construcao-desaba-mata-dois-e-fere-20-em-belo-horizonte\/","title":{"rendered":"Viaduto em constru\u00e7\u00e3o desaba, mata dois e fere 20 em Belo Horizonte"},"content":{"rendered":"<p>Um viaduto em constru\u00e7\u00e3o desabou nesta quinta-feira (3) e causou a morte de ao menos duas pessoas, segundo a Secretaria de Estado de Sa\u00fade de Minas Gerais. A obra est\u00e1 localizada na avenida Pedro 1\u00ba, no bairro S\u00e3o Jo\u00e3o Batista, na regi\u00e3o da Pampulha, em Belo Horizonte, a poucos quil\u00f4metros do Est\u00e1dio do Mineir\u00e3o.<\/p>\n<p>Ao menos 20 pessoas foram feridas, de acordo com a secretaria. Oito delas foram levadas ao hospital Risoleta Neves, dois ao hospital Odilon Behrens e cinco est\u00e3o sendo atendidas pelo Samu (Servi\u00e7o de Atendimento M\u00f3vel de Urg\u00eancia) no local.<\/p>\n<p>Segundo os bombeiros, um micro-\u00f4nibus foi atingido pela estrutura e ainda n\u00e3o h\u00e1 informa\u00e7\u00f5es sobre feridos nem a identidade da v\u00edtima. De acordo com o Corpo de Bombeiros, al\u00e9m do \u00f4nibus, dois caminh\u00f5es e um carro de passeio foram esmagados.<\/p>\n<blockquote><p>Os bombeiros n\u00e3o tiveram acesso aos caminh\u00f5es, mas foram informados por representantes da empreiteira respons\u00e1vel pela obra de que n\u00e3o havia ningu\u00e9m dentro de ambos. As equipes tamb\u00e9m n\u00e3o conseguiram identificar v\u00edtimas no ve\u00edculo.<\/p><\/blockquote>\n<p>O viaduto estava sendo constru\u00eddo para viabilizar uma linha de BRT, que integra a matriz de responsabilidades da Copa do Mundo. O viaduto n\u00e3o ficou pronto antes do in\u00edcio do Mundial.<\/p>\n<p>A Prefeitura de BH informou que integrantes da Sudecap (Superintend\u00eancia de Desenvolvimento da Capital ) foram para o local. O tr\u00e1fego foi desviado e est\u00e1 sendo monitadorado por agentes da BHTrans, empresa que gerencia o tr\u00e2nsito na cidade.<\/p>\n","protected":false},"excerpt":{"rendered":"<p>Um viaduto em constru\u00e7\u00e3o desabou nesta quinta-feira (3) e causou a morte de ao menos duas pessoas, segundo a Secretaria de Estado de Sa\u00fade de Minas Gerais. A obra est\u00e1 localizada na avenida Pedro 1\u00ba, no bairro S\u00e3o Jo\u00e3o Batista, na regi\u00e3o da Pampulha, em Belo Horizonte, a poucos quil\u00f4metros do Est\u00e1dio do Mineir\u00e3o. Ao [&hellip;]<\/p>\n","protected":false},"author":2,"featured_media":15174,"comment_status":"open","ping_status":"closed","sticky":false,"template":"","format":"standard","meta":{"_acf_changed":false,"footnotes":""},"categories":[16],"tags":[],"class_list":["post-15172","post","type-post","status-publish","format-standard","has-post-thumbnail","hentry","category-brasil"],"acf":[],"yoast_head":"<!-- This site is optimized with the Yoast SEO plugin v27.2 - https:\/\/yoast.com\/product\/yoast-seo-wordpress\/ -->\n<title>Viaduto em constru\u00e7\u00e3o desaba, mata dois e fere 20 em Belo Horizonte - Notibras<\/title>\n<meta name=\"robots\" content=\"index, follow, max-snippet:-1, max-image-preview:large, max-video-preview:-1\" \/>\n<link rel=\"canonical\" href=\"https:\/\/www.notibras.com\/site\/viaduto-em-construcao-desaba-mata-dois-e-fere-20-em-belo-horizonte\/\" \/>\n<meta property=\"og:locale\" content=\"pt_BR\" \/>\n<meta property=\"og:type\" content=\"article\" \/>\n<meta property=\"og:title\" content=\"Viaduto em constru\u00e7\u00e3o desaba, mata dois e fere 20 em Belo Horizonte - Notibras\" \/>\n<meta property=\"og:description\" content=\"Um viaduto em constru\u00e7\u00e3o desabou nesta quinta-feira (3) e causou a morte de ao menos duas pessoas, segundo a Secretaria de Estado de Sa\u00fade de Minas Gerais. A obra est\u00e1 localizada na avenida Pedro 1\u00ba, no bairro S\u00e3o Jo\u00e3o Batista, na regi\u00e3o da Pampulha, em Belo Horizonte, a poucos quil\u00f4metros do Est\u00e1dio do Mineir\u00e3o. Ao [&hellip;]\" \/>\n<meta property=\"og:url\" content=\"https:\/\/www.notibras.com\/site\/viaduto-em-construcao-desaba-mata-dois-e-fere-20-em-belo-horizonte\/\" \/>\n<meta property=\"og:site_name\" content=\"Notibras\" \/>\n<meta property=\"article:publisher\" content=\"https:\/\/www.facebook.com\/notibras\/\" \/>\n<meta property=\"article:published_time\" content=\"2014-07-03T19:55:15+00:00\" \/>\n<meta property=\"article:modified_time\" content=\"2014-07-04T18:15:49+00:00\" \/>\n<meta property=\"og:image\" content=\"https:\/\/www.notibras.com\/site\/wp-content\/uploads\/2014\/07\/mgquedaviadutobh8especialterra.jpg\" \/>\n\t<meta property=\"og:image:width\" content=\"667\" \/>\n\t<meta property=\"og:image:height\" content=\"500\" \/>\n\t<meta property=\"og:image:type\" content=\"image\/jpeg\" \/>\n<meta name=\"author\" content=\"Reda\u00e7\u00e3o\" \/>\n<meta name=\"twitter:card\" content=\"summary_large_image\" \/>\n<meta name=\"twitter:creator\" content=\"@Notibras\" \/>\n<meta name=\"twitter:site\" content=\"@Notibras\" \/>\n<meta name=\"twitter:label1\" content=\"Escrito por\" \/>\n\t<meta name=\"twitter:data1\" content=\"Reda\u00e7\u00e3o\" \/>\n\t<meta name=\"twitter:label2\" content=\"Est. tempo de leitura\" \/>\n\t<meta name=\"twitter:data2\" content=\"1 minuto\" \/>\n<script type=\"application\/ld+json\" class=\"yoast-schema-graph\">{\"@context\":\"https:\/\/schema.org\",\"@graph\":[{\"@type\":\"Article\",\"@id\":\"https:\/\/www.notibras.com\/site\/viaduto-em-construcao-desaba-mata-dois-e-fere-20-em-belo-horizonte\/#article\",\"isPartOf\":{\"@id\":\"https:\/\/www.notibras.com\/site\/viaduto-em-construcao-desaba-mata-dois-e-fere-20-em-belo-horizonte\/\"},\"author\":{\"name\":\"Reda\u00e7\u00e3o\",\"@id\":\"https:\/\/www.notibras.com\/site\/#\/schema\/person\/36ab0979449956132d3e5b517ea76ac8\"},\"headline\":\"Viaduto em constru\u00e7\u00e3o desaba, mata dois e fere 20 em Belo Horizonte\",\"datePublished\":\"2014-07-03T19:55:15+00:00\",\"dateModified\":\"2014-07-04T18:15:49+00:00\",\"mainEntityOfPage\":{\"@id\":\"https:\/\/www.notibras.com\/site\/viaduto-em-construcao-desaba-mata-dois-e-fere-20-em-belo-horizonte\/\"},\"wordCount\":277,\"commentCount\":0,\"publisher\":{\"@id\":\"https:\/\/www.notibras.com\/site\/#organization\"},\"image\":{\"@id\":\"https:\/\/www.notibras.com\/site\/viaduto-em-construcao-desaba-mata-dois-e-fere-20-em-belo-horizonte\/#primaryimage\"},\"thumbnailUrl\":\"https:\/\/www.notibras.com\/site\/wp-content\/uploads\/2014\/07\/mgquedaviadutobh8especialterra.jpg\",\"articleSection\":[\"Brasil\"],\"inLanguage\":\"pt-BR\",\"potentialAction\":[{\"@type\":\"CommentAction\",\"name\":\"Comment\",\"target\":[\"https:\/\/www.notibras.com\/site\/viaduto-em-construcao-desaba-mata-dois-e-fere-20-em-belo-horizonte\/#respond\"]}]},{\"@type\":\"WebPage\",\"@id\":\"https:\/\/www.notibras.com\/site\/viaduto-em-construcao-desaba-mata-dois-e-fere-20-em-belo-horizonte\/\",\"url\":\"https:\/\/www.notibras.com\/site\/viaduto-em-construcao-desaba-mata-dois-e-fere-20-em-belo-horizonte\/\",\"name\":\"Viaduto em constru\u00e7\u00e3o desaba, mata dois e fere 20 em Belo Horizonte - Notibras\",\"isPartOf\":{\"@id\":\"https:\/\/www.notibras.com\/site\/#website\"},\"primaryImageOfPage\":{\"@id\":\"https:\/\/www.notibras.com\/site\/viaduto-em-construcao-desaba-mata-dois-e-fere-20-em-belo-horizonte\/#primaryimage\"},\"image\":{\"@id\":\"https:\/\/www.notibras.com\/site\/viaduto-em-construcao-desaba-mata-dois-e-fere-20-em-belo-horizonte\/#primaryimage\"},\"thumbnailUrl\":\"https:\/\/www.notibras.com\/site\/wp-content\/uploads\/2014\/07\/mgquedaviadutobh8especialterra.jpg\",\"datePublished\":\"2014-07-03T19:55:15+00:00\",\"dateModified\":\"2014-07-04T18:15:49+00:00\",\"breadcrumb\":{\"@id\":\"https:\/\/www.notibras.com\/site\/viaduto-em-construcao-desaba-mata-dois-e-fere-20-em-belo-horizonte\/#breadcrumb\"},\"inLanguage\":\"pt-BR\",\"potentialAction\":[{\"@type\":\"ReadAction\",\"target\":[\"https:\/\/www.notibras.com\/site\/viaduto-em-construcao-desaba-mata-dois-e-fere-20-em-belo-horizonte\/\"]}]},{\"@type\":\"ImageObject\",\"inLanguage\":\"pt-BR\",\"@id\":\"https:\/\/www.notibras.com\/site\/viaduto-em-construcao-desaba-mata-dois-e-fere-20-em-belo-horizonte\/#primaryimage\",\"url\":\"https:\/\/www.notibras.com\/site\/wp-content\/uploads\/2014\/07\/mgquedaviadutobh8especialterra.jpg\",\"contentUrl\":\"https:\/\/www.notibras.com\/site\/wp-content\/uploads\/2014\/07\/mgquedaviadutobh8especialterra.jpg\",\"width\":667,\"height\":500},{\"@type\":\"BreadcrumbList\",\"@id\":\"https:\/\/www.notibras.com\/site\/viaduto-em-construcao-desaba-mata-dois-e-fere-20-em-belo-horizonte\/#breadcrumb\",\"itemListElement\":[{\"@type\":\"ListItem\",\"position\":1,\"name\":\"In\u00edcio\",\"item\":\"https:\/\/www.notibras.com\/site\/\"},{\"@type\":\"ListItem\",\"position\":2,\"name\":\"Viaduto em constru\u00e7\u00e3o desaba, mata dois e fere 20 em Belo Horizonte\"}]},{\"@type\":\"WebSite\",\"@id\":\"https:\/\/www.notibras.com\/site\/#website\",\"url\":\"https:\/\/www.notibras.com\/site\/\",\"name\":\"Notibras\",\"description\":\"Not\u00edcias de Bras\u00edlia, do Brasil e do Mundo\",\"publisher\":{\"@id\":\"https:\/\/www.notibras.com\/site\/#organization\"},\"potentialAction\":[{\"@type\":\"SearchAction\",\"target\":{\"@type\":\"EntryPoint\",\"urlTemplate\":\"https:\/\/www.notibras.com\/site\/?s={search_term_string}\"},\"query-input\":{\"@type\":\"PropertyValueSpecification\",\"valueRequired\":true,\"valueName\":\"search_term_string\"}}],\"inLanguage\":\"pt-BR\"},{\"@type\":\"Organization\",\"@id\":\"https:\/\/www.notibras.com\/site\/#organization\",\"name\":\"Grupo Notibras de Comunica\u00e7\u00e3o\",\"url\":\"https:\/\/www.notibras.com\/site\/\",\"logo\":{\"@type\":\"ImageObject\",\"inLanguage\":\"pt-BR\",\"@id\":\"https:\/\/www.notibras.com\/site\/#\/schema\/logo\/image\/\",\"url\":\"https:\/\/www.notibras.com\/site\/wp-content\/uploads\/2023\/01\/notibras23.png\",\"contentUrl\":\"https:\/\/www.notibras.com\/site\/wp-content\/uploads\/2023\/01\/notibras23.png\",\"width\":350,\"height\":87,\"caption\":\"Grupo Notibras de Comunica\u00e7\u00e3o\"},\"image\":{\"@id\":\"https:\/\/www.notibras.com\/site\/#\/schema\/logo\/image\/\"},\"sameAs\":[\"https:\/\/www.facebook.com\/notibras\/\",\"https:\/\/x.com\/Notibras\",\"https:\/\/www.instagram.com\/notibras\/\"]},{\"@type\":\"Person\",\"@id\":\"https:\/\/www.notibras.com\/site\/#\/schema\/person\/36ab0979449956132d3e5b517ea76ac8\",\"name\":\"Reda\u00e7\u00e3o\",\"image\":{\"@type\":\"ImageObject\",\"inLanguage\":\"pt-BR\",\"@id\":\"https:\/\/secure.gravatar.com\/avatar\/e0a867bdedb85fd243eadf09663511f96fc81e0720a4a42581f334ad4303aa6b?s=96&d=mm&r=g\",\"url\":\"https:\/\/secure.gravatar.com\/avatar\/e0a867bdedb85fd243eadf09663511f96fc81e0720a4a42581f334ad4303aa6b?s=96&d=mm&r=g\",\"contentUrl\":\"https:\/\/secure.gravatar.com\/avatar\/e0a867bdedb85fd243eadf09663511f96fc81e0720a4a42581f334ad4303aa6b?s=96&d=mm&r=g\",\"caption\":\"Reda\u00e7\u00e3o\"}}]}<\/script>\n<!-- \/ Yoast SEO plugin. -->","yoast_head_json":{"title":"Viaduto em constru\u00e7\u00e3o desaba, mata dois e fere 20 em Belo Horizonte - Notibras","robots":{"index":"index","follow":"follow","max-snippet":"max-snippet:-1","max-image-preview":"max-image-preview:large","max-video-preview":"max-video-preview:-1"},"canonical":"https:\/\/www.notibras.com\/site\/viaduto-em-construcao-desaba-mata-dois-e-fere-20-em-belo-horizonte\/","og_locale":"pt_BR","og_type":"article","og_title":"Viaduto em constru\u00e7\u00e3o desaba, mata dois e fere 20 em Belo Horizonte - Notibras","og_description":"Um viaduto em constru\u00e7\u00e3o desabou nesta quinta-feira (3) e causou a morte de ao menos duas pessoas, segundo a Secretaria de Estado de Sa\u00fade de Minas Gerais. A obra est\u00e1 localizada na avenida Pedro 1\u00ba, no bairro S\u00e3o Jo\u00e3o Batista, na regi\u00e3o da Pampulha, em Belo Horizonte, a poucos quil\u00f4metros do Est\u00e1dio do Mineir\u00e3o. Ao [&hellip;]","og_url":"https:\/\/www.notibras.com\/site\/viaduto-em-construcao-desaba-mata-dois-e-fere-20-em-belo-horizonte\/","og_site_name":"Notibras","article_publisher":"https:\/\/www.facebook.com\/notibras\/","article_published_time":"2014-07-03T19:55:15+00:00","article_modified_time":"2014-07-04T18:15:49+00:00","og_image":[{"width":667,"height":500,"url":"https:\/\/www.notibras.com\/site\/wp-content\/uploads\/2014\/07\/mgquedaviadutobh8especialterra.jpg","type":"image\/jpeg"}],"author":"Reda\u00e7\u00e3o","twitter_card":"summary_large_image","twitter_creator":"@Notibras","twitter_site":"@Notibras","twitter_misc":{"Escrito por":"Reda\u00e7\u00e3o","Est. tempo de leitura":"1 minuto"},"schema":{"@context":"https:\/\/schema.org","@graph":[{"@type":"Article","@id":"https:\/\/www.notibras.com\/site\/viaduto-em-construcao-desaba-mata-dois-e-fere-20-em-belo-horizonte\/#article","isPartOf":{"@id":"https:\/\/www.notibras.com\/site\/viaduto-em-construcao-desaba-mata-dois-e-fere-20-em-belo-horizonte\/"},"author":{"name":"Reda\u00e7\u00e3o","@id":"https:\/\/www.notibras.com\/site\/#\/schema\/person\/36ab0979449956132d3e5b517ea76ac8"},"headline":"Viaduto em constru\u00e7\u00e3o desaba, mata dois e fere 20 em Belo Horizonte","datePublished":"2014-07-03T19:55:15+00:00","dateModified":"2014-07-04T18:15:49+00:00","mainEntityOfPage":{"@id":"https:\/\/www.notibras.com\/site\/viaduto-em-construcao-desaba-mata-dois-e-fere-20-em-belo-horizonte\/"},"wordCount":277,"commentCount":0,"publisher":{"@id":"https:\/\/www.notibras.com\/site\/#organization"},"image":{"@id":"https:\/\/www.notibras.com\/site\/viaduto-em-construcao-desaba-mata-dois-e-fere-20-em-belo-horizonte\/#primaryimage"},"thumbnailUrl":"https:\/\/www.notibras.com\/site\/wp-content\/uploads\/2014\/07\/mgquedaviadutobh8especialterra.jpg","articleSection":["Brasil"],"inLanguage":"pt-BR","potentialAction":[{"@type":"CommentAction","name":"Comment","target":["https:\/\/www.notibras.com\/site\/viaduto-em-construcao-desaba-mata-dois-e-fere-20-em-belo-horizonte\/#respond"]}]},{"@type":"WebPage","@id":"https:\/\/www.notibras.com\/site\/viaduto-em-construcao-desaba-mata-dois-e-fere-20-em-belo-horizonte\/","url":"https:\/\/www.notibras.com\/site\/viaduto-em-construcao-desaba-mata-dois-e-fere-20-em-belo-horizonte\/","name":"Viaduto em constru\u00e7\u00e3o desaba, mata dois e fere 20 em Belo Horizonte - Notibras","isPartOf":{"@id":"https:\/\/www.notibras.com\/site\/#website"},"primaryImageOfPage":{"@id":"https:\/\/www.notibras.com\/site\/viaduto-em-construcao-desaba-mata-dois-e-fere-20-em-belo-horizonte\/#primaryimage"},"image":{"@id":"https:\/\/www.notibras.com\/site\/viaduto-em-construcao-desaba-mata-dois-e-fere-20-em-belo-horizonte\/#primaryimage"},"thumbnailUrl":"https:\/\/www.notibras.com\/site\/wp-content\/uploads\/2014\/07\/mgquedaviadutobh8especialterra.jpg","datePublished":"2014-07-03T19:55:15+00:00","dateModified":"2014-07-04T18:15:49+00:00","breadcrumb":{"@id":"https:\/\/www.notibras.com\/site\/viaduto-em-construcao-desaba-mata-dois-e-fere-20-em-belo-horizonte\/#breadcrumb"},"inLanguage":"pt-BR","potentialAction":[{"@type":"ReadAction","target":["https:\/\/www.notibras.com\/site\/viaduto-em-construcao-desaba-mata-dois-e-fere-20-em-belo-horizonte\/"]}]},{"@type":"ImageObject","inLanguage":"pt-BR","@id":"https:\/\/www.notibras.com\/site\/viaduto-em-construcao-desaba-mata-dois-e-fere-20-em-belo-horizonte\/#primaryimage","url":"https:\/\/www.notibras.com\/site\/wp-content\/uploads\/2014\/07\/mgquedaviadutobh8especialterra.jpg","contentUrl":"https:\/\/www.notibras.com\/site\/wp-content\/uploads\/2014\/07\/mgquedaviadutobh8especialterra.jpg","width":667,"height":500},{"@type":"BreadcrumbList","@id":"https:\/\/www.notibras.com\/site\/viaduto-em-construcao-desaba-mata-dois-e-fere-20-em-belo-horizonte\/#breadcrumb","itemListElement":[{"@type":"ListItem","position":1,"name":"In\u00edcio","item":"https:\/\/www.notibras.com\/site\/"},{"@type":"ListItem","position":2,"name":"Viaduto em constru\u00e7\u00e3o desaba, mata dois e fere 20 em Belo Horizonte"}]},{"@type":"WebSite","@id":"https:\/\/www.notibras.com\/site\/#website","url":"https:\/\/www.notibras.com\/site\/","name":"Notibras","description":"Not\u00edcias de Bras\u00edlia, do Brasil e do Mundo","publisher":{"@id":"https:\/\/www.notibras.com\/site\/#organization"},"potentialAction":[{"@type":"SearchAction","target":{"@type":"EntryPoint","urlTemplate":"https:\/\/www.notibras.com\/site\/?s={search_term_string}"},"query-input":{"@type":"PropertyValueSpecification","valueRequired":true,"valueName":"search_term_string"}}],"inLanguage":"pt-BR"},{"@type":"Organization","@id":"https:\/\/www.notibras.com\/site\/#organization","name":"Grupo Notibras de Comunica\u00e7\u00e3o","url":"https:\/\/www.notibras.com\/site\/","logo":{"@type":"ImageObject","inLanguage":"pt-BR","@id":"https:\/\/www.notibras.com\/site\/#\/schema\/logo\/image\/","url":"https:\/\/www.notibras.com\/site\/wp-content\/uploads\/2023\/01\/notibras23.png","contentUrl":"https:\/\/www.notibras.com\/site\/wp-content\/uploads\/2023\/01\/notibras23.png","width":350,"height":87,"caption":"Grupo Notibras de Comunica\u00e7\u00e3o"},"image":{"@id":"https:\/\/www.notibras.com\/site\/#\/schema\/logo\/image\/"},"sameAs":["https:\/\/www.facebook.com\/notibras\/","https:\/\/x.com\/Notibras","https:\/\/www.instagram.com\/notibras\/"]},{"@type":"Person","@id":"https:\/\/www.notibras.com\/site\/#\/schema\/person\/36ab0979449956132d3e5b517ea76ac8","name":"Reda\u00e7\u00e3o","image":{"@type":"ImageObject","inLanguage":"pt-BR","@id":"https:\/\/secure.gravatar.com\/avatar\/e0a867bdedb85fd243eadf09663511f96fc81e0720a4a42581f334ad4303aa6b?s=96&d=mm&r=g","url":"https:\/\/secure.gravatar.com\/avatar\/e0a867bdedb85fd243eadf09663511f96fc81e0720a4a42581f334ad4303aa6b?s=96&d=mm&r=g","contentUrl":"https:\/\/secure.gravatar.com\/avatar\/e0a867bdedb85fd243eadf09663511f96fc81e0720a4a42581f334ad4303aa6b?s=96&d=mm&r=g","caption":"Reda\u00e7\u00e3o"}}]}},"amp_enabled":true,"_links":{"self":[{"href":"https:\/\/www.notibras.com\/site\/wp-json\/wp\/v2\/posts\/15172","targetHints":{"allow":["GET"]}}],"collection":[{"href":"https:\/\/www.notibras.com\/site\/wp-json\/wp\/v2\/posts"}],"about":[{"href":"https:\/\/www.notibras.com\/site\/wp-json\/wp\/v2\/types\/post"}],"author":[{"embeddable":true,"href":"https:\/\/www.notibras.com\/site\/wp-json\/wp\/v2\/users\/2"}],"replies":[{"embeddable":true,"href":"https:\/\/www.notibras.com\/site\/wp-json\/wp\/v2\/comments?post=15172"}],"version-history":[{"count":0,"href":"https:\/\/www.notibras.com\/site\/wp-json\/wp\/v2\/posts\/15172\/revisions"}],"wp:featuredmedia":[{"embeddable":true,"href":"https:\/\/www.notibras.com\/site\/wp-json\/wp\/v2\/media\/15174"}],"wp:attachment":[{"href":"https:\/\/www.notibras.com\/site\/wp-json\/wp\/v2\/media?parent=15172"}],"wp:term":[{"taxonomy":"category","embeddable":true,"href":"https:\/\/www.notibras.com\/site\/wp-json\/wp\/v2\/categories?post=15172"},{"taxonomy":"post_tag","embeddable":true,"href":"https:\/\/www.notibras.com\/site\/wp-json\/wp\/v2\/tags?post=15172"}],"curies":[{"name":"wp","href":"https:\/\/api.w.org\/{rel}","templated":true}]}}