{"id":15228,"date":"2014-07-04T05:33:02","date_gmt":"2014-07-04T08:33:02","guid":{"rendered":"http:\/\/www.notibras.com\/site\/?p=15228"},"modified":"2014-07-04T06:01:57","modified_gmt":"2014-07-04T09:01:57","slug":"decreto-de-agnelo-fara-brotar-no-altiplano-dinheiro-para-campanha","status":"publish","type":"post","link":"https:\/\/www.notibras.com\/site\/decreto-de-agnelo-fara-brotar-no-altiplano-dinheiro-para-campanha\/","title":{"rendered":"Decreto de Agnelo far\u00e1 brotar no Altiplano dinheiro para campanha"},"content":{"rendered":"<p>O governador Agnelo Queiroz est\u00e1 armando mais um golpe contra o patrim\u00f4nio p\u00fablico. E que vai nocautear, consequentemente, o meio ambiente. Trata-se da regulariza\u00e7\u00e3o, por decreto, dos condom\u00ednios de luxo na regi\u00e3o do Altiplano Leste.<\/p>\n<p>A medida\u00a0 contraria pareceres do Minist\u00e9rio P\u00fablico, do Ibram e de setores do pr\u00f3prio governo. A subsecretaria de Desenvolvimento Urbano teve arquivado um parecer que confronta o decreto. Por tr\u00e1s de tudo isso est\u00e3o grileiros da mais alta patente.<\/p>\n<blockquote><p>O ato de Agnelo \u00e9 suspeito, por vir \u00e0s v\u00e9speras de uma acirrada disputa eleitoral. E interpreta erroneamente a profecia de Dom Bosco. O leite e o mel que jorrar\u00e3o da terra s\u00e3o para beneficiar o povo, profetizou o padroeiro de Bras\u00edlia. Mas o governador age em causa pr\u00f3pria.<\/p><\/blockquote>\n<p>A regi\u00e3o visada no decreto faz parte de uma das Apa\u2019s (\u00e1rea de prote\u00e7\u00e3o ambiental) do Distrito Federal. Cada terreno \u00e9 cobi\u00e7ado por uma classe social definida como AA, que det\u00e9m uma renda per capta que se assemelha \u00e0 da Su\u00ed\u00e7a.<\/p>\n<blockquote><p>O maior interessado na regulariza\u00e7\u00e3o, al\u00e9m do pr\u00f3prio Agnelo, atende pelo nome de Ivan.. O sobrenome, Zelaya, lembra velhos coron\u00e9is mexicanos que se escondem por tr\u00e1s de bunkers fortemente armados. E a fortaleza erguida em um dos condom\u00ednios locais n\u00e3o \u00e9 exce\u00e7\u00e3o.<\/p><\/blockquote>\n<p>Leg\u00edtimos propriet\u00e1rios de ch\u00e1caras no Altiplano demonstram preocupa\u00e7\u00e3o com o ran\u00e7o de autoritarismo do governador. A principal via de acesso \u00e0 regi\u00e3o vive constantes bloqueios. O poder p\u00fablico se faz inerte. \u00c9 a estrat\u00e9gia do piorar para depois consertar. N\u00e3o se sabe a que pre\u00e7o.<\/p>\n<p>Com o decreto de Agnelo, o Parque das Esculturas, criado no governo de Jos\u00e9 Roberto Arruda para preservar a regi\u00e3o, e hoje supostamente responsabilidade da Terracap, estar\u00e1 irremediavelmente amea\u00e7ado. S\u00e3o mais de 60 mil metros quadrados de mata nativa que virar\u00e3o cinzas.<\/p>\n<p>O ato de cria\u00e7\u00e3o do Parque, h\u00e1 sete anos, evidenciava a preocupa\u00e7\u00e3o em promover a recupera\u00e7\u00e3o de \u00e1reas degradadas e o plantio de esp\u00e9cies nativas e ex\u00f3ticas. Tamb\u00e9m fazia refer\u00eancia ao est\u00edmulo e desenvolvimento da educa\u00e7\u00e3o ambiental e art\u00edstica.<\/p>\n<p>Por\u00e9m, o avan\u00e7o da especula\u00e7\u00e3o imobili\u00e1ria no Altiplano, que ganha uma pseudo transpar\u00eancia legal com o decreto de Agnelo Queiroz, sepultar\u00e1 o desenvolvimento de programas e projetos de observa\u00e7\u00e3o ecol\u00f3gica e pesquisa sobre os ecossistemas da regi\u00e3o. Tamb\u00e9m estar\u00e1 no cadafalso a preserva\u00e7\u00e3o do ecossistema natural remanescente, com seus recursos bi\u00f3ticos e abi\u00f3ticos.<\/p>\n<blockquote><p>Ecologistas e urbanistas acenderam o sinal vermelho. As terras ocupadas ilegalmente s\u00e3o propriedade do Estado e devem ser resgatadas ao seu processo original, como determinou a Justi\u00e7a em diferentes processos transitados em julgado. A sociedade entende que \u00e9 preciso dar um basta no avan\u00e7o da \u00e1rea urbana para a fronteira do campo apenas para saciar a sede da especula\u00e7\u00e3o imobili\u00e1ria.<\/p><\/blockquote>\n<p>H\u00e1 pouco mais de um m\u00eas o urbanista Ant\u00f4nio Eust\u00e1quio Santos, em correspond\u00eancia a Jane Dihel, secret\u00e1ria de Habita\u00e7\u00e3o e Regulariza\u00e7\u00e3o Fundi\u00e1ria, advertiu para os riscos de o Pal\u00e1cio do Buriti ceder aos grileiros.<\/p>\n<p>\u201cO Altiplano Leste \u00e9 uma \u00e1rea rural e sua preserva\u00e7\u00e3o est\u00e1 diretamente associada ao futuro das nascentes que abastecem a popula\u00e7\u00e3o\u201d, enfatizou.<\/p>\n<blockquote><p>O Minist\u00e9rio P\u00fablico tamb\u00e9m n\u00e3o silenciou. E em mar\u00e7o \u00faltimo, sinalizou que pode endurecer o jogo contra Agnelo Queiroz. Promotores consideram injustific\u00e1vel o retardamento de a\u00e7\u00f5es para atender o que determinou o Poder Judici\u00e1rio.<\/p><\/blockquote>\n<p>Na eventualidade de assinar o decreto, legalizando uma imoralidade aos olhos da sociedade e da Lei, o governador Agnelo Queiroz poder\u00e1 ser responsabilizado civil e criminalmente. E levar\u00e1 com ele, para o banco dos r\u00e9us, os secret\u00e1rios da Ordem P\u00fablica e Social, de Habita\u00e7\u00e3o e Regulariza\u00e7\u00e3o Fundi\u00e1ria, al\u00e9m dos presidentes da Agefis e da Terracap.<\/p>\n<p><strong>Jos\u00e9 Seabra<\/strong><\/p>\n","protected":false},"excerpt":{"rendered":"<p>O governador Agnelo Queiroz est\u00e1 armando mais um golpe contra o patrim\u00f4nio p\u00fablico. E que vai nocautear, consequentemente, o meio ambiente. Trata-se da regulariza\u00e7\u00e3o, por decreto, dos condom\u00ednios de luxo na regi\u00e3o do Altiplano Leste. A medida\u00a0 contraria pareceres do Minist\u00e9rio P\u00fablico, do Ibram e de setores do pr\u00f3prio governo. A subsecretaria de Desenvolvimento Urbano [&hellip;]<\/p>\n","protected":false},"author":2,"featured_media":15229,"comment_status":"open","ping_status":"closed","sticky":false,"template":"","format":"standard","meta":{"_acf_changed":false,"footnotes":""},"categories":[33],"tags":[],"class_list":["post-15228","post","type-post","status-publish","format-standard","has-post-thumbnail","hentry","category-eleicoes-2014"],"acf":[],"_links":{"self":[{"href":"https:\/\/www.notibras.com\/site\/wp-json\/wp\/v2\/posts\/15228","targetHints":{"allow":["GET"]}}],"collection":[{"href":"https:\/\/www.notibras.com\/site\/wp-json\/wp\/v2\/posts"}],"about":[{"href":"https:\/\/www.notibras.com\/site\/wp-json\/wp\/v2\/types\/post"}],"author":[{"embeddable":true,"href":"https:\/\/www.notibras.com\/site\/wp-json\/wp\/v2\/users\/2"}],"replies":[{"embeddable":true,"href":"https:\/\/www.notibras.com\/site\/wp-json\/wp\/v2\/comments?post=15228"}],"version-history":[{"count":0,"href":"https:\/\/www.notibras.com\/site\/wp-json\/wp\/v2\/posts\/15228\/revisions"}],"wp:featuredmedia":[{"embeddable":true,"href":"https:\/\/www.notibras.com\/site\/wp-json\/wp\/v2\/media\/15229"}],"wp:attachment":[{"href":"https:\/\/www.notibras.com\/site\/wp-json\/wp\/v2\/media?parent=15228"}],"wp:term":[{"taxonomy":"category","embeddable":true,"href":"https:\/\/www.notibras.com\/site\/wp-json\/wp\/v2\/categories?post=15228"},{"taxonomy":"post_tag","embeddable":true,"href":"https:\/\/www.notibras.com\/site\/wp-json\/wp\/v2\/tags?post=15228"}],"curies":[{"name":"wp","href":"https:\/\/api.w.org\/{rel}","templated":true}]}}