{"id":15301,"date":"2014-07-04T20:47:25","date_gmt":"2014-07-04T23:47:25","guid":{"rendered":"http:\/\/www.notibras.com\/site\/?p=15301"},"modified":"2014-07-05T20:00:24","modified_gmt":"2014-07-05T23:00:24","slug":"neymar-fratura-terceira-vertebra-da-coluna-chora-e-esta-fora-da-copa","status":"publish","type":"post","link":"https:\/\/www.notibras.com\/site\/neymar-fratura-terceira-vertebra-da-coluna-chora-e-esta-fora-da-copa\/","title":{"rendered":"Neymar fratura terceira v\u00e9rtebra da coluna, chora e est\u00e1 fora"},"content":{"rendered":"<p>O atacante Neymar est\u00e1 fora da Copa da Fifa. N\u00e3o entra em campo na ter\u00e7a-feira, no jogo Brasil a Alemanha, e se o selecionado brasileiro passar pelos alem\u00e3es, nem assim ele estar\u00e1 em campo para a decis\u00e3o.<\/p>\n<p>Motivo: no choque sofrido no jogo contra a Col\u00f4mbia, teve fratura na terceira v\u00e9rtebra da coluna.<\/p>\n<p>A situa\u00e7\u00e3o de Neymar, que era preocupante, se confirmou num drama para o jogador e para a sele\u00e7\u00e3o brasileira.<\/p>\n<p>O atacante da sele\u00e7\u00e3o brasileira chegou a um hospital em Fortaleza, local da vit\u00f3ria do Brasil por 2 a 1 sobre a Col\u00f4mbia, ainda chorando muito.<\/p>\n<blockquote><p>\u00c0s 20h30 o m\u00e9dico Rodrigo Lasmar confirmou que o jogador fraturou a terceira v\u00e9rtebra lombar.<\/p>\n<p>&#8211; O exame de tomografia computadoriza mostrou uma fratura na terceira v\u00e9rtebra lombar, n\u00e3o \u00e9 uma fratura gravem, que precise de cirurgia, mas limita os movimentos, ele precisa de uma cinta. O prazo \u00e9 muito curto pra que ele possa voltar.<\/p><\/blockquote>\n<p>Neymar deixou o campo depois de sofrer uma joelhada no campo de defesa, aos 41 minutos do segundo tempo, numa entrada dura de Z\u00fa\u00f1iga.<\/p>\n<p>O doutor Lasmar comentou os exames feitos no hospital S\u00e3o Carlos, em Fortaleza: &#8220;O exame de tomografia que foi feito mostrou fratura no processo transverso no n\u00edvel da terceira v\u00e9rtebra. N\u00e3o precisa de tratamento cir\u00fargico, mas precisa de imobiliza\u00e7\u00e3o para controle da dor e n\u00e3o vai ter condi\u00e7\u00e3o de jogar. Uma semana n\u00e3o vai ser suficiente. Mas a consolida\u00e7\u00e3o da les\u00e3o costuma ser boa. S\u00e3o semanas com a cinta para passar a dor. Dependendo do que vier, se tiver mais coisa, ele vai conosco no avi\u00e3o e a partir da\u00ed tomaremos as decis\u00f5es de l\u00e1.&#8221;<\/p>\n<p>A les\u00e3o sofrida pelo jogador na regi\u00e3o lombar, ao levar joelhada de Zu\u00f1iga, aos 40 minutos do segundo tempo, n\u00e3o ter\u00e1 como ser tratada em nove dias para que Neymar tenha esperan\u00e7a de voltar a defender o Brasil em seu primeiro Mundial.<\/p>\n<p>O lance fez com que o jogador fosse substitu\u00eddo imediatamente\u00a0e levado a um hospital de Fortaleza sem nem esperar o final do jogo. A fratura \u00e9 na terceira v\u00e9rtebra da regi\u00e3o.<\/p>\n","protected":false},"excerpt":{"rendered":"<p>O atacante Neymar est\u00e1 fora da Copa da Fifa. N\u00e3o entra em campo na ter\u00e7a-feira, no jogo Brasil a Alemanha, e se o selecionado brasileiro passar pelos alem\u00e3es, nem assim ele estar\u00e1 em campo para a decis\u00e3o. Motivo: no choque sofrido no jogo contra a Col\u00f4mbia, teve fratura na terceira v\u00e9rtebra da coluna. A situa\u00e7\u00e3o [&hellip;]<\/p>\n","protected":false},"author":2,"featured_media":15302,"comment_status":"open","ping_status":"closed","sticky":false,"template":"","format":"standard","meta":{"_acf_changed":false,"footnotes":""},"categories":[19],"tags":[],"class_list":["post-15301","post","type-post","status-publish","format-standard","has-post-thumbnail","hentry","category-esportes"],"acf":[],"_links":{"self":[{"href":"https:\/\/www.notibras.com\/site\/wp-json\/wp\/v2\/posts\/15301","targetHints":{"allow":["GET"]}}],"collection":[{"href":"https:\/\/www.notibras.com\/site\/wp-json\/wp\/v2\/posts"}],"about":[{"href":"https:\/\/www.notibras.com\/site\/wp-json\/wp\/v2\/types\/post"}],"author":[{"embeddable":true,"href":"https:\/\/www.notibras.com\/site\/wp-json\/wp\/v2\/users\/2"}],"replies":[{"embeddable":true,"href":"https:\/\/www.notibras.com\/site\/wp-json\/wp\/v2\/comments?post=15301"}],"version-history":[{"count":0,"href":"https:\/\/www.notibras.com\/site\/wp-json\/wp\/v2\/posts\/15301\/revisions"}],"wp:featuredmedia":[{"embeddable":true,"href":"https:\/\/www.notibras.com\/site\/wp-json\/wp\/v2\/media\/15302"}],"wp:attachment":[{"href":"https:\/\/www.notibras.com\/site\/wp-json\/wp\/v2\/media?parent=15301"}],"wp:term":[{"taxonomy":"category","embeddable":true,"href":"https:\/\/www.notibras.com\/site\/wp-json\/wp\/v2\/categories?post=15301"},{"taxonomy":"post_tag","embeddable":true,"href":"https:\/\/www.notibras.com\/site\/wp-json\/wp\/v2\/tags?post=15301"}],"curies":[{"name":"wp","href":"https:\/\/api.w.org\/{rel}","templated":true}]}}