{"id":15322,"date":"2014-07-05T14:03:28","date_gmt":"2014-07-05T17:03:28","guid":{"rendered":"http:\/\/www.notibras.com\/site\/?p=15322"},"modified":"2014-07-05T20:01:21","modified_gmt":"2014-07-05T23:01:21","slug":"receita-disponibiliza-novo-lote-na-terca-9-para-mais-de-1-milhao","status":"publish","type":"post","link":"https:\/\/www.notibras.com\/site\/receita-disponibiliza-novo-lote-na-terca-9-para-mais-de-1-milhao\/","title":{"rendered":"Receita disponibiliza novo lote ter\u00e7a para mais de 1 milh\u00e3o"},"content":{"rendered":"<p>A consulta ao segundo lote de restitui\u00e7\u00e3o do Imposto de Renda de Pessoa F\u00edsica de 2014 estar\u00e1 dispon\u00edvel a partir das 9h da pr\u00f3xima ter\u00e7a-feira (8), no <a href=\"http:\/\/www.receita.fazenda.gov.br\" target=\"_blank\"><em>site<\/em> <\/a>da Receita Federal. O lote contempla 1.060.473 contribuintes, somando R$ 1,6 bilh\u00e3o. O cr\u00e9dito ser\u00e1 depositado no dia 15 de julho.<\/p>\n<p>Al\u00e9m de acessar a p\u00e1gina da Receita Federal para saber se ter\u00e1 a restitui\u00e7\u00e3o liberada neste lote, o contribuinte pode tamb\u00e9m ligar no Receitafone, no n\u00famero 146.<\/p>\n<p>Na consulta \u00e0 internet, no Centro Virtual de Atendimento ao Contribuinte (e-CAC), \u00e9 poss\u00edvel acessar o extrato da declara\u00e7\u00e3o e ver se h\u00e1 inconsist\u00eancias de dados identificadas pelo processamento. Nesta hip\u00f3tese, o contribuinte pode avaliar as inconsist\u00eancias e fazer a autorregulariza\u00e7\u00e3o, mediante entrega de declara\u00e7\u00e3o retificadora.<\/p>\n<blockquote><p>Al\u00e9m da restitui\u00e7\u00e3o do Imposto de Renda de Pessoa F\u00edsica de 2014 tamb\u00e9m ser\u00e1 liberado na ter\u00e7a-feira a consulta aos seis lotes residuais (declara\u00e7\u00f5es que estavam retidas na malha fina) de exerc\u00edcios entre 2013 e 2008. Com esses lotes, o valor total a ser liberado no dia 15 ser\u00e1 R$ 1,8 bilh\u00e3o e abranger\u00e1 1.122.154 contribuintes.<\/p><\/blockquote>\n<p>A restitui\u00e7\u00e3o ficar\u00e1 dispon\u00edvel no banco durante um ano. Se o contribuinte n\u00e3o fizer o resgate no prazo, dever\u00e1 requer\u00ea-la pela internet, por meio do Formul\u00e1rio Eletr\u00f4nico Pedido de Pagamento de Restitui\u00e7\u00e3o, ou diretamente no Portal e-CAC.<\/p>\n<div class=\"node-info\"><strong>Yara Aquino, Br<\/strong><strong><br \/>\n<\/strong><\/div>\n","protected":false},"excerpt":{"rendered":"<p>A consulta ao segundo lote de restitui\u00e7\u00e3o do Imposto de Renda de Pessoa F\u00edsica de 2014 estar\u00e1 dispon\u00edvel a partir das 9h da pr\u00f3xima ter\u00e7a-feira (8), no site da Receita Federal. O lote contempla 1.060.473 contribuintes, somando R$ 1,6 bilh\u00e3o. O cr\u00e9dito ser\u00e1 depositado no dia 15 de julho. Al\u00e9m de acessar a p\u00e1gina da [&hellip;]<\/p>\n","protected":false},"author":2,"featured_media":15323,"comment_status":"open","ping_status":"closed","sticky":false,"template":"","format":"standard","meta":{"_acf_changed":false,"footnotes":""},"categories":[16],"tags":[],"class_list":["post-15322","post","type-post","status-publish","format-standard","has-post-thumbnail","hentry","category-brasil"],"acf":[],"yoast_head":"<!-- This site is optimized with the Yoast SEO plugin v27.2 - https:\/\/yoast.com\/product\/yoast-seo-wordpress\/ -->\n<title>Receita disponibiliza novo lote ter\u00e7a para mais de 1 milh\u00e3o - Notibras<\/title>\n<meta name=\"robots\" content=\"index, follow, max-snippet:-1, max-image-preview:large, max-video-preview:-1\" \/>\n<link rel=\"canonical\" href=\"https:\/\/www.notibras.com\/site\/receita-disponibiliza-novo-lote-na-terca-9-para-mais-de-1-milhao\/\" \/>\n<meta property=\"og:locale\" content=\"pt_BR\" \/>\n<meta property=\"og:type\" content=\"article\" \/>\n<meta property=\"og:title\" content=\"Receita disponibiliza novo lote ter\u00e7a para mais de 1 milh\u00e3o - Notibras\" \/>\n<meta property=\"og:description\" content=\"A consulta ao segundo lote de restitui\u00e7\u00e3o do Imposto de Renda de Pessoa F\u00edsica de 2014 estar\u00e1 dispon\u00edvel a partir das 9h da pr\u00f3xima ter\u00e7a-feira (8), no site da Receita Federal. O lote contempla 1.060.473 contribuintes, somando R$ 1,6 bilh\u00e3o. O cr\u00e9dito ser\u00e1 depositado no dia 15 de julho. Al\u00e9m de acessar a p\u00e1gina da [&hellip;]\" \/>\n<meta property=\"og:url\" content=\"https:\/\/www.notibras.com\/site\/receita-disponibiliza-novo-lote-na-terca-9-para-mais-de-1-milhao\/\" \/>\n<meta property=\"og:site_name\" content=\"Notibras\" \/>\n<meta property=\"article:publisher\" content=\"https:\/\/www.facebook.com\/notibras\/\" \/>\n<meta property=\"article:published_time\" content=\"2014-07-05T17:03:28+00:00\" \/>\n<meta property=\"article:modified_time\" content=\"2014-07-05T23:01:21+00:00\" \/>\n<meta property=\"og:image\" content=\"https:\/\/www.notibras.com\/site\/wp-content\/uploads\/2014\/07\/imposto-de-renda-2014-declaracao.jpg\" \/>\n\t<meta property=\"og:image:width\" content=\"500\" \/>\n\t<meta property=\"og:image:height\" content=\"329\" \/>\n\t<meta property=\"og:image:type\" content=\"image\/jpeg\" \/>\n<meta name=\"author\" content=\"Reda\u00e7\u00e3o\" \/>\n<meta name=\"twitter:card\" content=\"summary_large_image\" \/>\n<meta name=\"twitter:creator\" content=\"@Notibras\" \/>\n<meta name=\"twitter:site\" content=\"@Notibras\" \/>\n<meta name=\"twitter:label1\" content=\"Escrito por\" \/>\n\t<meta name=\"twitter:data1\" content=\"Reda\u00e7\u00e3o\" \/>\n\t<meta name=\"twitter:label2\" content=\"Est. tempo de leitura\" \/>\n\t<meta name=\"twitter:data2\" content=\"1 minuto\" \/>\n<script type=\"application\/ld+json\" class=\"yoast-schema-graph\">{\"@context\":\"https:\/\/schema.org\",\"@graph\":[{\"@type\":\"Article\",\"@id\":\"https:\/\/www.notibras.com\/site\/receita-disponibiliza-novo-lote-na-terca-9-para-mais-de-1-milhao\/#article\",\"isPartOf\":{\"@id\":\"https:\/\/www.notibras.com\/site\/receita-disponibiliza-novo-lote-na-terca-9-para-mais-de-1-milhao\/\"},\"author\":{\"name\":\"Reda\u00e7\u00e3o\",\"@id\":\"https:\/\/www.notibras.com\/site\/#\/schema\/person\/36ab0979449956132d3e5b517ea76ac8\"},\"headline\":\"Receita disponibiliza novo lote ter\u00e7a para mais de 1 milh\u00e3o\",\"datePublished\":\"2014-07-05T17:03:28+00:00\",\"dateModified\":\"2014-07-05T23:01:21+00:00\",\"mainEntityOfPage\":{\"@id\":\"https:\/\/www.notibras.com\/site\/receita-disponibiliza-novo-lote-na-terca-9-para-mais-de-1-milhao\/\"},\"wordCount\":249,\"commentCount\":0,\"publisher\":{\"@id\":\"https:\/\/www.notibras.com\/site\/#organization\"},\"image\":{\"@id\":\"https:\/\/www.notibras.com\/site\/receita-disponibiliza-novo-lote-na-terca-9-para-mais-de-1-milhao\/#primaryimage\"},\"thumbnailUrl\":\"https:\/\/www.notibras.com\/site\/wp-content\/uploads\/2014\/07\/imposto-de-renda-2014-declaracao.jpg\",\"articleSection\":[\"Brasil\"],\"inLanguage\":\"pt-BR\",\"potentialAction\":[{\"@type\":\"CommentAction\",\"name\":\"Comment\",\"target\":[\"https:\/\/www.notibras.com\/site\/receita-disponibiliza-novo-lote-na-terca-9-para-mais-de-1-milhao\/#respond\"]}]},{\"@type\":\"WebPage\",\"@id\":\"https:\/\/www.notibras.com\/site\/receita-disponibiliza-novo-lote-na-terca-9-para-mais-de-1-milhao\/\",\"url\":\"https:\/\/www.notibras.com\/site\/receita-disponibiliza-novo-lote-na-terca-9-para-mais-de-1-milhao\/\",\"name\":\"Receita disponibiliza novo lote ter\u00e7a para mais de 1 milh\u00e3o - Notibras\",\"isPartOf\":{\"@id\":\"https:\/\/www.notibras.com\/site\/#website\"},\"primaryImageOfPage\":{\"@id\":\"https:\/\/www.notibras.com\/site\/receita-disponibiliza-novo-lote-na-terca-9-para-mais-de-1-milhao\/#primaryimage\"},\"image\":{\"@id\":\"https:\/\/www.notibras.com\/site\/receita-disponibiliza-novo-lote-na-terca-9-para-mais-de-1-milhao\/#primaryimage\"},\"thumbnailUrl\":\"https:\/\/www.notibras.com\/site\/wp-content\/uploads\/2014\/07\/imposto-de-renda-2014-declaracao.jpg\",\"datePublished\":\"2014-07-05T17:03:28+00:00\",\"dateModified\":\"2014-07-05T23:01:21+00:00\",\"breadcrumb\":{\"@id\":\"https:\/\/www.notibras.com\/site\/receita-disponibiliza-novo-lote-na-terca-9-para-mais-de-1-milhao\/#breadcrumb\"},\"inLanguage\":\"pt-BR\",\"potentialAction\":[{\"@type\":\"ReadAction\",\"target\":[\"https:\/\/www.notibras.com\/site\/receita-disponibiliza-novo-lote-na-terca-9-para-mais-de-1-milhao\/\"]}]},{\"@type\":\"ImageObject\",\"inLanguage\":\"pt-BR\",\"@id\":\"https:\/\/www.notibras.com\/site\/receita-disponibiliza-novo-lote-na-terca-9-para-mais-de-1-milhao\/#primaryimage\",\"url\":\"https:\/\/www.notibras.com\/site\/wp-content\/uploads\/2014\/07\/imposto-de-renda-2014-declaracao.jpg\",\"contentUrl\":\"https:\/\/www.notibras.com\/site\/wp-content\/uploads\/2014\/07\/imposto-de-renda-2014-declaracao.jpg\",\"width\":500,\"height\":329},{\"@type\":\"BreadcrumbList\",\"@id\":\"https:\/\/www.notibras.com\/site\/receita-disponibiliza-novo-lote-na-terca-9-para-mais-de-1-milhao\/#breadcrumb\",\"itemListElement\":[{\"@type\":\"ListItem\",\"position\":1,\"name\":\"In\u00edcio\",\"item\":\"https:\/\/www.notibras.com\/site\/\"},{\"@type\":\"ListItem\",\"position\":2,\"name\":\"Receita disponibiliza novo lote ter\u00e7a para mais de 1 milh\u00e3o\"}]},{\"@type\":\"WebSite\",\"@id\":\"https:\/\/www.notibras.com\/site\/#website\",\"url\":\"https:\/\/www.notibras.com\/site\/\",\"name\":\"Notibras\",\"description\":\"Not\u00edcias de Bras\u00edlia, do Brasil e do Mundo\",\"publisher\":{\"@id\":\"https:\/\/www.notibras.com\/site\/#organization\"},\"potentialAction\":[{\"@type\":\"SearchAction\",\"target\":{\"@type\":\"EntryPoint\",\"urlTemplate\":\"https:\/\/www.notibras.com\/site\/?s={search_term_string}\"},\"query-input\":{\"@type\":\"PropertyValueSpecification\",\"valueRequired\":true,\"valueName\":\"search_term_string\"}}],\"inLanguage\":\"pt-BR\"},{\"@type\":\"Organization\",\"@id\":\"https:\/\/www.notibras.com\/site\/#organization\",\"name\":\"Grupo Notibras de Comunica\u00e7\u00e3o\",\"url\":\"https:\/\/www.notibras.com\/site\/\",\"logo\":{\"@type\":\"ImageObject\",\"inLanguage\":\"pt-BR\",\"@id\":\"https:\/\/www.notibras.com\/site\/#\/schema\/logo\/image\/\",\"url\":\"https:\/\/www.notibras.com\/site\/wp-content\/uploads\/2023\/01\/notibras23.png\",\"contentUrl\":\"https:\/\/www.notibras.com\/site\/wp-content\/uploads\/2023\/01\/notibras23.png\",\"width\":350,\"height\":87,\"caption\":\"Grupo Notibras de Comunica\u00e7\u00e3o\"},\"image\":{\"@id\":\"https:\/\/www.notibras.com\/site\/#\/schema\/logo\/image\/\"},\"sameAs\":[\"https:\/\/www.facebook.com\/notibras\/\",\"https:\/\/x.com\/Notibras\",\"https:\/\/www.instagram.com\/notibras\/\"]},{\"@type\":\"Person\",\"@id\":\"https:\/\/www.notibras.com\/site\/#\/schema\/person\/36ab0979449956132d3e5b517ea76ac8\",\"name\":\"Reda\u00e7\u00e3o\",\"image\":{\"@type\":\"ImageObject\",\"inLanguage\":\"pt-BR\",\"@id\":\"https:\/\/secure.gravatar.com\/avatar\/e0a867bdedb85fd243eadf09663511f96fc81e0720a4a42581f334ad4303aa6b?s=96&d=mm&r=g\",\"url\":\"https:\/\/secure.gravatar.com\/avatar\/e0a867bdedb85fd243eadf09663511f96fc81e0720a4a42581f334ad4303aa6b?s=96&d=mm&r=g\",\"contentUrl\":\"https:\/\/secure.gravatar.com\/avatar\/e0a867bdedb85fd243eadf09663511f96fc81e0720a4a42581f334ad4303aa6b?s=96&d=mm&r=g\",\"caption\":\"Reda\u00e7\u00e3o\"}}]}<\/script>\n<!-- \/ Yoast SEO plugin. -->","yoast_head_json":{"title":"Receita disponibiliza novo lote ter\u00e7a para mais de 1 milh\u00e3o - Notibras","robots":{"index":"index","follow":"follow","max-snippet":"max-snippet:-1","max-image-preview":"max-image-preview:large","max-video-preview":"max-video-preview:-1"},"canonical":"https:\/\/www.notibras.com\/site\/receita-disponibiliza-novo-lote-na-terca-9-para-mais-de-1-milhao\/","og_locale":"pt_BR","og_type":"article","og_title":"Receita disponibiliza novo lote ter\u00e7a para mais de 1 milh\u00e3o - Notibras","og_description":"A consulta ao segundo lote de restitui\u00e7\u00e3o do Imposto de Renda de Pessoa F\u00edsica de 2014 estar\u00e1 dispon\u00edvel a partir das 9h da pr\u00f3xima ter\u00e7a-feira (8), no site da Receita Federal. O lote contempla 1.060.473 contribuintes, somando R$ 1,6 bilh\u00e3o. O cr\u00e9dito ser\u00e1 depositado no dia 15 de julho. Al\u00e9m de acessar a p\u00e1gina da [&hellip;]","og_url":"https:\/\/www.notibras.com\/site\/receita-disponibiliza-novo-lote-na-terca-9-para-mais-de-1-milhao\/","og_site_name":"Notibras","article_publisher":"https:\/\/www.facebook.com\/notibras\/","article_published_time":"2014-07-05T17:03:28+00:00","article_modified_time":"2014-07-05T23:01:21+00:00","og_image":[{"width":500,"height":329,"url":"https:\/\/www.notibras.com\/site\/wp-content\/uploads\/2014\/07\/imposto-de-renda-2014-declaracao.jpg","type":"image\/jpeg"}],"author":"Reda\u00e7\u00e3o","twitter_card":"summary_large_image","twitter_creator":"@Notibras","twitter_site":"@Notibras","twitter_misc":{"Escrito por":"Reda\u00e7\u00e3o","Est. tempo de leitura":"1 minuto"},"schema":{"@context":"https:\/\/schema.org","@graph":[{"@type":"Article","@id":"https:\/\/www.notibras.com\/site\/receita-disponibiliza-novo-lote-na-terca-9-para-mais-de-1-milhao\/#article","isPartOf":{"@id":"https:\/\/www.notibras.com\/site\/receita-disponibiliza-novo-lote-na-terca-9-para-mais-de-1-milhao\/"},"author":{"name":"Reda\u00e7\u00e3o","@id":"https:\/\/www.notibras.com\/site\/#\/schema\/person\/36ab0979449956132d3e5b517ea76ac8"},"headline":"Receita disponibiliza novo lote ter\u00e7a para mais de 1 milh\u00e3o","datePublished":"2014-07-05T17:03:28+00:00","dateModified":"2014-07-05T23:01:21+00:00","mainEntityOfPage":{"@id":"https:\/\/www.notibras.com\/site\/receita-disponibiliza-novo-lote-na-terca-9-para-mais-de-1-milhao\/"},"wordCount":249,"commentCount":0,"publisher":{"@id":"https:\/\/www.notibras.com\/site\/#organization"},"image":{"@id":"https:\/\/www.notibras.com\/site\/receita-disponibiliza-novo-lote-na-terca-9-para-mais-de-1-milhao\/#primaryimage"},"thumbnailUrl":"https:\/\/www.notibras.com\/site\/wp-content\/uploads\/2014\/07\/imposto-de-renda-2014-declaracao.jpg","articleSection":["Brasil"],"inLanguage":"pt-BR","potentialAction":[{"@type":"CommentAction","name":"Comment","target":["https:\/\/www.notibras.com\/site\/receita-disponibiliza-novo-lote-na-terca-9-para-mais-de-1-milhao\/#respond"]}]},{"@type":"WebPage","@id":"https:\/\/www.notibras.com\/site\/receita-disponibiliza-novo-lote-na-terca-9-para-mais-de-1-milhao\/","url":"https:\/\/www.notibras.com\/site\/receita-disponibiliza-novo-lote-na-terca-9-para-mais-de-1-milhao\/","name":"Receita disponibiliza novo lote ter\u00e7a para mais de 1 milh\u00e3o - Notibras","isPartOf":{"@id":"https:\/\/www.notibras.com\/site\/#website"},"primaryImageOfPage":{"@id":"https:\/\/www.notibras.com\/site\/receita-disponibiliza-novo-lote-na-terca-9-para-mais-de-1-milhao\/#primaryimage"},"image":{"@id":"https:\/\/www.notibras.com\/site\/receita-disponibiliza-novo-lote-na-terca-9-para-mais-de-1-milhao\/#primaryimage"},"thumbnailUrl":"https:\/\/www.notibras.com\/site\/wp-content\/uploads\/2014\/07\/imposto-de-renda-2014-declaracao.jpg","datePublished":"2014-07-05T17:03:28+00:00","dateModified":"2014-07-05T23:01:21+00:00","breadcrumb":{"@id":"https:\/\/www.notibras.com\/site\/receita-disponibiliza-novo-lote-na-terca-9-para-mais-de-1-milhao\/#breadcrumb"},"inLanguage":"pt-BR","potentialAction":[{"@type":"ReadAction","target":["https:\/\/www.notibras.com\/site\/receita-disponibiliza-novo-lote-na-terca-9-para-mais-de-1-milhao\/"]}]},{"@type":"ImageObject","inLanguage":"pt-BR","@id":"https:\/\/www.notibras.com\/site\/receita-disponibiliza-novo-lote-na-terca-9-para-mais-de-1-milhao\/#primaryimage","url":"https:\/\/www.notibras.com\/site\/wp-content\/uploads\/2014\/07\/imposto-de-renda-2014-declaracao.jpg","contentUrl":"https:\/\/www.notibras.com\/site\/wp-content\/uploads\/2014\/07\/imposto-de-renda-2014-declaracao.jpg","width":500,"height":329},{"@type":"BreadcrumbList","@id":"https:\/\/www.notibras.com\/site\/receita-disponibiliza-novo-lote-na-terca-9-para-mais-de-1-milhao\/#breadcrumb","itemListElement":[{"@type":"ListItem","position":1,"name":"In\u00edcio","item":"https:\/\/www.notibras.com\/site\/"},{"@type":"ListItem","position":2,"name":"Receita disponibiliza novo lote ter\u00e7a para mais de 1 milh\u00e3o"}]},{"@type":"WebSite","@id":"https:\/\/www.notibras.com\/site\/#website","url":"https:\/\/www.notibras.com\/site\/","name":"Notibras","description":"Not\u00edcias de Bras\u00edlia, do Brasil e do Mundo","publisher":{"@id":"https:\/\/www.notibras.com\/site\/#organization"},"potentialAction":[{"@type":"SearchAction","target":{"@type":"EntryPoint","urlTemplate":"https:\/\/www.notibras.com\/site\/?s={search_term_string}"},"query-input":{"@type":"PropertyValueSpecification","valueRequired":true,"valueName":"search_term_string"}}],"inLanguage":"pt-BR"},{"@type":"Organization","@id":"https:\/\/www.notibras.com\/site\/#organization","name":"Grupo Notibras de Comunica\u00e7\u00e3o","url":"https:\/\/www.notibras.com\/site\/","logo":{"@type":"ImageObject","inLanguage":"pt-BR","@id":"https:\/\/www.notibras.com\/site\/#\/schema\/logo\/image\/","url":"https:\/\/www.notibras.com\/site\/wp-content\/uploads\/2023\/01\/notibras23.png","contentUrl":"https:\/\/www.notibras.com\/site\/wp-content\/uploads\/2023\/01\/notibras23.png","width":350,"height":87,"caption":"Grupo Notibras de Comunica\u00e7\u00e3o"},"image":{"@id":"https:\/\/www.notibras.com\/site\/#\/schema\/logo\/image\/"},"sameAs":["https:\/\/www.facebook.com\/notibras\/","https:\/\/x.com\/Notibras","https:\/\/www.instagram.com\/notibras\/"]},{"@type":"Person","@id":"https:\/\/www.notibras.com\/site\/#\/schema\/person\/36ab0979449956132d3e5b517ea76ac8","name":"Reda\u00e7\u00e3o","image":{"@type":"ImageObject","inLanguage":"pt-BR","@id":"https:\/\/secure.gravatar.com\/avatar\/e0a867bdedb85fd243eadf09663511f96fc81e0720a4a42581f334ad4303aa6b?s=96&d=mm&r=g","url":"https:\/\/secure.gravatar.com\/avatar\/e0a867bdedb85fd243eadf09663511f96fc81e0720a4a42581f334ad4303aa6b?s=96&d=mm&r=g","contentUrl":"https:\/\/secure.gravatar.com\/avatar\/e0a867bdedb85fd243eadf09663511f96fc81e0720a4a42581f334ad4303aa6b?s=96&d=mm&r=g","caption":"Reda\u00e7\u00e3o"}}]}},"amp_enabled":true,"_links":{"self":[{"href":"https:\/\/www.notibras.com\/site\/wp-json\/wp\/v2\/posts\/15322","targetHints":{"allow":["GET"]}}],"collection":[{"href":"https:\/\/www.notibras.com\/site\/wp-json\/wp\/v2\/posts"}],"about":[{"href":"https:\/\/www.notibras.com\/site\/wp-json\/wp\/v2\/types\/post"}],"author":[{"embeddable":true,"href":"https:\/\/www.notibras.com\/site\/wp-json\/wp\/v2\/users\/2"}],"replies":[{"embeddable":true,"href":"https:\/\/www.notibras.com\/site\/wp-json\/wp\/v2\/comments?post=15322"}],"version-history":[{"count":0,"href":"https:\/\/www.notibras.com\/site\/wp-json\/wp\/v2\/posts\/15322\/revisions"}],"wp:featuredmedia":[{"embeddable":true,"href":"https:\/\/www.notibras.com\/site\/wp-json\/wp\/v2\/media\/15323"}],"wp:attachment":[{"href":"https:\/\/www.notibras.com\/site\/wp-json\/wp\/v2\/media?parent=15322"}],"wp:term":[{"taxonomy":"category","embeddable":true,"href":"https:\/\/www.notibras.com\/site\/wp-json\/wp\/v2\/categories?post=15322"},{"taxonomy":"post_tag","embeddable":true,"href":"https:\/\/www.notibras.com\/site\/wp-json\/wp\/v2\/tags?post=15322"}],"curies":[{"name":"wp","href":"https:\/\/api.w.org\/{rel}","templated":true}]}}