{"id":15344,"date":"2014-07-05T19:12:33","date_gmt":"2014-07-05T22:12:33","guid":{"rendered":"http:\/\/www.notibras.com\/site\/?p=15344"},"modified":"2014-07-05T19:12:33","modified_gmt":"2014-07-05T22:12:33","slug":"direcao-do-pt-preve-gastar-298-milhoes-para-reeleger-dilma","status":"publish","type":"post","link":"https:\/\/www.notibras.com\/site\/direcao-do-pt-preve-gastar-298-milhoes-para-reeleger-dilma\/","title":{"rendered":"Dire\u00e7\u00e3o do PT prev\u00ea gastar 298 milh\u00f5es para reeleger Dilma"},"content":{"rendered":"<p>O advogado do PT Gustavo Severo protocolou neste s\u00e1bado (5) o registro da candidatura \u00e0 reelei\u00e7\u00e3o da presidente Dilma Rousseff na sede do Tribunal Superior Eleitoral (TSE), em Bras\u00edlia. O coordenador do programa de Dilma, Alessandro Teixeira, acompanhou Severo no TSE.<\/p>\n<p>Na documenta\u00e7\u00e3o entregue ao tribunal, o PT estimou em R$ 298 milh\u00f5es o gasto m\u00e1ximo da campanha \u2013 o PSDB de A\u00e9cio Neves previu R$ 290 milh\u00f5es e o PSB de Eduardo Campos, R$ 150 milh\u00f5es.<\/p>\n<p>A plataforma de governo da presidente Dilma, intitulada &#8220;Mais mudan\u00e7as, mais futuro&#8221;, tem 40 p\u00e1ginas e aborda assuntos como os \u00faltimos 12 anos de governo do PT na Presid\u00eancia da Rep\u00fablica, desenvolvimento econ\u00f4mico, melhorias na sa\u00fade, educa\u00e7\u00e3o, seguran\u00e7a p\u00fablica, aspectos relacionados \u00e0 energia, \u00e0 ci\u00eancia e tecnologia, habita\u00e7\u00e3o e agricultura familiar.<\/p>\n<p>Segundo explicou Alessandro Teixeira, coordenador do programa de governo do PT, a regula\u00e7\u00e3o da m\u00eddia, tema proposto nas diretrizes formuladas pelo partido, n\u00e3o foi inclu\u00edda no programa de governo da presidente. Segundo ele, \u00e9 uma quest\u00e3o que pode ser discutida &#8220;no futuro&#8221;.<\/p>\n<p>O secret\u00e1rio-geral do partido, Geraldo Magela, afirmou ap\u00f3s protocolar os documentos no TSE que a elabora\u00e7\u00e3o do programa contou com a participa\u00e7\u00e3o das legendas que apoiam a reelei\u00e7\u00e3o de Dilma.<\/p>\n<blockquote><p>&#8220;Desde o in\u00edcio, n\u00f3s deixamos claro que o PT, como coordenador da coliga\u00e7\u00e3o, ofereceria contribui\u00e7\u00f5es, mas o programa de governo \u00e9 um programa formulado em conjunto com os partidos e, naturalmente, sob a coordena\u00e7\u00e3o da nossa presidenta e candidata&#8221;, disse.<\/p><\/blockquote>\n<p>Motivo de embates entre governo e oposi\u00e7\u00e3o e entre Executivo e Legislativo, os conselhos populares s\u00e3o citados no programa de governo da presidente Dilma como &#8220;n\u00e3o conflitantes&#8221; com as atribui\u00e7\u00f5es do Poder Legislativo. O governo defende a participa\u00e7\u00e3o dos conselhos nas decis\u00f5es do Executivo, mas parlamentares argumentam que os conselhos &#8220;invadem&#8221; as fun\u00e7\u00f5es do Congresso Nacional.<\/p>\n","protected":false},"excerpt":{"rendered":"<p>O advogado do PT Gustavo Severo protocolou neste s\u00e1bado (5) o registro da candidatura \u00e0 reelei\u00e7\u00e3o da presidente Dilma Rousseff na sede do Tribunal Superior Eleitoral (TSE), em Bras\u00edlia. O coordenador do programa de Dilma, Alessandro Teixeira, acompanhou Severo no TSE. Na documenta\u00e7\u00e3o entregue ao tribunal, o PT estimou em R$ 298 milh\u00f5es o gasto [&hellip;]<\/p>\n","protected":false},"author":2,"featured_media":15345,"comment_status":"open","ping_status":"closed","sticky":false,"template":"","format":"standard","meta":{"_acf_changed":false,"footnotes":""},"categories":[33],"tags":[],"class_list":["post-15344","post","type-post","status-publish","format-standard","has-post-thumbnail","hentry","category-eleicoes-2014"],"acf":[],"_links":{"self":[{"href":"https:\/\/www.notibras.com\/site\/wp-json\/wp\/v2\/posts\/15344","targetHints":{"allow":["GET"]}}],"collection":[{"href":"https:\/\/www.notibras.com\/site\/wp-json\/wp\/v2\/posts"}],"about":[{"href":"https:\/\/www.notibras.com\/site\/wp-json\/wp\/v2\/types\/post"}],"author":[{"embeddable":true,"href":"https:\/\/www.notibras.com\/site\/wp-json\/wp\/v2\/users\/2"}],"replies":[{"embeddable":true,"href":"https:\/\/www.notibras.com\/site\/wp-json\/wp\/v2\/comments?post=15344"}],"version-history":[{"count":0,"href":"https:\/\/www.notibras.com\/site\/wp-json\/wp\/v2\/posts\/15344\/revisions"}],"wp:featuredmedia":[{"embeddable":true,"href":"https:\/\/www.notibras.com\/site\/wp-json\/wp\/v2\/media\/15345"}],"wp:attachment":[{"href":"https:\/\/www.notibras.com\/site\/wp-json\/wp\/v2\/media?parent=15344"}],"wp:term":[{"taxonomy":"category","embeddable":true,"href":"https:\/\/www.notibras.com\/site\/wp-json\/wp\/v2\/categories?post=15344"},{"taxonomy":"post_tag","embeddable":true,"href":"https:\/\/www.notibras.com\/site\/wp-json\/wp\/v2\/tags?post=15344"}],"curies":[{"name":"wp","href":"https:\/\/api.w.org\/{rel}","templated":true}]}}