{"id":15351,"date":"2014-07-05T19:56:46","date_gmt":"2014-07-05T22:56:46","guid":{"rendered":"http:\/\/www.notibras.com\/site\/?p=15351"},"modified":"2014-07-06T11:51:28","modified_gmt":"2014-07-06T14:51:28","slug":"goleiros-fazem-magica-e-holanda-bate-a-costa-rica-nos-penaltis","status":"publish","type":"post","link":"https:\/\/www.notibras.com\/site\/goleiros-fazem-magica-e-holanda-bate-a-costa-rica-nos-penaltis\/","title":{"rendered":"Goleiros fazem m\u00e1gica, trave salva e Holanda bate Costa Rica nos p\u00eanaltis"},"content":{"rendered":"<p>A Costa Rica, maior surpresa da Copa da Fifa, enfim perdeu um jogo. Foi neste s\u00e1bado, na Fonte Nova, em Salvador, para a Holanda. E volta para casa, mas com brilho e\u00a0 moral elevado. Afinal, a sele\u00e7\u00e3o estava no &#8216;grupo da morte&#8217; e passou; teve um a menos contra a Gr\u00e9cia, levou gol no \u00faltimo minuto e, mesmo assim, passou nos p\u00eanaltis.<\/p>\n<p>Seus jogadores apostaram que conseguiriam parar a Holanda como pararam a It\u00e1lia e o Uruguai \u2013 e pararam, de forma que poucos cr\u00edticos de futebol no mundo saber\u00e3o explicar quando, no futuro, virem a tabela da Copa do Mundo de 2014. S\u00f3 que, nos p\u00eanaltis, foi encontrado o limite: a Holanda conseguiu bater o goleiro Navas em 4 cobran\u00e7as e est\u00e1 nas semifinais: 4 a 3.<\/p>\n<blockquote><p>A Holanda encara a Argentina, e o Itaquer\u00e3o ver\u00e1 um duelo entre duas grandes sele\u00e7\u00f5es do mundo na pr\u00f3xima quarta-feira, \u00e0s 17h. Os laranjas podem ver o jogo como uma chance de revanche, pelo vice em 1978; como a chance de manter o sonho de, ap\u00f3s tr\u00eas vices, levantar a ta\u00e7a mais desejada do futebol mundial.<\/p><\/blockquote>\n<p>Para isso, ter\u00e3o que bater uma sele\u00e7\u00e3o que estar\u00e1 nas semifinais pela primeira vez ap\u00f3s 24 anos, e liderada por aquele que, quatro vezes melhor do mundo, quer entrar de vez para o pante\u00e3o dos melhores da hist\u00f3ria. \u00c9 poss\u00edvel que o jogo seja ruim?<\/p>\n<p>A primeira etapa do \u00faltimo duelo das quartas de final come\u00e7ou como era esperado: a Holanda teve que sair mais para o jogo, diferentemente do que vinha fazendo nas partidas anteriores, mas fez isso sem mudar um ponto fundamental em seu estilo: as bolas em velocidade para Robben. Enquanto isso, a Costa Rica se defendia e apostava na consci\u00eancia de Bryan Ruiz no meio campo. Conseguiu criar boas jogadas que eram paradas com faltas pelos holandeses e soube neutralizar bastantes ataques rivais, mas viu por duas vezes a Holanda achar seu ataque nas costas da defesa.<\/p>\n<p>Na segunda etapa, os 10 primeiros minutos foram similares \u00e0 primeira metade, mas com um por\u00e9m: em contra-ataque, Junior Diaz invadiu a \u00e1rea pela esquerda e tocou rasteiro para Campbell. O atacante foi derrubado, em lance que gerou suspeita de p\u00eanalti. Depois, a Costa rica chegou a ensaiar &#8220;gostar do jogo&#8221;, como diz o clich\u00ea, algo que acabou quando Campbell foi substitu\u00eddo.<\/p>\n<p>A partir da\u00ed, Sneijder colocou a bola na trave em falta e Van Persie furou em lance dentro da pequena \u00e1rea. O destino foi a prorroga\u00e7\u00e3o, ap\u00f3s o lance mais incr\u00edvel da partida: nos acr\u00e9scimos, Tejeda salvou bola em cima da linha ap\u00f3s ela cruzar por dois atacantes na pequena \u00e1rea; a bola tocou no jogador e ainda no travess\u00e3o antes de ser afastada.<\/p>\n<p>A prorroga\u00e7\u00e3o mostrou que Navas fez um acordo com uma entidade espiritual, possivelmente: tr\u00eas bolas na trave, e nada de gol. Ure\u00f1a ainda teve a chance para a Costa Rica, mas parou em Cillessen &#8211; que foi substitu\u00eddo por Krul s\u00f3 para as cobran\u00e7as. Nos p\u00eanaltis,<\/p>\n","protected":false},"excerpt":{"rendered":"<p>A Costa Rica, maior surpresa da Copa da Fifa, enfim perdeu um jogo. Foi neste s\u00e1bado, na Fonte Nova, em Salvador, para a Holanda. E volta para casa, mas com brilho e\u00a0 moral elevado. Afinal, a sele\u00e7\u00e3o estava no &#8216;grupo da morte&#8217; e passou; teve um a menos contra a Gr\u00e9cia, levou gol no \u00faltimo [&hellip;]<\/p>\n","protected":false},"author":2,"featured_media":15352,"comment_status":"open","ping_status":"closed","sticky":false,"template":"","format":"standard","meta":{"_acf_changed":false,"footnotes":""},"categories":[19],"tags":[],"class_list":["post-15351","post","type-post","status-publish","format-standard","has-post-thumbnail","hentry","category-esportes"],"acf":[],"yoast_head":"<!-- This site is optimized with the Yoast SEO plugin v27.2 - https:\/\/yoast.com\/product\/yoast-seo-wordpress\/ -->\n<title>Goleiros fazem m\u00e1gica, trave salva e Holanda bate Costa Rica nos p\u00eanaltis - Notibras<\/title>\n<meta name=\"robots\" content=\"index, follow, max-snippet:-1, max-image-preview:large, max-video-preview:-1\" \/>\n<link rel=\"canonical\" href=\"https:\/\/www.notibras.com\/site\/goleiros-fazem-magica-e-holanda-bate-a-costa-rica-nos-penaltis\/\" \/>\n<meta property=\"og:locale\" content=\"pt_BR\" \/>\n<meta property=\"og:type\" content=\"article\" \/>\n<meta property=\"og:title\" content=\"Goleiros fazem m\u00e1gica, trave salva e Holanda bate Costa Rica nos p\u00eanaltis - Notibras\" \/>\n<meta property=\"og:description\" content=\"A Costa Rica, maior surpresa da Copa da Fifa, enfim perdeu um jogo. Foi neste s\u00e1bado, na Fonte Nova, em Salvador, para a Holanda. E volta para casa, mas com brilho e\u00a0 moral elevado. Afinal, a sele\u00e7\u00e3o estava no &#8216;grupo da morte&#8217; e passou; teve um a menos contra a Gr\u00e9cia, levou gol no \u00faltimo [&hellip;]\" \/>\n<meta property=\"og:url\" content=\"https:\/\/www.notibras.com\/site\/goleiros-fazem-magica-e-holanda-bate-a-costa-rica-nos-penaltis\/\" \/>\n<meta property=\"og:site_name\" content=\"Notibras\" \/>\n<meta property=\"article:publisher\" content=\"https:\/\/www.facebook.com\/notibras\/\" \/>\n<meta property=\"article:published_time\" content=\"2014-07-05T22:56:46+00:00\" \/>\n<meta property=\"article:modified_time\" content=\"2014-07-06T14:51:28+00:00\" \/>\n<meta property=\"og:image\" content=\"https:\/\/www.notibras.com\/site\/wp-content\/uploads\/2014\/07\/costaholanda-scaled.jpg\" \/>\n\t<meta property=\"og:image:width\" content=\"2560\" \/>\n\t<meta property=\"og:image:height\" content=\"1771\" \/>\n\t<meta property=\"og:image:type\" content=\"image\/jpeg\" \/>\n<meta name=\"author\" content=\"Reda\u00e7\u00e3o\" \/>\n<meta name=\"twitter:card\" content=\"summary_large_image\" \/>\n<meta name=\"twitter:creator\" content=\"@Notibras\" \/>\n<meta name=\"twitter:site\" content=\"@Notibras\" \/>\n<meta name=\"twitter:label1\" content=\"Escrito por\" \/>\n\t<meta name=\"twitter:data1\" content=\"Reda\u00e7\u00e3o\" \/>\n\t<meta name=\"twitter:label2\" content=\"Est. tempo de leitura\" \/>\n\t<meta name=\"twitter:data2\" content=\"3 minutos\" \/>\n<script type=\"application\/ld+json\" class=\"yoast-schema-graph\">{\"@context\":\"https:\/\/schema.org\",\"@graph\":[{\"@type\":\"Article\",\"@id\":\"https:\/\/www.notibras.com\/site\/goleiros-fazem-magica-e-holanda-bate-a-costa-rica-nos-penaltis\/#article\",\"isPartOf\":{\"@id\":\"https:\/\/www.notibras.com\/site\/goleiros-fazem-magica-e-holanda-bate-a-costa-rica-nos-penaltis\/\"},\"author\":{\"name\":\"Reda\u00e7\u00e3o\",\"@id\":\"https:\/\/www.notibras.com\/site\/#\/schema\/person\/36ab0979449956132d3e5b517ea76ac8\"},\"headline\":\"Goleiros fazem m\u00e1gica, trave salva e Holanda bate Costa Rica nos p\u00eanaltis\",\"datePublished\":\"2014-07-05T22:56:46+00:00\",\"dateModified\":\"2014-07-06T14:51:28+00:00\",\"mainEntityOfPage\":{\"@id\":\"https:\/\/www.notibras.com\/site\/goleiros-fazem-magica-e-holanda-bate-a-costa-rica-nos-penaltis\/\"},\"wordCount\":539,\"commentCount\":0,\"publisher\":{\"@id\":\"https:\/\/www.notibras.com\/site\/#organization\"},\"image\":{\"@id\":\"https:\/\/www.notibras.com\/site\/goleiros-fazem-magica-e-holanda-bate-a-costa-rica-nos-penaltis\/#primaryimage\"},\"thumbnailUrl\":\"https:\/\/www.notibras.com\/site\/wp-content\/uploads\/2014\/07\/costaholanda-scaled.jpg\",\"articleSection\":[\"Esportes\"],\"inLanguage\":\"pt-BR\",\"potentialAction\":[{\"@type\":\"CommentAction\",\"name\":\"Comment\",\"target\":[\"https:\/\/www.notibras.com\/site\/goleiros-fazem-magica-e-holanda-bate-a-costa-rica-nos-penaltis\/#respond\"]}]},{\"@type\":\"WebPage\",\"@id\":\"https:\/\/www.notibras.com\/site\/goleiros-fazem-magica-e-holanda-bate-a-costa-rica-nos-penaltis\/\",\"url\":\"https:\/\/www.notibras.com\/site\/goleiros-fazem-magica-e-holanda-bate-a-costa-rica-nos-penaltis\/\",\"name\":\"Goleiros fazem m\u00e1gica, trave salva e Holanda bate Costa Rica nos p\u00eanaltis - Notibras\",\"isPartOf\":{\"@id\":\"https:\/\/www.notibras.com\/site\/#website\"},\"primaryImageOfPage\":{\"@id\":\"https:\/\/www.notibras.com\/site\/goleiros-fazem-magica-e-holanda-bate-a-costa-rica-nos-penaltis\/#primaryimage\"},\"image\":{\"@id\":\"https:\/\/www.notibras.com\/site\/goleiros-fazem-magica-e-holanda-bate-a-costa-rica-nos-penaltis\/#primaryimage\"},\"thumbnailUrl\":\"https:\/\/www.notibras.com\/site\/wp-content\/uploads\/2014\/07\/costaholanda-scaled.jpg\",\"datePublished\":\"2014-07-05T22:56:46+00:00\",\"dateModified\":\"2014-07-06T14:51:28+00:00\",\"breadcrumb\":{\"@id\":\"https:\/\/www.notibras.com\/site\/goleiros-fazem-magica-e-holanda-bate-a-costa-rica-nos-penaltis\/#breadcrumb\"},\"inLanguage\":\"pt-BR\",\"potentialAction\":[{\"@type\":\"ReadAction\",\"target\":[\"https:\/\/www.notibras.com\/site\/goleiros-fazem-magica-e-holanda-bate-a-costa-rica-nos-penaltis\/\"]}]},{\"@type\":\"ImageObject\",\"inLanguage\":\"pt-BR\",\"@id\":\"https:\/\/www.notibras.com\/site\/goleiros-fazem-magica-e-holanda-bate-a-costa-rica-nos-penaltis\/#primaryimage\",\"url\":\"https:\/\/www.notibras.com\/site\/wp-content\/uploads\/2014\/07\/costaholanda-scaled.jpg\",\"contentUrl\":\"https:\/\/www.notibras.com\/site\/wp-content\/uploads\/2014\/07\/costaholanda-scaled.jpg\",\"width\":2560,\"height\":1771},{\"@type\":\"BreadcrumbList\",\"@id\":\"https:\/\/www.notibras.com\/site\/goleiros-fazem-magica-e-holanda-bate-a-costa-rica-nos-penaltis\/#breadcrumb\",\"itemListElement\":[{\"@type\":\"ListItem\",\"position\":1,\"name\":\"In\u00edcio\",\"item\":\"https:\/\/www.notibras.com\/site\/\"},{\"@type\":\"ListItem\",\"position\":2,\"name\":\"Goleiros fazem m\u00e1gica, trave salva e Holanda bate Costa Rica nos p\u00eanaltis\"}]},{\"@type\":\"WebSite\",\"@id\":\"https:\/\/www.notibras.com\/site\/#website\",\"url\":\"https:\/\/www.notibras.com\/site\/\",\"name\":\"Notibras\",\"description\":\"Not\u00edcias de Bras\u00edlia, do Brasil e do Mundo\",\"publisher\":{\"@id\":\"https:\/\/www.notibras.com\/site\/#organization\"},\"potentialAction\":[{\"@type\":\"SearchAction\",\"target\":{\"@type\":\"EntryPoint\",\"urlTemplate\":\"https:\/\/www.notibras.com\/site\/?s={search_term_string}\"},\"query-input\":{\"@type\":\"PropertyValueSpecification\",\"valueRequired\":true,\"valueName\":\"search_term_string\"}}],\"inLanguage\":\"pt-BR\"},{\"@type\":\"Organization\",\"@id\":\"https:\/\/www.notibras.com\/site\/#organization\",\"name\":\"Grupo Notibras de Comunica\u00e7\u00e3o\",\"url\":\"https:\/\/www.notibras.com\/site\/\",\"logo\":{\"@type\":\"ImageObject\",\"inLanguage\":\"pt-BR\",\"@id\":\"https:\/\/www.notibras.com\/site\/#\/schema\/logo\/image\/\",\"url\":\"https:\/\/www.notibras.com\/site\/wp-content\/uploads\/2023\/01\/notibras23.png\",\"contentUrl\":\"https:\/\/www.notibras.com\/site\/wp-content\/uploads\/2023\/01\/notibras23.png\",\"width\":350,\"height\":87,\"caption\":\"Grupo Notibras de Comunica\u00e7\u00e3o\"},\"image\":{\"@id\":\"https:\/\/www.notibras.com\/site\/#\/schema\/logo\/image\/\"},\"sameAs\":[\"https:\/\/www.facebook.com\/notibras\/\",\"https:\/\/x.com\/Notibras\",\"https:\/\/www.instagram.com\/notibras\/\"]},{\"@type\":\"Person\",\"@id\":\"https:\/\/www.notibras.com\/site\/#\/schema\/person\/36ab0979449956132d3e5b517ea76ac8\",\"name\":\"Reda\u00e7\u00e3o\",\"image\":{\"@type\":\"ImageObject\",\"inLanguage\":\"pt-BR\",\"@id\":\"https:\/\/secure.gravatar.com\/avatar\/e0a867bdedb85fd243eadf09663511f96fc81e0720a4a42581f334ad4303aa6b?s=96&d=mm&r=g\",\"url\":\"https:\/\/secure.gravatar.com\/avatar\/e0a867bdedb85fd243eadf09663511f96fc81e0720a4a42581f334ad4303aa6b?s=96&d=mm&r=g\",\"contentUrl\":\"https:\/\/secure.gravatar.com\/avatar\/e0a867bdedb85fd243eadf09663511f96fc81e0720a4a42581f334ad4303aa6b?s=96&d=mm&r=g\",\"caption\":\"Reda\u00e7\u00e3o\"}}]}<\/script>\n<!-- \/ Yoast SEO plugin. -->","yoast_head_json":{"title":"Goleiros fazem m\u00e1gica, trave salva e Holanda bate Costa Rica nos p\u00eanaltis - Notibras","robots":{"index":"index","follow":"follow","max-snippet":"max-snippet:-1","max-image-preview":"max-image-preview:large","max-video-preview":"max-video-preview:-1"},"canonical":"https:\/\/www.notibras.com\/site\/goleiros-fazem-magica-e-holanda-bate-a-costa-rica-nos-penaltis\/","og_locale":"pt_BR","og_type":"article","og_title":"Goleiros fazem m\u00e1gica, trave salva e Holanda bate Costa Rica nos p\u00eanaltis - Notibras","og_description":"A Costa Rica, maior surpresa da Copa da Fifa, enfim perdeu um jogo. Foi neste s\u00e1bado, na Fonte Nova, em Salvador, para a Holanda. E volta para casa, mas com brilho e\u00a0 moral elevado. Afinal, a sele\u00e7\u00e3o estava no &#8216;grupo da morte&#8217; e passou; teve um a menos contra a Gr\u00e9cia, levou gol no \u00faltimo [&hellip;]","og_url":"https:\/\/www.notibras.com\/site\/goleiros-fazem-magica-e-holanda-bate-a-costa-rica-nos-penaltis\/","og_site_name":"Notibras","article_publisher":"https:\/\/www.facebook.com\/notibras\/","article_published_time":"2014-07-05T22:56:46+00:00","article_modified_time":"2014-07-06T14:51:28+00:00","og_image":[{"width":2560,"height":1771,"url":"https:\/\/www.notibras.com\/site\/wp-content\/uploads\/2014\/07\/costaholanda-scaled.jpg","type":"image\/jpeg"}],"author":"Reda\u00e7\u00e3o","twitter_card":"summary_large_image","twitter_creator":"@Notibras","twitter_site":"@Notibras","twitter_misc":{"Escrito por":"Reda\u00e7\u00e3o","Est. tempo de leitura":"3 minutos"},"schema":{"@context":"https:\/\/schema.org","@graph":[{"@type":"Article","@id":"https:\/\/www.notibras.com\/site\/goleiros-fazem-magica-e-holanda-bate-a-costa-rica-nos-penaltis\/#article","isPartOf":{"@id":"https:\/\/www.notibras.com\/site\/goleiros-fazem-magica-e-holanda-bate-a-costa-rica-nos-penaltis\/"},"author":{"name":"Reda\u00e7\u00e3o","@id":"https:\/\/www.notibras.com\/site\/#\/schema\/person\/36ab0979449956132d3e5b517ea76ac8"},"headline":"Goleiros fazem m\u00e1gica, trave salva e Holanda bate Costa Rica nos p\u00eanaltis","datePublished":"2014-07-05T22:56:46+00:00","dateModified":"2014-07-06T14:51:28+00:00","mainEntityOfPage":{"@id":"https:\/\/www.notibras.com\/site\/goleiros-fazem-magica-e-holanda-bate-a-costa-rica-nos-penaltis\/"},"wordCount":539,"commentCount":0,"publisher":{"@id":"https:\/\/www.notibras.com\/site\/#organization"},"image":{"@id":"https:\/\/www.notibras.com\/site\/goleiros-fazem-magica-e-holanda-bate-a-costa-rica-nos-penaltis\/#primaryimage"},"thumbnailUrl":"https:\/\/www.notibras.com\/site\/wp-content\/uploads\/2014\/07\/costaholanda-scaled.jpg","articleSection":["Esportes"],"inLanguage":"pt-BR","potentialAction":[{"@type":"CommentAction","name":"Comment","target":["https:\/\/www.notibras.com\/site\/goleiros-fazem-magica-e-holanda-bate-a-costa-rica-nos-penaltis\/#respond"]}]},{"@type":"WebPage","@id":"https:\/\/www.notibras.com\/site\/goleiros-fazem-magica-e-holanda-bate-a-costa-rica-nos-penaltis\/","url":"https:\/\/www.notibras.com\/site\/goleiros-fazem-magica-e-holanda-bate-a-costa-rica-nos-penaltis\/","name":"Goleiros fazem m\u00e1gica, trave salva e Holanda bate Costa Rica nos p\u00eanaltis - Notibras","isPartOf":{"@id":"https:\/\/www.notibras.com\/site\/#website"},"primaryImageOfPage":{"@id":"https:\/\/www.notibras.com\/site\/goleiros-fazem-magica-e-holanda-bate-a-costa-rica-nos-penaltis\/#primaryimage"},"image":{"@id":"https:\/\/www.notibras.com\/site\/goleiros-fazem-magica-e-holanda-bate-a-costa-rica-nos-penaltis\/#primaryimage"},"thumbnailUrl":"https:\/\/www.notibras.com\/site\/wp-content\/uploads\/2014\/07\/costaholanda-scaled.jpg","datePublished":"2014-07-05T22:56:46+00:00","dateModified":"2014-07-06T14:51:28+00:00","breadcrumb":{"@id":"https:\/\/www.notibras.com\/site\/goleiros-fazem-magica-e-holanda-bate-a-costa-rica-nos-penaltis\/#breadcrumb"},"inLanguage":"pt-BR","potentialAction":[{"@type":"ReadAction","target":["https:\/\/www.notibras.com\/site\/goleiros-fazem-magica-e-holanda-bate-a-costa-rica-nos-penaltis\/"]}]},{"@type":"ImageObject","inLanguage":"pt-BR","@id":"https:\/\/www.notibras.com\/site\/goleiros-fazem-magica-e-holanda-bate-a-costa-rica-nos-penaltis\/#primaryimage","url":"https:\/\/www.notibras.com\/site\/wp-content\/uploads\/2014\/07\/costaholanda-scaled.jpg","contentUrl":"https:\/\/www.notibras.com\/site\/wp-content\/uploads\/2014\/07\/costaholanda-scaled.jpg","width":2560,"height":1771},{"@type":"BreadcrumbList","@id":"https:\/\/www.notibras.com\/site\/goleiros-fazem-magica-e-holanda-bate-a-costa-rica-nos-penaltis\/#breadcrumb","itemListElement":[{"@type":"ListItem","position":1,"name":"In\u00edcio","item":"https:\/\/www.notibras.com\/site\/"},{"@type":"ListItem","position":2,"name":"Goleiros fazem m\u00e1gica, trave salva e Holanda bate Costa Rica nos p\u00eanaltis"}]},{"@type":"WebSite","@id":"https:\/\/www.notibras.com\/site\/#website","url":"https:\/\/www.notibras.com\/site\/","name":"Notibras","description":"Not\u00edcias de Bras\u00edlia, do Brasil e do Mundo","publisher":{"@id":"https:\/\/www.notibras.com\/site\/#organization"},"potentialAction":[{"@type":"SearchAction","target":{"@type":"EntryPoint","urlTemplate":"https:\/\/www.notibras.com\/site\/?s={search_term_string}"},"query-input":{"@type":"PropertyValueSpecification","valueRequired":true,"valueName":"search_term_string"}}],"inLanguage":"pt-BR"},{"@type":"Organization","@id":"https:\/\/www.notibras.com\/site\/#organization","name":"Grupo Notibras de Comunica\u00e7\u00e3o","url":"https:\/\/www.notibras.com\/site\/","logo":{"@type":"ImageObject","inLanguage":"pt-BR","@id":"https:\/\/www.notibras.com\/site\/#\/schema\/logo\/image\/","url":"https:\/\/www.notibras.com\/site\/wp-content\/uploads\/2023\/01\/notibras23.png","contentUrl":"https:\/\/www.notibras.com\/site\/wp-content\/uploads\/2023\/01\/notibras23.png","width":350,"height":87,"caption":"Grupo Notibras de Comunica\u00e7\u00e3o"},"image":{"@id":"https:\/\/www.notibras.com\/site\/#\/schema\/logo\/image\/"},"sameAs":["https:\/\/www.facebook.com\/notibras\/","https:\/\/x.com\/Notibras","https:\/\/www.instagram.com\/notibras\/"]},{"@type":"Person","@id":"https:\/\/www.notibras.com\/site\/#\/schema\/person\/36ab0979449956132d3e5b517ea76ac8","name":"Reda\u00e7\u00e3o","image":{"@type":"ImageObject","inLanguage":"pt-BR","@id":"https:\/\/secure.gravatar.com\/avatar\/e0a867bdedb85fd243eadf09663511f96fc81e0720a4a42581f334ad4303aa6b?s=96&d=mm&r=g","url":"https:\/\/secure.gravatar.com\/avatar\/e0a867bdedb85fd243eadf09663511f96fc81e0720a4a42581f334ad4303aa6b?s=96&d=mm&r=g","contentUrl":"https:\/\/secure.gravatar.com\/avatar\/e0a867bdedb85fd243eadf09663511f96fc81e0720a4a42581f334ad4303aa6b?s=96&d=mm&r=g","caption":"Reda\u00e7\u00e3o"}}]}},"amp_enabled":true,"_links":{"self":[{"href":"https:\/\/www.notibras.com\/site\/wp-json\/wp\/v2\/posts\/15351","targetHints":{"allow":["GET"]}}],"collection":[{"href":"https:\/\/www.notibras.com\/site\/wp-json\/wp\/v2\/posts"}],"about":[{"href":"https:\/\/www.notibras.com\/site\/wp-json\/wp\/v2\/types\/post"}],"author":[{"embeddable":true,"href":"https:\/\/www.notibras.com\/site\/wp-json\/wp\/v2\/users\/2"}],"replies":[{"embeddable":true,"href":"https:\/\/www.notibras.com\/site\/wp-json\/wp\/v2\/comments?post=15351"}],"version-history":[{"count":0,"href":"https:\/\/www.notibras.com\/site\/wp-json\/wp\/v2\/posts\/15351\/revisions"}],"wp:featuredmedia":[{"embeddable":true,"href":"https:\/\/www.notibras.com\/site\/wp-json\/wp\/v2\/media\/15352"}],"wp:attachment":[{"href":"https:\/\/www.notibras.com\/site\/wp-json\/wp\/v2\/media?parent=15351"}],"wp:term":[{"taxonomy":"category","embeddable":true,"href":"https:\/\/www.notibras.com\/site\/wp-json\/wp\/v2\/categories?post=15351"},{"taxonomy":"post_tag","embeddable":true,"href":"https:\/\/www.notibras.com\/site\/wp-json\/wp\/v2\/tags?post=15351"}],"curies":[{"name":"wp","href":"https:\/\/api.w.org\/{rel}","templated":true}]}}