{"id":15364,"date":"2014-07-06T11:49:42","date_gmt":"2014-07-06T14:49:42","guid":{"rendered":"http:\/\/www.notibras.com\/site\/?p=15364"},"modified":"2014-07-06T21:28:50","modified_gmt":"2014-07-07T00:28:50","slug":"deu-hamilton-em-casa-e-esquenta-a-briga-na-mercedes-pelo-titulo","status":"publish","type":"post","link":"https:\/\/www.notibras.com\/site\/deu-hamilton-em-casa-e-esquenta-a-briga-na-mercedes-pelo-titulo\/","title":{"rendered":"Deu Hamilton em casa. E esquenta a briga na Mercedes pelo t\u00edtulo"},"content":{"rendered":"<p>O brit\u00e2nico Lewis Hamilton venceu neste domingo o Grande Pr\u00eamio da Inglaterra de F\u00f3rmula 1. Em uma prova marcada pela largada tumultuada, o piloto da Mercedes se beneficiou dos problemas de seu companheiro de equipe, o alem\u00e3o Nico Rosberg, e voltou a subir no topo do p\u00f3dio no Circuito de Silverstone.<\/p>\n<p class=\"text\">Hamilton \u2013 que havia vencido na pista apenas em 2008 \u2013 cruzou a linha de chegada \u00e0 frente do finland\u00eas Valtteri Bottas, no melhor desempenho da Williams em 2014. O australiano Daniel Ricciardo (Red Bull), em uma corrida bastante burocr\u00e1tica, completou o p\u00f3dio. Jenson Button (McLaren) foi o quarto, pouco atr\u00e1s.<\/p>\n<p class=\"text\">Sebastian Vettel e Fernando Alonso fizeram uma disputa bastante acirrada no fim da prova pelo quinto lugar. O alem\u00e3o da Red Bull levou a melhor, deixando o espanhol da Ferrari em sexto. Kevin Magnussen (McLaren), Nico Hulkenberg (Force India), Daniil Kvyat (Toro Rosso) e Jean-Eric Vergne (Toro Rosso) completaram as dez primeiras posi\u00e7\u00f5es.<\/p>\n<p class=\"text\">Se a Williams comemorou o desempenho de Bottas, teve muito a lamentar com Felipe Massa. O brasileiro foi atingido pela Ferrari de Kimi Raikkonen ainda na primeira prova e foi obrigado a abandonar. Era o 200\u00ba GP de Massa na F1.<\/p>\n<p class=\"text\">Os resultados mantiveram Nico Rosberg na lideran\u00e7a do Mundial de pilotos, mas com Lewis Hamilton muito pr\u00f3ximo. O alem\u00e3o se manteve com 165 pontos, mas o brit\u00e2nico foi a 161 e encostou na lideran\u00e7a.<\/p>\n<blockquote>\n<p class=\"text\">Na largada da prova deste domingo, Nico Rosberg manteve a primeira posi\u00e7\u00e3o que conquistou no grid de largada, mas Vettel saiu mal e perdeu posi\u00e7\u00f5es, caindo para quinto. Button pulou para segundo, com Magnussen em terceiro, Hamilton em quarto. L\u00e1 atr\u00e1s, Massa teve problemas de embreagem e caiu para \u00faltimo, mas come\u00e7ou a ganhar posi\u00e7\u00f5es.<\/p>\n<\/blockquote>\n<p class=\"text\">No entanto, a corrida do brasileiro da Williams acabou ainda na quinta curva, ap\u00f3s Kimi Raikkonen escapar da pista \u2013 na volta ao tra\u00e7ado, o finland\u00eas perdeu o controle da Ferrari, rodou na pista e atingiu Massa. Os dois abandonaram a prova ali mesmo, e a organiza\u00e7\u00e3o da prova deu bandeira vermelha.<\/p>\n<p class=\"text\">Ap\u00f3s cerca de uma hora de paralisa\u00e7\u00e3o, os pilotos relargaram. Rosberg se manteve na frente, com Button em segundo, mas Hamilton passou Magnussen sem dificuldades. Com tr\u00eas voltas completadas, Bottas &#8211; que largou em 17\u00ba &#8211; j\u00e1 era o s\u00e9timo. Em briga de brit\u00e2nicos, Button segurou pouco, e Hamilton assumiu o segundo lugar na quarta volta.<\/p>\n<p class=\"text\">Na volta 17, Bottas tamb\u00e9m partiu para cima de Button e tomou a terceira coloca\u00e7\u00e3o sem muita batalha. Na lideran\u00e7a, Rosberg parou nos boxes duas voltas depois, na 19, para evitar confronto com Hamilton. A estrat\u00e9gia deu certo, mas Rosberg apresentou problemas no c\u00e2mbio dez voltas depois &#8211; melhor para o brit\u00e2nico, que tomou a ponta na volta 29. O alem\u00e3o foi ficando para tr\u00e1s at\u00e9 abandonar.<\/p>\n<p class=\"text\">Bottas passou a ser segundo e chegou a perder a posi\u00e7\u00e3o para Vettel ao parar nos boxes; o finland\u00eas, no entanto, superou o rival da Red Bull, que foi para os boxes na volta 34. No retorno, o tetracampe\u00e3o caiu para sexto, mas partiu para cima de Alonso e conquistou a quinta posi\u00e7\u00e3o.<\/p>\n<p class=\"text\">Foi a\u00ed que come\u00e7ou uma disputa pelo quinto lugar que durou at\u00e9 o final da corrida. Alonso chegou a voltar ao quinto lugar, mas o alem\u00e3o atacou de novo na volta 47, amea\u00e7ando tocar a roda e levar ambos para fora. No fim, Vettel levou a melhor na Curva 1 e ganhou a posi\u00e7\u00e3o na volta 48. Pelos r\u00e1dios, os dois reclamavam um do outro \u00e0s equipes, sendo ouvidos pela dire\u00e7\u00e3o de prova.<\/p>\n","protected":false},"excerpt":{"rendered":"<p>O brit\u00e2nico Lewis Hamilton venceu neste domingo o Grande Pr\u00eamio da Inglaterra de F\u00f3rmula 1. Em uma prova marcada pela largada tumultuada, o piloto da Mercedes se beneficiou dos problemas de seu companheiro de equipe, o alem\u00e3o Nico Rosberg, e voltou a subir no topo do p\u00f3dio no Circuito de Silverstone. Hamilton \u2013 que havia [&hellip;]<\/p>\n","protected":false},"author":2,"featured_media":15365,"comment_status":"open","ping_status":"closed","sticky":false,"template":"","format":"standard","meta":{"_acf_changed":false,"footnotes":""},"categories":[27,19],"tags":[],"class_list":["post-15364","post","type-post","status-publish","format-standard","has-post-thumbnail","hentry","category-automobilismo","category-esportes"],"acf":[],"yoast_head":"<!-- This site is optimized with the Yoast SEO plugin v27.2 - https:\/\/yoast.com\/product\/yoast-seo-wordpress\/ -->\n<title>Deu Hamilton em casa. E esquenta a briga na Mercedes pelo t\u00edtulo - Notibras<\/title>\n<meta name=\"robots\" content=\"index, follow, max-snippet:-1, max-image-preview:large, max-video-preview:-1\" \/>\n<link rel=\"canonical\" href=\"https:\/\/www.notibras.com\/site\/deu-hamilton-em-casa-e-esquenta-a-briga-na-mercedes-pelo-titulo\/\" \/>\n<meta property=\"og:locale\" content=\"pt_BR\" \/>\n<meta property=\"og:type\" content=\"article\" \/>\n<meta property=\"og:title\" content=\"Deu Hamilton em casa. E esquenta a briga na Mercedes pelo t\u00edtulo - Notibras\" \/>\n<meta property=\"og:description\" content=\"O brit\u00e2nico Lewis Hamilton venceu neste domingo o Grande Pr\u00eamio da Inglaterra de F\u00f3rmula 1. Em uma prova marcada pela largada tumultuada, o piloto da Mercedes se beneficiou dos problemas de seu companheiro de equipe, o alem\u00e3o Nico Rosberg, e voltou a subir no topo do p\u00f3dio no Circuito de Silverstone. Hamilton \u2013 que havia [&hellip;]\" \/>\n<meta property=\"og:url\" content=\"https:\/\/www.notibras.com\/site\/deu-hamilton-em-casa-e-esquenta-a-briga-na-mercedes-pelo-titulo\/\" \/>\n<meta property=\"og:site_name\" content=\"Notibras\" \/>\n<meta property=\"article:publisher\" content=\"https:\/\/www.facebook.com\/notibras\/\" \/>\n<meta property=\"article:published_time\" content=\"2014-07-06T14:49:42+00:00\" \/>\n<meta property=\"article:modified_time\" content=\"2014-07-07T00:28:50+00:00\" \/>\n<meta property=\"og:image\" content=\"https:\/\/www.notibras.com\/site\/wp-content\/uploads\/2014\/07\/ha.jpg\" \/>\n\t<meta property=\"og:image:width\" content=\"460\" \/>\n\t<meta property=\"og:image:height\" content=\"340\" \/>\n\t<meta property=\"og:image:type\" content=\"image\/jpeg\" \/>\n<meta name=\"author\" content=\"Reda\u00e7\u00e3o\" \/>\n<meta name=\"twitter:card\" content=\"summary_large_image\" \/>\n<meta name=\"twitter:creator\" content=\"@Notibras\" \/>\n<meta name=\"twitter:site\" content=\"@Notibras\" \/>\n<meta name=\"twitter:label1\" content=\"Escrito por\" \/>\n\t<meta name=\"twitter:data1\" content=\"Reda\u00e7\u00e3o\" \/>\n\t<meta name=\"twitter:label2\" content=\"Est. tempo de leitura\" \/>\n\t<meta name=\"twitter:data2\" content=\"3 minutos\" \/>\n<script type=\"application\/ld+json\" class=\"yoast-schema-graph\">{\"@context\":\"https:\/\/schema.org\",\"@graph\":[{\"@type\":\"Article\",\"@id\":\"https:\/\/www.notibras.com\/site\/deu-hamilton-em-casa-e-esquenta-a-briga-na-mercedes-pelo-titulo\/#article\",\"isPartOf\":{\"@id\":\"https:\/\/www.notibras.com\/site\/deu-hamilton-em-casa-e-esquenta-a-briga-na-mercedes-pelo-titulo\/\"},\"author\":{\"name\":\"Reda\u00e7\u00e3o\",\"@id\":\"https:\/\/www.notibras.com\/site\/#\/schema\/person\/36ab0979449956132d3e5b517ea76ac8\"},\"headline\":\"Deu Hamilton em casa. E esquenta a briga na Mercedes pelo t\u00edtulo\",\"datePublished\":\"2014-07-06T14:49:42+00:00\",\"dateModified\":\"2014-07-07T00:28:50+00:00\",\"mainEntityOfPage\":{\"@id\":\"https:\/\/www.notibras.com\/site\/deu-hamilton-em-casa-e-esquenta-a-briga-na-mercedes-pelo-titulo\/\"},\"wordCount\":629,\"commentCount\":0,\"publisher\":{\"@id\":\"https:\/\/www.notibras.com\/site\/#organization\"},\"image\":{\"@id\":\"https:\/\/www.notibras.com\/site\/deu-hamilton-em-casa-e-esquenta-a-briga-na-mercedes-pelo-titulo\/#primaryimage\"},\"thumbnailUrl\":\"https:\/\/www.notibras.com\/site\/wp-content\/uploads\/2014\/07\/ha.jpg\",\"articleSection\":[\"Automobilismo\",\"Esportes\"],\"inLanguage\":\"pt-BR\",\"potentialAction\":[{\"@type\":\"CommentAction\",\"name\":\"Comment\",\"target\":[\"https:\/\/www.notibras.com\/site\/deu-hamilton-em-casa-e-esquenta-a-briga-na-mercedes-pelo-titulo\/#respond\"]}]},{\"@type\":\"WebPage\",\"@id\":\"https:\/\/www.notibras.com\/site\/deu-hamilton-em-casa-e-esquenta-a-briga-na-mercedes-pelo-titulo\/\",\"url\":\"https:\/\/www.notibras.com\/site\/deu-hamilton-em-casa-e-esquenta-a-briga-na-mercedes-pelo-titulo\/\",\"name\":\"Deu Hamilton em casa. E esquenta a briga na Mercedes pelo t\u00edtulo - Notibras\",\"isPartOf\":{\"@id\":\"https:\/\/www.notibras.com\/site\/#website\"},\"primaryImageOfPage\":{\"@id\":\"https:\/\/www.notibras.com\/site\/deu-hamilton-em-casa-e-esquenta-a-briga-na-mercedes-pelo-titulo\/#primaryimage\"},\"image\":{\"@id\":\"https:\/\/www.notibras.com\/site\/deu-hamilton-em-casa-e-esquenta-a-briga-na-mercedes-pelo-titulo\/#primaryimage\"},\"thumbnailUrl\":\"https:\/\/www.notibras.com\/site\/wp-content\/uploads\/2014\/07\/ha.jpg\",\"datePublished\":\"2014-07-06T14:49:42+00:00\",\"dateModified\":\"2014-07-07T00:28:50+00:00\",\"breadcrumb\":{\"@id\":\"https:\/\/www.notibras.com\/site\/deu-hamilton-em-casa-e-esquenta-a-briga-na-mercedes-pelo-titulo\/#breadcrumb\"},\"inLanguage\":\"pt-BR\",\"potentialAction\":[{\"@type\":\"ReadAction\",\"target\":[\"https:\/\/www.notibras.com\/site\/deu-hamilton-em-casa-e-esquenta-a-briga-na-mercedes-pelo-titulo\/\"]}]},{\"@type\":\"ImageObject\",\"inLanguage\":\"pt-BR\",\"@id\":\"https:\/\/www.notibras.com\/site\/deu-hamilton-em-casa-e-esquenta-a-briga-na-mercedes-pelo-titulo\/#primaryimage\",\"url\":\"https:\/\/www.notibras.com\/site\/wp-content\/uploads\/2014\/07\/ha.jpg\",\"contentUrl\":\"https:\/\/www.notibras.com\/site\/wp-content\/uploads\/2014\/07\/ha.jpg\",\"width\":460,\"height\":340},{\"@type\":\"BreadcrumbList\",\"@id\":\"https:\/\/www.notibras.com\/site\/deu-hamilton-em-casa-e-esquenta-a-briga-na-mercedes-pelo-titulo\/#breadcrumb\",\"itemListElement\":[{\"@type\":\"ListItem\",\"position\":1,\"name\":\"In\u00edcio\",\"item\":\"https:\/\/www.notibras.com\/site\/\"},{\"@type\":\"ListItem\",\"position\":2,\"name\":\"Deu Hamilton em casa. E esquenta a briga na Mercedes pelo t\u00edtulo\"}]},{\"@type\":\"WebSite\",\"@id\":\"https:\/\/www.notibras.com\/site\/#website\",\"url\":\"https:\/\/www.notibras.com\/site\/\",\"name\":\"Notibras\",\"description\":\"Not\u00edcias de Bras\u00edlia, do Brasil e do Mundo\",\"publisher\":{\"@id\":\"https:\/\/www.notibras.com\/site\/#organization\"},\"potentialAction\":[{\"@type\":\"SearchAction\",\"target\":{\"@type\":\"EntryPoint\",\"urlTemplate\":\"https:\/\/www.notibras.com\/site\/?s={search_term_string}\"},\"query-input\":{\"@type\":\"PropertyValueSpecification\",\"valueRequired\":true,\"valueName\":\"search_term_string\"}}],\"inLanguage\":\"pt-BR\"},{\"@type\":\"Organization\",\"@id\":\"https:\/\/www.notibras.com\/site\/#organization\",\"name\":\"Grupo Notibras de Comunica\u00e7\u00e3o\",\"url\":\"https:\/\/www.notibras.com\/site\/\",\"logo\":{\"@type\":\"ImageObject\",\"inLanguage\":\"pt-BR\",\"@id\":\"https:\/\/www.notibras.com\/site\/#\/schema\/logo\/image\/\",\"url\":\"https:\/\/www.notibras.com\/site\/wp-content\/uploads\/2023\/01\/notibras23.png\",\"contentUrl\":\"https:\/\/www.notibras.com\/site\/wp-content\/uploads\/2023\/01\/notibras23.png\",\"width\":350,\"height\":87,\"caption\":\"Grupo Notibras de Comunica\u00e7\u00e3o\"},\"image\":{\"@id\":\"https:\/\/www.notibras.com\/site\/#\/schema\/logo\/image\/\"},\"sameAs\":[\"https:\/\/www.facebook.com\/notibras\/\",\"https:\/\/x.com\/Notibras\",\"https:\/\/www.instagram.com\/notibras\/\"]},{\"@type\":\"Person\",\"@id\":\"https:\/\/www.notibras.com\/site\/#\/schema\/person\/36ab0979449956132d3e5b517ea76ac8\",\"name\":\"Reda\u00e7\u00e3o\",\"image\":{\"@type\":\"ImageObject\",\"inLanguage\":\"pt-BR\",\"@id\":\"https:\/\/secure.gravatar.com\/avatar\/e0a867bdedb85fd243eadf09663511f96fc81e0720a4a42581f334ad4303aa6b?s=96&d=mm&r=g\",\"url\":\"https:\/\/secure.gravatar.com\/avatar\/e0a867bdedb85fd243eadf09663511f96fc81e0720a4a42581f334ad4303aa6b?s=96&d=mm&r=g\",\"contentUrl\":\"https:\/\/secure.gravatar.com\/avatar\/e0a867bdedb85fd243eadf09663511f96fc81e0720a4a42581f334ad4303aa6b?s=96&d=mm&r=g\",\"caption\":\"Reda\u00e7\u00e3o\"}}]}<\/script>\n<!-- \/ Yoast SEO plugin. -->","yoast_head_json":{"title":"Deu Hamilton em casa. E esquenta a briga na Mercedes pelo t\u00edtulo - Notibras","robots":{"index":"index","follow":"follow","max-snippet":"max-snippet:-1","max-image-preview":"max-image-preview:large","max-video-preview":"max-video-preview:-1"},"canonical":"https:\/\/www.notibras.com\/site\/deu-hamilton-em-casa-e-esquenta-a-briga-na-mercedes-pelo-titulo\/","og_locale":"pt_BR","og_type":"article","og_title":"Deu Hamilton em casa. E esquenta a briga na Mercedes pelo t\u00edtulo - Notibras","og_description":"O brit\u00e2nico Lewis Hamilton venceu neste domingo o Grande Pr\u00eamio da Inglaterra de F\u00f3rmula 1. Em uma prova marcada pela largada tumultuada, o piloto da Mercedes se beneficiou dos problemas de seu companheiro de equipe, o alem\u00e3o Nico Rosberg, e voltou a subir no topo do p\u00f3dio no Circuito de Silverstone. Hamilton \u2013 que havia [&hellip;]","og_url":"https:\/\/www.notibras.com\/site\/deu-hamilton-em-casa-e-esquenta-a-briga-na-mercedes-pelo-titulo\/","og_site_name":"Notibras","article_publisher":"https:\/\/www.facebook.com\/notibras\/","article_published_time":"2014-07-06T14:49:42+00:00","article_modified_time":"2014-07-07T00:28:50+00:00","og_image":[{"width":460,"height":340,"url":"https:\/\/www.notibras.com\/site\/wp-content\/uploads\/2014\/07\/ha.jpg","type":"image\/jpeg"}],"author":"Reda\u00e7\u00e3o","twitter_card":"summary_large_image","twitter_creator":"@Notibras","twitter_site":"@Notibras","twitter_misc":{"Escrito por":"Reda\u00e7\u00e3o","Est. tempo de leitura":"3 minutos"},"schema":{"@context":"https:\/\/schema.org","@graph":[{"@type":"Article","@id":"https:\/\/www.notibras.com\/site\/deu-hamilton-em-casa-e-esquenta-a-briga-na-mercedes-pelo-titulo\/#article","isPartOf":{"@id":"https:\/\/www.notibras.com\/site\/deu-hamilton-em-casa-e-esquenta-a-briga-na-mercedes-pelo-titulo\/"},"author":{"name":"Reda\u00e7\u00e3o","@id":"https:\/\/www.notibras.com\/site\/#\/schema\/person\/36ab0979449956132d3e5b517ea76ac8"},"headline":"Deu Hamilton em casa. E esquenta a briga na Mercedes pelo t\u00edtulo","datePublished":"2014-07-06T14:49:42+00:00","dateModified":"2014-07-07T00:28:50+00:00","mainEntityOfPage":{"@id":"https:\/\/www.notibras.com\/site\/deu-hamilton-em-casa-e-esquenta-a-briga-na-mercedes-pelo-titulo\/"},"wordCount":629,"commentCount":0,"publisher":{"@id":"https:\/\/www.notibras.com\/site\/#organization"},"image":{"@id":"https:\/\/www.notibras.com\/site\/deu-hamilton-em-casa-e-esquenta-a-briga-na-mercedes-pelo-titulo\/#primaryimage"},"thumbnailUrl":"https:\/\/www.notibras.com\/site\/wp-content\/uploads\/2014\/07\/ha.jpg","articleSection":["Automobilismo","Esportes"],"inLanguage":"pt-BR","potentialAction":[{"@type":"CommentAction","name":"Comment","target":["https:\/\/www.notibras.com\/site\/deu-hamilton-em-casa-e-esquenta-a-briga-na-mercedes-pelo-titulo\/#respond"]}]},{"@type":"WebPage","@id":"https:\/\/www.notibras.com\/site\/deu-hamilton-em-casa-e-esquenta-a-briga-na-mercedes-pelo-titulo\/","url":"https:\/\/www.notibras.com\/site\/deu-hamilton-em-casa-e-esquenta-a-briga-na-mercedes-pelo-titulo\/","name":"Deu Hamilton em casa. E esquenta a briga na Mercedes pelo t\u00edtulo - Notibras","isPartOf":{"@id":"https:\/\/www.notibras.com\/site\/#website"},"primaryImageOfPage":{"@id":"https:\/\/www.notibras.com\/site\/deu-hamilton-em-casa-e-esquenta-a-briga-na-mercedes-pelo-titulo\/#primaryimage"},"image":{"@id":"https:\/\/www.notibras.com\/site\/deu-hamilton-em-casa-e-esquenta-a-briga-na-mercedes-pelo-titulo\/#primaryimage"},"thumbnailUrl":"https:\/\/www.notibras.com\/site\/wp-content\/uploads\/2014\/07\/ha.jpg","datePublished":"2014-07-06T14:49:42+00:00","dateModified":"2014-07-07T00:28:50+00:00","breadcrumb":{"@id":"https:\/\/www.notibras.com\/site\/deu-hamilton-em-casa-e-esquenta-a-briga-na-mercedes-pelo-titulo\/#breadcrumb"},"inLanguage":"pt-BR","potentialAction":[{"@type":"ReadAction","target":["https:\/\/www.notibras.com\/site\/deu-hamilton-em-casa-e-esquenta-a-briga-na-mercedes-pelo-titulo\/"]}]},{"@type":"ImageObject","inLanguage":"pt-BR","@id":"https:\/\/www.notibras.com\/site\/deu-hamilton-em-casa-e-esquenta-a-briga-na-mercedes-pelo-titulo\/#primaryimage","url":"https:\/\/www.notibras.com\/site\/wp-content\/uploads\/2014\/07\/ha.jpg","contentUrl":"https:\/\/www.notibras.com\/site\/wp-content\/uploads\/2014\/07\/ha.jpg","width":460,"height":340},{"@type":"BreadcrumbList","@id":"https:\/\/www.notibras.com\/site\/deu-hamilton-em-casa-e-esquenta-a-briga-na-mercedes-pelo-titulo\/#breadcrumb","itemListElement":[{"@type":"ListItem","position":1,"name":"In\u00edcio","item":"https:\/\/www.notibras.com\/site\/"},{"@type":"ListItem","position":2,"name":"Deu Hamilton em casa. E esquenta a briga na Mercedes pelo t\u00edtulo"}]},{"@type":"WebSite","@id":"https:\/\/www.notibras.com\/site\/#website","url":"https:\/\/www.notibras.com\/site\/","name":"Notibras","description":"Not\u00edcias de Bras\u00edlia, do Brasil e do Mundo","publisher":{"@id":"https:\/\/www.notibras.com\/site\/#organization"},"potentialAction":[{"@type":"SearchAction","target":{"@type":"EntryPoint","urlTemplate":"https:\/\/www.notibras.com\/site\/?s={search_term_string}"},"query-input":{"@type":"PropertyValueSpecification","valueRequired":true,"valueName":"search_term_string"}}],"inLanguage":"pt-BR"},{"@type":"Organization","@id":"https:\/\/www.notibras.com\/site\/#organization","name":"Grupo Notibras de Comunica\u00e7\u00e3o","url":"https:\/\/www.notibras.com\/site\/","logo":{"@type":"ImageObject","inLanguage":"pt-BR","@id":"https:\/\/www.notibras.com\/site\/#\/schema\/logo\/image\/","url":"https:\/\/www.notibras.com\/site\/wp-content\/uploads\/2023\/01\/notibras23.png","contentUrl":"https:\/\/www.notibras.com\/site\/wp-content\/uploads\/2023\/01\/notibras23.png","width":350,"height":87,"caption":"Grupo Notibras de Comunica\u00e7\u00e3o"},"image":{"@id":"https:\/\/www.notibras.com\/site\/#\/schema\/logo\/image\/"},"sameAs":["https:\/\/www.facebook.com\/notibras\/","https:\/\/x.com\/Notibras","https:\/\/www.instagram.com\/notibras\/"]},{"@type":"Person","@id":"https:\/\/www.notibras.com\/site\/#\/schema\/person\/36ab0979449956132d3e5b517ea76ac8","name":"Reda\u00e7\u00e3o","image":{"@type":"ImageObject","inLanguage":"pt-BR","@id":"https:\/\/secure.gravatar.com\/avatar\/e0a867bdedb85fd243eadf09663511f96fc81e0720a4a42581f334ad4303aa6b?s=96&d=mm&r=g","url":"https:\/\/secure.gravatar.com\/avatar\/e0a867bdedb85fd243eadf09663511f96fc81e0720a4a42581f334ad4303aa6b?s=96&d=mm&r=g","contentUrl":"https:\/\/secure.gravatar.com\/avatar\/e0a867bdedb85fd243eadf09663511f96fc81e0720a4a42581f334ad4303aa6b?s=96&d=mm&r=g","caption":"Reda\u00e7\u00e3o"}}]}},"amp_enabled":true,"_links":{"self":[{"href":"https:\/\/www.notibras.com\/site\/wp-json\/wp\/v2\/posts\/15364","targetHints":{"allow":["GET"]}}],"collection":[{"href":"https:\/\/www.notibras.com\/site\/wp-json\/wp\/v2\/posts"}],"about":[{"href":"https:\/\/www.notibras.com\/site\/wp-json\/wp\/v2\/types\/post"}],"author":[{"embeddable":true,"href":"https:\/\/www.notibras.com\/site\/wp-json\/wp\/v2\/users\/2"}],"replies":[{"embeddable":true,"href":"https:\/\/www.notibras.com\/site\/wp-json\/wp\/v2\/comments?post=15364"}],"version-history":[{"count":0,"href":"https:\/\/www.notibras.com\/site\/wp-json\/wp\/v2\/posts\/15364\/revisions"}],"wp:featuredmedia":[{"embeddable":true,"href":"https:\/\/www.notibras.com\/site\/wp-json\/wp\/v2\/media\/15365"}],"wp:attachment":[{"href":"https:\/\/www.notibras.com\/site\/wp-json\/wp\/v2\/media?parent=15364"}],"wp:term":[{"taxonomy":"category","embeddable":true,"href":"https:\/\/www.notibras.com\/site\/wp-json\/wp\/v2\/categories?post=15364"},{"taxonomy":"post_tag","embeddable":true,"href":"https:\/\/www.notibras.com\/site\/wp-json\/wp\/v2\/tags?post=15364"}],"curies":[{"name":"wp","href":"https:\/\/api.w.org\/{rel}","templated":true}]}}