{"id":15400,"date":"2014-07-06T21:05:27","date_gmt":"2014-07-07T00:05:27","guid":{"rendered":"http:\/\/www.notibras.com\/site\/?p=15400"},"modified":"2014-07-06T21:05:27","modified_gmt":"2014-07-07T00:05:27","slug":"buraco-de-lixo-numa-capital-que-virou-verdadeiro-lixao","status":"publish","type":"post","link":"https:\/\/www.notibras.com\/site\/buraco-de-lixo-numa-capital-que-virou-verdadeiro-lixao\/","title":{"rendered":"Buraco de lixo numa capital que virou verdadeiro lix\u00e3o"},"content":{"rendered":"<p>Ao visitar o Sol Nascente, Eduardo Campos ficou horrorizado. Garantiu que em suas andan\u00e7as pelo pa\u00eds nunca viu um local t\u00e3o abandonado pelo poder p\u00fablico. \u201cN\u00e3o se pode admitir que em uma comunidade pr\u00f3xima ao centro do poder (a favela fica a 30 quil\u00f4metros do Pal\u00e1cio do Planalto) n\u00e3o se tire sequer o lixo das ruas\u201d, desabafou o ex-governador de Pernambuco.<\/p>\n","protected":false},"excerpt":{"rendered":"<p>Ao visitar o Sol Nascente, Eduardo Campos ficou horrorizado. Garantiu que em suas andan\u00e7as pelo pa\u00eds nunca viu um local t\u00e3o abandonado pelo poder p\u00fablico. \u201cN\u00e3o se pode admitir que em uma comunidade pr\u00f3xima ao centro do poder (a favela fica a 30 quil\u00f4metros do Pal\u00e1cio do Planalto) n\u00e3o se tire sequer o lixo das [&hellip;]<\/p>\n","protected":false},"author":2,"featured_media":15401,"comment_status":"open","ping_status":"closed","sticky":false,"template":"","format":"standard","meta":{"_acf_changed":false,"footnotes":""},"categories":[26],"tags":[],"class_list":["post-15400","post","type-post","status-publish","format-standard","has-post-thumbnail","hentry","category-eleicoes-2022"],"acf":[],"yoast_head":"<!-- This site is optimized with the Yoast SEO plugin v27.5 - https:\/\/yoast.com\/product\/yoast-seo-wordpress\/ -->\n<title>Buraco de lixo numa capital que virou verdadeiro lix\u00e3o - Notibras<\/title>\n<meta name=\"robots\" content=\"index, follow, max-snippet:-1, max-image-preview:large, max-video-preview:-1\" \/>\n<link rel=\"canonical\" href=\"https:\/\/www.notibras.com\/site\/buraco-de-lixo-numa-capital-que-virou-verdadeiro-lixao\/\" \/>\n<meta property=\"og:locale\" content=\"pt_BR\" \/>\n<meta property=\"og:type\" content=\"article\" \/>\n<meta property=\"og:title\" content=\"Buraco de lixo numa capital que virou verdadeiro lix\u00e3o - Notibras\" \/>\n<meta property=\"og:description\" content=\"Ao visitar o Sol Nascente, Eduardo Campos ficou horrorizado. Garantiu que em suas andan\u00e7as pelo pa\u00eds nunca viu um local t\u00e3o abandonado pelo poder p\u00fablico. \u201cN\u00e3o se pode admitir que em uma comunidade pr\u00f3xima ao centro do poder (a favela fica a 30 quil\u00f4metros do Pal\u00e1cio do Planalto) n\u00e3o se tire sequer o lixo das [&hellip;]\" \/>\n<meta property=\"og:url\" content=\"https:\/\/www.notibras.com\/site\/buraco-de-lixo-numa-capital-que-virou-verdadeiro-lixao\/\" \/>\n<meta property=\"og:site_name\" content=\"Notibras\" \/>\n<meta property=\"article:publisher\" content=\"https:\/\/www.facebook.com\/notibras\/\" \/>\n<meta property=\"article:published_time\" content=\"2014-07-07T00:05:27+00:00\" \/>\n<meta property=\"og:image\" content=\"https:\/\/www.notibras.com\/site\/wp-content\/uploads\/2014\/07\/14187230.jpeg.jpg\" \/>\n\t<meta property=\"og:image:width\" content=\"635\" \/>\n\t<meta property=\"og:image:height\" content=\"447\" \/>\n\t<meta property=\"og:image:type\" content=\"image\/jpeg\" \/>\n<meta name=\"author\" content=\"Reda\u00e7\u00e3o\" \/>\n<meta name=\"twitter:card\" content=\"summary_large_image\" \/>\n<meta name=\"twitter:creator\" content=\"@Notibras\" \/>\n<meta name=\"twitter:site\" content=\"@Notibras\" \/>\n<meta name=\"twitter:label1\" content=\"Escrito por\" \/>\n\t<meta name=\"twitter:data1\" content=\"Reda\u00e7\u00e3o\" \/>\n<script type=\"application\/ld+json\" class=\"yoast-schema-graph\">{\"@context\":\"https:\\\/\\\/schema.org\",\"@graph\":[{\"@type\":\"Article\",\"@id\":\"https:\\\/\\\/www.notibras.com\\\/site\\\/buraco-de-lixo-numa-capital-que-virou-verdadeiro-lixao\\\/#article\",\"isPartOf\":{\"@id\":\"https:\\\/\\\/www.notibras.com\\\/site\\\/buraco-de-lixo-numa-capital-que-virou-verdadeiro-lixao\\\/\"},\"author\":{\"name\":\"Reda\u00e7\u00e3o\",\"@id\":\"https:\\\/\\\/www.notibras.com\\\/site\\\/#\\\/schema\\\/person\\\/36ab0979449956132d3e5b517ea76ac8\"},\"headline\":\"Buraco de lixo numa capital que virou verdadeiro lix\u00e3o\",\"datePublished\":\"2014-07-07T00:05:27+00:00\",\"mainEntityOfPage\":{\"@id\":\"https:\\\/\\\/www.notibras.com\\\/site\\\/buraco-de-lixo-numa-capital-que-virou-verdadeiro-lixao\\\/\"},\"wordCount\":79,\"commentCount\":0,\"publisher\":{\"@id\":\"https:\\\/\\\/www.notibras.com\\\/site\\\/#organization\"},\"image\":{\"@id\":\"https:\\\/\\\/www.notibras.com\\\/site\\\/buraco-de-lixo-numa-capital-que-virou-verdadeiro-lixao\\\/#primaryimage\"},\"thumbnailUrl\":\"https:\\\/\\\/www.notibras.com\\\/site\\\/wp-content\\\/uploads\\\/2014\\\/07\\\/14187230.jpeg.jpg\",\"articleSection\":[\"Elei\u00e7\u00f5es 2022\"],\"inLanguage\":\"pt-BR\",\"potentialAction\":[{\"@type\":\"CommentAction\",\"name\":\"Comment\",\"target\":[\"https:\\\/\\\/www.notibras.com\\\/site\\\/buraco-de-lixo-numa-capital-que-virou-verdadeiro-lixao\\\/#respond\"]}]},{\"@type\":\"WebPage\",\"@id\":\"https:\\\/\\\/www.notibras.com\\\/site\\\/buraco-de-lixo-numa-capital-que-virou-verdadeiro-lixao\\\/\",\"url\":\"https:\\\/\\\/www.notibras.com\\\/site\\\/buraco-de-lixo-numa-capital-que-virou-verdadeiro-lixao\\\/\",\"name\":\"Buraco de lixo numa capital que virou verdadeiro lix\u00e3o - Notibras\",\"isPartOf\":{\"@id\":\"https:\\\/\\\/www.notibras.com\\\/site\\\/#website\"},\"primaryImageOfPage\":{\"@id\":\"https:\\\/\\\/www.notibras.com\\\/site\\\/buraco-de-lixo-numa-capital-que-virou-verdadeiro-lixao\\\/#primaryimage\"},\"image\":{\"@id\":\"https:\\\/\\\/www.notibras.com\\\/site\\\/buraco-de-lixo-numa-capital-que-virou-verdadeiro-lixao\\\/#primaryimage\"},\"thumbnailUrl\":\"https:\\\/\\\/www.notibras.com\\\/site\\\/wp-content\\\/uploads\\\/2014\\\/07\\\/14187230.jpeg.jpg\",\"datePublished\":\"2014-07-07T00:05:27+00:00\",\"breadcrumb\":{\"@id\":\"https:\\\/\\\/www.notibras.com\\\/site\\\/buraco-de-lixo-numa-capital-que-virou-verdadeiro-lixao\\\/#breadcrumb\"},\"inLanguage\":\"pt-BR\",\"potentialAction\":[{\"@type\":\"ReadAction\",\"target\":[\"https:\\\/\\\/www.notibras.com\\\/site\\\/buraco-de-lixo-numa-capital-que-virou-verdadeiro-lixao\\\/\"]}]},{\"@type\":\"ImageObject\",\"inLanguage\":\"pt-BR\",\"@id\":\"https:\\\/\\\/www.notibras.com\\\/site\\\/buraco-de-lixo-numa-capital-que-virou-verdadeiro-lixao\\\/#primaryimage\",\"url\":\"https:\\\/\\\/www.notibras.com\\\/site\\\/wp-content\\\/uploads\\\/2014\\\/07\\\/14187230.jpeg.jpg\",\"contentUrl\":\"https:\\\/\\\/www.notibras.com\\\/site\\\/wp-content\\\/uploads\\\/2014\\\/07\\\/14187230.jpeg.jpg\",\"width\":635,\"height\":447},{\"@type\":\"BreadcrumbList\",\"@id\":\"https:\\\/\\\/www.notibras.com\\\/site\\\/buraco-de-lixo-numa-capital-que-virou-verdadeiro-lixao\\\/#breadcrumb\",\"itemListElement\":[{\"@type\":\"ListItem\",\"position\":1,\"name\":\"In\u00edcio\",\"item\":\"https:\\\/\\\/www.notibras.com\\\/site\\\/\"},{\"@type\":\"ListItem\",\"position\":2,\"name\":\"Buraco de lixo numa capital que virou verdadeiro lix\u00e3o\"}]},{\"@type\":\"WebSite\",\"@id\":\"https:\\\/\\\/www.notibras.com\\\/site\\\/#website\",\"url\":\"https:\\\/\\\/www.notibras.com\\\/site\\\/\",\"name\":\"Notibras\",\"description\":\"Not\u00edcias de Bras\u00edlia, do Brasil e do Mundo\",\"publisher\":{\"@id\":\"https:\\\/\\\/www.notibras.com\\\/site\\\/#organization\"},\"potentialAction\":[{\"@type\":\"SearchAction\",\"target\":{\"@type\":\"EntryPoint\",\"urlTemplate\":\"https:\\\/\\\/www.notibras.com\\\/site\\\/?s={search_term_string}\"},\"query-input\":{\"@type\":\"PropertyValueSpecification\",\"valueRequired\":true,\"valueName\":\"search_term_string\"}}],\"inLanguage\":\"pt-BR\"},{\"@type\":\"Organization\",\"@id\":\"https:\\\/\\\/www.notibras.com\\\/site\\\/#organization\",\"name\":\"Grupo Notibras de Comunica\u00e7\u00e3o\",\"url\":\"https:\\\/\\\/www.notibras.com\\\/site\\\/\",\"logo\":{\"@type\":\"ImageObject\",\"inLanguage\":\"pt-BR\",\"@id\":\"https:\\\/\\\/www.notibras.com\\\/site\\\/#\\\/schema\\\/logo\\\/image\\\/\",\"url\":\"https:\\\/\\\/www.notibras.com\\\/site\\\/wp-content\\\/uploads\\\/2023\\\/01\\\/notibras23.png\",\"contentUrl\":\"https:\\\/\\\/www.notibras.com\\\/site\\\/wp-content\\\/uploads\\\/2023\\\/01\\\/notibras23.png\",\"width\":350,\"height\":87,\"caption\":\"Grupo Notibras de Comunica\u00e7\u00e3o\"},\"image\":{\"@id\":\"https:\\\/\\\/www.notibras.com\\\/site\\\/#\\\/schema\\\/logo\\\/image\\\/\"},\"sameAs\":[\"https:\\\/\\\/www.facebook.com\\\/notibras\\\/\",\"https:\\\/\\\/x.com\\\/Notibras\",\"https:\\\/\\\/www.instagram.com\\\/notibras\\\/\"]},{\"@type\":\"Person\",\"@id\":\"https:\\\/\\\/www.notibras.com\\\/site\\\/#\\\/schema\\\/person\\\/36ab0979449956132d3e5b517ea76ac8\",\"name\":\"Reda\u00e7\u00e3o\",\"image\":{\"@type\":\"ImageObject\",\"inLanguage\":\"pt-BR\",\"@id\":\"https:\\\/\\\/secure.gravatar.com\\\/avatar\\\/e0a867bdedb85fd243eadf09663511f96fc81e0720a4a42581f334ad4303aa6b?s=96&d=mm&r=g\",\"url\":\"https:\\\/\\\/secure.gravatar.com\\\/avatar\\\/e0a867bdedb85fd243eadf09663511f96fc81e0720a4a42581f334ad4303aa6b?s=96&d=mm&r=g\",\"contentUrl\":\"https:\\\/\\\/secure.gravatar.com\\\/avatar\\\/e0a867bdedb85fd243eadf09663511f96fc81e0720a4a42581f334ad4303aa6b?s=96&d=mm&r=g\",\"caption\":\"Reda\u00e7\u00e3o\"}}]}<\/script>\n<!-- \/ Yoast SEO plugin. -->","yoast_head_json":{"title":"Buraco de lixo numa capital que virou verdadeiro lix\u00e3o - Notibras","robots":{"index":"index","follow":"follow","max-snippet":"max-snippet:-1","max-image-preview":"max-image-preview:large","max-video-preview":"max-video-preview:-1"},"canonical":"https:\/\/www.notibras.com\/site\/buraco-de-lixo-numa-capital-que-virou-verdadeiro-lixao\/","og_locale":"pt_BR","og_type":"article","og_title":"Buraco de lixo numa capital que virou verdadeiro lix\u00e3o - Notibras","og_description":"Ao visitar o Sol Nascente, Eduardo Campos ficou horrorizado. Garantiu que em suas andan\u00e7as pelo pa\u00eds nunca viu um local t\u00e3o abandonado pelo poder p\u00fablico. \u201cN\u00e3o se pode admitir que em uma comunidade pr\u00f3xima ao centro do poder (a favela fica a 30 quil\u00f4metros do Pal\u00e1cio do Planalto) n\u00e3o se tire sequer o lixo das [&hellip;]","og_url":"https:\/\/www.notibras.com\/site\/buraco-de-lixo-numa-capital-que-virou-verdadeiro-lixao\/","og_site_name":"Notibras","article_publisher":"https:\/\/www.facebook.com\/notibras\/","article_published_time":"2014-07-07T00:05:27+00:00","og_image":[{"width":635,"height":447,"url":"https:\/\/www.notibras.com\/site\/wp-content\/uploads\/2014\/07\/14187230.jpeg.jpg","type":"image\/jpeg"}],"author":"Reda\u00e7\u00e3o","twitter_card":"summary_large_image","twitter_creator":"@Notibras","twitter_site":"@Notibras","twitter_misc":{"Escrito por":"Reda\u00e7\u00e3o"},"schema":{"@context":"https:\/\/schema.org","@graph":[{"@type":"Article","@id":"https:\/\/www.notibras.com\/site\/buraco-de-lixo-numa-capital-que-virou-verdadeiro-lixao\/#article","isPartOf":{"@id":"https:\/\/www.notibras.com\/site\/buraco-de-lixo-numa-capital-que-virou-verdadeiro-lixao\/"},"author":{"name":"Reda\u00e7\u00e3o","@id":"https:\/\/www.notibras.com\/site\/#\/schema\/person\/36ab0979449956132d3e5b517ea76ac8"},"headline":"Buraco de lixo numa capital que virou verdadeiro lix\u00e3o","datePublished":"2014-07-07T00:05:27+00:00","mainEntityOfPage":{"@id":"https:\/\/www.notibras.com\/site\/buraco-de-lixo-numa-capital-que-virou-verdadeiro-lixao\/"},"wordCount":79,"commentCount":0,"publisher":{"@id":"https:\/\/www.notibras.com\/site\/#organization"},"image":{"@id":"https:\/\/www.notibras.com\/site\/buraco-de-lixo-numa-capital-que-virou-verdadeiro-lixao\/#primaryimage"},"thumbnailUrl":"https:\/\/www.notibras.com\/site\/wp-content\/uploads\/2014\/07\/14187230.jpeg.jpg","articleSection":["Elei\u00e7\u00f5es 2022"],"inLanguage":"pt-BR","potentialAction":[{"@type":"CommentAction","name":"Comment","target":["https:\/\/www.notibras.com\/site\/buraco-de-lixo-numa-capital-que-virou-verdadeiro-lixao\/#respond"]}]},{"@type":"WebPage","@id":"https:\/\/www.notibras.com\/site\/buraco-de-lixo-numa-capital-que-virou-verdadeiro-lixao\/","url":"https:\/\/www.notibras.com\/site\/buraco-de-lixo-numa-capital-que-virou-verdadeiro-lixao\/","name":"Buraco de lixo numa capital que virou verdadeiro lix\u00e3o - Notibras","isPartOf":{"@id":"https:\/\/www.notibras.com\/site\/#website"},"primaryImageOfPage":{"@id":"https:\/\/www.notibras.com\/site\/buraco-de-lixo-numa-capital-que-virou-verdadeiro-lixao\/#primaryimage"},"image":{"@id":"https:\/\/www.notibras.com\/site\/buraco-de-lixo-numa-capital-que-virou-verdadeiro-lixao\/#primaryimage"},"thumbnailUrl":"https:\/\/www.notibras.com\/site\/wp-content\/uploads\/2014\/07\/14187230.jpeg.jpg","datePublished":"2014-07-07T00:05:27+00:00","breadcrumb":{"@id":"https:\/\/www.notibras.com\/site\/buraco-de-lixo-numa-capital-que-virou-verdadeiro-lixao\/#breadcrumb"},"inLanguage":"pt-BR","potentialAction":[{"@type":"ReadAction","target":["https:\/\/www.notibras.com\/site\/buraco-de-lixo-numa-capital-que-virou-verdadeiro-lixao\/"]}]},{"@type":"ImageObject","inLanguage":"pt-BR","@id":"https:\/\/www.notibras.com\/site\/buraco-de-lixo-numa-capital-que-virou-verdadeiro-lixao\/#primaryimage","url":"https:\/\/www.notibras.com\/site\/wp-content\/uploads\/2014\/07\/14187230.jpeg.jpg","contentUrl":"https:\/\/www.notibras.com\/site\/wp-content\/uploads\/2014\/07\/14187230.jpeg.jpg","width":635,"height":447},{"@type":"BreadcrumbList","@id":"https:\/\/www.notibras.com\/site\/buraco-de-lixo-numa-capital-que-virou-verdadeiro-lixao\/#breadcrumb","itemListElement":[{"@type":"ListItem","position":1,"name":"In\u00edcio","item":"https:\/\/www.notibras.com\/site\/"},{"@type":"ListItem","position":2,"name":"Buraco de lixo numa capital que virou verdadeiro lix\u00e3o"}]},{"@type":"WebSite","@id":"https:\/\/www.notibras.com\/site\/#website","url":"https:\/\/www.notibras.com\/site\/","name":"Notibras","description":"Not\u00edcias de Bras\u00edlia, do Brasil e do Mundo","publisher":{"@id":"https:\/\/www.notibras.com\/site\/#organization"},"potentialAction":[{"@type":"SearchAction","target":{"@type":"EntryPoint","urlTemplate":"https:\/\/www.notibras.com\/site\/?s={search_term_string}"},"query-input":{"@type":"PropertyValueSpecification","valueRequired":true,"valueName":"search_term_string"}}],"inLanguage":"pt-BR"},{"@type":"Organization","@id":"https:\/\/www.notibras.com\/site\/#organization","name":"Grupo Notibras de Comunica\u00e7\u00e3o","url":"https:\/\/www.notibras.com\/site\/","logo":{"@type":"ImageObject","inLanguage":"pt-BR","@id":"https:\/\/www.notibras.com\/site\/#\/schema\/logo\/image\/","url":"https:\/\/www.notibras.com\/site\/wp-content\/uploads\/2023\/01\/notibras23.png","contentUrl":"https:\/\/www.notibras.com\/site\/wp-content\/uploads\/2023\/01\/notibras23.png","width":350,"height":87,"caption":"Grupo Notibras de Comunica\u00e7\u00e3o"},"image":{"@id":"https:\/\/www.notibras.com\/site\/#\/schema\/logo\/image\/"},"sameAs":["https:\/\/www.facebook.com\/notibras\/","https:\/\/x.com\/Notibras","https:\/\/www.instagram.com\/notibras\/"]},{"@type":"Person","@id":"https:\/\/www.notibras.com\/site\/#\/schema\/person\/36ab0979449956132d3e5b517ea76ac8","name":"Reda\u00e7\u00e3o","image":{"@type":"ImageObject","inLanguage":"pt-BR","@id":"https:\/\/secure.gravatar.com\/avatar\/e0a867bdedb85fd243eadf09663511f96fc81e0720a4a42581f334ad4303aa6b?s=96&d=mm&r=g","url":"https:\/\/secure.gravatar.com\/avatar\/e0a867bdedb85fd243eadf09663511f96fc81e0720a4a42581f334ad4303aa6b?s=96&d=mm&r=g","contentUrl":"https:\/\/secure.gravatar.com\/avatar\/e0a867bdedb85fd243eadf09663511f96fc81e0720a4a42581f334ad4303aa6b?s=96&d=mm&r=g","caption":"Reda\u00e7\u00e3o"}}]}},"amp_enabled":true,"_links":{"self":[{"href":"https:\/\/www.notibras.com\/site\/wp-json\/wp\/v2\/posts\/15400","targetHints":{"allow":["GET"]}}],"collection":[{"href":"https:\/\/www.notibras.com\/site\/wp-json\/wp\/v2\/posts"}],"about":[{"href":"https:\/\/www.notibras.com\/site\/wp-json\/wp\/v2\/types\/post"}],"author":[{"embeddable":true,"href":"https:\/\/www.notibras.com\/site\/wp-json\/wp\/v2\/users\/2"}],"replies":[{"embeddable":true,"href":"https:\/\/www.notibras.com\/site\/wp-json\/wp\/v2\/comments?post=15400"}],"version-history":[{"count":0,"href":"https:\/\/www.notibras.com\/site\/wp-json\/wp\/v2\/posts\/15400\/revisions"}],"wp:featuredmedia":[{"embeddable":true,"href":"https:\/\/www.notibras.com\/site\/wp-json\/wp\/v2\/media\/15401"}],"wp:attachment":[{"href":"https:\/\/www.notibras.com\/site\/wp-json\/wp\/v2\/media?parent=15400"}],"wp:term":[{"taxonomy":"category","embeddable":true,"href":"https:\/\/www.notibras.com\/site\/wp-json\/wp\/v2\/categories?post=15400"},{"taxonomy":"post_tag","embeddable":true,"href":"https:\/\/www.notibras.com\/site\/wp-json\/wp\/v2\/tags?post=15400"}],"curies":[{"name":"wp","href":"https:\/\/api.w.org\/{rel}","templated":true}]}}