{"id":15454,"date":"2014-07-07T06:43:58","date_gmt":"2014-07-07T09:43:58","guid":{"rendered":"http:\/\/www.notibras.com\/site\/?p=15454"},"modified":"2014-07-07T06:43:58","modified_gmt":"2014-07-07T09:43:58","slug":"aposentadoria-de-sarney-sepulta-regime-de-corrupcao-no-maranhao","status":"publish","type":"post","link":"https:\/\/www.notibras.com\/site\/aposentadoria-de-sarney-sepulta-regime-de-corrupcao-no-maranhao\/","title":{"rendered":"Aposentadoria de Sarney sepulta regime de corrup\u00e7\u00e3o no Maranh\u00e3o"},"content":{"rendered":"<p>Existem v\u00e1rios sinais de que o Maranh\u00e3o se avizinha do in\u00edcio de um novo ciclo pol\u00edtico. O nosso Estado est\u00e1 olhando para frente, com olhar de esperan\u00e7a e acreditando que \u00e9 chegada a hora da virada de p\u00e1gina na hist\u00f3ria. Muitos acontecimentos somam para que se perceba que esse momento est\u00e1 pr\u00f3ximo. O an\u00fancio da sa\u00edda do senador Jos\u00e9 Sarney (PMDB-AP) da vida p\u00fablica \u00e9 um deles, talvez o mais significativo dentre todos.<\/p>\n<p>Como deputado, governador, senador e presidente da Rep\u00fablica, Jos\u00e9 Sarney vem disputando elei\u00e7\u00f5es ao longo de seis d\u00e9cadas, tendo apoiado todos os governos desde Juscelino Kubitschek, nos anos 50 do s\u00e9culo passado.<\/p>\n<p>No Maranh\u00e3o, infelizmente, esse per\u00edodo de dom\u00ednio resultou em \u00edndices sociais tr\u00e1gicos, nos quais o nosso Estado disputa as \u00faltimas coloca\u00e7\u00f5es em desenvolvimento humano, de acordo com sucessivas pesquisas de PNUD, Ipea, IBGE entre outros. Esses dados n\u00e3o s\u00e3o apenas n\u00fameros frios, mas o resumo de vidas maranhenses que se perdem ou s\u00e3o marcadas por imensos sacrif\u00edcios.<\/p>\n<blockquote><p>No Estado, ainda se vive sob um regime pol\u00edtico que tem ra\u00edzes na ditadura militar, quando a concentra\u00e7\u00e3o de poder e renda aumentou as desigualdades em todo o pa\u00eds. A partir da redemocratiza\u00e7\u00e3o, cada Estado respirou, a seu tempo e modo, os ares da liberdade pol\u00edtica e do desenvolvimento social. Lucrando com a manuten\u00e7\u00e3o do poder para poucos, o grupo do senador Jos\u00e9 Sarney optou pela continuidade de um modelo de exclus\u00e3o.<\/p><\/blockquote>\n<p>Existem v\u00e1rios sinais de que o Maranh\u00e3o se avizinha do in\u00edcio de um novo ciclo pol\u00edtico. O nosso Estado est\u00e1 olhando para frente, com olhar de esperan\u00e7a e acreditando que \u00e9 chegada a hora da virada de p\u00e1gina na hist\u00f3ria. Muitos acontecimentos somam para que se perceba que esse momento est\u00e1 pr\u00f3ximo. O an\u00fancio da sa\u00edda do senador Jos\u00e9 Sarney (PMDB-AP) da vida p\u00fablica \u00e9 um deles, talvez o mais significativo dentre todos.<\/p>\n<p>Como deputado, governador, senador e presidente da Rep\u00fablica, Jos\u00e9 Sarney vem disputando elei\u00e7\u00f5es ao longo de seis d\u00e9cadas, tendo apoiado todos os governos desde Juscelino Kubitschek, nos anos 50 do s\u00e9culo passado.<\/p>\n<p>No Maranh\u00e3o, infelizmente, esse per\u00edodo de dom\u00ednio resultou em \u00edndices sociais tr\u00e1gicos, nos quais o nosso Estado disputa as \u00faltimas coloca\u00e7\u00f5es em desenvolvimento humano, de acordo com sucessivas pesquisas de PNUD, Ipea, IBGE entre outros. Esses dados n\u00e3o s\u00e3o apenas n\u00fameros frios, mas o resumo de vidas maranhenses que se perdem ou s\u00e3o marcadas por imensos sacrif\u00edcios.<\/p>\n<p>No Estado, ainda se vive sob um regime pol\u00edtico que tem ra\u00edzes na ditadura militar, quando a concentra\u00e7\u00e3o de poder e renda aumentou as desigualdades em todo o pa\u00eds. A partir da redemocratiza\u00e7\u00e3o, cada Estado respirou, a seu tempo e modo, os ares da liberdade pol\u00edtica e do desenvolvimento social. Lucrando com a manuten\u00e7\u00e3o do poder para poucos, o grupo do senador Jos\u00e9 Sarney optou pela continuidade de um modelo de exclus\u00e3o.<\/p>\n<p>O primeiro passo \u00e9 colocar fim ao patrimonialismo instalado nos diversos n\u00edveis da administra\u00e7\u00e3o p\u00fablica, fazendo florescer a liberdade, a transpar\u00eancia e a pluralidade pol\u00edtica.<\/p>\n<p>S\u00e3o mudan\u00e7as na pol\u00edtica que apresentam reflexos diretos no desenvolvimento do Estado. Afinal, combater o patrimonialismo implica tamb\u00e9m estabelecer pr\u00e1ticas favor\u00e1veis a um ambiente institucional em que mais empresas possam atuar em regime de liberdade concorrencial.<\/p>\n<p>Isto \u00e9, consideramos essencial terminar com o regime de compadrio e de corrup\u00e7\u00e3o que hoje marca a rela\u00e7\u00e3o entre as esferas p\u00fablica e privada no Estado.<\/p>\n<p>Foi com base nessas ideias que tecemos uma ampla alian\u00e7a na qual partidos que no plano nacional apoiam candidaturas presidenciais diferentes, mas no plano estadual est\u00e3o unidos. Lutamos para que o fim do longo ciclo de mandatos exercidos pelo senador Sarney seja o in\u00edcio de uma etapa hist\u00f3rica em que o Maranh\u00e3o produza riquezas e gere oportunidade a todos.<\/p>\n<p><strong>Fl\u00e1vio Dino<\/strong><\/p>\n","protected":false},"excerpt":{"rendered":"<p>Existem v\u00e1rios sinais de que o Maranh\u00e3o se avizinha do in\u00edcio de um novo ciclo pol\u00edtico. O nosso Estado est\u00e1 olhando para frente, com olhar de esperan\u00e7a e acreditando que \u00e9 chegada a hora da virada de p\u00e1gina na hist\u00f3ria. Muitos acontecimentos somam para que se perceba que esse momento est\u00e1 pr\u00f3ximo. O an\u00fancio da [&hellip;]<\/p>\n","protected":false},"author":2,"featured_media":15455,"comment_status":"open","ping_status":"closed","sticky":false,"template":"","format":"standard","meta":{"_acf_changed":false,"footnotes":""},"categories":[25],"tags":[],"class_list":["post-15454","post","type-post","status-publish","format-standard","has-post-thumbnail","hentry","category-opina-ai"],"acf":[],"yoast_head":"<!-- This site is optimized with the Yoast SEO plugin v27.5 - https:\/\/yoast.com\/product\/yoast-seo-wordpress\/ -->\n<title>Aposentadoria de Sarney sepulta regime de corrup\u00e7\u00e3o no Maranh\u00e3o - Notibras<\/title>\n<meta name=\"robots\" content=\"index, follow, max-snippet:-1, max-image-preview:large, max-video-preview:-1\" \/>\n<link rel=\"canonical\" href=\"https:\/\/www.notibras.com\/site\/aposentadoria-de-sarney-sepulta-regime-de-corrupcao-no-maranhao\/\" \/>\n<meta property=\"og:locale\" content=\"pt_BR\" \/>\n<meta property=\"og:type\" content=\"article\" \/>\n<meta property=\"og:title\" content=\"Aposentadoria de Sarney sepulta regime de corrup\u00e7\u00e3o no Maranh\u00e3o - Notibras\" \/>\n<meta property=\"og:description\" content=\"Existem v\u00e1rios sinais de que o Maranh\u00e3o se avizinha do in\u00edcio de um novo ciclo pol\u00edtico. O nosso Estado est\u00e1 olhando para frente, com olhar de esperan\u00e7a e acreditando que \u00e9 chegada a hora da virada de p\u00e1gina na hist\u00f3ria. Muitos acontecimentos somam para que se perceba que esse momento est\u00e1 pr\u00f3ximo. O an\u00fancio da [&hellip;]\" \/>\n<meta property=\"og:url\" content=\"https:\/\/www.notibras.com\/site\/aposentadoria-de-sarney-sepulta-regime-de-corrupcao-no-maranhao\/\" \/>\n<meta property=\"og:site_name\" content=\"Notibras\" \/>\n<meta property=\"article:publisher\" content=\"https:\/\/www.facebook.com\/notibras\/\" \/>\n<meta property=\"article:published_time\" content=\"2014-07-07T09:43:58+00:00\" \/>\n<meta property=\"og:image\" content=\"https:\/\/www.notibras.com\/site\/wp-content\/uploads\/2014\/07\/Sarney-prestigio-aposentadoria-scaled.jpg\" \/>\n\t<meta property=\"og:image:width\" content=\"2560\" \/>\n\t<meta property=\"og:image:height\" content=\"1675\" \/>\n\t<meta property=\"og:image:type\" content=\"image\/jpeg\" \/>\n<meta name=\"author\" content=\"Reda\u00e7\u00e3o\" \/>\n<meta name=\"twitter:card\" content=\"summary_large_image\" \/>\n<meta name=\"twitter:creator\" content=\"@Notibras\" \/>\n<meta name=\"twitter:site\" content=\"@Notibras\" \/>\n<meta name=\"twitter:label1\" content=\"Escrito por\" \/>\n\t<meta name=\"twitter:data1\" content=\"Reda\u00e7\u00e3o\" \/>\n\t<meta name=\"twitter:label2\" content=\"Est. tempo de leitura\" \/>\n\t<meta name=\"twitter:data2\" content=\"3 minutos\" \/>\n<script type=\"application\/ld+json\" class=\"yoast-schema-graph\">{\"@context\":\"https:\\\/\\\/schema.org\",\"@graph\":[{\"@type\":\"Article\",\"@id\":\"https:\\\/\\\/www.notibras.com\\\/site\\\/aposentadoria-de-sarney-sepulta-regime-de-corrupcao-no-maranhao\\\/#article\",\"isPartOf\":{\"@id\":\"https:\\\/\\\/www.notibras.com\\\/site\\\/aposentadoria-de-sarney-sepulta-regime-de-corrupcao-no-maranhao\\\/\"},\"author\":{\"name\":\"Reda\u00e7\u00e3o\",\"@id\":\"https:\\\/\\\/www.notibras.com\\\/site\\\/#\\\/schema\\\/person\\\/36ab0979449956132d3e5b517ea76ac8\"},\"headline\":\"Aposentadoria de Sarney sepulta regime de corrup\u00e7\u00e3o no Maranh\u00e3o\",\"datePublished\":\"2014-07-07T09:43:58+00:00\",\"mainEntityOfPage\":{\"@id\":\"https:\\\/\\\/www.notibras.com\\\/site\\\/aposentadoria-de-sarney-sepulta-regime-de-corrupcao-no-maranhao\\\/\"},\"wordCount\":705,\"commentCount\":0,\"publisher\":{\"@id\":\"https:\\\/\\\/www.notibras.com\\\/site\\\/#organization\"},\"image\":{\"@id\":\"https:\\\/\\\/www.notibras.com\\\/site\\\/aposentadoria-de-sarney-sepulta-regime-de-corrupcao-no-maranhao\\\/#primaryimage\"},\"thumbnailUrl\":\"https:\\\/\\\/www.notibras.com\\\/site\\\/wp-content\\\/uploads\\\/2014\\\/07\\\/Sarney-prestigio-aposentadoria-scaled.jpg\",\"articleSection\":[\"Opina a\u00ed\"],\"inLanguage\":\"pt-BR\",\"potentialAction\":[{\"@type\":\"CommentAction\",\"name\":\"Comment\",\"target\":[\"https:\\\/\\\/www.notibras.com\\\/site\\\/aposentadoria-de-sarney-sepulta-regime-de-corrupcao-no-maranhao\\\/#respond\"]}]},{\"@type\":\"WebPage\",\"@id\":\"https:\\\/\\\/www.notibras.com\\\/site\\\/aposentadoria-de-sarney-sepulta-regime-de-corrupcao-no-maranhao\\\/\",\"url\":\"https:\\\/\\\/www.notibras.com\\\/site\\\/aposentadoria-de-sarney-sepulta-regime-de-corrupcao-no-maranhao\\\/\",\"name\":\"Aposentadoria de Sarney sepulta regime de corrup\u00e7\u00e3o no Maranh\u00e3o - Notibras\",\"isPartOf\":{\"@id\":\"https:\\\/\\\/www.notibras.com\\\/site\\\/#website\"},\"primaryImageOfPage\":{\"@id\":\"https:\\\/\\\/www.notibras.com\\\/site\\\/aposentadoria-de-sarney-sepulta-regime-de-corrupcao-no-maranhao\\\/#primaryimage\"},\"image\":{\"@id\":\"https:\\\/\\\/www.notibras.com\\\/site\\\/aposentadoria-de-sarney-sepulta-regime-de-corrupcao-no-maranhao\\\/#primaryimage\"},\"thumbnailUrl\":\"https:\\\/\\\/www.notibras.com\\\/site\\\/wp-content\\\/uploads\\\/2014\\\/07\\\/Sarney-prestigio-aposentadoria-scaled.jpg\",\"datePublished\":\"2014-07-07T09:43:58+00:00\",\"breadcrumb\":{\"@id\":\"https:\\\/\\\/www.notibras.com\\\/site\\\/aposentadoria-de-sarney-sepulta-regime-de-corrupcao-no-maranhao\\\/#breadcrumb\"},\"inLanguage\":\"pt-BR\",\"potentialAction\":[{\"@type\":\"ReadAction\",\"target\":[\"https:\\\/\\\/www.notibras.com\\\/site\\\/aposentadoria-de-sarney-sepulta-regime-de-corrupcao-no-maranhao\\\/\"]}]},{\"@type\":\"ImageObject\",\"inLanguage\":\"pt-BR\",\"@id\":\"https:\\\/\\\/www.notibras.com\\\/site\\\/aposentadoria-de-sarney-sepulta-regime-de-corrupcao-no-maranhao\\\/#primaryimage\",\"url\":\"https:\\\/\\\/www.notibras.com\\\/site\\\/wp-content\\\/uploads\\\/2014\\\/07\\\/Sarney-prestigio-aposentadoria-scaled.jpg\",\"contentUrl\":\"https:\\\/\\\/www.notibras.com\\\/site\\\/wp-content\\\/uploads\\\/2014\\\/07\\\/Sarney-prestigio-aposentadoria-scaled.jpg\",\"width\":2560,\"height\":1675},{\"@type\":\"BreadcrumbList\",\"@id\":\"https:\\\/\\\/www.notibras.com\\\/site\\\/aposentadoria-de-sarney-sepulta-regime-de-corrupcao-no-maranhao\\\/#breadcrumb\",\"itemListElement\":[{\"@type\":\"ListItem\",\"position\":1,\"name\":\"In\u00edcio\",\"item\":\"https:\\\/\\\/www.notibras.com\\\/site\\\/\"},{\"@type\":\"ListItem\",\"position\":2,\"name\":\"Aposentadoria de Sarney sepulta regime de corrup\u00e7\u00e3o no Maranh\u00e3o\"}]},{\"@type\":\"WebSite\",\"@id\":\"https:\\\/\\\/www.notibras.com\\\/site\\\/#website\",\"url\":\"https:\\\/\\\/www.notibras.com\\\/site\\\/\",\"name\":\"Notibras\",\"description\":\"Not\u00edcias de Bras\u00edlia, do Brasil e do Mundo\",\"publisher\":{\"@id\":\"https:\\\/\\\/www.notibras.com\\\/site\\\/#organization\"},\"potentialAction\":[{\"@type\":\"SearchAction\",\"target\":{\"@type\":\"EntryPoint\",\"urlTemplate\":\"https:\\\/\\\/www.notibras.com\\\/site\\\/?s={search_term_string}\"},\"query-input\":{\"@type\":\"PropertyValueSpecification\",\"valueRequired\":true,\"valueName\":\"search_term_string\"}}],\"inLanguage\":\"pt-BR\"},{\"@type\":\"Organization\",\"@id\":\"https:\\\/\\\/www.notibras.com\\\/site\\\/#organization\",\"name\":\"Grupo Notibras de Comunica\u00e7\u00e3o\",\"url\":\"https:\\\/\\\/www.notibras.com\\\/site\\\/\",\"logo\":{\"@type\":\"ImageObject\",\"inLanguage\":\"pt-BR\",\"@id\":\"https:\\\/\\\/www.notibras.com\\\/site\\\/#\\\/schema\\\/logo\\\/image\\\/\",\"url\":\"https:\\\/\\\/www.notibras.com\\\/site\\\/wp-content\\\/uploads\\\/2023\\\/01\\\/notibras23.png\",\"contentUrl\":\"https:\\\/\\\/www.notibras.com\\\/site\\\/wp-content\\\/uploads\\\/2023\\\/01\\\/notibras23.png\",\"width\":350,\"height\":87,\"caption\":\"Grupo Notibras de Comunica\u00e7\u00e3o\"},\"image\":{\"@id\":\"https:\\\/\\\/www.notibras.com\\\/site\\\/#\\\/schema\\\/logo\\\/image\\\/\"},\"sameAs\":[\"https:\\\/\\\/www.facebook.com\\\/notibras\\\/\",\"https:\\\/\\\/x.com\\\/Notibras\",\"https:\\\/\\\/www.instagram.com\\\/notibras\\\/\"]},{\"@type\":\"Person\",\"@id\":\"https:\\\/\\\/www.notibras.com\\\/site\\\/#\\\/schema\\\/person\\\/36ab0979449956132d3e5b517ea76ac8\",\"name\":\"Reda\u00e7\u00e3o\",\"image\":{\"@type\":\"ImageObject\",\"inLanguage\":\"pt-BR\",\"@id\":\"https:\\\/\\\/secure.gravatar.com\\\/avatar\\\/e0a867bdedb85fd243eadf09663511f96fc81e0720a4a42581f334ad4303aa6b?s=96&d=mm&r=g\",\"url\":\"https:\\\/\\\/secure.gravatar.com\\\/avatar\\\/e0a867bdedb85fd243eadf09663511f96fc81e0720a4a42581f334ad4303aa6b?s=96&d=mm&r=g\",\"contentUrl\":\"https:\\\/\\\/secure.gravatar.com\\\/avatar\\\/e0a867bdedb85fd243eadf09663511f96fc81e0720a4a42581f334ad4303aa6b?s=96&d=mm&r=g\",\"caption\":\"Reda\u00e7\u00e3o\"}}]}<\/script>\n<!-- \/ Yoast SEO plugin. -->","yoast_head_json":{"title":"Aposentadoria de Sarney sepulta regime de corrup\u00e7\u00e3o no Maranh\u00e3o - Notibras","robots":{"index":"index","follow":"follow","max-snippet":"max-snippet:-1","max-image-preview":"max-image-preview:large","max-video-preview":"max-video-preview:-1"},"canonical":"https:\/\/www.notibras.com\/site\/aposentadoria-de-sarney-sepulta-regime-de-corrupcao-no-maranhao\/","og_locale":"pt_BR","og_type":"article","og_title":"Aposentadoria de Sarney sepulta regime de corrup\u00e7\u00e3o no Maranh\u00e3o - Notibras","og_description":"Existem v\u00e1rios sinais de que o Maranh\u00e3o se avizinha do in\u00edcio de um novo ciclo pol\u00edtico. O nosso Estado est\u00e1 olhando para frente, com olhar de esperan\u00e7a e acreditando que \u00e9 chegada a hora da virada de p\u00e1gina na hist\u00f3ria. Muitos acontecimentos somam para que se perceba que esse momento est\u00e1 pr\u00f3ximo. O an\u00fancio da [&hellip;]","og_url":"https:\/\/www.notibras.com\/site\/aposentadoria-de-sarney-sepulta-regime-de-corrupcao-no-maranhao\/","og_site_name":"Notibras","article_publisher":"https:\/\/www.facebook.com\/notibras\/","article_published_time":"2014-07-07T09:43:58+00:00","og_image":[{"width":2560,"height":1675,"url":"https:\/\/www.notibras.com\/site\/wp-content\/uploads\/2014\/07\/Sarney-prestigio-aposentadoria-scaled.jpg","type":"image\/jpeg"}],"author":"Reda\u00e7\u00e3o","twitter_card":"summary_large_image","twitter_creator":"@Notibras","twitter_site":"@Notibras","twitter_misc":{"Escrito por":"Reda\u00e7\u00e3o","Est. tempo de leitura":"3 minutos"},"schema":{"@context":"https:\/\/schema.org","@graph":[{"@type":"Article","@id":"https:\/\/www.notibras.com\/site\/aposentadoria-de-sarney-sepulta-regime-de-corrupcao-no-maranhao\/#article","isPartOf":{"@id":"https:\/\/www.notibras.com\/site\/aposentadoria-de-sarney-sepulta-regime-de-corrupcao-no-maranhao\/"},"author":{"name":"Reda\u00e7\u00e3o","@id":"https:\/\/www.notibras.com\/site\/#\/schema\/person\/36ab0979449956132d3e5b517ea76ac8"},"headline":"Aposentadoria de Sarney sepulta regime de corrup\u00e7\u00e3o no Maranh\u00e3o","datePublished":"2014-07-07T09:43:58+00:00","mainEntityOfPage":{"@id":"https:\/\/www.notibras.com\/site\/aposentadoria-de-sarney-sepulta-regime-de-corrupcao-no-maranhao\/"},"wordCount":705,"commentCount":0,"publisher":{"@id":"https:\/\/www.notibras.com\/site\/#organization"},"image":{"@id":"https:\/\/www.notibras.com\/site\/aposentadoria-de-sarney-sepulta-regime-de-corrupcao-no-maranhao\/#primaryimage"},"thumbnailUrl":"https:\/\/www.notibras.com\/site\/wp-content\/uploads\/2014\/07\/Sarney-prestigio-aposentadoria-scaled.jpg","articleSection":["Opina a\u00ed"],"inLanguage":"pt-BR","potentialAction":[{"@type":"CommentAction","name":"Comment","target":["https:\/\/www.notibras.com\/site\/aposentadoria-de-sarney-sepulta-regime-de-corrupcao-no-maranhao\/#respond"]}]},{"@type":"WebPage","@id":"https:\/\/www.notibras.com\/site\/aposentadoria-de-sarney-sepulta-regime-de-corrupcao-no-maranhao\/","url":"https:\/\/www.notibras.com\/site\/aposentadoria-de-sarney-sepulta-regime-de-corrupcao-no-maranhao\/","name":"Aposentadoria de Sarney sepulta regime de corrup\u00e7\u00e3o no Maranh\u00e3o - Notibras","isPartOf":{"@id":"https:\/\/www.notibras.com\/site\/#website"},"primaryImageOfPage":{"@id":"https:\/\/www.notibras.com\/site\/aposentadoria-de-sarney-sepulta-regime-de-corrupcao-no-maranhao\/#primaryimage"},"image":{"@id":"https:\/\/www.notibras.com\/site\/aposentadoria-de-sarney-sepulta-regime-de-corrupcao-no-maranhao\/#primaryimage"},"thumbnailUrl":"https:\/\/www.notibras.com\/site\/wp-content\/uploads\/2014\/07\/Sarney-prestigio-aposentadoria-scaled.jpg","datePublished":"2014-07-07T09:43:58+00:00","breadcrumb":{"@id":"https:\/\/www.notibras.com\/site\/aposentadoria-de-sarney-sepulta-regime-de-corrupcao-no-maranhao\/#breadcrumb"},"inLanguage":"pt-BR","potentialAction":[{"@type":"ReadAction","target":["https:\/\/www.notibras.com\/site\/aposentadoria-de-sarney-sepulta-regime-de-corrupcao-no-maranhao\/"]}]},{"@type":"ImageObject","inLanguage":"pt-BR","@id":"https:\/\/www.notibras.com\/site\/aposentadoria-de-sarney-sepulta-regime-de-corrupcao-no-maranhao\/#primaryimage","url":"https:\/\/www.notibras.com\/site\/wp-content\/uploads\/2014\/07\/Sarney-prestigio-aposentadoria-scaled.jpg","contentUrl":"https:\/\/www.notibras.com\/site\/wp-content\/uploads\/2014\/07\/Sarney-prestigio-aposentadoria-scaled.jpg","width":2560,"height":1675},{"@type":"BreadcrumbList","@id":"https:\/\/www.notibras.com\/site\/aposentadoria-de-sarney-sepulta-regime-de-corrupcao-no-maranhao\/#breadcrumb","itemListElement":[{"@type":"ListItem","position":1,"name":"In\u00edcio","item":"https:\/\/www.notibras.com\/site\/"},{"@type":"ListItem","position":2,"name":"Aposentadoria de Sarney sepulta regime de corrup\u00e7\u00e3o no Maranh\u00e3o"}]},{"@type":"WebSite","@id":"https:\/\/www.notibras.com\/site\/#website","url":"https:\/\/www.notibras.com\/site\/","name":"Notibras","description":"Not\u00edcias de Bras\u00edlia, do Brasil e do Mundo","publisher":{"@id":"https:\/\/www.notibras.com\/site\/#organization"},"potentialAction":[{"@type":"SearchAction","target":{"@type":"EntryPoint","urlTemplate":"https:\/\/www.notibras.com\/site\/?s={search_term_string}"},"query-input":{"@type":"PropertyValueSpecification","valueRequired":true,"valueName":"search_term_string"}}],"inLanguage":"pt-BR"},{"@type":"Organization","@id":"https:\/\/www.notibras.com\/site\/#organization","name":"Grupo Notibras de Comunica\u00e7\u00e3o","url":"https:\/\/www.notibras.com\/site\/","logo":{"@type":"ImageObject","inLanguage":"pt-BR","@id":"https:\/\/www.notibras.com\/site\/#\/schema\/logo\/image\/","url":"https:\/\/www.notibras.com\/site\/wp-content\/uploads\/2023\/01\/notibras23.png","contentUrl":"https:\/\/www.notibras.com\/site\/wp-content\/uploads\/2023\/01\/notibras23.png","width":350,"height":87,"caption":"Grupo Notibras de Comunica\u00e7\u00e3o"},"image":{"@id":"https:\/\/www.notibras.com\/site\/#\/schema\/logo\/image\/"},"sameAs":["https:\/\/www.facebook.com\/notibras\/","https:\/\/x.com\/Notibras","https:\/\/www.instagram.com\/notibras\/"]},{"@type":"Person","@id":"https:\/\/www.notibras.com\/site\/#\/schema\/person\/36ab0979449956132d3e5b517ea76ac8","name":"Reda\u00e7\u00e3o","image":{"@type":"ImageObject","inLanguage":"pt-BR","@id":"https:\/\/secure.gravatar.com\/avatar\/e0a867bdedb85fd243eadf09663511f96fc81e0720a4a42581f334ad4303aa6b?s=96&d=mm&r=g","url":"https:\/\/secure.gravatar.com\/avatar\/e0a867bdedb85fd243eadf09663511f96fc81e0720a4a42581f334ad4303aa6b?s=96&d=mm&r=g","contentUrl":"https:\/\/secure.gravatar.com\/avatar\/e0a867bdedb85fd243eadf09663511f96fc81e0720a4a42581f334ad4303aa6b?s=96&d=mm&r=g","caption":"Reda\u00e7\u00e3o"}}]}},"amp_enabled":true,"_links":{"self":[{"href":"https:\/\/www.notibras.com\/site\/wp-json\/wp\/v2\/posts\/15454","targetHints":{"allow":["GET"]}}],"collection":[{"href":"https:\/\/www.notibras.com\/site\/wp-json\/wp\/v2\/posts"}],"about":[{"href":"https:\/\/www.notibras.com\/site\/wp-json\/wp\/v2\/types\/post"}],"author":[{"embeddable":true,"href":"https:\/\/www.notibras.com\/site\/wp-json\/wp\/v2\/users\/2"}],"replies":[{"embeddable":true,"href":"https:\/\/www.notibras.com\/site\/wp-json\/wp\/v2\/comments?post=15454"}],"version-history":[{"count":0,"href":"https:\/\/www.notibras.com\/site\/wp-json\/wp\/v2\/posts\/15454\/revisions"}],"wp:featuredmedia":[{"embeddable":true,"href":"https:\/\/www.notibras.com\/site\/wp-json\/wp\/v2\/media\/15455"}],"wp:attachment":[{"href":"https:\/\/www.notibras.com\/site\/wp-json\/wp\/v2\/media?parent=15454"}],"wp:term":[{"taxonomy":"category","embeddable":true,"href":"https:\/\/www.notibras.com\/site\/wp-json\/wp\/v2\/categories?post=15454"},{"taxonomy":"post_tag","embeddable":true,"href":"https:\/\/www.notibras.com\/site\/wp-json\/wp\/v2\/tags?post=15454"}],"curies":[{"name":"wp","href":"https:\/\/api.w.org\/{rel}","templated":true}]}}