{"id":15463,"date":"2014-07-07T06:55:20","date_gmt":"2014-07-07T09:55:20","guid":{"rendered":"http:\/\/www.notibras.com\/site\/?p=15463"},"modified":"2014-07-07T06:55:20","modified_gmt":"2014-07-07T09:55:20","slug":"chris-weidman-deixa-lioto-na-lona-e-fica-esperando-por-belfort","status":"publish","type":"post","link":"https:\/\/www.notibras.com\/site\/chris-weidman-deixa-lioto-na-lona-e-fica-esperando-por-belfort\/","title":{"rendered":"Chris Weidman deixa Lioto na lona e fica esperando por Belfort"},"content":{"rendered":"<p>Chris Weidman confirmou seu favoritismo contra Lyoto Machida no UFC 175 e manteve o cintur\u00e3o dos pesos-m\u00e9dios, s\u00e1bado, no Mandalay Bay, em Las Vegas, nos Estados Unidos. O americano dominou a maioria dos rounds e foi declarado vencedor por decis\u00e3o un\u00e2nime dos ju\u00edzes.<\/p>\n<p>Agora, o campe\u00e3o aguarda o tamb\u00e9m brasileiro Vitor Belfort\u00a0para sua pr\u00f3xima defesa de t\u00edtulo, ainda sem data definida.<\/p>\n<p class=\"text\">Com a vit\u00f3ria, Weidman\u00a0acumula 12 triunfos seguidos, sendo oito deles pelo Ultimate, e acaba se tornando um &#8220;carrasco&#8221; dos\u00a0brasileiros.\u00a0Vale lembrar que seus dois \u00faltimos combates foram contra\u00a0Anderson Silva,\u00a0quando conquistou o cintur\u00e3o pela primeira vez e, em seguida, fez uma revanche vitoriosa.<\/p>\n<p class=\"text\">Para manter o t\u00edtulo, o americano ter\u00e1 que manter sua fama, j\u00e1 que al\u00e9m de Belfort, Ronaldo Jacar\u00e9 deve se tornar um desafiante da categoria em um futuro pr\u00f3ximo.<\/p>\n<p class=\"text\">Ap\u00f3s o resultado oficial, Weidman aproveitou e elogiou o brasileiro ainda no oct\u00f3gono. &#8220;Ele \u00e9 t\u00e3o bom quanto eu pensava. \u00c9 r\u00e1pido, quando voc\u00ea acha que ele vai fazer algo, faz o oposto. Ele \u00e9 incr\u00edvel&#8221;, disse.<\/p>\n<p class=\"text\">Ovacionado pela torcida, Lyoto falou sobre sua estrat\u00e9gia e retribuiu as palavras. &#8220;O\u00a0plano era manter a luta\u00a0em p\u00e9. Ele \u00e9 um oponente duro, o verdadeiro campe\u00e3o e merece o cintur\u00e3o. Eu vou voltar em breve, obrigado a todos&#8221;.<\/p>\n","protected":false},"excerpt":{"rendered":"<p>Chris Weidman confirmou seu favoritismo contra Lyoto Machida no UFC 175 e manteve o cintur\u00e3o dos pesos-m\u00e9dios, s\u00e1bado, no Mandalay Bay, em Las Vegas, nos Estados Unidos. O americano dominou a maioria dos rounds e foi declarado vencedor por decis\u00e3o un\u00e2nime dos ju\u00edzes. Agora, o campe\u00e3o aguarda o tamb\u00e9m brasileiro Vitor Belfort\u00a0para sua pr\u00f3xima defesa [&hellip;]<\/p>\n","protected":false},"author":2,"featured_media":15464,"comment_status":"open","ping_status":"closed","sticky":false,"template":"","format":"standard","meta":{"_acf_changed":false,"footnotes":""},"categories":[32,19],"tags":[],"class_list":["post-15463","post","type-post","status-publish","format-standard","has-post-thumbnail","hentry","category-combate","category-esportes"],"acf":[],"yoast_head":"<!-- This site is optimized with the Yoast SEO plugin v27.2 - https:\/\/yoast.com\/product\/yoast-seo-wordpress\/ -->\n<title>Chris Weidman deixa Lioto na lona e fica esperando por Belfort - Notibras<\/title>\n<meta name=\"robots\" content=\"index, follow, max-snippet:-1, max-image-preview:large, max-video-preview:-1\" \/>\n<link rel=\"canonical\" href=\"https:\/\/www.notibras.com\/site\/chris-weidman-deixa-lioto-na-lona-e-fica-esperando-por-belfort\/\" \/>\n<meta property=\"og:locale\" content=\"pt_BR\" \/>\n<meta property=\"og:type\" content=\"article\" \/>\n<meta property=\"og:title\" content=\"Chris Weidman deixa Lioto na lona e fica esperando por Belfort - Notibras\" \/>\n<meta property=\"og:description\" content=\"Chris Weidman confirmou seu favoritismo contra Lyoto Machida no UFC 175 e manteve o cintur\u00e3o dos pesos-m\u00e9dios, s\u00e1bado, no Mandalay Bay, em Las Vegas, nos Estados Unidos. O americano dominou a maioria dos rounds e foi declarado vencedor por decis\u00e3o un\u00e2nime dos ju\u00edzes. Agora, o campe\u00e3o aguarda o tamb\u00e9m brasileiro Vitor Belfort\u00a0para sua pr\u00f3xima defesa [&hellip;]\" \/>\n<meta property=\"og:url\" content=\"https:\/\/www.notibras.com\/site\/chris-weidman-deixa-lioto-na-lona-e-fica-esperando-por-belfort\/\" \/>\n<meta property=\"og:site_name\" content=\"Notibras\" \/>\n<meta property=\"article:publisher\" content=\"https:\/\/www.facebook.com\/notibras\/\" \/>\n<meta property=\"article:published_time\" content=\"2014-07-07T09:55:20+00:00\" \/>\n<meta property=\"og:image\" content=\"https:\/\/www.notibras.com\/site\/wp-content\/uploads\/2014\/07\/chrisweidmancinturaoufc175getty.jpg\" \/>\n\t<meta property=\"og:image:width\" content=\"460\" \/>\n\t<meta property=\"og:image:height\" content=\"340\" \/>\n\t<meta property=\"og:image:type\" content=\"image\/jpeg\" \/>\n<meta name=\"author\" content=\"Reda\u00e7\u00e3o\" \/>\n<meta name=\"twitter:card\" content=\"summary_large_image\" \/>\n<meta name=\"twitter:creator\" content=\"@Notibras\" \/>\n<meta name=\"twitter:site\" content=\"@Notibras\" \/>\n<meta name=\"twitter:label1\" content=\"Escrito por\" \/>\n\t<meta name=\"twitter:data1\" content=\"Reda\u00e7\u00e3o\" \/>\n\t<meta name=\"twitter:label2\" content=\"Est. tempo de leitura\" \/>\n\t<meta name=\"twitter:data2\" content=\"1 minuto\" \/>\n<script type=\"application\/ld+json\" class=\"yoast-schema-graph\">{\"@context\":\"https:\/\/schema.org\",\"@graph\":[{\"@type\":\"Article\",\"@id\":\"https:\/\/www.notibras.com\/site\/chris-weidman-deixa-lioto-na-lona-e-fica-esperando-por-belfort\/#article\",\"isPartOf\":{\"@id\":\"https:\/\/www.notibras.com\/site\/chris-weidman-deixa-lioto-na-lona-e-fica-esperando-por-belfort\/\"},\"author\":{\"name\":\"Reda\u00e7\u00e3o\",\"@id\":\"https:\/\/www.notibras.com\/site\/#\/schema\/person\/36ab0979449956132d3e5b517ea76ac8\"},\"headline\":\"Chris Weidman deixa Lioto na lona e fica esperando por Belfort\",\"datePublished\":\"2014-07-07T09:55:20+00:00\",\"mainEntityOfPage\":{\"@id\":\"https:\/\/www.notibras.com\/site\/chris-weidman-deixa-lioto-na-lona-e-fica-esperando-por-belfort\/\"},\"wordCount\":242,\"commentCount\":0,\"publisher\":{\"@id\":\"https:\/\/www.notibras.com\/site\/#organization\"},\"image\":{\"@id\":\"https:\/\/www.notibras.com\/site\/chris-weidman-deixa-lioto-na-lona-e-fica-esperando-por-belfort\/#primaryimage\"},\"thumbnailUrl\":\"https:\/\/www.notibras.com\/site\/wp-content\/uploads\/2014\/07\/chrisweidmancinturaoufc175getty.jpg\",\"articleSection\":[\"Combate\",\"Esportes\"],\"inLanguage\":\"pt-BR\",\"potentialAction\":[{\"@type\":\"CommentAction\",\"name\":\"Comment\",\"target\":[\"https:\/\/www.notibras.com\/site\/chris-weidman-deixa-lioto-na-lona-e-fica-esperando-por-belfort\/#respond\"]}]},{\"@type\":\"WebPage\",\"@id\":\"https:\/\/www.notibras.com\/site\/chris-weidman-deixa-lioto-na-lona-e-fica-esperando-por-belfort\/\",\"url\":\"https:\/\/www.notibras.com\/site\/chris-weidman-deixa-lioto-na-lona-e-fica-esperando-por-belfort\/\",\"name\":\"Chris Weidman deixa Lioto na lona e fica esperando por Belfort - Notibras\",\"isPartOf\":{\"@id\":\"https:\/\/www.notibras.com\/site\/#website\"},\"primaryImageOfPage\":{\"@id\":\"https:\/\/www.notibras.com\/site\/chris-weidman-deixa-lioto-na-lona-e-fica-esperando-por-belfort\/#primaryimage\"},\"image\":{\"@id\":\"https:\/\/www.notibras.com\/site\/chris-weidman-deixa-lioto-na-lona-e-fica-esperando-por-belfort\/#primaryimage\"},\"thumbnailUrl\":\"https:\/\/www.notibras.com\/site\/wp-content\/uploads\/2014\/07\/chrisweidmancinturaoufc175getty.jpg\",\"datePublished\":\"2014-07-07T09:55:20+00:00\",\"breadcrumb\":{\"@id\":\"https:\/\/www.notibras.com\/site\/chris-weidman-deixa-lioto-na-lona-e-fica-esperando-por-belfort\/#breadcrumb\"},\"inLanguage\":\"pt-BR\",\"potentialAction\":[{\"@type\":\"ReadAction\",\"target\":[\"https:\/\/www.notibras.com\/site\/chris-weidman-deixa-lioto-na-lona-e-fica-esperando-por-belfort\/\"]}]},{\"@type\":\"ImageObject\",\"inLanguage\":\"pt-BR\",\"@id\":\"https:\/\/www.notibras.com\/site\/chris-weidman-deixa-lioto-na-lona-e-fica-esperando-por-belfort\/#primaryimage\",\"url\":\"https:\/\/www.notibras.com\/site\/wp-content\/uploads\/2014\/07\/chrisweidmancinturaoufc175getty.jpg\",\"contentUrl\":\"https:\/\/www.notibras.com\/site\/wp-content\/uploads\/2014\/07\/chrisweidmancinturaoufc175getty.jpg\",\"width\":460,\"height\":340},{\"@type\":\"BreadcrumbList\",\"@id\":\"https:\/\/www.notibras.com\/site\/chris-weidman-deixa-lioto-na-lona-e-fica-esperando-por-belfort\/#breadcrumb\",\"itemListElement\":[{\"@type\":\"ListItem\",\"position\":1,\"name\":\"In\u00edcio\",\"item\":\"https:\/\/www.notibras.com\/site\/\"},{\"@type\":\"ListItem\",\"position\":2,\"name\":\"Chris Weidman deixa Lioto na lona e fica esperando por Belfort\"}]},{\"@type\":\"WebSite\",\"@id\":\"https:\/\/www.notibras.com\/site\/#website\",\"url\":\"https:\/\/www.notibras.com\/site\/\",\"name\":\"Notibras\",\"description\":\"Not\u00edcias de Bras\u00edlia, do Brasil e do Mundo\",\"publisher\":{\"@id\":\"https:\/\/www.notibras.com\/site\/#organization\"},\"potentialAction\":[{\"@type\":\"SearchAction\",\"target\":{\"@type\":\"EntryPoint\",\"urlTemplate\":\"https:\/\/www.notibras.com\/site\/?s={search_term_string}\"},\"query-input\":{\"@type\":\"PropertyValueSpecification\",\"valueRequired\":true,\"valueName\":\"search_term_string\"}}],\"inLanguage\":\"pt-BR\"},{\"@type\":\"Organization\",\"@id\":\"https:\/\/www.notibras.com\/site\/#organization\",\"name\":\"Grupo Notibras de Comunica\u00e7\u00e3o\",\"url\":\"https:\/\/www.notibras.com\/site\/\",\"logo\":{\"@type\":\"ImageObject\",\"inLanguage\":\"pt-BR\",\"@id\":\"https:\/\/www.notibras.com\/site\/#\/schema\/logo\/image\/\",\"url\":\"https:\/\/www.notibras.com\/site\/wp-content\/uploads\/2023\/01\/notibras23.png\",\"contentUrl\":\"https:\/\/www.notibras.com\/site\/wp-content\/uploads\/2023\/01\/notibras23.png\",\"width\":350,\"height\":87,\"caption\":\"Grupo Notibras de Comunica\u00e7\u00e3o\"},\"image\":{\"@id\":\"https:\/\/www.notibras.com\/site\/#\/schema\/logo\/image\/\"},\"sameAs\":[\"https:\/\/www.facebook.com\/notibras\/\",\"https:\/\/x.com\/Notibras\",\"https:\/\/www.instagram.com\/notibras\/\"]},{\"@type\":\"Person\",\"@id\":\"https:\/\/www.notibras.com\/site\/#\/schema\/person\/36ab0979449956132d3e5b517ea76ac8\",\"name\":\"Reda\u00e7\u00e3o\",\"image\":{\"@type\":\"ImageObject\",\"inLanguage\":\"pt-BR\",\"@id\":\"https:\/\/secure.gravatar.com\/avatar\/e0a867bdedb85fd243eadf09663511f96fc81e0720a4a42581f334ad4303aa6b?s=96&d=mm&r=g\",\"url\":\"https:\/\/secure.gravatar.com\/avatar\/e0a867bdedb85fd243eadf09663511f96fc81e0720a4a42581f334ad4303aa6b?s=96&d=mm&r=g\",\"contentUrl\":\"https:\/\/secure.gravatar.com\/avatar\/e0a867bdedb85fd243eadf09663511f96fc81e0720a4a42581f334ad4303aa6b?s=96&d=mm&r=g\",\"caption\":\"Reda\u00e7\u00e3o\"}}]}<\/script>\n<!-- \/ Yoast SEO plugin. -->","yoast_head_json":{"title":"Chris Weidman deixa Lioto na lona e fica esperando por Belfort - Notibras","robots":{"index":"index","follow":"follow","max-snippet":"max-snippet:-1","max-image-preview":"max-image-preview:large","max-video-preview":"max-video-preview:-1"},"canonical":"https:\/\/www.notibras.com\/site\/chris-weidman-deixa-lioto-na-lona-e-fica-esperando-por-belfort\/","og_locale":"pt_BR","og_type":"article","og_title":"Chris Weidman deixa Lioto na lona e fica esperando por Belfort - Notibras","og_description":"Chris Weidman confirmou seu favoritismo contra Lyoto Machida no UFC 175 e manteve o cintur\u00e3o dos pesos-m\u00e9dios, s\u00e1bado, no Mandalay Bay, em Las Vegas, nos Estados Unidos. O americano dominou a maioria dos rounds e foi declarado vencedor por decis\u00e3o un\u00e2nime dos ju\u00edzes. Agora, o campe\u00e3o aguarda o tamb\u00e9m brasileiro Vitor Belfort\u00a0para sua pr\u00f3xima defesa [&hellip;]","og_url":"https:\/\/www.notibras.com\/site\/chris-weidman-deixa-lioto-na-lona-e-fica-esperando-por-belfort\/","og_site_name":"Notibras","article_publisher":"https:\/\/www.facebook.com\/notibras\/","article_published_time":"2014-07-07T09:55:20+00:00","og_image":[{"width":460,"height":340,"url":"https:\/\/www.notibras.com\/site\/wp-content\/uploads\/2014\/07\/chrisweidmancinturaoufc175getty.jpg","type":"image\/jpeg"}],"author":"Reda\u00e7\u00e3o","twitter_card":"summary_large_image","twitter_creator":"@Notibras","twitter_site":"@Notibras","twitter_misc":{"Escrito por":"Reda\u00e7\u00e3o","Est. tempo de leitura":"1 minuto"},"schema":{"@context":"https:\/\/schema.org","@graph":[{"@type":"Article","@id":"https:\/\/www.notibras.com\/site\/chris-weidman-deixa-lioto-na-lona-e-fica-esperando-por-belfort\/#article","isPartOf":{"@id":"https:\/\/www.notibras.com\/site\/chris-weidman-deixa-lioto-na-lona-e-fica-esperando-por-belfort\/"},"author":{"name":"Reda\u00e7\u00e3o","@id":"https:\/\/www.notibras.com\/site\/#\/schema\/person\/36ab0979449956132d3e5b517ea76ac8"},"headline":"Chris Weidman deixa Lioto na lona e fica esperando por Belfort","datePublished":"2014-07-07T09:55:20+00:00","mainEntityOfPage":{"@id":"https:\/\/www.notibras.com\/site\/chris-weidman-deixa-lioto-na-lona-e-fica-esperando-por-belfort\/"},"wordCount":242,"commentCount":0,"publisher":{"@id":"https:\/\/www.notibras.com\/site\/#organization"},"image":{"@id":"https:\/\/www.notibras.com\/site\/chris-weidman-deixa-lioto-na-lona-e-fica-esperando-por-belfort\/#primaryimage"},"thumbnailUrl":"https:\/\/www.notibras.com\/site\/wp-content\/uploads\/2014\/07\/chrisweidmancinturaoufc175getty.jpg","articleSection":["Combate","Esportes"],"inLanguage":"pt-BR","potentialAction":[{"@type":"CommentAction","name":"Comment","target":["https:\/\/www.notibras.com\/site\/chris-weidman-deixa-lioto-na-lona-e-fica-esperando-por-belfort\/#respond"]}]},{"@type":"WebPage","@id":"https:\/\/www.notibras.com\/site\/chris-weidman-deixa-lioto-na-lona-e-fica-esperando-por-belfort\/","url":"https:\/\/www.notibras.com\/site\/chris-weidman-deixa-lioto-na-lona-e-fica-esperando-por-belfort\/","name":"Chris Weidman deixa Lioto na lona e fica esperando por Belfort - Notibras","isPartOf":{"@id":"https:\/\/www.notibras.com\/site\/#website"},"primaryImageOfPage":{"@id":"https:\/\/www.notibras.com\/site\/chris-weidman-deixa-lioto-na-lona-e-fica-esperando-por-belfort\/#primaryimage"},"image":{"@id":"https:\/\/www.notibras.com\/site\/chris-weidman-deixa-lioto-na-lona-e-fica-esperando-por-belfort\/#primaryimage"},"thumbnailUrl":"https:\/\/www.notibras.com\/site\/wp-content\/uploads\/2014\/07\/chrisweidmancinturaoufc175getty.jpg","datePublished":"2014-07-07T09:55:20+00:00","breadcrumb":{"@id":"https:\/\/www.notibras.com\/site\/chris-weidman-deixa-lioto-na-lona-e-fica-esperando-por-belfort\/#breadcrumb"},"inLanguage":"pt-BR","potentialAction":[{"@type":"ReadAction","target":["https:\/\/www.notibras.com\/site\/chris-weidman-deixa-lioto-na-lona-e-fica-esperando-por-belfort\/"]}]},{"@type":"ImageObject","inLanguage":"pt-BR","@id":"https:\/\/www.notibras.com\/site\/chris-weidman-deixa-lioto-na-lona-e-fica-esperando-por-belfort\/#primaryimage","url":"https:\/\/www.notibras.com\/site\/wp-content\/uploads\/2014\/07\/chrisweidmancinturaoufc175getty.jpg","contentUrl":"https:\/\/www.notibras.com\/site\/wp-content\/uploads\/2014\/07\/chrisweidmancinturaoufc175getty.jpg","width":460,"height":340},{"@type":"BreadcrumbList","@id":"https:\/\/www.notibras.com\/site\/chris-weidman-deixa-lioto-na-lona-e-fica-esperando-por-belfort\/#breadcrumb","itemListElement":[{"@type":"ListItem","position":1,"name":"In\u00edcio","item":"https:\/\/www.notibras.com\/site\/"},{"@type":"ListItem","position":2,"name":"Chris Weidman deixa Lioto na lona e fica esperando por Belfort"}]},{"@type":"WebSite","@id":"https:\/\/www.notibras.com\/site\/#website","url":"https:\/\/www.notibras.com\/site\/","name":"Notibras","description":"Not\u00edcias de Bras\u00edlia, do Brasil e do Mundo","publisher":{"@id":"https:\/\/www.notibras.com\/site\/#organization"},"potentialAction":[{"@type":"SearchAction","target":{"@type":"EntryPoint","urlTemplate":"https:\/\/www.notibras.com\/site\/?s={search_term_string}"},"query-input":{"@type":"PropertyValueSpecification","valueRequired":true,"valueName":"search_term_string"}}],"inLanguage":"pt-BR"},{"@type":"Organization","@id":"https:\/\/www.notibras.com\/site\/#organization","name":"Grupo Notibras de Comunica\u00e7\u00e3o","url":"https:\/\/www.notibras.com\/site\/","logo":{"@type":"ImageObject","inLanguage":"pt-BR","@id":"https:\/\/www.notibras.com\/site\/#\/schema\/logo\/image\/","url":"https:\/\/www.notibras.com\/site\/wp-content\/uploads\/2023\/01\/notibras23.png","contentUrl":"https:\/\/www.notibras.com\/site\/wp-content\/uploads\/2023\/01\/notibras23.png","width":350,"height":87,"caption":"Grupo Notibras de Comunica\u00e7\u00e3o"},"image":{"@id":"https:\/\/www.notibras.com\/site\/#\/schema\/logo\/image\/"},"sameAs":["https:\/\/www.facebook.com\/notibras\/","https:\/\/x.com\/Notibras","https:\/\/www.instagram.com\/notibras\/"]},{"@type":"Person","@id":"https:\/\/www.notibras.com\/site\/#\/schema\/person\/36ab0979449956132d3e5b517ea76ac8","name":"Reda\u00e7\u00e3o","image":{"@type":"ImageObject","inLanguage":"pt-BR","@id":"https:\/\/secure.gravatar.com\/avatar\/e0a867bdedb85fd243eadf09663511f96fc81e0720a4a42581f334ad4303aa6b?s=96&d=mm&r=g","url":"https:\/\/secure.gravatar.com\/avatar\/e0a867bdedb85fd243eadf09663511f96fc81e0720a4a42581f334ad4303aa6b?s=96&d=mm&r=g","contentUrl":"https:\/\/secure.gravatar.com\/avatar\/e0a867bdedb85fd243eadf09663511f96fc81e0720a4a42581f334ad4303aa6b?s=96&d=mm&r=g","caption":"Reda\u00e7\u00e3o"}}]}},"amp_enabled":true,"_links":{"self":[{"href":"https:\/\/www.notibras.com\/site\/wp-json\/wp\/v2\/posts\/15463","targetHints":{"allow":["GET"]}}],"collection":[{"href":"https:\/\/www.notibras.com\/site\/wp-json\/wp\/v2\/posts"}],"about":[{"href":"https:\/\/www.notibras.com\/site\/wp-json\/wp\/v2\/types\/post"}],"author":[{"embeddable":true,"href":"https:\/\/www.notibras.com\/site\/wp-json\/wp\/v2\/users\/2"}],"replies":[{"embeddable":true,"href":"https:\/\/www.notibras.com\/site\/wp-json\/wp\/v2\/comments?post=15463"}],"version-history":[{"count":0,"href":"https:\/\/www.notibras.com\/site\/wp-json\/wp\/v2\/posts\/15463\/revisions"}],"wp:featuredmedia":[{"embeddable":true,"href":"https:\/\/www.notibras.com\/site\/wp-json\/wp\/v2\/media\/15464"}],"wp:attachment":[{"href":"https:\/\/www.notibras.com\/site\/wp-json\/wp\/v2\/media?parent=15463"}],"wp:term":[{"taxonomy":"category","embeddable":true,"href":"https:\/\/www.notibras.com\/site\/wp-json\/wp\/v2\/categories?post=15463"},{"taxonomy":"post_tag","embeddable":true,"href":"https:\/\/www.notibras.com\/site\/wp-json\/wp\/v2\/tags?post=15463"}],"curies":[{"name":"wp","href":"https:\/\/api.w.org\/{rel}","templated":true}]}}