{"id":15470,"date":"2014-07-07T07:05:12","date_gmt":"2014-07-07T10:05:12","guid":{"rendered":"http:\/\/www.notibras.com\/site\/?p=15470"},"modified":"2014-07-07T07:05:12","modified_gmt":"2014-07-07T10:05:12","slug":"matthaus-ve-desespero-brasileiro-e-aposta-no-tetra-da-alemanha","status":"publish","type":"post","link":"https:\/\/www.notibras.com\/site\/matthaus-ve-desespero-brasileiro-e-aposta-no-tetra-da-alemanha\/","title":{"rendered":"Matthaus v\u00ea desespero brasileiro e aposta no tetra da Alemanha"},"content":{"rendered":"<p>Recordista em participa\u00e7\u00f5es em Copas do Mundo, tendo jogado as edi\u00e7\u00f5es de 1982, 1986, 1990, 1994 e 1998 e sendo o capit\u00e3o do time campe\u00e3o h\u00e1 24 anos, Lothar Matthaus confia que a Alemanha pode ser tetracampe\u00e3 no Brasil e v\u00ea um atalho para derrotar os anfitri\u00f5es na semifinal desta ter\u00e7a-feira: o choro excessivo dos comandados de Luiz Felipe Scolari.<\/p>\n<p>\u201cO Brasil tem a vantagem de jogar em casa, mas isso tamb\u00e9m pode ser bom para a Alemanha. Os brasileiros est\u00e3o muito sens\u00edveis, choraram muito durante a Copa do Mundo n\u00e3o apenas por tristeza, mas tamb\u00e9m por alegria. Est\u00e3o colocando suas emo\u00e7\u00f5es para fora e vemos que existe muita sensibilidade. Precisamos observar como v\u00e3o lidar com essa press\u00e3o\u201d, disse o ex-jogador ao site da Fifa.<\/p>\n<p>A maior experi\u00eancia dos jogadores da Alemanha tamb\u00e9m \u00e9 um trunfo. \u201cEles est\u00e3o acostumados a grandes atmosferas. Jogam quase todas as semanas em est\u00e1dios lotados no Campeonato Alem\u00e3o, que s\u00e3o quase t\u00e3o grandes quanto os do Brasil. Principalmente os jogadores do Bayern. Em toda partida fora de casa, sentem a press\u00e3o e todo o est\u00e1dio fica contra eles. Agora, a mesma coisa vai acontecer. E a Alemanha tem a vantagem de ter uma equipe forte e a experi\u00eancia de ter disputado o torneio no passado.\u201d<\/p>\n<blockquote><p>Apesar de tantas vantagens, Matthaus n\u00e3o considera seu pa\u00eds favorito, mas aposta em vit\u00f3ria por 2 a 1 no Mineir\u00e3o. Independentemente do jogo bonito. \u201cOs jogadores precisam apenas vencer, n\u00e3o importa como. A equipe est\u00e1 funcionando como uma unidade compacta, em boas condi\u00e7\u00f5es f\u00edsicas e consegue jogar no mais alto ritmo durante os 90 minutos. Isso pode ser decisivo para triunfar no Mundial\u201d, indicou, discordando de quem critica a beleza das atua\u00e7\u00f5es germ\u00e2nicas neste ano.<\/p><\/blockquote>\n<p>\u201cN\u00e3o \u00e9 o mesmo futebol bonito que a Alemanha mostrou nos dois \u00faltimos Mundiais, mas Joachim Low tamb\u00e9m aprendeu algo: n\u00e3o se ganha t\u00edtulo jogando bonito. E o objetivo da sele\u00e7\u00e3o \u00e9 vencer a Copa do Mundo no Brasil\u201d, defendeu. \u201cQueremos jogar bonito e voltar para casa mais cedo ou queremos estar com a ta\u00e7a nas m\u00e3os depois de sete jogos? A resposta \u00e9 clara: tragam o t\u00edtulo para casa. Por isso, n\u00e3o joguem apenas bonito, mas, acima de tudo, pratiquem um futebol vitorioso.\u201d<\/p>\n<p>Na vis\u00e3o de Matthaus, os problemas na equipe ocorrem por conta de improvisa\u00e7\u00f5es na esquerda, tanto na lateral como meia-atacante, e ainda espera ajustes no setor ofensivo, mas defende o treinador lembrando que muitos atletas tiveram problemas f\u00edsicos que o fizeram, inclusive, escalar o lateral direito Lahm no meio-campo. Mas se mant\u00e9m confiante no tetra por conta da for\u00e7a psicol\u00f3gico que v\u00ea nos compatriotas em campo.<\/p>\n<p>\u201cN\u00e3o temos a obriga\u00e7\u00e3o de ser campe\u00f5es mundiais, mas queremos e podemos fazer isso. A equipe j\u00e1 chegou muito longe, est\u00e1 entre os quatro melhores e, agora, tudo depende de nuances. A sele\u00e7\u00e3o alem\u00e3 deixou em mim uma impress\u00e3o de firmeza e estabilidade, est\u00e1 esbanjando autoconfian\u00e7a\u201d, animou-se o melhor jogador do mundo na elei\u00e7\u00e3o da Fifa em 1991.<\/p>\n","protected":false},"excerpt":{"rendered":"<p>Recordista em participa\u00e7\u00f5es em Copas do Mundo, tendo jogado as edi\u00e7\u00f5es de 1982, 1986, 1990, 1994 e 1998 e sendo o capit\u00e3o do time campe\u00e3o h\u00e1 24 anos, Lothar Matthaus confia que a Alemanha pode ser tetracampe\u00e3 no Brasil e v\u00ea um atalho para derrotar os anfitri\u00f5es na semifinal desta ter\u00e7a-feira: o choro excessivo dos [&hellip;]<\/p>\n","protected":false},"author":2,"featured_media":15471,"comment_status":"open","ping_status":"closed","sticky":false,"template":"","format":"standard","meta":{"_acf_changed":false,"footnotes":""},"categories":[19],"tags":[],"class_list":["post-15470","post","type-post","status-publish","format-standard","has-post-thumbnail","hentry","category-esportes"],"acf":[],"yoast_head":"<!-- This site is optimized with the Yoast SEO plugin v27.2 - https:\/\/yoast.com\/product\/yoast-seo-wordpress\/ -->\n<title>Matthaus v\u00ea desespero brasileiro e aposta no tetra da Alemanha - Notibras<\/title>\n<meta name=\"robots\" content=\"index, follow, max-snippet:-1, max-image-preview:large, max-video-preview:-1\" \/>\n<link rel=\"canonical\" href=\"https:\/\/www.notibras.com\/site\/matthaus-ve-desespero-brasileiro-e-aposta-no-tetra-da-alemanha\/\" \/>\n<meta property=\"og:locale\" content=\"pt_BR\" \/>\n<meta property=\"og:type\" content=\"article\" \/>\n<meta property=\"og:title\" content=\"Matthaus v\u00ea desespero brasileiro e aposta no tetra da Alemanha - Notibras\" \/>\n<meta property=\"og:description\" content=\"Recordista em participa\u00e7\u00f5es em Copas do Mundo, tendo jogado as edi\u00e7\u00f5es de 1982, 1986, 1990, 1994 e 1998 e sendo o capit\u00e3o do time campe\u00e3o h\u00e1 24 anos, Lothar Matthaus confia que a Alemanha pode ser tetracampe\u00e3 no Brasil e v\u00ea um atalho para derrotar os anfitri\u00f5es na semifinal desta ter\u00e7a-feira: o choro excessivo dos [&hellip;]\" \/>\n<meta property=\"og:url\" content=\"https:\/\/www.notibras.com\/site\/matthaus-ve-desespero-brasileiro-e-aposta-no-tetra-da-alemanha\/\" \/>\n<meta property=\"og:site_name\" content=\"Notibras\" \/>\n<meta property=\"article:publisher\" content=\"https:\/\/www.facebook.com\/notibras\/\" \/>\n<meta property=\"article:published_time\" content=\"2014-07-07T10:05:12+00:00\" \/>\n<meta property=\"og:image\" content=\"https:\/\/www.notibras.com\/site\/wp-content\/uploads\/2014\/07\/Lothar-Matthaus.jpg\" \/>\n\t<meta property=\"og:image:width\" content=\"476\" \/>\n\t<meta property=\"og:image:height\" content=\"358\" \/>\n\t<meta property=\"og:image:type\" content=\"image\/jpeg\" \/>\n<meta name=\"author\" content=\"Reda\u00e7\u00e3o\" \/>\n<meta name=\"twitter:card\" content=\"summary_large_image\" \/>\n<meta name=\"twitter:creator\" content=\"@Notibras\" \/>\n<meta name=\"twitter:site\" content=\"@Notibras\" \/>\n<meta name=\"twitter:label1\" content=\"Escrito por\" \/>\n\t<meta name=\"twitter:data1\" content=\"Reda\u00e7\u00e3o\" \/>\n\t<meta name=\"twitter:label2\" content=\"Est. tempo de leitura\" \/>\n\t<meta name=\"twitter:data2\" content=\"3 minutos\" \/>\n<script type=\"application\/ld+json\" class=\"yoast-schema-graph\">{\"@context\":\"https:\/\/schema.org\",\"@graph\":[{\"@type\":\"Article\",\"@id\":\"https:\/\/www.notibras.com\/site\/matthaus-ve-desespero-brasileiro-e-aposta-no-tetra-da-alemanha\/#article\",\"isPartOf\":{\"@id\":\"https:\/\/www.notibras.com\/site\/matthaus-ve-desespero-brasileiro-e-aposta-no-tetra-da-alemanha\/\"},\"author\":{\"name\":\"Reda\u00e7\u00e3o\",\"@id\":\"https:\/\/www.notibras.com\/site\/#\/schema\/person\/36ab0979449956132d3e5b517ea76ac8\"},\"headline\":\"Matthaus v\u00ea desespero brasileiro e aposta no tetra da Alemanha\",\"datePublished\":\"2014-07-07T10:05:12+00:00\",\"mainEntityOfPage\":{\"@id\":\"https:\/\/www.notibras.com\/site\/matthaus-ve-desespero-brasileiro-e-aposta-no-tetra-da-alemanha\/\"},\"wordCount\":545,\"commentCount\":0,\"publisher\":{\"@id\":\"https:\/\/www.notibras.com\/site\/#organization\"},\"image\":{\"@id\":\"https:\/\/www.notibras.com\/site\/matthaus-ve-desespero-brasileiro-e-aposta-no-tetra-da-alemanha\/#primaryimage\"},\"thumbnailUrl\":\"https:\/\/www.notibras.com\/site\/wp-content\/uploads\/2014\/07\/Lothar-Matthaus.jpg\",\"articleSection\":[\"Esportes\"],\"inLanguage\":\"pt-BR\",\"potentialAction\":[{\"@type\":\"CommentAction\",\"name\":\"Comment\",\"target\":[\"https:\/\/www.notibras.com\/site\/matthaus-ve-desespero-brasileiro-e-aposta-no-tetra-da-alemanha\/#respond\"]}]},{\"@type\":\"WebPage\",\"@id\":\"https:\/\/www.notibras.com\/site\/matthaus-ve-desespero-brasileiro-e-aposta-no-tetra-da-alemanha\/\",\"url\":\"https:\/\/www.notibras.com\/site\/matthaus-ve-desespero-brasileiro-e-aposta-no-tetra-da-alemanha\/\",\"name\":\"Matthaus v\u00ea desespero brasileiro e aposta no tetra da Alemanha - Notibras\",\"isPartOf\":{\"@id\":\"https:\/\/www.notibras.com\/site\/#website\"},\"primaryImageOfPage\":{\"@id\":\"https:\/\/www.notibras.com\/site\/matthaus-ve-desespero-brasileiro-e-aposta-no-tetra-da-alemanha\/#primaryimage\"},\"image\":{\"@id\":\"https:\/\/www.notibras.com\/site\/matthaus-ve-desespero-brasileiro-e-aposta-no-tetra-da-alemanha\/#primaryimage\"},\"thumbnailUrl\":\"https:\/\/www.notibras.com\/site\/wp-content\/uploads\/2014\/07\/Lothar-Matthaus.jpg\",\"datePublished\":\"2014-07-07T10:05:12+00:00\",\"breadcrumb\":{\"@id\":\"https:\/\/www.notibras.com\/site\/matthaus-ve-desespero-brasileiro-e-aposta-no-tetra-da-alemanha\/#breadcrumb\"},\"inLanguage\":\"pt-BR\",\"potentialAction\":[{\"@type\":\"ReadAction\",\"target\":[\"https:\/\/www.notibras.com\/site\/matthaus-ve-desespero-brasileiro-e-aposta-no-tetra-da-alemanha\/\"]}]},{\"@type\":\"ImageObject\",\"inLanguage\":\"pt-BR\",\"@id\":\"https:\/\/www.notibras.com\/site\/matthaus-ve-desespero-brasileiro-e-aposta-no-tetra-da-alemanha\/#primaryimage\",\"url\":\"https:\/\/www.notibras.com\/site\/wp-content\/uploads\/2014\/07\/Lothar-Matthaus.jpg\",\"contentUrl\":\"https:\/\/www.notibras.com\/site\/wp-content\/uploads\/2014\/07\/Lothar-Matthaus.jpg\",\"width\":476,\"height\":358},{\"@type\":\"BreadcrumbList\",\"@id\":\"https:\/\/www.notibras.com\/site\/matthaus-ve-desespero-brasileiro-e-aposta-no-tetra-da-alemanha\/#breadcrumb\",\"itemListElement\":[{\"@type\":\"ListItem\",\"position\":1,\"name\":\"In\u00edcio\",\"item\":\"https:\/\/www.notibras.com\/site\/\"},{\"@type\":\"ListItem\",\"position\":2,\"name\":\"Matthaus v\u00ea desespero brasileiro e aposta no tetra da Alemanha\"}]},{\"@type\":\"WebSite\",\"@id\":\"https:\/\/www.notibras.com\/site\/#website\",\"url\":\"https:\/\/www.notibras.com\/site\/\",\"name\":\"Notibras\",\"description\":\"Not\u00edcias de Bras\u00edlia, do Brasil e do Mundo\",\"publisher\":{\"@id\":\"https:\/\/www.notibras.com\/site\/#organization\"},\"potentialAction\":[{\"@type\":\"SearchAction\",\"target\":{\"@type\":\"EntryPoint\",\"urlTemplate\":\"https:\/\/www.notibras.com\/site\/?s={search_term_string}\"},\"query-input\":{\"@type\":\"PropertyValueSpecification\",\"valueRequired\":true,\"valueName\":\"search_term_string\"}}],\"inLanguage\":\"pt-BR\"},{\"@type\":\"Organization\",\"@id\":\"https:\/\/www.notibras.com\/site\/#organization\",\"name\":\"Grupo Notibras de Comunica\u00e7\u00e3o\",\"url\":\"https:\/\/www.notibras.com\/site\/\",\"logo\":{\"@type\":\"ImageObject\",\"inLanguage\":\"pt-BR\",\"@id\":\"https:\/\/www.notibras.com\/site\/#\/schema\/logo\/image\/\",\"url\":\"https:\/\/www.notibras.com\/site\/wp-content\/uploads\/2023\/01\/notibras23.png\",\"contentUrl\":\"https:\/\/www.notibras.com\/site\/wp-content\/uploads\/2023\/01\/notibras23.png\",\"width\":350,\"height\":87,\"caption\":\"Grupo Notibras de Comunica\u00e7\u00e3o\"},\"image\":{\"@id\":\"https:\/\/www.notibras.com\/site\/#\/schema\/logo\/image\/\"},\"sameAs\":[\"https:\/\/www.facebook.com\/notibras\/\",\"https:\/\/x.com\/Notibras\",\"https:\/\/www.instagram.com\/notibras\/\"]},{\"@type\":\"Person\",\"@id\":\"https:\/\/www.notibras.com\/site\/#\/schema\/person\/36ab0979449956132d3e5b517ea76ac8\",\"name\":\"Reda\u00e7\u00e3o\",\"image\":{\"@type\":\"ImageObject\",\"inLanguage\":\"pt-BR\",\"@id\":\"https:\/\/secure.gravatar.com\/avatar\/e0a867bdedb85fd243eadf09663511f96fc81e0720a4a42581f334ad4303aa6b?s=96&d=mm&r=g\",\"url\":\"https:\/\/secure.gravatar.com\/avatar\/e0a867bdedb85fd243eadf09663511f96fc81e0720a4a42581f334ad4303aa6b?s=96&d=mm&r=g\",\"contentUrl\":\"https:\/\/secure.gravatar.com\/avatar\/e0a867bdedb85fd243eadf09663511f96fc81e0720a4a42581f334ad4303aa6b?s=96&d=mm&r=g\",\"caption\":\"Reda\u00e7\u00e3o\"}}]}<\/script>\n<!-- \/ Yoast SEO plugin. -->","yoast_head_json":{"title":"Matthaus v\u00ea desespero brasileiro e aposta no tetra da Alemanha - Notibras","robots":{"index":"index","follow":"follow","max-snippet":"max-snippet:-1","max-image-preview":"max-image-preview:large","max-video-preview":"max-video-preview:-1"},"canonical":"https:\/\/www.notibras.com\/site\/matthaus-ve-desespero-brasileiro-e-aposta-no-tetra-da-alemanha\/","og_locale":"pt_BR","og_type":"article","og_title":"Matthaus v\u00ea desespero brasileiro e aposta no tetra da Alemanha - Notibras","og_description":"Recordista em participa\u00e7\u00f5es em Copas do Mundo, tendo jogado as edi\u00e7\u00f5es de 1982, 1986, 1990, 1994 e 1998 e sendo o capit\u00e3o do time campe\u00e3o h\u00e1 24 anos, Lothar Matthaus confia que a Alemanha pode ser tetracampe\u00e3 no Brasil e v\u00ea um atalho para derrotar os anfitri\u00f5es na semifinal desta ter\u00e7a-feira: o choro excessivo dos [&hellip;]","og_url":"https:\/\/www.notibras.com\/site\/matthaus-ve-desespero-brasileiro-e-aposta-no-tetra-da-alemanha\/","og_site_name":"Notibras","article_publisher":"https:\/\/www.facebook.com\/notibras\/","article_published_time":"2014-07-07T10:05:12+00:00","og_image":[{"width":476,"height":358,"url":"https:\/\/www.notibras.com\/site\/wp-content\/uploads\/2014\/07\/Lothar-Matthaus.jpg","type":"image\/jpeg"}],"author":"Reda\u00e7\u00e3o","twitter_card":"summary_large_image","twitter_creator":"@Notibras","twitter_site":"@Notibras","twitter_misc":{"Escrito por":"Reda\u00e7\u00e3o","Est. tempo de leitura":"3 minutos"},"schema":{"@context":"https:\/\/schema.org","@graph":[{"@type":"Article","@id":"https:\/\/www.notibras.com\/site\/matthaus-ve-desespero-brasileiro-e-aposta-no-tetra-da-alemanha\/#article","isPartOf":{"@id":"https:\/\/www.notibras.com\/site\/matthaus-ve-desespero-brasileiro-e-aposta-no-tetra-da-alemanha\/"},"author":{"name":"Reda\u00e7\u00e3o","@id":"https:\/\/www.notibras.com\/site\/#\/schema\/person\/36ab0979449956132d3e5b517ea76ac8"},"headline":"Matthaus v\u00ea desespero brasileiro e aposta no tetra da Alemanha","datePublished":"2014-07-07T10:05:12+00:00","mainEntityOfPage":{"@id":"https:\/\/www.notibras.com\/site\/matthaus-ve-desespero-brasileiro-e-aposta-no-tetra-da-alemanha\/"},"wordCount":545,"commentCount":0,"publisher":{"@id":"https:\/\/www.notibras.com\/site\/#organization"},"image":{"@id":"https:\/\/www.notibras.com\/site\/matthaus-ve-desespero-brasileiro-e-aposta-no-tetra-da-alemanha\/#primaryimage"},"thumbnailUrl":"https:\/\/www.notibras.com\/site\/wp-content\/uploads\/2014\/07\/Lothar-Matthaus.jpg","articleSection":["Esportes"],"inLanguage":"pt-BR","potentialAction":[{"@type":"CommentAction","name":"Comment","target":["https:\/\/www.notibras.com\/site\/matthaus-ve-desespero-brasileiro-e-aposta-no-tetra-da-alemanha\/#respond"]}]},{"@type":"WebPage","@id":"https:\/\/www.notibras.com\/site\/matthaus-ve-desespero-brasileiro-e-aposta-no-tetra-da-alemanha\/","url":"https:\/\/www.notibras.com\/site\/matthaus-ve-desespero-brasileiro-e-aposta-no-tetra-da-alemanha\/","name":"Matthaus v\u00ea desespero brasileiro e aposta no tetra da Alemanha - Notibras","isPartOf":{"@id":"https:\/\/www.notibras.com\/site\/#website"},"primaryImageOfPage":{"@id":"https:\/\/www.notibras.com\/site\/matthaus-ve-desespero-brasileiro-e-aposta-no-tetra-da-alemanha\/#primaryimage"},"image":{"@id":"https:\/\/www.notibras.com\/site\/matthaus-ve-desespero-brasileiro-e-aposta-no-tetra-da-alemanha\/#primaryimage"},"thumbnailUrl":"https:\/\/www.notibras.com\/site\/wp-content\/uploads\/2014\/07\/Lothar-Matthaus.jpg","datePublished":"2014-07-07T10:05:12+00:00","breadcrumb":{"@id":"https:\/\/www.notibras.com\/site\/matthaus-ve-desespero-brasileiro-e-aposta-no-tetra-da-alemanha\/#breadcrumb"},"inLanguage":"pt-BR","potentialAction":[{"@type":"ReadAction","target":["https:\/\/www.notibras.com\/site\/matthaus-ve-desespero-brasileiro-e-aposta-no-tetra-da-alemanha\/"]}]},{"@type":"ImageObject","inLanguage":"pt-BR","@id":"https:\/\/www.notibras.com\/site\/matthaus-ve-desespero-brasileiro-e-aposta-no-tetra-da-alemanha\/#primaryimage","url":"https:\/\/www.notibras.com\/site\/wp-content\/uploads\/2014\/07\/Lothar-Matthaus.jpg","contentUrl":"https:\/\/www.notibras.com\/site\/wp-content\/uploads\/2014\/07\/Lothar-Matthaus.jpg","width":476,"height":358},{"@type":"BreadcrumbList","@id":"https:\/\/www.notibras.com\/site\/matthaus-ve-desespero-brasileiro-e-aposta-no-tetra-da-alemanha\/#breadcrumb","itemListElement":[{"@type":"ListItem","position":1,"name":"In\u00edcio","item":"https:\/\/www.notibras.com\/site\/"},{"@type":"ListItem","position":2,"name":"Matthaus v\u00ea desespero brasileiro e aposta no tetra da Alemanha"}]},{"@type":"WebSite","@id":"https:\/\/www.notibras.com\/site\/#website","url":"https:\/\/www.notibras.com\/site\/","name":"Notibras","description":"Not\u00edcias de Bras\u00edlia, do Brasil e do Mundo","publisher":{"@id":"https:\/\/www.notibras.com\/site\/#organization"},"potentialAction":[{"@type":"SearchAction","target":{"@type":"EntryPoint","urlTemplate":"https:\/\/www.notibras.com\/site\/?s={search_term_string}"},"query-input":{"@type":"PropertyValueSpecification","valueRequired":true,"valueName":"search_term_string"}}],"inLanguage":"pt-BR"},{"@type":"Organization","@id":"https:\/\/www.notibras.com\/site\/#organization","name":"Grupo Notibras de Comunica\u00e7\u00e3o","url":"https:\/\/www.notibras.com\/site\/","logo":{"@type":"ImageObject","inLanguage":"pt-BR","@id":"https:\/\/www.notibras.com\/site\/#\/schema\/logo\/image\/","url":"https:\/\/www.notibras.com\/site\/wp-content\/uploads\/2023\/01\/notibras23.png","contentUrl":"https:\/\/www.notibras.com\/site\/wp-content\/uploads\/2023\/01\/notibras23.png","width":350,"height":87,"caption":"Grupo Notibras de Comunica\u00e7\u00e3o"},"image":{"@id":"https:\/\/www.notibras.com\/site\/#\/schema\/logo\/image\/"},"sameAs":["https:\/\/www.facebook.com\/notibras\/","https:\/\/x.com\/Notibras","https:\/\/www.instagram.com\/notibras\/"]},{"@type":"Person","@id":"https:\/\/www.notibras.com\/site\/#\/schema\/person\/36ab0979449956132d3e5b517ea76ac8","name":"Reda\u00e7\u00e3o","image":{"@type":"ImageObject","inLanguage":"pt-BR","@id":"https:\/\/secure.gravatar.com\/avatar\/e0a867bdedb85fd243eadf09663511f96fc81e0720a4a42581f334ad4303aa6b?s=96&d=mm&r=g","url":"https:\/\/secure.gravatar.com\/avatar\/e0a867bdedb85fd243eadf09663511f96fc81e0720a4a42581f334ad4303aa6b?s=96&d=mm&r=g","contentUrl":"https:\/\/secure.gravatar.com\/avatar\/e0a867bdedb85fd243eadf09663511f96fc81e0720a4a42581f334ad4303aa6b?s=96&d=mm&r=g","caption":"Reda\u00e7\u00e3o"}}]}},"amp_enabled":true,"_links":{"self":[{"href":"https:\/\/www.notibras.com\/site\/wp-json\/wp\/v2\/posts\/15470","targetHints":{"allow":["GET"]}}],"collection":[{"href":"https:\/\/www.notibras.com\/site\/wp-json\/wp\/v2\/posts"}],"about":[{"href":"https:\/\/www.notibras.com\/site\/wp-json\/wp\/v2\/types\/post"}],"author":[{"embeddable":true,"href":"https:\/\/www.notibras.com\/site\/wp-json\/wp\/v2\/users\/2"}],"replies":[{"embeddable":true,"href":"https:\/\/www.notibras.com\/site\/wp-json\/wp\/v2\/comments?post=15470"}],"version-history":[{"count":0,"href":"https:\/\/www.notibras.com\/site\/wp-json\/wp\/v2\/posts\/15470\/revisions"}],"wp:featuredmedia":[{"embeddable":true,"href":"https:\/\/www.notibras.com\/site\/wp-json\/wp\/v2\/media\/15471"}],"wp:attachment":[{"href":"https:\/\/www.notibras.com\/site\/wp-json\/wp\/v2\/media?parent=15470"}],"wp:term":[{"taxonomy":"category","embeddable":true,"href":"https:\/\/www.notibras.com\/site\/wp-json\/wp\/v2\/categories?post=15470"},{"taxonomy":"post_tag","embeddable":true,"href":"https:\/\/www.notibras.com\/site\/wp-json\/wp\/v2\/tags?post=15470"}],"curies":[{"name":"wp","href":"https:\/\/api.w.org\/{rel}","templated":true}]}}