{"id":15473,"date":"2014-07-07T07:11:13","date_gmt":"2014-07-07T10:11:13","guid":{"rendered":"http:\/\/www.notibras.com\/site\/?p=15473"},"modified":"2014-07-07T07:11:13","modified_gmt":"2014-07-07T10:11:13","slug":"brasil-nao-e-so-neymar-mas-que-o-menino-gol-faz-falta-faz","status":"publish","type":"post","link":"https:\/\/www.notibras.com\/site\/brasil-nao-e-so-neymar-mas-que-o-menino-gol-faz-falta-faz\/","title":{"rendered":"Brasil n\u00e3o \u00e9 s\u00f3 Neymar, mas que o menino-gol faz falta, faz"},"content":{"rendered":"<p>Para conseguir uma vaga na final da Copa do Mundo diante da Alemanha, nesta ter\u00e7a-feira, os jogadores brasileiros tentar\u00e3o colocar em pr\u00e1tica o que disseram depois da vit\u00f3ria sobre a Col\u00f4mbia: a Sele\u00e7\u00e3o n\u00e3o \u00e9 s\u00f3 Neymar. Por\u00e9m, a aus\u00eancia do jogador ter\u00e1 um impacto indiscut\u00edvel na produ\u00e7\u00e3o do ataque canarinho.<\/p>\n<p>Se \u00e9 imposs\u00edvel fazer c\u00e1lculos em dias ausentes do camisa 10 por ele ter atuado em todos os jogos com Luiz Felipe Scolari, uma an\u00e1lise dos 53 gols desde fevereiro de 2013 mostram que 68% deles tiveram a participa\u00e7\u00e3o do craque. Quando n\u00e3o marcou ou deu passes, o atacante ajudou na constru\u00e7\u00e3o da jogada.<\/p>\n<p>Neste per\u00edodo Neymar marcou 15 gols, deu 12 assist\u00eancias e participou ativamente de nove jogadas conclu\u00eddas com sucesso. O camisa 10 se limitou a aplaudir os companheiros em 27 destes gols. Na Copa do Mundo, o atacante deixou seu toque em seis dos 10 marcados.<\/p>\n<p>Ao todo a Sele\u00e7\u00e3o fez 25 jogos com Felip\u00e3o: 18 vit\u00f3rias, cinco empates e duas derrotas. Em apenas seis \u2013 incluindo duas partidas que o Brasil n\u00e3o marcou &#8211; o atacante n\u00e3o participou da constru\u00e7\u00e3o de jogadas que resultaram em gol.<\/p>\n<p>A pouca influ\u00eancia de Neymar em lances decisivos ocorreu principalmente nos primeiros jogos da era Felip\u00e3o. O atacante chegou \u00e0 Copa das Confedera\u00e7\u00f5es pressionado por ainda n\u00e3o ter em seu curr\u00edculo grandes partidas com a Sele\u00e7\u00e3o. Por\u00e9m, seu futebol acompanhou a evolu\u00e7\u00e3o da equipe e ele passou a fazer a diferen\u00e7a.<\/p>\n<p>O \u00edndice de participa\u00e7\u00e3o de Neymar \u00e9 de longe o maior da Sele\u00e7\u00e3o. Levando em considera\u00e7\u00e3o este hist\u00f3rico, vai crescer a import\u00e2ncia do atacante Fred, que marcou 11 gols, deu cinco assist\u00eancias e teve participa\u00e7\u00e3o ativa em outros dois. O mais significativo \u00e9 que em apenas dois destes Neymar teve participa\u00e7\u00e3o direta em lances com o camisa nove.<\/p>\n<p>Jogador disciplinado taticamente que tem se sacrificado com Felip\u00e3o, Oscar deve ganhar mais liberdade para decidir. Os n\u00fameros mostram que o camisa 11 tem ajudado a Sele\u00e7\u00e3o em roubadas de bolas e chegadas ao ataque. Desde que o treinador assumiu o cargo, o meia tem cinco assist\u00eancias, seis gols e participa\u00e7\u00e3o em outros quatro.<\/p>\n<p>Chama a aten\u00e7\u00e3o tamb\u00e9m a import\u00e2ncia de Marcelo na cria\u00e7\u00e3o de jogadas. Ele ainda n\u00e3o balan\u00e7ou as redes com Felip\u00e3o, mas contabiliza tr\u00eas assist\u00eancias e cinco participa\u00e7\u00f5es em gols.<\/p>\n<p>Na \u00faltima vez que o Brasil jogou sem Neymar, em maio de 2012, Hulk se sobressaiu: marcou dois gols na vit\u00f3ria por 3 a 1 sobre a Dinamarca. Com Felip\u00e3o o atacante tem tr\u00eas gols, quatro assist\u00eancias e tr\u00eas participa\u00e7\u00f5es diretas em gols.<\/p>\n<p>Prov\u00e1vel substituto de Neymar, Willian estreou apenas no final de 2013 com Felip\u00e3o e foi titular apenas por uma vez. Mesmo assim tem dois gols e participa\u00e7\u00e3o direta em outro.<\/p>\n<p>A an\u00e1lise de cada gol da Sele\u00e7\u00e3o Brasileira ainda impressiona pelo n\u00famero expressivo de aproveitamento de desarmes: 12 foram marcados desta maneira, uma a menos do que em bolas paradas, outra arma que Felip\u00e3o aposta para surpreender os alem\u00e3es.<\/p>\n","protected":false},"excerpt":{"rendered":"<p>Para conseguir uma vaga na final da Copa do Mundo diante da Alemanha, nesta ter\u00e7a-feira, os jogadores brasileiros tentar\u00e3o colocar em pr\u00e1tica o que disseram depois da vit\u00f3ria sobre a Col\u00f4mbia: a Sele\u00e7\u00e3o n\u00e3o \u00e9 s\u00f3 Neymar. Por\u00e9m, a aus\u00eancia do jogador ter\u00e1 um impacto indiscut\u00edvel na produ\u00e7\u00e3o do ataque canarinho. Se \u00e9 imposs\u00edvel fazer [&hellip;]<\/p>\n","protected":false},"author":2,"featured_media":15474,"comment_status":"open","ping_status":"closed","sticky":false,"template":"","format":"standard","meta":{"_acf_changed":false,"footnotes":""},"categories":[19],"tags":[],"class_list":["post-15473","post","type-post","status-publish","format-standard","has-post-thumbnail","hentry","category-esportes"],"acf":[],"yoast_head":"<!-- This site is optimized with the Yoast SEO plugin v27.2 - https:\/\/yoast.com\/product\/yoast-seo-wordpress\/ -->\n<title>Brasil n\u00e3o \u00e9 s\u00f3 Neymar, mas que o menino-gol faz falta, faz - Notibras<\/title>\n<meta name=\"robots\" content=\"index, follow, max-snippet:-1, max-image-preview:large, max-video-preview:-1\" \/>\n<link rel=\"canonical\" href=\"https:\/\/www.notibras.com\/site\/brasil-nao-e-so-neymar-mas-que-o-menino-gol-faz-falta-faz\/\" \/>\n<meta property=\"og:locale\" content=\"pt_BR\" \/>\n<meta property=\"og:type\" content=\"article\" \/>\n<meta property=\"og:title\" content=\"Brasil n\u00e3o \u00e9 s\u00f3 Neymar, mas que o menino-gol faz falta, faz - Notibras\" \/>\n<meta property=\"og:description\" content=\"Para conseguir uma vaga na final da Copa do Mundo diante da Alemanha, nesta ter\u00e7a-feira, os jogadores brasileiros tentar\u00e3o colocar em pr\u00e1tica o que disseram depois da vit\u00f3ria sobre a Col\u00f4mbia: a Sele\u00e7\u00e3o n\u00e3o \u00e9 s\u00f3 Neymar. Por\u00e9m, a aus\u00eancia do jogador ter\u00e1 um impacto indiscut\u00edvel na produ\u00e7\u00e3o do ataque canarinho. Se \u00e9 imposs\u00edvel fazer [&hellip;]\" \/>\n<meta property=\"og:url\" content=\"https:\/\/www.notibras.com\/site\/brasil-nao-e-so-neymar-mas-que-o-menino-gol-faz-falta-faz\/\" \/>\n<meta property=\"og:site_name\" content=\"Notibras\" \/>\n<meta property=\"article:publisher\" content=\"https:\/\/www.facebook.com\/notibras\/\" \/>\n<meta property=\"article:published_time\" content=\"2014-07-07T10:11:13+00:00\" \/>\n<meta property=\"og:image\" content=\"https:\/\/www.notibras.com\/site\/wp-content\/uploads\/2014\/07\/neymar_golbrasil_vip.jpg_95.jpg\" \/>\n\t<meta property=\"og:image:width\" content=\"620\" \/>\n\t<meta property=\"og:image:height\" content=\"390\" \/>\n\t<meta property=\"og:image:type\" content=\"image\/jpeg\" \/>\n<meta name=\"author\" content=\"Reda\u00e7\u00e3o\" \/>\n<meta name=\"twitter:card\" content=\"summary_large_image\" \/>\n<meta name=\"twitter:creator\" content=\"@Notibras\" \/>\n<meta name=\"twitter:site\" content=\"@Notibras\" \/>\n<meta name=\"twitter:label1\" content=\"Escrito por\" \/>\n\t<meta name=\"twitter:data1\" content=\"Reda\u00e7\u00e3o\" \/>\n\t<meta name=\"twitter:label2\" content=\"Est. tempo de leitura\" \/>\n\t<meta name=\"twitter:data2\" content=\"3 minutos\" \/>\n<script type=\"application\/ld+json\" class=\"yoast-schema-graph\">{\"@context\":\"https:\/\/schema.org\",\"@graph\":[{\"@type\":\"Article\",\"@id\":\"https:\/\/www.notibras.com\/site\/brasil-nao-e-so-neymar-mas-que-o-menino-gol-faz-falta-faz\/#article\",\"isPartOf\":{\"@id\":\"https:\/\/www.notibras.com\/site\/brasil-nao-e-so-neymar-mas-que-o-menino-gol-faz-falta-faz\/\"},\"author\":{\"name\":\"Reda\u00e7\u00e3o\",\"@id\":\"https:\/\/www.notibras.com\/site\/#\/schema\/person\/36ab0979449956132d3e5b517ea76ac8\"},\"headline\":\"Brasil n\u00e3o \u00e9 s\u00f3 Neymar, mas que o menino-gol faz falta, faz\",\"datePublished\":\"2014-07-07T10:11:13+00:00\",\"mainEntityOfPage\":{\"@id\":\"https:\/\/www.notibras.com\/site\/brasil-nao-e-so-neymar-mas-que-o-menino-gol-faz-falta-faz\/\"},\"wordCount\":555,\"commentCount\":0,\"publisher\":{\"@id\":\"https:\/\/www.notibras.com\/site\/#organization\"},\"image\":{\"@id\":\"https:\/\/www.notibras.com\/site\/brasil-nao-e-so-neymar-mas-que-o-menino-gol-faz-falta-faz\/#primaryimage\"},\"thumbnailUrl\":\"https:\/\/www.notibras.com\/site\/wp-content\/uploads\/2014\/07\/neymar_golbrasil_vip.jpg_95.jpg\",\"articleSection\":[\"Esportes\"],\"inLanguage\":\"pt-BR\",\"potentialAction\":[{\"@type\":\"CommentAction\",\"name\":\"Comment\",\"target\":[\"https:\/\/www.notibras.com\/site\/brasil-nao-e-so-neymar-mas-que-o-menino-gol-faz-falta-faz\/#respond\"]}]},{\"@type\":\"WebPage\",\"@id\":\"https:\/\/www.notibras.com\/site\/brasil-nao-e-so-neymar-mas-que-o-menino-gol-faz-falta-faz\/\",\"url\":\"https:\/\/www.notibras.com\/site\/brasil-nao-e-so-neymar-mas-que-o-menino-gol-faz-falta-faz\/\",\"name\":\"Brasil n\u00e3o \u00e9 s\u00f3 Neymar, mas que o menino-gol faz falta, faz - Notibras\",\"isPartOf\":{\"@id\":\"https:\/\/www.notibras.com\/site\/#website\"},\"primaryImageOfPage\":{\"@id\":\"https:\/\/www.notibras.com\/site\/brasil-nao-e-so-neymar-mas-que-o-menino-gol-faz-falta-faz\/#primaryimage\"},\"image\":{\"@id\":\"https:\/\/www.notibras.com\/site\/brasil-nao-e-so-neymar-mas-que-o-menino-gol-faz-falta-faz\/#primaryimage\"},\"thumbnailUrl\":\"https:\/\/www.notibras.com\/site\/wp-content\/uploads\/2014\/07\/neymar_golbrasil_vip.jpg_95.jpg\",\"datePublished\":\"2014-07-07T10:11:13+00:00\",\"breadcrumb\":{\"@id\":\"https:\/\/www.notibras.com\/site\/brasil-nao-e-so-neymar-mas-que-o-menino-gol-faz-falta-faz\/#breadcrumb\"},\"inLanguage\":\"pt-BR\",\"potentialAction\":[{\"@type\":\"ReadAction\",\"target\":[\"https:\/\/www.notibras.com\/site\/brasil-nao-e-so-neymar-mas-que-o-menino-gol-faz-falta-faz\/\"]}]},{\"@type\":\"ImageObject\",\"inLanguage\":\"pt-BR\",\"@id\":\"https:\/\/www.notibras.com\/site\/brasil-nao-e-so-neymar-mas-que-o-menino-gol-faz-falta-faz\/#primaryimage\",\"url\":\"https:\/\/www.notibras.com\/site\/wp-content\/uploads\/2014\/07\/neymar_golbrasil_vip.jpg_95.jpg\",\"contentUrl\":\"https:\/\/www.notibras.com\/site\/wp-content\/uploads\/2014\/07\/neymar_golbrasil_vip.jpg_95.jpg\",\"width\":620,\"height\":390},{\"@type\":\"BreadcrumbList\",\"@id\":\"https:\/\/www.notibras.com\/site\/brasil-nao-e-so-neymar-mas-que-o-menino-gol-faz-falta-faz\/#breadcrumb\",\"itemListElement\":[{\"@type\":\"ListItem\",\"position\":1,\"name\":\"In\u00edcio\",\"item\":\"https:\/\/www.notibras.com\/site\/\"},{\"@type\":\"ListItem\",\"position\":2,\"name\":\"Brasil n\u00e3o \u00e9 s\u00f3 Neymar, mas que o menino-gol faz falta, faz\"}]},{\"@type\":\"WebSite\",\"@id\":\"https:\/\/www.notibras.com\/site\/#website\",\"url\":\"https:\/\/www.notibras.com\/site\/\",\"name\":\"Notibras\",\"description\":\"Not\u00edcias de Bras\u00edlia, do Brasil e do Mundo\",\"publisher\":{\"@id\":\"https:\/\/www.notibras.com\/site\/#organization\"},\"potentialAction\":[{\"@type\":\"SearchAction\",\"target\":{\"@type\":\"EntryPoint\",\"urlTemplate\":\"https:\/\/www.notibras.com\/site\/?s={search_term_string}\"},\"query-input\":{\"@type\":\"PropertyValueSpecification\",\"valueRequired\":true,\"valueName\":\"search_term_string\"}}],\"inLanguage\":\"pt-BR\"},{\"@type\":\"Organization\",\"@id\":\"https:\/\/www.notibras.com\/site\/#organization\",\"name\":\"Grupo Notibras de Comunica\u00e7\u00e3o\",\"url\":\"https:\/\/www.notibras.com\/site\/\",\"logo\":{\"@type\":\"ImageObject\",\"inLanguage\":\"pt-BR\",\"@id\":\"https:\/\/www.notibras.com\/site\/#\/schema\/logo\/image\/\",\"url\":\"https:\/\/www.notibras.com\/site\/wp-content\/uploads\/2023\/01\/notibras23.png\",\"contentUrl\":\"https:\/\/www.notibras.com\/site\/wp-content\/uploads\/2023\/01\/notibras23.png\",\"width\":350,\"height\":87,\"caption\":\"Grupo Notibras de Comunica\u00e7\u00e3o\"},\"image\":{\"@id\":\"https:\/\/www.notibras.com\/site\/#\/schema\/logo\/image\/\"},\"sameAs\":[\"https:\/\/www.facebook.com\/notibras\/\",\"https:\/\/x.com\/Notibras\",\"https:\/\/www.instagram.com\/notibras\/\"]},{\"@type\":\"Person\",\"@id\":\"https:\/\/www.notibras.com\/site\/#\/schema\/person\/36ab0979449956132d3e5b517ea76ac8\",\"name\":\"Reda\u00e7\u00e3o\",\"image\":{\"@type\":\"ImageObject\",\"inLanguage\":\"pt-BR\",\"@id\":\"https:\/\/secure.gravatar.com\/avatar\/e0a867bdedb85fd243eadf09663511f96fc81e0720a4a42581f334ad4303aa6b?s=96&d=mm&r=g\",\"url\":\"https:\/\/secure.gravatar.com\/avatar\/e0a867bdedb85fd243eadf09663511f96fc81e0720a4a42581f334ad4303aa6b?s=96&d=mm&r=g\",\"contentUrl\":\"https:\/\/secure.gravatar.com\/avatar\/e0a867bdedb85fd243eadf09663511f96fc81e0720a4a42581f334ad4303aa6b?s=96&d=mm&r=g\",\"caption\":\"Reda\u00e7\u00e3o\"}}]}<\/script>\n<!-- \/ Yoast SEO plugin. -->","yoast_head_json":{"title":"Brasil n\u00e3o \u00e9 s\u00f3 Neymar, mas que o menino-gol faz falta, faz - Notibras","robots":{"index":"index","follow":"follow","max-snippet":"max-snippet:-1","max-image-preview":"max-image-preview:large","max-video-preview":"max-video-preview:-1"},"canonical":"https:\/\/www.notibras.com\/site\/brasil-nao-e-so-neymar-mas-que-o-menino-gol-faz-falta-faz\/","og_locale":"pt_BR","og_type":"article","og_title":"Brasil n\u00e3o \u00e9 s\u00f3 Neymar, mas que o menino-gol faz falta, faz - Notibras","og_description":"Para conseguir uma vaga na final da Copa do Mundo diante da Alemanha, nesta ter\u00e7a-feira, os jogadores brasileiros tentar\u00e3o colocar em pr\u00e1tica o que disseram depois da vit\u00f3ria sobre a Col\u00f4mbia: a Sele\u00e7\u00e3o n\u00e3o \u00e9 s\u00f3 Neymar. Por\u00e9m, a aus\u00eancia do jogador ter\u00e1 um impacto indiscut\u00edvel na produ\u00e7\u00e3o do ataque canarinho. Se \u00e9 imposs\u00edvel fazer [&hellip;]","og_url":"https:\/\/www.notibras.com\/site\/brasil-nao-e-so-neymar-mas-que-o-menino-gol-faz-falta-faz\/","og_site_name":"Notibras","article_publisher":"https:\/\/www.facebook.com\/notibras\/","article_published_time":"2014-07-07T10:11:13+00:00","og_image":[{"width":620,"height":390,"url":"https:\/\/www.notibras.com\/site\/wp-content\/uploads\/2014\/07\/neymar_golbrasil_vip.jpg_95.jpg","type":"image\/jpeg"}],"author":"Reda\u00e7\u00e3o","twitter_card":"summary_large_image","twitter_creator":"@Notibras","twitter_site":"@Notibras","twitter_misc":{"Escrito por":"Reda\u00e7\u00e3o","Est. tempo de leitura":"3 minutos"},"schema":{"@context":"https:\/\/schema.org","@graph":[{"@type":"Article","@id":"https:\/\/www.notibras.com\/site\/brasil-nao-e-so-neymar-mas-que-o-menino-gol-faz-falta-faz\/#article","isPartOf":{"@id":"https:\/\/www.notibras.com\/site\/brasil-nao-e-so-neymar-mas-que-o-menino-gol-faz-falta-faz\/"},"author":{"name":"Reda\u00e7\u00e3o","@id":"https:\/\/www.notibras.com\/site\/#\/schema\/person\/36ab0979449956132d3e5b517ea76ac8"},"headline":"Brasil n\u00e3o \u00e9 s\u00f3 Neymar, mas que o menino-gol faz falta, faz","datePublished":"2014-07-07T10:11:13+00:00","mainEntityOfPage":{"@id":"https:\/\/www.notibras.com\/site\/brasil-nao-e-so-neymar-mas-que-o-menino-gol-faz-falta-faz\/"},"wordCount":555,"commentCount":0,"publisher":{"@id":"https:\/\/www.notibras.com\/site\/#organization"},"image":{"@id":"https:\/\/www.notibras.com\/site\/brasil-nao-e-so-neymar-mas-que-o-menino-gol-faz-falta-faz\/#primaryimage"},"thumbnailUrl":"https:\/\/www.notibras.com\/site\/wp-content\/uploads\/2014\/07\/neymar_golbrasil_vip.jpg_95.jpg","articleSection":["Esportes"],"inLanguage":"pt-BR","potentialAction":[{"@type":"CommentAction","name":"Comment","target":["https:\/\/www.notibras.com\/site\/brasil-nao-e-so-neymar-mas-que-o-menino-gol-faz-falta-faz\/#respond"]}]},{"@type":"WebPage","@id":"https:\/\/www.notibras.com\/site\/brasil-nao-e-so-neymar-mas-que-o-menino-gol-faz-falta-faz\/","url":"https:\/\/www.notibras.com\/site\/brasil-nao-e-so-neymar-mas-que-o-menino-gol-faz-falta-faz\/","name":"Brasil n\u00e3o \u00e9 s\u00f3 Neymar, mas que o menino-gol faz falta, faz - Notibras","isPartOf":{"@id":"https:\/\/www.notibras.com\/site\/#website"},"primaryImageOfPage":{"@id":"https:\/\/www.notibras.com\/site\/brasil-nao-e-so-neymar-mas-que-o-menino-gol-faz-falta-faz\/#primaryimage"},"image":{"@id":"https:\/\/www.notibras.com\/site\/brasil-nao-e-so-neymar-mas-que-o-menino-gol-faz-falta-faz\/#primaryimage"},"thumbnailUrl":"https:\/\/www.notibras.com\/site\/wp-content\/uploads\/2014\/07\/neymar_golbrasil_vip.jpg_95.jpg","datePublished":"2014-07-07T10:11:13+00:00","breadcrumb":{"@id":"https:\/\/www.notibras.com\/site\/brasil-nao-e-so-neymar-mas-que-o-menino-gol-faz-falta-faz\/#breadcrumb"},"inLanguage":"pt-BR","potentialAction":[{"@type":"ReadAction","target":["https:\/\/www.notibras.com\/site\/brasil-nao-e-so-neymar-mas-que-o-menino-gol-faz-falta-faz\/"]}]},{"@type":"ImageObject","inLanguage":"pt-BR","@id":"https:\/\/www.notibras.com\/site\/brasil-nao-e-so-neymar-mas-que-o-menino-gol-faz-falta-faz\/#primaryimage","url":"https:\/\/www.notibras.com\/site\/wp-content\/uploads\/2014\/07\/neymar_golbrasil_vip.jpg_95.jpg","contentUrl":"https:\/\/www.notibras.com\/site\/wp-content\/uploads\/2014\/07\/neymar_golbrasil_vip.jpg_95.jpg","width":620,"height":390},{"@type":"BreadcrumbList","@id":"https:\/\/www.notibras.com\/site\/brasil-nao-e-so-neymar-mas-que-o-menino-gol-faz-falta-faz\/#breadcrumb","itemListElement":[{"@type":"ListItem","position":1,"name":"In\u00edcio","item":"https:\/\/www.notibras.com\/site\/"},{"@type":"ListItem","position":2,"name":"Brasil n\u00e3o \u00e9 s\u00f3 Neymar, mas que o menino-gol faz falta, faz"}]},{"@type":"WebSite","@id":"https:\/\/www.notibras.com\/site\/#website","url":"https:\/\/www.notibras.com\/site\/","name":"Notibras","description":"Not\u00edcias de Bras\u00edlia, do Brasil e do Mundo","publisher":{"@id":"https:\/\/www.notibras.com\/site\/#organization"},"potentialAction":[{"@type":"SearchAction","target":{"@type":"EntryPoint","urlTemplate":"https:\/\/www.notibras.com\/site\/?s={search_term_string}"},"query-input":{"@type":"PropertyValueSpecification","valueRequired":true,"valueName":"search_term_string"}}],"inLanguage":"pt-BR"},{"@type":"Organization","@id":"https:\/\/www.notibras.com\/site\/#organization","name":"Grupo Notibras de Comunica\u00e7\u00e3o","url":"https:\/\/www.notibras.com\/site\/","logo":{"@type":"ImageObject","inLanguage":"pt-BR","@id":"https:\/\/www.notibras.com\/site\/#\/schema\/logo\/image\/","url":"https:\/\/www.notibras.com\/site\/wp-content\/uploads\/2023\/01\/notibras23.png","contentUrl":"https:\/\/www.notibras.com\/site\/wp-content\/uploads\/2023\/01\/notibras23.png","width":350,"height":87,"caption":"Grupo Notibras de Comunica\u00e7\u00e3o"},"image":{"@id":"https:\/\/www.notibras.com\/site\/#\/schema\/logo\/image\/"},"sameAs":["https:\/\/www.facebook.com\/notibras\/","https:\/\/x.com\/Notibras","https:\/\/www.instagram.com\/notibras\/"]},{"@type":"Person","@id":"https:\/\/www.notibras.com\/site\/#\/schema\/person\/36ab0979449956132d3e5b517ea76ac8","name":"Reda\u00e7\u00e3o","image":{"@type":"ImageObject","inLanguage":"pt-BR","@id":"https:\/\/secure.gravatar.com\/avatar\/e0a867bdedb85fd243eadf09663511f96fc81e0720a4a42581f334ad4303aa6b?s=96&d=mm&r=g","url":"https:\/\/secure.gravatar.com\/avatar\/e0a867bdedb85fd243eadf09663511f96fc81e0720a4a42581f334ad4303aa6b?s=96&d=mm&r=g","contentUrl":"https:\/\/secure.gravatar.com\/avatar\/e0a867bdedb85fd243eadf09663511f96fc81e0720a4a42581f334ad4303aa6b?s=96&d=mm&r=g","caption":"Reda\u00e7\u00e3o"}}]}},"amp_enabled":true,"_links":{"self":[{"href":"https:\/\/www.notibras.com\/site\/wp-json\/wp\/v2\/posts\/15473","targetHints":{"allow":["GET"]}}],"collection":[{"href":"https:\/\/www.notibras.com\/site\/wp-json\/wp\/v2\/posts"}],"about":[{"href":"https:\/\/www.notibras.com\/site\/wp-json\/wp\/v2\/types\/post"}],"author":[{"embeddable":true,"href":"https:\/\/www.notibras.com\/site\/wp-json\/wp\/v2\/users\/2"}],"replies":[{"embeddable":true,"href":"https:\/\/www.notibras.com\/site\/wp-json\/wp\/v2\/comments?post=15473"}],"version-history":[{"count":0,"href":"https:\/\/www.notibras.com\/site\/wp-json\/wp\/v2\/posts\/15473\/revisions"}],"wp:featuredmedia":[{"embeddable":true,"href":"https:\/\/www.notibras.com\/site\/wp-json\/wp\/v2\/media\/15474"}],"wp:attachment":[{"href":"https:\/\/www.notibras.com\/site\/wp-json\/wp\/v2\/media?parent=15473"}],"wp:term":[{"taxonomy":"category","embeddable":true,"href":"https:\/\/www.notibras.com\/site\/wp-json\/wp\/v2\/categories?post=15473"},{"taxonomy":"post_tag","embeddable":true,"href":"https:\/\/www.notibras.com\/site\/wp-json\/wp\/v2\/tags?post=15473"}],"curies":[{"name":"wp","href":"https:\/\/api.w.org\/{rel}","templated":true}]}}