{"id":15476,"date":"2014-07-07T05:12:55","date_gmt":"2014-07-07T08:12:55","guid":{"rendered":"http:\/\/www.notibras.com\/site\/?p=15476"},"modified":"2014-07-07T07:17:33","modified_gmt":"2014-07-07T10:17:33","slug":"arbitro-do-jogo-da-mordida-vai-apitar-partida-de-brasil-e-alemanha","status":"publish","type":"post","link":"https:\/\/www.notibras.com\/site\/arbitro-do-jogo-da-mordida-vai-apitar-partida-de-brasil-e-alemanha\/","title":{"rendered":"\u00c1rbitro do jogo da mordida vai apitar Brasil e Alemanha"},"content":{"rendered":"<p>No final da tarde deste domingo a Fifa anunciou o \u00e1rbitro respons\u00e1vel por conduzir o jogo entre Brasil e Alemanha. O mexicano Marco Rodr\u00edguez, juiz do jogo entre It\u00e1lia e Uruguai, quando Su\u00e1rez deu uma mordida em Chiellini, foi o escolhido para semifinal que acontece nesta ter\u00e7a-feira, \u00e0s 17h, no Est\u00e1dio Mineir\u00e3o.<\/p>\n<p>Al\u00e9m do jogo em que a sele\u00e7\u00e3o celeste conseguiu a classifica\u00e7\u00e3o, o juiz tamb\u00e9m esteve no comando da partida entre B\u00e9lgica e Arg\u00e9lia. Essa \u00e9 a terceira Copa do \u00e1rbitro de 40 anos.<\/p>\n<blockquote><p>Em 2010 o juiz apitou um jogo da Alemanha, contra a Austr\u00e1lia, partida que terminou 4 a 0 para os rivais do Brasil desta ter\u00e7a-feira.<\/p><\/blockquote>\n","protected":false},"excerpt":{"rendered":"<p>No final da tarde deste domingo a Fifa anunciou o \u00e1rbitro respons\u00e1vel por conduzir o jogo entre Brasil e Alemanha. O mexicano Marco Rodr\u00edguez, juiz do jogo entre It\u00e1lia e Uruguai, quando Su\u00e1rez deu uma mordida em Chiellini, foi o escolhido para semifinal que acontece nesta ter\u00e7a-feira, \u00e0s 17h, no Est\u00e1dio Mineir\u00e3o. Al\u00e9m do jogo [&hellip;]<\/p>\n","protected":false},"author":2,"featured_media":15477,"comment_status":"open","ping_status":"closed","sticky":false,"template":"","format":"standard","meta":{"_acf_changed":false,"footnotes":""},"categories":[19],"tags":[],"class_list":["post-15476","post","type-post","status-publish","format-standard","has-post-thumbnail","hentry","category-esportes"],"acf":[],"yoast_head":"<!-- This site is optimized with the Yoast SEO plugin v27.2 - https:\/\/yoast.com\/product\/yoast-seo-wordpress\/ -->\n<title>\u00c1rbitro do jogo da mordida vai apitar Brasil e Alemanha - Notibras<\/title>\n<meta name=\"robots\" content=\"index, follow, max-snippet:-1, max-image-preview:large, max-video-preview:-1\" \/>\n<link rel=\"canonical\" href=\"https:\/\/www.notibras.com\/site\/arbitro-do-jogo-da-mordida-vai-apitar-partida-de-brasil-e-alemanha\/\" \/>\n<meta property=\"og:locale\" content=\"pt_BR\" \/>\n<meta property=\"og:type\" content=\"article\" \/>\n<meta property=\"og:title\" content=\"\u00c1rbitro do jogo da mordida vai apitar Brasil e Alemanha - Notibras\" \/>\n<meta property=\"og:description\" content=\"No final da tarde deste domingo a Fifa anunciou o \u00e1rbitro respons\u00e1vel por conduzir o jogo entre Brasil e Alemanha. O mexicano Marco Rodr\u00edguez, juiz do jogo entre It\u00e1lia e Uruguai, quando Su\u00e1rez deu uma mordida em Chiellini, foi o escolhido para semifinal que acontece nesta ter\u00e7a-feira, \u00e0s 17h, no Est\u00e1dio Mineir\u00e3o. Al\u00e9m do jogo [&hellip;]\" \/>\n<meta property=\"og:url\" content=\"https:\/\/www.notibras.com\/site\/arbitro-do-jogo-da-mordida-vai-apitar-partida-de-brasil-e-alemanha\/\" \/>\n<meta property=\"og:site_name\" content=\"Notibras\" \/>\n<meta property=\"article:publisher\" content=\"https:\/\/www.facebook.com\/notibras\/\" \/>\n<meta property=\"article:published_time\" content=\"2014-07-07T08:12:55+00:00\" \/>\n<meta property=\"article:modified_time\" content=\"2014-07-07T10:17:33+00:00\" \/>\n<meta property=\"og:image\" content=\"https:\/\/www.notibras.com\/site\/wp-content\/uploads\/2014\/07\/images1.jpg\" \/>\n\t<meta property=\"og:image:width\" content=\"275\" \/>\n\t<meta property=\"og:image:height\" content=\"183\" \/>\n\t<meta property=\"og:image:type\" content=\"image\/jpeg\" \/>\n<meta name=\"author\" content=\"Reda\u00e7\u00e3o\" \/>\n<meta name=\"twitter:card\" content=\"summary_large_image\" \/>\n<meta name=\"twitter:creator\" content=\"@Notibras\" \/>\n<meta name=\"twitter:site\" content=\"@Notibras\" \/>\n<meta name=\"twitter:label1\" content=\"Escrito por\" \/>\n\t<meta name=\"twitter:data1\" content=\"Reda\u00e7\u00e3o\" \/>\n\t<meta name=\"twitter:label2\" content=\"Est. tempo de leitura\" \/>\n\t<meta name=\"twitter:data2\" content=\"1 minuto\" \/>\n<script type=\"application\/ld+json\" class=\"yoast-schema-graph\">{\"@context\":\"https:\/\/schema.org\",\"@graph\":[{\"@type\":\"Article\",\"@id\":\"https:\/\/www.notibras.com\/site\/arbitro-do-jogo-da-mordida-vai-apitar-partida-de-brasil-e-alemanha\/#article\",\"isPartOf\":{\"@id\":\"https:\/\/www.notibras.com\/site\/arbitro-do-jogo-da-mordida-vai-apitar-partida-de-brasil-e-alemanha\/\"},\"author\":{\"name\":\"Reda\u00e7\u00e3o\",\"@id\":\"https:\/\/www.notibras.com\/site\/#\/schema\/person\/36ab0979449956132d3e5b517ea76ac8\"},\"headline\":\"\u00c1rbitro do jogo da mordida vai apitar Brasil e Alemanha\",\"datePublished\":\"2014-07-07T08:12:55+00:00\",\"dateModified\":\"2014-07-07T10:17:33+00:00\",\"mainEntityOfPage\":{\"@id\":\"https:\/\/www.notibras.com\/site\/arbitro-do-jogo-da-mordida-vai-apitar-partida-de-brasil-e-alemanha\/\"},\"wordCount\":130,\"commentCount\":0,\"publisher\":{\"@id\":\"https:\/\/www.notibras.com\/site\/#organization\"},\"image\":{\"@id\":\"https:\/\/www.notibras.com\/site\/arbitro-do-jogo-da-mordida-vai-apitar-partida-de-brasil-e-alemanha\/#primaryimage\"},\"thumbnailUrl\":\"https:\/\/www.notibras.com\/site\/wp-content\/uploads\/2014\/07\/images1.jpg\",\"articleSection\":[\"Esportes\"],\"inLanguage\":\"pt-BR\",\"potentialAction\":[{\"@type\":\"CommentAction\",\"name\":\"Comment\",\"target\":[\"https:\/\/www.notibras.com\/site\/arbitro-do-jogo-da-mordida-vai-apitar-partida-de-brasil-e-alemanha\/#respond\"]}]},{\"@type\":\"WebPage\",\"@id\":\"https:\/\/www.notibras.com\/site\/arbitro-do-jogo-da-mordida-vai-apitar-partida-de-brasil-e-alemanha\/\",\"url\":\"https:\/\/www.notibras.com\/site\/arbitro-do-jogo-da-mordida-vai-apitar-partida-de-brasil-e-alemanha\/\",\"name\":\"\u00c1rbitro do jogo da mordida vai apitar Brasil e Alemanha - Notibras\",\"isPartOf\":{\"@id\":\"https:\/\/www.notibras.com\/site\/#website\"},\"primaryImageOfPage\":{\"@id\":\"https:\/\/www.notibras.com\/site\/arbitro-do-jogo-da-mordida-vai-apitar-partida-de-brasil-e-alemanha\/#primaryimage\"},\"image\":{\"@id\":\"https:\/\/www.notibras.com\/site\/arbitro-do-jogo-da-mordida-vai-apitar-partida-de-brasil-e-alemanha\/#primaryimage\"},\"thumbnailUrl\":\"https:\/\/www.notibras.com\/site\/wp-content\/uploads\/2014\/07\/images1.jpg\",\"datePublished\":\"2014-07-07T08:12:55+00:00\",\"dateModified\":\"2014-07-07T10:17:33+00:00\",\"breadcrumb\":{\"@id\":\"https:\/\/www.notibras.com\/site\/arbitro-do-jogo-da-mordida-vai-apitar-partida-de-brasil-e-alemanha\/#breadcrumb\"},\"inLanguage\":\"pt-BR\",\"potentialAction\":[{\"@type\":\"ReadAction\",\"target\":[\"https:\/\/www.notibras.com\/site\/arbitro-do-jogo-da-mordida-vai-apitar-partida-de-brasil-e-alemanha\/\"]}]},{\"@type\":\"ImageObject\",\"inLanguage\":\"pt-BR\",\"@id\":\"https:\/\/www.notibras.com\/site\/arbitro-do-jogo-da-mordida-vai-apitar-partida-de-brasil-e-alemanha\/#primaryimage\",\"url\":\"https:\/\/www.notibras.com\/site\/wp-content\/uploads\/2014\/07\/images1.jpg\",\"contentUrl\":\"https:\/\/www.notibras.com\/site\/wp-content\/uploads\/2014\/07\/images1.jpg\",\"width\":275,\"height\":183},{\"@type\":\"BreadcrumbList\",\"@id\":\"https:\/\/www.notibras.com\/site\/arbitro-do-jogo-da-mordida-vai-apitar-partida-de-brasil-e-alemanha\/#breadcrumb\",\"itemListElement\":[{\"@type\":\"ListItem\",\"position\":1,\"name\":\"In\u00edcio\",\"item\":\"https:\/\/www.notibras.com\/site\/\"},{\"@type\":\"ListItem\",\"position\":2,\"name\":\"\u00c1rbitro do jogo da mordida vai apitar Brasil e Alemanha\"}]},{\"@type\":\"WebSite\",\"@id\":\"https:\/\/www.notibras.com\/site\/#website\",\"url\":\"https:\/\/www.notibras.com\/site\/\",\"name\":\"Notibras\",\"description\":\"Not\u00edcias de Bras\u00edlia, do Brasil e do Mundo\",\"publisher\":{\"@id\":\"https:\/\/www.notibras.com\/site\/#organization\"},\"potentialAction\":[{\"@type\":\"SearchAction\",\"target\":{\"@type\":\"EntryPoint\",\"urlTemplate\":\"https:\/\/www.notibras.com\/site\/?s={search_term_string}\"},\"query-input\":{\"@type\":\"PropertyValueSpecification\",\"valueRequired\":true,\"valueName\":\"search_term_string\"}}],\"inLanguage\":\"pt-BR\"},{\"@type\":\"Organization\",\"@id\":\"https:\/\/www.notibras.com\/site\/#organization\",\"name\":\"Grupo Notibras de Comunica\u00e7\u00e3o\",\"url\":\"https:\/\/www.notibras.com\/site\/\",\"logo\":{\"@type\":\"ImageObject\",\"inLanguage\":\"pt-BR\",\"@id\":\"https:\/\/www.notibras.com\/site\/#\/schema\/logo\/image\/\",\"url\":\"https:\/\/www.notibras.com\/site\/wp-content\/uploads\/2023\/01\/notibras23.png\",\"contentUrl\":\"https:\/\/www.notibras.com\/site\/wp-content\/uploads\/2023\/01\/notibras23.png\",\"width\":350,\"height\":87,\"caption\":\"Grupo Notibras de Comunica\u00e7\u00e3o\"},\"image\":{\"@id\":\"https:\/\/www.notibras.com\/site\/#\/schema\/logo\/image\/\"},\"sameAs\":[\"https:\/\/www.facebook.com\/notibras\/\",\"https:\/\/x.com\/Notibras\",\"https:\/\/www.instagram.com\/notibras\/\"]},{\"@type\":\"Person\",\"@id\":\"https:\/\/www.notibras.com\/site\/#\/schema\/person\/36ab0979449956132d3e5b517ea76ac8\",\"name\":\"Reda\u00e7\u00e3o\",\"image\":{\"@type\":\"ImageObject\",\"inLanguage\":\"pt-BR\",\"@id\":\"https:\/\/secure.gravatar.com\/avatar\/e0a867bdedb85fd243eadf09663511f96fc81e0720a4a42581f334ad4303aa6b?s=96&d=mm&r=g\",\"url\":\"https:\/\/secure.gravatar.com\/avatar\/e0a867bdedb85fd243eadf09663511f96fc81e0720a4a42581f334ad4303aa6b?s=96&d=mm&r=g\",\"contentUrl\":\"https:\/\/secure.gravatar.com\/avatar\/e0a867bdedb85fd243eadf09663511f96fc81e0720a4a42581f334ad4303aa6b?s=96&d=mm&r=g\",\"caption\":\"Reda\u00e7\u00e3o\"}}]}<\/script>\n<!-- \/ Yoast SEO plugin. -->","yoast_head_json":{"title":"\u00c1rbitro do jogo da mordida vai apitar Brasil e Alemanha - Notibras","robots":{"index":"index","follow":"follow","max-snippet":"max-snippet:-1","max-image-preview":"max-image-preview:large","max-video-preview":"max-video-preview:-1"},"canonical":"https:\/\/www.notibras.com\/site\/arbitro-do-jogo-da-mordida-vai-apitar-partida-de-brasil-e-alemanha\/","og_locale":"pt_BR","og_type":"article","og_title":"\u00c1rbitro do jogo da mordida vai apitar Brasil e Alemanha - Notibras","og_description":"No final da tarde deste domingo a Fifa anunciou o \u00e1rbitro respons\u00e1vel por conduzir o jogo entre Brasil e Alemanha. O mexicano Marco Rodr\u00edguez, juiz do jogo entre It\u00e1lia e Uruguai, quando Su\u00e1rez deu uma mordida em Chiellini, foi o escolhido para semifinal que acontece nesta ter\u00e7a-feira, \u00e0s 17h, no Est\u00e1dio Mineir\u00e3o. Al\u00e9m do jogo [&hellip;]","og_url":"https:\/\/www.notibras.com\/site\/arbitro-do-jogo-da-mordida-vai-apitar-partida-de-brasil-e-alemanha\/","og_site_name":"Notibras","article_publisher":"https:\/\/www.facebook.com\/notibras\/","article_published_time":"2014-07-07T08:12:55+00:00","article_modified_time":"2014-07-07T10:17:33+00:00","og_image":[{"width":275,"height":183,"url":"https:\/\/www.notibras.com\/site\/wp-content\/uploads\/2014\/07\/images1.jpg","type":"image\/jpeg"}],"author":"Reda\u00e7\u00e3o","twitter_card":"summary_large_image","twitter_creator":"@Notibras","twitter_site":"@Notibras","twitter_misc":{"Escrito por":"Reda\u00e7\u00e3o","Est. tempo de leitura":"1 minuto"},"schema":{"@context":"https:\/\/schema.org","@graph":[{"@type":"Article","@id":"https:\/\/www.notibras.com\/site\/arbitro-do-jogo-da-mordida-vai-apitar-partida-de-brasil-e-alemanha\/#article","isPartOf":{"@id":"https:\/\/www.notibras.com\/site\/arbitro-do-jogo-da-mordida-vai-apitar-partida-de-brasil-e-alemanha\/"},"author":{"name":"Reda\u00e7\u00e3o","@id":"https:\/\/www.notibras.com\/site\/#\/schema\/person\/36ab0979449956132d3e5b517ea76ac8"},"headline":"\u00c1rbitro do jogo da mordida vai apitar Brasil e Alemanha","datePublished":"2014-07-07T08:12:55+00:00","dateModified":"2014-07-07T10:17:33+00:00","mainEntityOfPage":{"@id":"https:\/\/www.notibras.com\/site\/arbitro-do-jogo-da-mordida-vai-apitar-partida-de-brasil-e-alemanha\/"},"wordCount":130,"commentCount":0,"publisher":{"@id":"https:\/\/www.notibras.com\/site\/#organization"},"image":{"@id":"https:\/\/www.notibras.com\/site\/arbitro-do-jogo-da-mordida-vai-apitar-partida-de-brasil-e-alemanha\/#primaryimage"},"thumbnailUrl":"https:\/\/www.notibras.com\/site\/wp-content\/uploads\/2014\/07\/images1.jpg","articleSection":["Esportes"],"inLanguage":"pt-BR","potentialAction":[{"@type":"CommentAction","name":"Comment","target":["https:\/\/www.notibras.com\/site\/arbitro-do-jogo-da-mordida-vai-apitar-partida-de-brasil-e-alemanha\/#respond"]}]},{"@type":"WebPage","@id":"https:\/\/www.notibras.com\/site\/arbitro-do-jogo-da-mordida-vai-apitar-partida-de-brasil-e-alemanha\/","url":"https:\/\/www.notibras.com\/site\/arbitro-do-jogo-da-mordida-vai-apitar-partida-de-brasil-e-alemanha\/","name":"\u00c1rbitro do jogo da mordida vai apitar Brasil e Alemanha - Notibras","isPartOf":{"@id":"https:\/\/www.notibras.com\/site\/#website"},"primaryImageOfPage":{"@id":"https:\/\/www.notibras.com\/site\/arbitro-do-jogo-da-mordida-vai-apitar-partida-de-brasil-e-alemanha\/#primaryimage"},"image":{"@id":"https:\/\/www.notibras.com\/site\/arbitro-do-jogo-da-mordida-vai-apitar-partida-de-brasil-e-alemanha\/#primaryimage"},"thumbnailUrl":"https:\/\/www.notibras.com\/site\/wp-content\/uploads\/2014\/07\/images1.jpg","datePublished":"2014-07-07T08:12:55+00:00","dateModified":"2014-07-07T10:17:33+00:00","breadcrumb":{"@id":"https:\/\/www.notibras.com\/site\/arbitro-do-jogo-da-mordida-vai-apitar-partida-de-brasil-e-alemanha\/#breadcrumb"},"inLanguage":"pt-BR","potentialAction":[{"@type":"ReadAction","target":["https:\/\/www.notibras.com\/site\/arbitro-do-jogo-da-mordida-vai-apitar-partida-de-brasil-e-alemanha\/"]}]},{"@type":"ImageObject","inLanguage":"pt-BR","@id":"https:\/\/www.notibras.com\/site\/arbitro-do-jogo-da-mordida-vai-apitar-partida-de-brasil-e-alemanha\/#primaryimage","url":"https:\/\/www.notibras.com\/site\/wp-content\/uploads\/2014\/07\/images1.jpg","contentUrl":"https:\/\/www.notibras.com\/site\/wp-content\/uploads\/2014\/07\/images1.jpg","width":275,"height":183},{"@type":"BreadcrumbList","@id":"https:\/\/www.notibras.com\/site\/arbitro-do-jogo-da-mordida-vai-apitar-partida-de-brasil-e-alemanha\/#breadcrumb","itemListElement":[{"@type":"ListItem","position":1,"name":"In\u00edcio","item":"https:\/\/www.notibras.com\/site\/"},{"@type":"ListItem","position":2,"name":"\u00c1rbitro do jogo da mordida vai apitar Brasil e Alemanha"}]},{"@type":"WebSite","@id":"https:\/\/www.notibras.com\/site\/#website","url":"https:\/\/www.notibras.com\/site\/","name":"Notibras","description":"Not\u00edcias de Bras\u00edlia, do Brasil e do Mundo","publisher":{"@id":"https:\/\/www.notibras.com\/site\/#organization"},"potentialAction":[{"@type":"SearchAction","target":{"@type":"EntryPoint","urlTemplate":"https:\/\/www.notibras.com\/site\/?s={search_term_string}"},"query-input":{"@type":"PropertyValueSpecification","valueRequired":true,"valueName":"search_term_string"}}],"inLanguage":"pt-BR"},{"@type":"Organization","@id":"https:\/\/www.notibras.com\/site\/#organization","name":"Grupo Notibras de Comunica\u00e7\u00e3o","url":"https:\/\/www.notibras.com\/site\/","logo":{"@type":"ImageObject","inLanguage":"pt-BR","@id":"https:\/\/www.notibras.com\/site\/#\/schema\/logo\/image\/","url":"https:\/\/www.notibras.com\/site\/wp-content\/uploads\/2023\/01\/notibras23.png","contentUrl":"https:\/\/www.notibras.com\/site\/wp-content\/uploads\/2023\/01\/notibras23.png","width":350,"height":87,"caption":"Grupo Notibras de Comunica\u00e7\u00e3o"},"image":{"@id":"https:\/\/www.notibras.com\/site\/#\/schema\/logo\/image\/"},"sameAs":["https:\/\/www.facebook.com\/notibras\/","https:\/\/x.com\/Notibras","https:\/\/www.instagram.com\/notibras\/"]},{"@type":"Person","@id":"https:\/\/www.notibras.com\/site\/#\/schema\/person\/36ab0979449956132d3e5b517ea76ac8","name":"Reda\u00e7\u00e3o","image":{"@type":"ImageObject","inLanguage":"pt-BR","@id":"https:\/\/secure.gravatar.com\/avatar\/e0a867bdedb85fd243eadf09663511f96fc81e0720a4a42581f334ad4303aa6b?s=96&d=mm&r=g","url":"https:\/\/secure.gravatar.com\/avatar\/e0a867bdedb85fd243eadf09663511f96fc81e0720a4a42581f334ad4303aa6b?s=96&d=mm&r=g","contentUrl":"https:\/\/secure.gravatar.com\/avatar\/e0a867bdedb85fd243eadf09663511f96fc81e0720a4a42581f334ad4303aa6b?s=96&d=mm&r=g","caption":"Reda\u00e7\u00e3o"}}]}},"amp_enabled":true,"_links":{"self":[{"href":"https:\/\/www.notibras.com\/site\/wp-json\/wp\/v2\/posts\/15476","targetHints":{"allow":["GET"]}}],"collection":[{"href":"https:\/\/www.notibras.com\/site\/wp-json\/wp\/v2\/posts"}],"about":[{"href":"https:\/\/www.notibras.com\/site\/wp-json\/wp\/v2\/types\/post"}],"author":[{"embeddable":true,"href":"https:\/\/www.notibras.com\/site\/wp-json\/wp\/v2\/users\/2"}],"replies":[{"embeddable":true,"href":"https:\/\/www.notibras.com\/site\/wp-json\/wp\/v2\/comments?post=15476"}],"version-history":[{"count":0,"href":"https:\/\/www.notibras.com\/site\/wp-json\/wp\/v2\/posts\/15476\/revisions"}],"wp:featuredmedia":[{"embeddable":true,"href":"https:\/\/www.notibras.com\/site\/wp-json\/wp\/v2\/media\/15477"}],"wp:attachment":[{"href":"https:\/\/www.notibras.com\/site\/wp-json\/wp\/v2\/media?parent=15476"}],"wp:term":[{"taxonomy":"category","embeddable":true,"href":"https:\/\/www.notibras.com\/site\/wp-json\/wp\/v2\/categories?post=15476"},{"taxonomy":"post_tag","embeddable":true,"href":"https:\/\/www.notibras.com\/site\/wp-json\/wp\/v2\/tags?post=15476"}],"curies":[{"name":"wp","href":"https:\/\/api.w.org\/{rel}","templated":true}]}}