{"id":15480,"date":"2014-07-07T04:19:40","date_gmt":"2014-07-07T07:19:40","guid":{"rendered":"http:\/\/www.notibras.com\/site\/?p=15480"},"modified":"2014-07-07T07:22:52","modified_gmt":"2014-07-07T10:22:52","slug":"cbf-visita-neymar-e-descarta-em-nota-oficial-volta-do-jogador","status":"publish","type":"post","link":"https:\/\/www.notibras.com\/site\/cbf-visita-neymar-e-descarta-em-nota-oficial-volta-do-jogador\/","title":{"rendered":"CBF visita Neymar e descarta, em nota oficial, volta do jogador"},"content":{"rendered":"<p>Uma visita de m\u00e9dicos \u00e0 casa de Neymar no Guaruj\u00e1, ocorrida neste s\u00e1bado, gerou uma s\u00e9rie de especula\u00e7\u00f5es. O atacante teria cogitado usar infiltra\u00e7\u00e3o de analg\u00e9sicos para disputar uma poss\u00edvel final de Copa do Mundo pela Sele\u00e7\u00e3o Brasileira. Por\u00e9m, neste domingo, tanto o estafe de Neymar quanto o m\u00e9dico da CBF trataram de negar essa informa\u00e7\u00e3o.<\/p>\n<p>Neymar chegou na manh\u00e3 de s\u00e1bado ao litoral paulista, onde vai repousar e iniciar o processo de recupera\u00e7\u00e3o da les\u00e3o, uma fratura na terceira v\u00e9rtebra. No mesmo dia, uma junta de m\u00e9dicos o visitou. Alguns deles eram do Santos e ofereceram a estrutura do clube para o atacante. De acordo com o estafe de Neymar e os pr\u00f3prios m\u00e9dicos do clube, foi apenas um ato de cordialidade, sem qualquer avalia\u00e7\u00e3o do estado f\u00edsico do atacante ou sugest\u00e3o de tratamento.<\/p>\n<blockquote><p>Por\u00e9m, mesmo assim surgiu a especula\u00e7\u00e3o sobre a recupera\u00e7\u00e3o antecipada de Neymar, o que incomodou o m\u00e9dico da Sele\u00e7\u00e3o Brasileira, Jos\u00e9 Luiz Runco. Primeiramente ele negou o boato em entrevista ao Blog do Boleiro, do Terra. Disse que Neymar s\u00f3 jogar\u00e1 \u201cse Jesus Cristo vir \u00e0 Terra e colar a fratura dele\u201d.<\/p><\/blockquote>\n<p>Depois Runco tamb\u00e9m reiterou a negativa em entrevista \u00e0 Rede Globo: &#8220;n\u00e3o vamos criar uma ilus\u00e3o \u00e0 popula\u00e7\u00e3o, porque isso n\u00e3o existe. N\u00e3o existe a menor possibilidade de Neymar jogar dia 13 se chegarmos \u00e0 final (da Copa do Mundo)&#8221;.<\/p>\n<p>Runco tamb\u00e9m aproveitou para defender a medicina brasileira e condenar o uso desse processo de recupera\u00e7\u00e3o: &#8220;infiltra\u00e7\u00e3o \u00e9 uma metodologia antiga e alguns atletas que fizeram no passado tiveram repercuss\u00f5es na sa\u00fade. Elas levam muitas vezes medicamentos que s\u00e3o controlados em exame antidoping&#8221;.<\/p>\n<p>O estafe de Neymar tamb\u00e9m se manifestou sobre o assunto e descartou qualquer hip\u00f3tese de ele usar infiltra\u00e7\u00f5es. Veja a nota oficial:<\/p>\n<p>Esclarecemos que a visita dos m\u00e9dicos do Santos FC, realizada ontem (06\/07) foi uma visita de cordialidade. O clube santista colocou sua estrutura \u00e0 disposi\u00e7\u00e3o do Neymar Jr para seu tratamento e recupera\u00e7\u00e3o ap\u00f3s o t\u00e9rmino da Copa do Mundo.<\/p>\n<p>A not\u00edcia n\u00e3o procede em raz\u00e3o de Neymar Jr estar sob cuidados do Chefe do Departamento M\u00e9dico da CBF, Jos\u00e9 Luis Runco, at\u00e9 o t\u00e9rmino da Copa tendo sido ele o avalista da libera\u00e7\u00e3o do atleta para continuar o tratamento (repouso absoluto) em casa, junto a fam\u00edlia. O acompanhamento di\u00e1rio do tratamento est\u00e1 sendo feito pelo fisioterapeuta particular do atleta. Qualquer informa\u00e7\u00e3o diferente desta \u00e9 pura especula\u00e7\u00e3o.<\/p>\n<p>Conclu\u00edmos reafirmando que o \u00fanico profissional autorizado a se manifestar sobre o estado, tratamento e recupera\u00e7\u00e3o do Neymar Jr tanto pela CBF como pela sua fam\u00edlia \u00e9 o Dr. Jos\u00e9 Luis Runco.<\/p>\n<p>Se Neymar Jr vier a ter condi\u00e7\u00f5es cl\u00ednicas de disputar uma partida de futebol profissional antes do tempo inicialmente previsto ser\u00e1 em fun\u00e7\u00e3o da evolu\u00e7\u00e3o positiva do seu quadro diante do tratamento poss\u00edvel que est\u00e1 sendo efetuado. Nenhum tratamento alternativo foi colocado em discuss\u00e3o. O retorno dele aos gramados depende da supera\u00e7\u00e3o das fortes dores que sente.<\/p>\n<p>onforme divulgado ontem, o Santos FC colocou \u00e0 disposi\u00e7\u00e3o do jogador Neymar Jr, \u00eddolo da torcida santista e da Sele\u00e7\u00e3o Brasileira, toda a estrutura do departamento m\u00e9dico, do Cepraf (Centro de Experi\u00eancia em Preven\u00e7\u00e3o e Recupera\u00e7\u00e3o de Atletas de Futebol) e de seus profissionais na recupera\u00e7\u00e3o do camisa 10 da Sele\u00e7\u00e3o.<\/p>\n<p>Por\u00e9m, &#8220;o departamento m\u00e9dico do Santos FC em nenhum momento foi solicitado oficialmente para avaliar, tratar ou opinar no caso do atleta Neymar. O clube refor\u00e7a, como foi dito ontem, que oferece sua estrutura do departamento m\u00e9dico e Cepraf ao jogador para no caso de autorizado pelo seu clube e pela CBF possa ajudar na sua reabilita\u00e7\u00e3o. O clube nada tem a ver com nenhuma declara\u00e7\u00e3o sobre tipo de tratamento ou progn\u00f3stico que tenha sido divulgado&#8221;, esclareceu Rodrigo Zogaib, m\u00e9dico do Santos FC.<\/p>\n<p>O jogador fraturou a ap\u00f3fise transversa da terceira v\u00e9rtebra lombar no jogo contra a Col\u00f4mbia, na \u00faltima sexta feira, dia 04, pelas quartas de final da Copa do Mundo.<\/p>\n","protected":false},"excerpt":{"rendered":"<p>Uma visita de m\u00e9dicos \u00e0 casa de Neymar no Guaruj\u00e1, ocorrida neste s\u00e1bado, gerou uma s\u00e9rie de especula\u00e7\u00f5es. O atacante teria cogitado usar infiltra\u00e7\u00e3o de analg\u00e9sicos para disputar uma poss\u00edvel final de Copa do Mundo pela Sele\u00e7\u00e3o Brasileira. Por\u00e9m, neste domingo, tanto o estafe de Neymar quanto o m\u00e9dico da CBF trataram de negar essa [&hellip;]<\/p>\n","protected":false},"author":2,"featured_media":15481,"comment_status":"open","ping_status":"closed","sticky":false,"template":"","format":"standard","meta":{"_acf_changed":false,"footnotes":""},"categories":[19],"tags":[],"class_list":["post-15480","post","type-post","status-publish","format-standard","has-post-thumbnail","hentry","category-esportes"],"acf":[],"yoast_head":"<!-- This site is optimized with the Yoast SEO plugin v27.2 - https:\/\/yoast.com\/product\/yoast-seo-wordpress\/ -->\n<title>CBF visita Neymar e descarta, em nota oficial, volta do jogador - Notibras<\/title>\n<meta name=\"robots\" content=\"index, follow, max-snippet:-1, max-image-preview:large, max-video-preview:-1\" \/>\n<link rel=\"canonical\" href=\"https:\/\/www.notibras.com\/site\/cbf-visita-neymar-e-descarta-em-nota-oficial-volta-do-jogador\/\" \/>\n<meta property=\"og:locale\" content=\"pt_BR\" \/>\n<meta property=\"og:type\" content=\"article\" \/>\n<meta property=\"og:title\" content=\"CBF visita Neymar e descarta, em nota oficial, volta do jogador - Notibras\" \/>\n<meta property=\"og:description\" content=\"Uma visita de m\u00e9dicos \u00e0 casa de Neymar no Guaruj\u00e1, ocorrida neste s\u00e1bado, gerou uma s\u00e9rie de especula\u00e7\u00f5es. O atacante teria cogitado usar infiltra\u00e7\u00e3o de analg\u00e9sicos para disputar uma poss\u00edvel final de Copa do Mundo pela Sele\u00e7\u00e3o Brasileira. Por\u00e9m, neste domingo, tanto o estafe de Neymar quanto o m\u00e9dico da CBF trataram de negar essa [&hellip;]\" \/>\n<meta property=\"og:url\" content=\"https:\/\/www.notibras.com\/site\/cbf-visita-neymar-e-descarta-em-nota-oficial-volta-do-jogador\/\" \/>\n<meta property=\"og:site_name\" content=\"Notibras\" \/>\n<meta property=\"article:publisher\" content=\"https:\/\/www.facebook.com\/notibras\/\" \/>\n<meta property=\"article:published_time\" content=\"2014-07-07T07:19:40+00:00\" \/>\n<meta property=\"article:modified_time\" content=\"2014-07-07T10:22:52+00:00\" \/>\n<meta property=\"og:image\" content=\"https:\/\/www.notibras.com\/site\/wp-content\/uploads\/2014\/07\/esp11.jpg\" \/>\n\t<meta property=\"og:image:width\" content=\"734\" \/>\n\t<meta property=\"og:image:height\" content=\"500\" \/>\n\t<meta property=\"og:image:type\" content=\"image\/jpeg\" \/>\n<meta name=\"author\" content=\"Reda\u00e7\u00e3o\" \/>\n<meta name=\"twitter:card\" content=\"summary_large_image\" \/>\n<meta name=\"twitter:creator\" content=\"@Notibras\" \/>\n<meta name=\"twitter:site\" content=\"@Notibras\" \/>\n<meta name=\"twitter:label1\" content=\"Escrito por\" \/>\n\t<meta name=\"twitter:data1\" content=\"Reda\u00e7\u00e3o\" \/>\n\t<meta name=\"twitter:label2\" content=\"Est. tempo de leitura\" \/>\n\t<meta name=\"twitter:data2\" content=\"4 minutos\" \/>\n<script type=\"application\/ld+json\" class=\"yoast-schema-graph\">{\"@context\":\"https:\/\/schema.org\",\"@graph\":[{\"@type\":\"Article\",\"@id\":\"https:\/\/www.notibras.com\/site\/cbf-visita-neymar-e-descarta-em-nota-oficial-volta-do-jogador\/#article\",\"isPartOf\":{\"@id\":\"https:\/\/www.notibras.com\/site\/cbf-visita-neymar-e-descarta-em-nota-oficial-volta-do-jogador\/\"},\"author\":{\"name\":\"Reda\u00e7\u00e3o\",\"@id\":\"https:\/\/www.notibras.com\/site\/#\/schema\/person\/36ab0979449956132d3e5b517ea76ac8\"},\"headline\":\"CBF visita Neymar e descarta, em nota oficial, volta do jogador\",\"datePublished\":\"2014-07-07T07:19:40+00:00\",\"dateModified\":\"2014-07-07T10:22:52+00:00\",\"mainEntityOfPage\":{\"@id\":\"https:\/\/www.notibras.com\/site\/cbf-visita-neymar-e-descarta-em-nota-oficial-volta-do-jogador\/\"},\"wordCount\":733,\"commentCount\":0,\"publisher\":{\"@id\":\"https:\/\/www.notibras.com\/site\/#organization\"},\"image\":{\"@id\":\"https:\/\/www.notibras.com\/site\/cbf-visita-neymar-e-descarta-em-nota-oficial-volta-do-jogador\/#primaryimage\"},\"thumbnailUrl\":\"https:\/\/www.notibras.com\/site\/wp-content\/uploads\/2014\/07\/esp11.jpg\",\"articleSection\":[\"Esportes\"],\"inLanguage\":\"pt-BR\",\"potentialAction\":[{\"@type\":\"CommentAction\",\"name\":\"Comment\",\"target\":[\"https:\/\/www.notibras.com\/site\/cbf-visita-neymar-e-descarta-em-nota-oficial-volta-do-jogador\/#respond\"]}]},{\"@type\":\"WebPage\",\"@id\":\"https:\/\/www.notibras.com\/site\/cbf-visita-neymar-e-descarta-em-nota-oficial-volta-do-jogador\/\",\"url\":\"https:\/\/www.notibras.com\/site\/cbf-visita-neymar-e-descarta-em-nota-oficial-volta-do-jogador\/\",\"name\":\"CBF visita Neymar e descarta, em nota oficial, volta do jogador - Notibras\",\"isPartOf\":{\"@id\":\"https:\/\/www.notibras.com\/site\/#website\"},\"primaryImageOfPage\":{\"@id\":\"https:\/\/www.notibras.com\/site\/cbf-visita-neymar-e-descarta-em-nota-oficial-volta-do-jogador\/#primaryimage\"},\"image\":{\"@id\":\"https:\/\/www.notibras.com\/site\/cbf-visita-neymar-e-descarta-em-nota-oficial-volta-do-jogador\/#primaryimage\"},\"thumbnailUrl\":\"https:\/\/www.notibras.com\/site\/wp-content\/uploads\/2014\/07\/esp11.jpg\",\"datePublished\":\"2014-07-07T07:19:40+00:00\",\"dateModified\":\"2014-07-07T10:22:52+00:00\",\"breadcrumb\":{\"@id\":\"https:\/\/www.notibras.com\/site\/cbf-visita-neymar-e-descarta-em-nota-oficial-volta-do-jogador\/#breadcrumb\"},\"inLanguage\":\"pt-BR\",\"potentialAction\":[{\"@type\":\"ReadAction\",\"target\":[\"https:\/\/www.notibras.com\/site\/cbf-visita-neymar-e-descarta-em-nota-oficial-volta-do-jogador\/\"]}]},{\"@type\":\"ImageObject\",\"inLanguage\":\"pt-BR\",\"@id\":\"https:\/\/www.notibras.com\/site\/cbf-visita-neymar-e-descarta-em-nota-oficial-volta-do-jogador\/#primaryimage\",\"url\":\"https:\/\/www.notibras.com\/site\/wp-content\/uploads\/2014\/07\/esp11.jpg\",\"contentUrl\":\"https:\/\/www.notibras.com\/site\/wp-content\/uploads\/2014\/07\/esp11.jpg\",\"width\":734,\"height\":500},{\"@type\":\"BreadcrumbList\",\"@id\":\"https:\/\/www.notibras.com\/site\/cbf-visita-neymar-e-descarta-em-nota-oficial-volta-do-jogador\/#breadcrumb\",\"itemListElement\":[{\"@type\":\"ListItem\",\"position\":1,\"name\":\"In\u00edcio\",\"item\":\"https:\/\/www.notibras.com\/site\/\"},{\"@type\":\"ListItem\",\"position\":2,\"name\":\"CBF visita Neymar e descarta, em nota oficial, volta do jogador\"}]},{\"@type\":\"WebSite\",\"@id\":\"https:\/\/www.notibras.com\/site\/#website\",\"url\":\"https:\/\/www.notibras.com\/site\/\",\"name\":\"Notibras\",\"description\":\"Not\u00edcias de Bras\u00edlia, do Brasil e do Mundo\",\"publisher\":{\"@id\":\"https:\/\/www.notibras.com\/site\/#organization\"},\"potentialAction\":[{\"@type\":\"SearchAction\",\"target\":{\"@type\":\"EntryPoint\",\"urlTemplate\":\"https:\/\/www.notibras.com\/site\/?s={search_term_string}\"},\"query-input\":{\"@type\":\"PropertyValueSpecification\",\"valueRequired\":true,\"valueName\":\"search_term_string\"}}],\"inLanguage\":\"pt-BR\"},{\"@type\":\"Organization\",\"@id\":\"https:\/\/www.notibras.com\/site\/#organization\",\"name\":\"Grupo Notibras de Comunica\u00e7\u00e3o\",\"url\":\"https:\/\/www.notibras.com\/site\/\",\"logo\":{\"@type\":\"ImageObject\",\"inLanguage\":\"pt-BR\",\"@id\":\"https:\/\/www.notibras.com\/site\/#\/schema\/logo\/image\/\",\"url\":\"https:\/\/www.notibras.com\/site\/wp-content\/uploads\/2023\/01\/notibras23.png\",\"contentUrl\":\"https:\/\/www.notibras.com\/site\/wp-content\/uploads\/2023\/01\/notibras23.png\",\"width\":350,\"height\":87,\"caption\":\"Grupo Notibras de Comunica\u00e7\u00e3o\"},\"image\":{\"@id\":\"https:\/\/www.notibras.com\/site\/#\/schema\/logo\/image\/\"},\"sameAs\":[\"https:\/\/www.facebook.com\/notibras\/\",\"https:\/\/x.com\/Notibras\",\"https:\/\/www.instagram.com\/notibras\/\"]},{\"@type\":\"Person\",\"@id\":\"https:\/\/www.notibras.com\/site\/#\/schema\/person\/36ab0979449956132d3e5b517ea76ac8\",\"name\":\"Reda\u00e7\u00e3o\",\"image\":{\"@type\":\"ImageObject\",\"inLanguage\":\"pt-BR\",\"@id\":\"https:\/\/secure.gravatar.com\/avatar\/e0a867bdedb85fd243eadf09663511f96fc81e0720a4a42581f334ad4303aa6b?s=96&d=mm&r=g\",\"url\":\"https:\/\/secure.gravatar.com\/avatar\/e0a867bdedb85fd243eadf09663511f96fc81e0720a4a42581f334ad4303aa6b?s=96&d=mm&r=g\",\"contentUrl\":\"https:\/\/secure.gravatar.com\/avatar\/e0a867bdedb85fd243eadf09663511f96fc81e0720a4a42581f334ad4303aa6b?s=96&d=mm&r=g\",\"caption\":\"Reda\u00e7\u00e3o\"}}]}<\/script>\n<!-- \/ Yoast SEO plugin. -->","yoast_head_json":{"title":"CBF visita Neymar e descarta, em nota oficial, volta do jogador - Notibras","robots":{"index":"index","follow":"follow","max-snippet":"max-snippet:-1","max-image-preview":"max-image-preview:large","max-video-preview":"max-video-preview:-1"},"canonical":"https:\/\/www.notibras.com\/site\/cbf-visita-neymar-e-descarta-em-nota-oficial-volta-do-jogador\/","og_locale":"pt_BR","og_type":"article","og_title":"CBF visita Neymar e descarta, em nota oficial, volta do jogador - Notibras","og_description":"Uma visita de m\u00e9dicos \u00e0 casa de Neymar no Guaruj\u00e1, ocorrida neste s\u00e1bado, gerou uma s\u00e9rie de especula\u00e7\u00f5es. O atacante teria cogitado usar infiltra\u00e7\u00e3o de analg\u00e9sicos para disputar uma poss\u00edvel final de Copa do Mundo pela Sele\u00e7\u00e3o Brasileira. Por\u00e9m, neste domingo, tanto o estafe de Neymar quanto o m\u00e9dico da CBF trataram de negar essa [&hellip;]","og_url":"https:\/\/www.notibras.com\/site\/cbf-visita-neymar-e-descarta-em-nota-oficial-volta-do-jogador\/","og_site_name":"Notibras","article_publisher":"https:\/\/www.facebook.com\/notibras\/","article_published_time":"2014-07-07T07:19:40+00:00","article_modified_time":"2014-07-07T10:22:52+00:00","og_image":[{"width":734,"height":500,"url":"https:\/\/www.notibras.com\/site\/wp-content\/uploads\/2014\/07\/esp11.jpg","type":"image\/jpeg"}],"author":"Reda\u00e7\u00e3o","twitter_card":"summary_large_image","twitter_creator":"@Notibras","twitter_site":"@Notibras","twitter_misc":{"Escrito por":"Reda\u00e7\u00e3o","Est. tempo de leitura":"4 minutos"},"schema":{"@context":"https:\/\/schema.org","@graph":[{"@type":"Article","@id":"https:\/\/www.notibras.com\/site\/cbf-visita-neymar-e-descarta-em-nota-oficial-volta-do-jogador\/#article","isPartOf":{"@id":"https:\/\/www.notibras.com\/site\/cbf-visita-neymar-e-descarta-em-nota-oficial-volta-do-jogador\/"},"author":{"name":"Reda\u00e7\u00e3o","@id":"https:\/\/www.notibras.com\/site\/#\/schema\/person\/36ab0979449956132d3e5b517ea76ac8"},"headline":"CBF visita Neymar e descarta, em nota oficial, volta do jogador","datePublished":"2014-07-07T07:19:40+00:00","dateModified":"2014-07-07T10:22:52+00:00","mainEntityOfPage":{"@id":"https:\/\/www.notibras.com\/site\/cbf-visita-neymar-e-descarta-em-nota-oficial-volta-do-jogador\/"},"wordCount":733,"commentCount":0,"publisher":{"@id":"https:\/\/www.notibras.com\/site\/#organization"},"image":{"@id":"https:\/\/www.notibras.com\/site\/cbf-visita-neymar-e-descarta-em-nota-oficial-volta-do-jogador\/#primaryimage"},"thumbnailUrl":"https:\/\/www.notibras.com\/site\/wp-content\/uploads\/2014\/07\/esp11.jpg","articleSection":["Esportes"],"inLanguage":"pt-BR","potentialAction":[{"@type":"CommentAction","name":"Comment","target":["https:\/\/www.notibras.com\/site\/cbf-visita-neymar-e-descarta-em-nota-oficial-volta-do-jogador\/#respond"]}]},{"@type":"WebPage","@id":"https:\/\/www.notibras.com\/site\/cbf-visita-neymar-e-descarta-em-nota-oficial-volta-do-jogador\/","url":"https:\/\/www.notibras.com\/site\/cbf-visita-neymar-e-descarta-em-nota-oficial-volta-do-jogador\/","name":"CBF visita Neymar e descarta, em nota oficial, volta do jogador - Notibras","isPartOf":{"@id":"https:\/\/www.notibras.com\/site\/#website"},"primaryImageOfPage":{"@id":"https:\/\/www.notibras.com\/site\/cbf-visita-neymar-e-descarta-em-nota-oficial-volta-do-jogador\/#primaryimage"},"image":{"@id":"https:\/\/www.notibras.com\/site\/cbf-visita-neymar-e-descarta-em-nota-oficial-volta-do-jogador\/#primaryimage"},"thumbnailUrl":"https:\/\/www.notibras.com\/site\/wp-content\/uploads\/2014\/07\/esp11.jpg","datePublished":"2014-07-07T07:19:40+00:00","dateModified":"2014-07-07T10:22:52+00:00","breadcrumb":{"@id":"https:\/\/www.notibras.com\/site\/cbf-visita-neymar-e-descarta-em-nota-oficial-volta-do-jogador\/#breadcrumb"},"inLanguage":"pt-BR","potentialAction":[{"@type":"ReadAction","target":["https:\/\/www.notibras.com\/site\/cbf-visita-neymar-e-descarta-em-nota-oficial-volta-do-jogador\/"]}]},{"@type":"ImageObject","inLanguage":"pt-BR","@id":"https:\/\/www.notibras.com\/site\/cbf-visita-neymar-e-descarta-em-nota-oficial-volta-do-jogador\/#primaryimage","url":"https:\/\/www.notibras.com\/site\/wp-content\/uploads\/2014\/07\/esp11.jpg","contentUrl":"https:\/\/www.notibras.com\/site\/wp-content\/uploads\/2014\/07\/esp11.jpg","width":734,"height":500},{"@type":"BreadcrumbList","@id":"https:\/\/www.notibras.com\/site\/cbf-visita-neymar-e-descarta-em-nota-oficial-volta-do-jogador\/#breadcrumb","itemListElement":[{"@type":"ListItem","position":1,"name":"In\u00edcio","item":"https:\/\/www.notibras.com\/site\/"},{"@type":"ListItem","position":2,"name":"CBF visita Neymar e descarta, em nota oficial, volta do jogador"}]},{"@type":"WebSite","@id":"https:\/\/www.notibras.com\/site\/#website","url":"https:\/\/www.notibras.com\/site\/","name":"Notibras","description":"Not\u00edcias de Bras\u00edlia, do Brasil e do Mundo","publisher":{"@id":"https:\/\/www.notibras.com\/site\/#organization"},"potentialAction":[{"@type":"SearchAction","target":{"@type":"EntryPoint","urlTemplate":"https:\/\/www.notibras.com\/site\/?s={search_term_string}"},"query-input":{"@type":"PropertyValueSpecification","valueRequired":true,"valueName":"search_term_string"}}],"inLanguage":"pt-BR"},{"@type":"Organization","@id":"https:\/\/www.notibras.com\/site\/#organization","name":"Grupo Notibras de Comunica\u00e7\u00e3o","url":"https:\/\/www.notibras.com\/site\/","logo":{"@type":"ImageObject","inLanguage":"pt-BR","@id":"https:\/\/www.notibras.com\/site\/#\/schema\/logo\/image\/","url":"https:\/\/www.notibras.com\/site\/wp-content\/uploads\/2023\/01\/notibras23.png","contentUrl":"https:\/\/www.notibras.com\/site\/wp-content\/uploads\/2023\/01\/notibras23.png","width":350,"height":87,"caption":"Grupo Notibras de Comunica\u00e7\u00e3o"},"image":{"@id":"https:\/\/www.notibras.com\/site\/#\/schema\/logo\/image\/"},"sameAs":["https:\/\/www.facebook.com\/notibras\/","https:\/\/x.com\/Notibras","https:\/\/www.instagram.com\/notibras\/"]},{"@type":"Person","@id":"https:\/\/www.notibras.com\/site\/#\/schema\/person\/36ab0979449956132d3e5b517ea76ac8","name":"Reda\u00e7\u00e3o","image":{"@type":"ImageObject","inLanguage":"pt-BR","@id":"https:\/\/secure.gravatar.com\/avatar\/e0a867bdedb85fd243eadf09663511f96fc81e0720a4a42581f334ad4303aa6b?s=96&d=mm&r=g","url":"https:\/\/secure.gravatar.com\/avatar\/e0a867bdedb85fd243eadf09663511f96fc81e0720a4a42581f334ad4303aa6b?s=96&d=mm&r=g","contentUrl":"https:\/\/secure.gravatar.com\/avatar\/e0a867bdedb85fd243eadf09663511f96fc81e0720a4a42581f334ad4303aa6b?s=96&d=mm&r=g","caption":"Reda\u00e7\u00e3o"}}]}},"amp_enabled":true,"_links":{"self":[{"href":"https:\/\/www.notibras.com\/site\/wp-json\/wp\/v2\/posts\/15480","targetHints":{"allow":["GET"]}}],"collection":[{"href":"https:\/\/www.notibras.com\/site\/wp-json\/wp\/v2\/posts"}],"about":[{"href":"https:\/\/www.notibras.com\/site\/wp-json\/wp\/v2\/types\/post"}],"author":[{"embeddable":true,"href":"https:\/\/www.notibras.com\/site\/wp-json\/wp\/v2\/users\/2"}],"replies":[{"embeddable":true,"href":"https:\/\/www.notibras.com\/site\/wp-json\/wp\/v2\/comments?post=15480"}],"version-history":[{"count":0,"href":"https:\/\/www.notibras.com\/site\/wp-json\/wp\/v2\/posts\/15480\/revisions"}],"wp:featuredmedia":[{"embeddable":true,"href":"https:\/\/www.notibras.com\/site\/wp-json\/wp\/v2\/media\/15481"}],"wp:attachment":[{"href":"https:\/\/www.notibras.com\/site\/wp-json\/wp\/v2\/media?parent=15480"}],"wp:term":[{"taxonomy":"category","embeddable":true,"href":"https:\/\/www.notibras.com\/site\/wp-json\/wp\/v2\/categories?post=15480"},{"taxonomy":"post_tag","embeddable":true,"href":"https:\/\/www.notibras.com\/site\/wp-json\/wp\/v2\/tags?post=15480"}],"curies":[{"name":"wp","href":"https:\/\/api.w.org\/{rel}","templated":true}]}}