{"id":15489,"date":"2014-07-07T05:42:32","date_gmt":"2014-07-07T08:42:32","guid":{"rendered":"http:\/\/www.notibras.com\/site\/?p=15489"},"modified":"2014-07-07T07:43:53","modified_gmt":"2014-07-07T10:43:53","slug":"de-jong-pode-voltar-e-ser-a-surpresa-da-selecao-holandesa","status":"publish","type":"post","link":"https:\/\/www.notibras.com\/site\/de-jong-pode-voltar-e-ser-a-surpresa-da-selecao-holandesa\/","title":{"rendered":"De Jong pode voltar e ser a surpresa da sele\u00e7\u00e3o holandesa"},"content":{"rendered":"<p>O volante holand\u00eas De Jong machucou-se nas oitavas de final da Copa do Mundo e teve sua escala\u00e7\u00e3o descartada para todo o restante do torneio. Ele, por\u00e9m, permaneceu junto com a sele\u00e7\u00e3o. Neste domingo, surpreendeu a todos e voltou a treinar com bola. Agora, pode ser a surpresa da Holanda para as finais do Mundial de 2014.<\/p>\n<p>De Jong teve uma les\u00e3o na virilha logo nos minutos iniciais da partida contra o M\u00e9xico, a qual a Holanda venceu por 2 a 1. A pr\u00f3pria federa\u00e7\u00e3o holandesa anunciou em seu perfil no Twitter que o volante n\u00e3o teria tempo de se recuperar para jogar o restante da Copa do Mundo.<\/p>\n<p>Apesar disso, De Jong iniciou um tratamento com os m\u00e9dicos da sele\u00e7\u00e3o. Todos os dias de treinamento, ele trabalhou separadamente de seus colegas de time.<\/p>\n<blockquote><p>Neste domingo, para a surpresa de todos, ele voltou a bater bola no gramado, ainda que sozinho. Chegou a ser aplaudido por seus companheiros por causa de seu esfor\u00e7o.<\/p><\/blockquote>\n<p>T\u00e3o veloz \u00e9 a recupera\u00e7\u00e3o de De Jong que jornalistas holandeses j\u00e1 cogitam que ele jogue uma poss\u00edvel final. Para eles, n\u00e3o haveria tempo necess\u00e1rio para que ele se recuperar para a semifinal contra a Argentina, na quarta-feira.<\/p>\n","protected":false},"excerpt":{"rendered":"<p>O volante holand\u00eas De Jong machucou-se nas oitavas de final da Copa do Mundo e teve sua escala\u00e7\u00e3o descartada para todo o restante do torneio. Ele, por\u00e9m, permaneceu junto com a sele\u00e7\u00e3o. Neste domingo, surpreendeu a todos e voltou a treinar com bola. Agora, pode ser a surpresa da Holanda para as finais do Mundial [&hellip;]<\/p>\n","protected":false},"author":2,"featured_media":15490,"comment_status":"open","ping_status":"closed","sticky":false,"template":"","format":"standard","meta":{"_acf_changed":false,"footnotes":""},"categories":[19],"tags":[],"class_list":["post-15489","post","type-post","status-publish","format-standard","has-post-thumbnail","hentry","category-esportes"],"acf":[],"yoast_head":"<!-- This site is optimized with the Yoast SEO plugin v27.2 - https:\/\/yoast.com\/product\/yoast-seo-wordpress\/ -->\n<title>De Jong pode voltar e ser a surpresa da sele\u00e7\u00e3o holandesa - Notibras<\/title>\n<meta name=\"robots\" content=\"index, follow, max-snippet:-1, max-image-preview:large, max-video-preview:-1\" \/>\n<link rel=\"canonical\" href=\"https:\/\/www.notibras.com\/site\/de-jong-pode-voltar-e-ser-a-surpresa-da-selecao-holandesa\/\" \/>\n<meta property=\"og:locale\" content=\"pt_BR\" \/>\n<meta property=\"og:type\" content=\"article\" \/>\n<meta property=\"og:title\" content=\"De Jong pode voltar e ser a surpresa da sele\u00e7\u00e3o holandesa - Notibras\" \/>\n<meta property=\"og:description\" content=\"O volante holand\u00eas De Jong machucou-se nas oitavas de final da Copa do Mundo e teve sua escala\u00e7\u00e3o descartada para todo o restante do torneio. Ele, por\u00e9m, permaneceu junto com a sele\u00e7\u00e3o. Neste domingo, surpreendeu a todos e voltou a treinar com bola. Agora, pode ser a surpresa da Holanda para as finais do Mundial [&hellip;]\" \/>\n<meta property=\"og:url\" content=\"https:\/\/www.notibras.com\/site\/de-jong-pode-voltar-e-ser-a-surpresa-da-selecao-holandesa\/\" \/>\n<meta property=\"og:site_name\" content=\"Notibras\" \/>\n<meta property=\"article:publisher\" content=\"https:\/\/www.facebook.com\/notibras\/\" \/>\n<meta property=\"article:published_time\" content=\"2014-07-07T08:42:32+00:00\" \/>\n<meta property=\"article:modified_time\" content=\"2014-07-07T10:43:53+00:00\" \/>\n<meta property=\"og:image\" content=\"https:\/\/www.notibras.com\/site\/wp-content\/uploads\/2014\/07\/204502_heroa.jpg\" \/>\n\t<meta property=\"og:image:width\" content=\"620\" \/>\n\t<meta property=\"og:image:height\" content=\"430\" \/>\n\t<meta property=\"og:image:type\" content=\"image\/jpeg\" \/>\n<meta name=\"author\" content=\"Reda\u00e7\u00e3o\" \/>\n<meta name=\"twitter:card\" content=\"summary_large_image\" \/>\n<meta name=\"twitter:creator\" content=\"@Notibras\" \/>\n<meta name=\"twitter:site\" content=\"@Notibras\" \/>\n<meta name=\"twitter:label1\" content=\"Escrito por\" \/>\n\t<meta name=\"twitter:data1\" content=\"Reda\u00e7\u00e3o\" \/>\n\t<meta name=\"twitter:label2\" content=\"Est. tempo de leitura\" \/>\n\t<meta name=\"twitter:data2\" content=\"1 minuto\" \/>\n<script type=\"application\/ld+json\" class=\"yoast-schema-graph\">{\"@context\":\"https:\/\/schema.org\",\"@graph\":[{\"@type\":\"Article\",\"@id\":\"https:\/\/www.notibras.com\/site\/de-jong-pode-voltar-e-ser-a-surpresa-da-selecao-holandesa\/#article\",\"isPartOf\":{\"@id\":\"https:\/\/www.notibras.com\/site\/de-jong-pode-voltar-e-ser-a-surpresa-da-selecao-holandesa\/\"},\"author\":{\"name\":\"Reda\u00e7\u00e3o\",\"@id\":\"https:\/\/www.notibras.com\/site\/#\/schema\/person\/36ab0979449956132d3e5b517ea76ac8\"},\"headline\":\"De Jong pode voltar e ser a surpresa da sele\u00e7\u00e3o holandesa\",\"datePublished\":\"2014-07-07T08:42:32+00:00\",\"dateModified\":\"2014-07-07T10:43:53+00:00\",\"mainEntityOfPage\":{\"@id\":\"https:\/\/www.notibras.com\/site\/de-jong-pode-voltar-e-ser-a-surpresa-da-selecao-holandesa\/\"},\"wordCount\":226,\"commentCount\":0,\"publisher\":{\"@id\":\"https:\/\/www.notibras.com\/site\/#organization\"},\"image\":{\"@id\":\"https:\/\/www.notibras.com\/site\/de-jong-pode-voltar-e-ser-a-surpresa-da-selecao-holandesa\/#primaryimage\"},\"thumbnailUrl\":\"https:\/\/www.notibras.com\/site\/wp-content\/uploads\/2014\/07\/204502_heroa.jpg\",\"articleSection\":[\"Esportes\"],\"inLanguage\":\"pt-BR\",\"potentialAction\":[{\"@type\":\"CommentAction\",\"name\":\"Comment\",\"target\":[\"https:\/\/www.notibras.com\/site\/de-jong-pode-voltar-e-ser-a-surpresa-da-selecao-holandesa\/#respond\"]}]},{\"@type\":\"WebPage\",\"@id\":\"https:\/\/www.notibras.com\/site\/de-jong-pode-voltar-e-ser-a-surpresa-da-selecao-holandesa\/\",\"url\":\"https:\/\/www.notibras.com\/site\/de-jong-pode-voltar-e-ser-a-surpresa-da-selecao-holandesa\/\",\"name\":\"De Jong pode voltar e ser a surpresa da sele\u00e7\u00e3o holandesa - Notibras\",\"isPartOf\":{\"@id\":\"https:\/\/www.notibras.com\/site\/#website\"},\"primaryImageOfPage\":{\"@id\":\"https:\/\/www.notibras.com\/site\/de-jong-pode-voltar-e-ser-a-surpresa-da-selecao-holandesa\/#primaryimage\"},\"image\":{\"@id\":\"https:\/\/www.notibras.com\/site\/de-jong-pode-voltar-e-ser-a-surpresa-da-selecao-holandesa\/#primaryimage\"},\"thumbnailUrl\":\"https:\/\/www.notibras.com\/site\/wp-content\/uploads\/2014\/07\/204502_heroa.jpg\",\"datePublished\":\"2014-07-07T08:42:32+00:00\",\"dateModified\":\"2014-07-07T10:43:53+00:00\",\"breadcrumb\":{\"@id\":\"https:\/\/www.notibras.com\/site\/de-jong-pode-voltar-e-ser-a-surpresa-da-selecao-holandesa\/#breadcrumb\"},\"inLanguage\":\"pt-BR\",\"potentialAction\":[{\"@type\":\"ReadAction\",\"target\":[\"https:\/\/www.notibras.com\/site\/de-jong-pode-voltar-e-ser-a-surpresa-da-selecao-holandesa\/\"]}]},{\"@type\":\"ImageObject\",\"inLanguage\":\"pt-BR\",\"@id\":\"https:\/\/www.notibras.com\/site\/de-jong-pode-voltar-e-ser-a-surpresa-da-selecao-holandesa\/#primaryimage\",\"url\":\"https:\/\/www.notibras.com\/site\/wp-content\/uploads\/2014\/07\/204502_heroa.jpg\",\"contentUrl\":\"https:\/\/www.notibras.com\/site\/wp-content\/uploads\/2014\/07\/204502_heroa.jpg\",\"width\":620,\"height\":430},{\"@type\":\"BreadcrumbList\",\"@id\":\"https:\/\/www.notibras.com\/site\/de-jong-pode-voltar-e-ser-a-surpresa-da-selecao-holandesa\/#breadcrumb\",\"itemListElement\":[{\"@type\":\"ListItem\",\"position\":1,\"name\":\"In\u00edcio\",\"item\":\"https:\/\/www.notibras.com\/site\/\"},{\"@type\":\"ListItem\",\"position\":2,\"name\":\"De Jong pode voltar e ser a surpresa da sele\u00e7\u00e3o holandesa\"}]},{\"@type\":\"WebSite\",\"@id\":\"https:\/\/www.notibras.com\/site\/#website\",\"url\":\"https:\/\/www.notibras.com\/site\/\",\"name\":\"Notibras\",\"description\":\"Not\u00edcias de Bras\u00edlia, do Brasil e do Mundo\",\"publisher\":{\"@id\":\"https:\/\/www.notibras.com\/site\/#organization\"},\"potentialAction\":[{\"@type\":\"SearchAction\",\"target\":{\"@type\":\"EntryPoint\",\"urlTemplate\":\"https:\/\/www.notibras.com\/site\/?s={search_term_string}\"},\"query-input\":{\"@type\":\"PropertyValueSpecification\",\"valueRequired\":true,\"valueName\":\"search_term_string\"}}],\"inLanguage\":\"pt-BR\"},{\"@type\":\"Organization\",\"@id\":\"https:\/\/www.notibras.com\/site\/#organization\",\"name\":\"Grupo Notibras de Comunica\u00e7\u00e3o\",\"url\":\"https:\/\/www.notibras.com\/site\/\",\"logo\":{\"@type\":\"ImageObject\",\"inLanguage\":\"pt-BR\",\"@id\":\"https:\/\/www.notibras.com\/site\/#\/schema\/logo\/image\/\",\"url\":\"https:\/\/www.notibras.com\/site\/wp-content\/uploads\/2023\/01\/notibras23.png\",\"contentUrl\":\"https:\/\/www.notibras.com\/site\/wp-content\/uploads\/2023\/01\/notibras23.png\",\"width\":350,\"height\":87,\"caption\":\"Grupo Notibras de Comunica\u00e7\u00e3o\"},\"image\":{\"@id\":\"https:\/\/www.notibras.com\/site\/#\/schema\/logo\/image\/\"},\"sameAs\":[\"https:\/\/www.facebook.com\/notibras\/\",\"https:\/\/x.com\/Notibras\",\"https:\/\/www.instagram.com\/notibras\/\"]},{\"@type\":\"Person\",\"@id\":\"https:\/\/www.notibras.com\/site\/#\/schema\/person\/36ab0979449956132d3e5b517ea76ac8\",\"name\":\"Reda\u00e7\u00e3o\",\"image\":{\"@type\":\"ImageObject\",\"inLanguage\":\"pt-BR\",\"@id\":\"https:\/\/secure.gravatar.com\/avatar\/e0a867bdedb85fd243eadf09663511f96fc81e0720a4a42581f334ad4303aa6b?s=96&d=mm&r=g\",\"url\":\"https:\/\/secure.gravatar.com\/avatar\/e0a867bdedb85fd243eadf09663511f96fc81e0720a4a42581f334ad4303aa6b?s=96&d=mm&r=g\",\"contentUrl\":\"https:\/\/secure.gravatar.com\/avatar\/e0a867bdedb85fd243eadf09663511f96fc81e0720a4a42581f334ad4303aa6b?s=96&d=mm&r=g\",\"caption\":\"Reda\u00e7\u00e3o\"}}]}<\/script>\n<!-- \/ Yoast SEO plugin. -->","yoast_head_json":{"title":"De Jong pode voltar e ser a surpresa da sele\u00e7\u00e3o holandesa - Notibras","robots":{"index":"index","follow":"follow","max-snippet":"max-snippet:-1","max-image-preview":"max-image-preview:large","max-video-preview":"max-video-preview:-1"},"canonical":"https:\/\/www.notibras.com\/site\/de-jong-pode-voltar-e-ser-a-surpresa-da-selecao-holandesa\/","og_locale":"pt_BR","og_type":"article","og_title":"De Jong pode voltar e ser a surpresa da sele\u00e7\u00e3o holandesa - Notibras","og_description":"O volante holand\u00eas De Jong machucou-se nas oitavas de final da Copa do Mundo e teve sua escala\u00e7\u00e3o descartada para todo o restante do torneio. Ele, por\u00e9m, permaneceu junto com a sele\u00e7\u00e3o. Neste domingo, surpreendeu a todos e voltou a treinar com bola. Agora, pode ser a surpresa da Holanda para as finais do Mundial [&hellip;]","og_url":"https:\/\/www.notibras.com\/site\/de-jong-pode-voltar-e-ser-a-surpresa-da-selecao-holandesa\/","og_site_name":"Notibras","article_publisher":"https:\/\/www.facebook.com\/notibras\/","article_published_time":"2014-07-07T08:42:32+00:00","article_modified_time":"2014-07-07T10:43:53+00:00","og_image":[{"width":620,"height":430,"url":"https:\/\/www.notibras.com\/site\/wp-content\/uploads\/2014\/07\/204502_heroa.jpg","type":"image\/jpeg"}],"author":"Reda\u00e7\u00e3o","twitter_card":"summary_large_image","twitter_creator":"@Notibras","twitter_site":"@Notibras","twitter_misc":{"Escrito por":"Reda\u00e7\u00e3o","Est. tempo de leitura":"1 minuto"},"schema":{"@context":"https:\/\/schema.org","@graph":[{"@type":"Article","@id":"https:\/\/www.notibras.com\/site\/de-jong-pode-voltar-e-ser-a-surpresa-da-selecao-holandesa\/#article","isPartOf":{"@id":"https:\/\/www.notibras.com\/site\/de-jong-pode-voltar-e-ser-a-surpresa-da-selecao-holandesa\/"},"author":{"name":"Reda\u00e7\u00e3o","@id":"https:\/\/www.notibras.com\/site\/#\/schema\/person\/36ab0979449956132d3e5b517ea76ac8"},"headline":"De Jong pode voltar e ser a surpresa da sele\u00e7\u00e3o holandesa","datePublished":"2014-07-07T08:42:32+00:00","dateModified":"2014-07-07T10:43:53+00:00","mainEntityOfPage":{"@id":"https:\/\/www.notibras.com\/site\/de-jong-pode-voltar-e-ser-a-surpresa-da-selecao-holandesa\/"},"wordCount":226,"commentCount":0,"publisher":{"@id":"https:\/\/www.notibras.com\/site\/#organization"},"image":{"@id":"https:\/\/www.notibras.com\/site\/de-jong-pode-voltar-e-ser-a-surpresa-da-selecao-holandesa\/#primaryimage"},"thumbnailUrl":"https:\/\/www.notibras.com\/site\/wp-content\/uploads\/2014\/07\/204502_heroa.jpg","articleSection":["Esportes"],"inLanguage":"pt-BR","potentialAction":[{"@type":"CommentAction","name":"Comment","target":["https:\/\/www.notibras.com\/site\/de-jong-pode-voltar-e-ser-a-surpresa-da-selecao-holandesa\/#respond"]}]},{"@type":"WebPage","@id":"https:\/\/www.notibras.com\/site\/de-jong-pode-voltar-e-ser-a-surpresa-da-selecao-holandesa\/","url":"https:\/\/www.notibras.com\/site\/de-jong-pode-voltar-e-ser-a-surpresa-da-selecao-holandesa\/","name":"De Jong pode voltar e ser a surpresa da sele\u00e7\u00e3o holandesa - Notibras","isPartOf":{"@id":"https:\/\/www.notibras.com\/site\/#website"},"primaryImageOfPage":{"@id":"https:\/\/www.notibras.com\/site\/de-jong-pode-voltar-e-ser-a-surpresa-da-selecao-holandesa\/#primaryimage"},"image":{"@id":"https:\/\/www.notibras.com\/site\/de-jong-pode-voltar-e-ser-a-surpresa-da-selecao-holandesa\/#primaryimage"},"thumbnailUrl":"https:\/\/www.notibras.com\/site\/wp-content\/uploads\/2014\/07\/204502_heroa.jpg","datePublished":"2014-07-07T08:42:32+00:00","dateModified":"2014-07-07T10:43:53+00:00","breadcrumb":{"@id":"https:\/\/www.notibras.com\/site\/de-jong-pode-voltar-e-ser-a-surpresa-da-selecao-holandesa\/#breadcrumb"},"inLanguage":"pt-BR","potentialAction":[{"@type":"ReadAction","target":["https:\/\/www.notibras.com\/site\/de-jong-pode-voltar-e-ser-a-surpresa-da-selecao-holandesa\/"]}]},{"@type":"ImageObject","inLanguage":"pt-BR","@id":"https:\/\/www.notibras.com\/site\/de-jong-pode-voltar-e-ser-a-surpresa-da-selecao-holandesa\/#primaryimage","url":"https:\/\/www.notibras.com\/site\/wp-content\/uploads\/2014\/07\/204502_heroa.jpg","contentUrl":"https:\/\/www.notibras.com\/site\/wp-content\/uploads\/2014\/07\/204502_heroa.jpg","width":620,"height":430},{"@type":"BreadcrumbList","@id":"https:\/\/www.notibras.com\/site\/de-jong-pode-voltar-e-ser-a-surpresa-da-selecao-holandesa\/#breadcrumb","itemListElement":[{"@type":"ListItem","position":1,"name":"In\u00edcio","item":"https:\/\/www.notibras.com\/site\/"},{"@type":"ListItem","position":2,"name":"De Jong pode voltar e ser a surpresa da sele\u00e7\u00e3o holandesa"}]},{"@type":"WebSite","@id":"https:\/\/www.notibras.com\/site\/#website","url":"https:\/\/www.notibras.com\/site\/","name":"Notibras","description":"Not\u00edcias de Bras\u00edlia, do Brasil e do Mundo","publisher":{"@id":"https:\/\/www.notibras.com\/site\/#organization"},"potentialAction":[{"@type":"SearchAction","target":{"@type":"EntryPoint","urlTemplate":"https:\/\/www.notibras.com\/site\/?s={search_term_string}"},"query-input":{"@type":"PropertyValueSpecification","valueRequired":true,"valueName":"search_term_string"}}],"inLanguage":"pt-BR"},{"@type":"Organization","@id":"https:\/\/www.notibras.com\/site\/#organization","name":"Grupo Notibras de Comunica\u00e7\u00e3o","url":"https:\/\/www.notibras.com\/site\/","logo":{"@type":"ImageObject","inLanguage":"pt-BR","@id":"https:\/\/www.notibras.com\/site\/#\/schema\/logo\/image\/","url":"https:\/\/www.notibras.com\/site\/wp-content\/uploads\/2023\/01\/notibras23.png","contentUrl":"https:\/\/www.notibras.com\/site\/wp-content\/uploads\/2023\/01\/notibras23.png","width":350,"height":87,"caption":"Grupo Notibras de Comunica\u00e7\u00e3o"},"image":{"@id":"https:\/\/www.notibras.com\/site\/#\/schema\/logo\/image\/"},"sameAs":["https:\/\/www.facebook.com\/notibras\/","https:\/\/x.com\/Notibras","https:\/\/www.instagram.com\/notibras\/"]},{"@type":"Person","@id":"https:\/\/www.notibras.com\/site\/#\/schema\/person\/36ab0979449956132d3e5b517ea76ac8","name":"Reda\u00e7\u00e3o","image":{"@type":"ImageObject","inLanguage":"pt-BR","@id":"https:\/\/secure.gravatar.com\/avatar\/e0a867bdedb85fd243eadf09663511f96fc81e0720a4a42581f334ad4303aa6b?s=96&d=mm&r=g","url":"https:\/\/secure.gravatar.com\/avatar\/e0a867bdedb85fd243eadf09663511f96fc81e0720a4a42581f334ad4303aa6b?s=96&d=mm&r=g","contentUrl":"https:\/\/secure.gravatar.com\/avatar\/e0a867bdedb85fd243eadf09663511f96fc81e0720a4a42581f334ad4303aa6b?s=96&d=mm&r=g","caption":"Reda\u00e7\u00e3o"}}]}},"amp_enabled":true,"_links":{"self":[{"href":"https:\/\/www.notibras.com\/site\/wp-json\/wp\/v2\/posts\/15489","targetHints":{"allow":["GET"]}}],"collection":[{"href":"https:\/\/www.notibras.com\/site\/wp-json\/wp\/v2\/posts"}],"about":[{"href":"https:\/\/www.notibras.com\/site\/wp-json\/wp\/v2\/types\/post"}],"author":[{"embeddable":true,"href":"https:\/\/www.notibras.com\/site\/wp-json\/wp\/v2\/users\/2"}],"replies":[{"embeddable":true,"href":"https:\/\/www.notibras.com\/site\/wp-json\/wp\/v2\/comments?post=15489"}],"version-history":[{"count":0,"href":"https:\/\/www.notibras.com\/site\/wp-json\/wp\/v2\/posts\/15489\/revisions"}],"wp:featuredmedia":[{"embeddable":true,"href":"https:\/\/www.notibras.com\/site\/wp-json\/wp\/v2\/media\/15490"}],"wp:attachment":[{"href":"https:\/\/www.notibras.com\/site\/wp-json\/wp\/v2\/media?parent=15489"}],"wp:term":[{"taxonomy":"category","embeddable":true,"href":"https:\/\/www.notibras.com\/site\/wp-json\/wp\/v2\/categories?post=15489"},{"taxonomy":"post_tag","embeddable":true,"href":"https:\/\/www.notibras.com\/site\/wp-json\/wp\/v2\/tags?post=15489"}],"curies":[{"name":"wp","href":"https:\/\/api.w.org\/{rel}","templated":true}]}}