{"id":15501,"date":"2014-07-07T08:10:10","date_gmt":"2014-07-07T11:10:10","guid":{"rendered":"http:\/\/www.notibras.com\/site\/?p=15501"},"modified":"2014-07-07T12:53:39","modified_gmt":"2014-07-07T15:53:39","slug":"francisco-abre-as-portas-do-vaticano-para-vitimas-da-pedofilia-na-igreja","status":"publish","type":"post","link":"https:\/\/www.notibras.com\/site\/francisco-abre-as-portas-do-vaticano-para-vitimas-da-pedofilia-na-igreja\/","title":{"rendered":"Francisco abre as portas do Vaticano para as v\u00edtimas da pedofilia"},"content":{"rendered":"<p>O papa Francisco recebeu pela primeira vez no Vaticano seis v\u00edtimas de padres ped\u00f3filos, anunciou nesta segunda-feira a assessoria de comunica\u00e7\u00e3o da Santa S\u00e9.<\/p>\n<p class=\"text\">O pont\u00edfice recebeu dois brit\u00e2nicos, dois alem\u00e3es e dois irlandeses que sofreram abusos sexuais de religiosos.<\/p>\n<p class=\"text\">O encontro aconteceu na resid\u00eancia privada de Francisco no Vaticano, a Casa Santa Marta, onde ele mora desde sua elei\u00e7\u00e3o como pont\u00edfice em mar\u00e7o de 2013.<\/p>\n<p class=\"text\">A reuni\u00e3o foi anunciada pelo pr\u00f3prio Francisco no dia 26 de maio, durante o voo que o transportou para Roma ap\u00f3s uma viagem ao Oriente M\u00e9dio.<\/p>\n<blockquote>\n<p class=\"text\">As v\u00edtimas assistiram \u00e0 missa que o bispo de Roma preside na capela de sua resid\u00eancia e depois aconteceu o encontro privado.<\/p>\n<\/blockquote>\n<p class=\"text\">Os nomes das pessoas presentes n\u00e3o ser\u00e3o divulgados, segundo o Vaticano.<\/p>\n<p class=\"text\">Francisco se comprometeu desde o in\u00edcio a lutar contra a pedofilia e criou uma comiss\u00e3o para a prote\u00e7\u00e3o da inf\u00e2ncia, que tem entre seus integrantes uma v\u00edtima, a irlandesa Mary Collins.<\/p>\n<p class=\"text\">Apesar dos gestos, as associa\u00e7\u00f5es de v\u00edtimas consideram que a Igreja n\u00e3o est\u00e1 fazendo todo o poss\u00edvel para impedir que padres abusem sexualmente de menores de idade em todo o mundo.<\/p>\n<blockquote>\n<p class=\"text\">Um grupo de ativistas mexicanos enviou na quinta-feira uma carta ao papa Francisco na qual pede &#8220;decis\u00f5es estruturais&#8221; para acabar com os &#8220;padres abusadores&#8221;.<\/p>\n<\/blockquote>\n<p class=\"text\">As v\u00edtimas pedem que as boas inten\u00e7\u00f5es manifestadas pelo papa virem normas espec\u00edficas, explicou Jos\u00e9 Barba, ex-membro dos Legion\u00e1rios de Cristo, de 75 anos.<\/p>\n<p class=\"text\">Barba foi v\u00edtima de Marcial Maciel, o falecido fundador da poderosa congrega\u00e7\u00e3o, protagonista do maior esc\u00e2ndalo de pedofilia da institui\u00e7\u00e3o, que recebeu durante d\u00e9cadas a prote\u00e7\u00e3o de Jo\u00e3o Paulo II.<\/p>\n","protected":false},"excerpt":{"rendered":"<p>O papa Francisco recebeu pela primeira vez no Vaticano seis v\u00edtimas de padres ped\u00f3filos, anunciou nesta segunda-feira a assessoria de comunica\u00e7\u00e3o da Santa S\u00e9. O pont\u00edfice recebeu dois brit\u00e2nicos, dois alem\u00e3es e dois irlandeses que sofreram abusos sexuais de religiosos. O encontro aconteceu na resid\u00eancia privada de Francisco no Vaticano, a Casa Santa Marta, onde [&hellip;]<\/p>\n","protected":false},"author":2,"featured_media":15502,"comment_status":"open","ping_status":"closed","sticky":false,"template":"","format":"standard","meta":{"_acf_changed":false,"footnotes":""},"categories":[17],"tags":[],"class_list":["post-15501","post","type-post","status-publish","format-standard","has-post-thumbnail","hentry","category-mundo"],"acf":[],"_links":{"self":[{"href":"https:\/\/www.notibras.com\/site\/wp-json\/wp\/v2\/posts\/15501","targetHints":{"allow":["GET"]}}],"collection":[{"href":"https:\/\/www.notibras.com\/site\/wp-json\/wp\/v2\/posts"}],"about":[{"href":"https:\/\/www.notibras.com\/site\/wp-json\/wp\/v2\/types\/post"}],"author":[{"embeddable":true,"href":"https:\/\/www.notibras.com\/site\/wp-json\/wp\/v2\/users\/2"}],"replies":[{"embeddable":true,"href":"https:\/\/www.notibras.com\/site\/wp-json\/wp\/v2\/comments?post=15501"}],"version-history":[{"count":0,"href":"https:\/\/www.notibras.com\/site\/wp-json\/wp\/v2\/posts\/15501\/revisions"}],"wp:featuredmedia":[{"embeddable":true,"href":"https:\/\/www.notibras.com\/site\/wp-json\/wp\/v2\/media\/15502"}],"wp:attachment":[{"href":"https:\/\/www.notibras.com\/site\/wp-json\/wp\/v2\/media?parent=15501"}],"wp:term":[{"taxonomy":"category","embeddable":true,"href":"https:\/\/www.notibras.com\/site\/wp-json\/wp\/v2\/categories?post=15501"},{"taxonomy":"post_tag","embeddable":true,"href":"https:\/\/www.notibras.com\/site\/wp-json\/wp\/v2\/tags?post=15501"}],"curies":[{"name":"wp","href":"https:\/\/api.w.org\/{rel}","templated":true}]}}