{"id":15551,"date":"2014-07-07T22:35:34","date_gmt":"2014-07-08T01:35:34","guid":{"rendered":"http:\/\/www.notibras.com\/site\/?p=15551"},"modified":"2014-07-07T22:35:34","modified_gmt":"2014-07-08T01:35:34","slug":"avanco-dos-jihadistas-e-a-ameaca-de-ampliar-o-pantano-iraquiano","status":"publish","type":"post","link":"https:\/\/www.notibras.com\/site\/avanco-dos-jihadistas-e-a-ameaca-de-ampliar-o-pantano-iraquiano\/","title":{"rendered":"Avan\u00e7o dos jihadistas e a amea\u00e7a de ampliar o p\u00e2ntano iraquiano"},"content":{"rendered":"<p>Diante do avan\u00e7o do grupo jihadista EIIL (Estado Isl\u00e2mico do Iraque e do Levante), a Ar\u00e1bia Saudita enviou 30 mil soldados para a fronteira com o Iraque, depois de os soldados iraquianos se retirarem da fronteira com esse pa\u00eds e tamb\u00e9m com a S\u00edria. A emissora Al Arabiya informou que obteve um v\u00eddeo em que aparece um oficial dizendo que 2.500 soldados iraquianos se retiraram da fronteira. Bagd\u00e1, entretanto, negou a informa\u00e7\u00e3o.<\/p>\n<p>No mesmo sentido que a Al Arabiya, a emissora Al Hadath difundiu uma grava\u00e7\u00e3o que mostra supostamente soldados iraquianos se afastando de suas posi\u00e7\u00f5es. \u201cRecebemos ordens de nos retirar da fronteira e deixar as nossas armas l\u00e1\u201d, disse um homem em uniforme militar nas imagens. \u201cN\u00e3o sabemos por qu\u00ea\u201d, acrescentou, contando que outro oficial n\u00e3o queria se retirar, mas foi obrigado a cumprir ordens. \u201cHouve soldados que morreram de sede e de fome durante a retirada\u201d, segundo a mesma fonte.<\/p>\n<blockquote><p>O ex\u00e9rcito iraquiano d\u00e1 a impress\u00e3o de estar se desmembrando depois da retirada de grande parte do norte do pa\u00eds, quando a cidade de Mosul caiu nas m\u00e3os do grupo jihadista. A breve contraofensiva para reconquistar Tikrit, ao norte da capital, em 1\u00ba de julho \u2013 dia da sess\u00e3o inaugural do Parlamento \u2013 parece ter fracassado.<\/p><\/blockquote>\n<p>Tikrit, cidade natal de Saddam Hussein, n\u00e3o tem nem \u00e1gua nem luz e foi abandonada por grande parte de seus moradores. O EIIL mant\u00e9m um firme controle das \u00e1reas que conquistou no Iraque e na S\u00edria, e declarou que fazem parte do califado chamado Estado Isl\u00e2mico. Depois de dois dias de negocia\u00e7\u00f5es em Mosul, comunicou aos militantes sunitas aliados que ajudaram o EIIL a vencer o ex\u00e9rcito que devem responder ao califado e entregar suas armas.<\/p>\n<p>Consequentemente, \u00e9 menos prov\u00e1vel que militantes sunitas e tribais que n\u00e3o fazem parte do EILL rompam com o grupo jihadista ou se oponham a ele, como aconteceu em 2006-2007, quando os Estados Unidos apoiaram o movimento Sahwah, dividindo a insurg\u00eancia sunita.<\/p>\n<p>O Iraque tamb\u00e9m passa por uma crise pol\u00edtica, em sua fracassada tentativa de formar um governo ap\u00f3s as elei\u00e7\u00f5es legislativas de 30 de abril. O primeiro-ministro Muri al Maliki se apresentou diante do eleitorado xiita como o homem de pulso firme, capaz de enfrentar o levante sunita. Desacreditado pela fraqueza que o Ex\u00e9rcito e diante da perda de controle de grande parte do norte do pa\u00eds e a oeste de Bagd\u00e1, Miliki tenta se equilibrar no poder. Mas ele \u00e9 apoiado pelas profundas divis\u00f5es que existem entre comunidades xiitas, sunitas e curdas que n\u00e3o foram capazes de eleger seus candidatos. O l\u00edder do Parlamento normalmente \u00e9 um sunita, o presidente, um curdo, e o primeiro-ministro, um xiita, mas os parlamentares dizem que a decis\u00e3o ser\u00e1 revelada em tr\u00eas ou quatro semanas.<\/p>\n<p>Depois da elei\u00e7\u00e3o de 2010, foram necess\u00e1rios dez dias para compor um novo governo. Isto aconteceu quando Massoud Barzani, presidente da regi\u00e3o aut\u00f4noma do Curdist\u00e3o, no norte, est\u00e1 impulsionando um referendo sobre sua independ\u00eancia. Os di\u00e1logos para formar um governo de unidade continuam dentro da Zona Verde, fortemente custodiada, mas poderiam ser interrompidos se os insurgentes come\u00e7assem a atacar na capital.<\/p>\n<p><strong>Khaled Massuh<\/strong><\/p>\n","protected":false},"excerpt":{"rendered":"<p>Diante do avan\u00e7o do grupo jihadista EIIL (Estado Isl\u00e2mico do Iraque e do Levante), a Ar\u00e1bia Saudita enviou 30 mil soldados para a fronteira com o Iraque, depois de os soldados iraquianos se retirarem da fronteira com esse pa\u00eds e tamb\u00e9m com a S\u00edria. A emissora Al Arabiya informou que obteve um v\u00eddeo em que [&hellip;]<\/p>\n","protected":false},"author":2,"featured_media":15552,"comment_status":"open","ping_status":"closed","sticky":false,"template":"","format":"standard","meta":{"_acf_changed":false,"footnotes":""},"categories":[25],"tags":[],"class_list":["post-15551","post","type-post","status-publish","format-standard","has-post-thumbnail","hentry","category-opina-ai"],"acf":[],"yoast_head":"<!-- This site is optimized with the Yoast SEO plugin v27.5 - https:\/\/yoast.com\/product\/yoast-seo-wordpress\/ -->\n<title>Avan\u00e7o dos jihadistas e a amea\u00e7a de ampliar o p\u00e2ntano iraquiano - Notibras<\/title>\n<meta name=\"robots\" content=\"index, follow, max-snippet:-1, max-image-preview:large, max-video-preview:-1\" \/>\n<link rel=\"canonical\" href=\"https:\/\/www.notibras.com\/site\/avanco-dos-jihadistas-e-a-ameaca-de-ampliar-o-pantano-iraquiano\/\" \/>\n<meta property=\"og:locale\" content=\"pt_BR\" \/>\n<meta property=\"og:type\" content=\"article\" \/>\n<meta property=\"og:title\" content=\"Avan\u00e7o dos jihadistas e a amea\u00e7a de ampliar o p\u00e2ntano iraquiano - Notibras\" \/>\n<meta property=\"og:description\" content=\"Diante do avan\u00e7o do grupo jihadista EIIL (Estado Isl\u00e2mico do Iraque e do Levante), a Ar\u00e1bia Saudita enviou 30 mil soldados para a fronteira com o Iraque, depois de os soldados iraquianos se retirarem da fronteira com esse pa\u00eds e tamb\u00e9m com a S\u00edria. A emissora Al Arabiya informou que obteve um v\u00eddeo em que [&hellip;]\" \/>\n<meta property=\"og:url\" content=\"https:\/\/www.notibras.com\/site\/avanco-dos-jihadistas-e-a-ameaca-de-ampliar-o-pantano-iraquiano\/\" \/>\n<meta property=\"og:site_name\" content=\"Notibras\" \/>\n<meta property=\"article:publisher\" content=\"https:\/\/www.facebook.com\/notibras\/\" \/>\n<meta property=\"article:published_time\" content=\"2014-07-08T01:35:34+00:00\" \/>\n<meta property=\"og:image\" content=\"https:\/\/www.notibras.com\/site\/wp-content\/uploads\/2014\/07\/jiha.jpg\" \/>\n\t<meta property=\"og:image:width\" content=\"800\" \/>\n\t<meta property=\"og:image:height\" content=\"532\" \/>\n\t<meta property=\"og:image:type\" content=\"image\/jpeg\" \/>\n<meta name=\"author\" content=\"Reda\u00e7\u00e3o\" \/>\n<meta name=\"twitter:card\" content=\"summary_large_image\" \/>\n<meta name=\"twitter:creator\" content=\"@Notibras\" \/>\n<meta name=\"twitter:site\" content=\"@Notibras\" \/>\n<meta name=\"twitter:label1\" content=\"Escrito por\" \/>\n\t<meta name=\"twitter:data1\" content=\"Reda\u00e7\u00e3o\" \/>\n\t<meta name=\"twitter:label2\" content=\"Est. tempo de leitura\" \/>\n\t<meta name=\"twitter:data2\" content=\"3 minutos\" \/>\n<script type=\"application\/ld+json\" class=\"yoast-schema-graph\">{\"@context\":\"https:\\\/\\\/schema.org\",\"@graph\":[{\"@type\":\"Article\",\"@id\":\"https:\\\/\\\/www.notibras.com\\\/site\\\/avanco-dos-jihadistas-e-a-ameaca-de-ampliar-o-pantano-iraquiano\\\/#article\",\"isPartOf\":{\"@id\":\"https:\\\/\\\/www.notibras.com\\\/site\\\/avanco-dos-jihadistas-e-a-ameaca-de-ampliar-o-pantano-iraquiano\\\/\"},\"author\":{\"name\":\"Reda\u00e7\u00e3o\",\"@id\":\"https:\\\/\\\/www.notibras.com\\\/site\\\/#\\\/schema\\\/person\\\/36ab0979449956132d3e5b517ea76ac8\"},\"headline\":\"Avan\u00e7o dos jihadistas e a amea\u00e7a de ampliar o p\u00e2ntano iraquiano\",\"datePublished\":\"2014-07-08T01:35:34+00:00\",\"mainEntityOfPage\":{\"@id\":\"https:\\\/\\\/www.notibras.com\\\/site\\\/avanco-dos-jihadistas-e-a-ameaca-de-ampliar-o-pantano-iraquiano\\\/\"},\"wordCount\":568,\"commentCount\":0,\"publisher\":{\"@id\":\"https:\\\/\\\/www.notibras.com\\\/site\\\/#organization\"},\"image\":{\"@id\":\"https:\\\/\\\/www.notibras.com\\\/site\\\/avanco-dos-jihadistas-e-a-ameaca-de-ampliar-o-pantano-iraquiano\\\/#primaryimage\"},\"thumbnailUrl\":\"https:\\\/\\\/www.notibras.com\\\/site\\\/wp-content\\\/uploads\\\/2014\\\/07\\\/jiha.jpg\",\"articleSection\":[\"Opina a\u00ed\"],\"inLanguage\":\"pt-BR\",\"potentialAction\":[{\"@type\":\"CommentAction\",\"name\":\"Comment\",\"target\":[\"https:\\\/\\\/www.notibras.com\\\/site\\\/avanco-dos-jihadistas-e-a-ameaca-de-ampliar-o-pantano-iraquiano\\\/#respond\"]}]},{\"@type\":\"WebPage\",\"@id\":\"https:\\\/\\\/www.notibras.com\\\/site\\\/avanco-dos-jihadistas-e-a-ameaca-de-ampliar-o-pantano-iraquiano\\\/\",\"url\":\"https:\\\/\\\/www.notibras.com\\\/site\\\/avanco-dos-jihadistas-e-a-ameaca-de-ampliar-o-pantano-iraquiano\\\/\",\"name\":\"Avan\u00e7o dos jihadistas e a amea\u00e7a de ampliar o p\u00e2ntano iraquiano - Notibras\",\"isPartOf\":{\"@id\":\"https:\\\/\\\/www.notibras.com\\\/site\\\/#website\"},\"primaryImageOfPage\":{\"@id\":\"https:\\\/\\\/www.notibras.com\\\/site\\\/avanco-dos-jihadistas-e-a-ameaca-de-ampliar-o-pantano-iraquiano\\\/#primaryimage\"},\"image\":{\"@id\":\"https:\\\/\\\/www.notibras.com\\\/site\\\/avanco-dos-jihadistas-e-a-ameaca-de-ampliar-o-pantano-iraquiano\\\/#primaryimage\"},\"thumbnailUrl\":\"https:\\\/\\\/www.notibras.com\\\/site\\\/wp-content\\\/uploads\\\/2014\\\/07\\\/jiha.jpg\",\"datePublished\":\"2014-07-08T01:35:34+00:00\",\"breadcrumb\":{\"@id\":\"https:\\\/\\\/www.notibras.com\\\/site\\\/avanco-dos-jihadistas-e-a-ameaca-de-ampliar-o-pantano-iraquiano\\\/#breadcrumb\"},\"inLanguage\":\"pt-BR\",\"potentialAction\":[{\"@type\":\"ReadAction\",\"target\":[\"https:\\\/\\\/www.notibras.com\\\/site\\\/avanco-dos-jihadistas-e-a-ameaca-de-ampliar-o-pantano-iraquiano\\\/\"]}]},{\"@type\":\"ImageObject\",\"inLanguage\":\"pt-BR\",\"@id\":\"https:\\\/\\\/www.notibras.com\\\/site\\\/avanco-dos-jihadistas-e-a-ameaca-de-ampliar-o-pantano-iraquiano\\\/#primaryimage\",\"url\":\"https:\\\/\\\/www.notibras.com\\\/site\\\/wp-content\\\/uploads\\\/2014\\\/07\\\/jiha.jpg\",\"contentUrl\":\"https:\\\/\\\/www.notibras.com\\\/site\\\/wp-content\\\/uploads\\\/2014\\\/07\\\/jiha.jpg\",\"width\":800,\"height\":532},{\"@type\":\"BreadcrumbList\",\"@id\":\"https:\\\/\\\/www.notibras.com\\\/site\\\/avanco-dos-jihadistas-e-a-ameaca-de-ampliar-o-pantano-iraquiano\\\/#breadcrumb\",\"itemListElement\":[{\"@type\":\"ListItem\",\"position\":1,\"name\":\"In\u00edcio\",\"item\":\"https:\\\/\\\/www.notibras.com\\\/site\\\/\"},{\"@type\":\"ListItem\",\"position\":2,\"name\":\"Avan\u00e7o dos jihadistas e a amea\u00e7a de ampliar o p\u00e2ntano iraquiano\"}]},{\"@type\":\"WebSite\",\"@id\":\"https:\\\/\\\/www.notibras.com\\\/site\\\/#website\",\"url\":\"https:\\\/\\\/www.notibras.com\\\/site\\\/\",\"name\":\"Notibras\",\"description\":\"Not\u00edcias de Bras\u00edlia, do Brasil e do Mundo\",\"publisher\":{\"@id\":\"https:\\\/\\\/www.notibras.com\\\/site\\\/#organization\"},\"potentialAction\":[{\"@type\":\"SearchAction\",\"target\":{\"@type\":\"EntryPoint\",\"urlTemplate\":\"https:\\\/\\\/www.notibras.com\\\/site\\\/?s={search_term_string}\"},\"query-input\":{\"@type\":\"PropertyValueSpecification\",\"valueRequired\":true,\"valueName\":\"search_term_string\"}}],\"inLanguage\":\"pt-BR\"},{\"@type\":\"Organization\",\"@id\":\"https:\\\/\\\/www.notibras.com\\\/site\\\/#organization\",\"name\":\"Grupo Notibras de Comunica\u00e7\u00e3o\",\"url\":\"https:\\\/\\\/www.notibras.com\\\/site\\\/\",\"logo\":{\"@type\":\"ImageObject\",\"inLanguage\":\"pt-BR\",\"@id\":\"https:\\\/\\\/www.notibras.com\\\/site\\\/#\\\/schema\\\/logo\\\/image\\\/\",\"url\":\"https:\\\/\\\/www.notibras.com\\\/site\\\/wp-content\\\/uploads\\\/2023\\\/01\\\/notibras23.png\",\"contentUrl\":\"https:\\\/\\\/www.notibras.com\\\/site\\\/wp-content\\\/uploads\\\/2023\\\/01\\\/notibras23.png\",\"width\":350,\"height\":87,\"caption\":\"Grupo Notibras de Comunica\u00e7\u00e3o\"},\"image\":{\"@id\":\"https:\\\/\\\/www.notibras.com\\\/site\\\/#\\\/schema\\\/logo\\\/image\\\/\"},\"sameAs\":[\"https:\\\/\\\/www.facebook.com\\\/notibras\\\/\",\"https:\\\/\\\/x.com\\\/Notibras\",\"https:\\\/\\\/www.instagram.com\\\/notibras\\\/\"]},{\"@type\":\"Person\",\"@id\":\"https:\\\/\\\/www.notibras.com\\\/site\\\/#\\\/schema\\\/person\\\/36ab0979449956132d3e5b517ea76ac8\",\"name\":\"Reda\u00e7\u00e3o\",\"image\":{\"@type\":\"ImageObject\",\"inLanguage\":\"pt-BR\",\"@id\":\"https:\\\/\\\/secure.gravatar.com\\\/avatar\\\/e0a867bdedb85fd243eadf09663511f96fc81e0720a4a42581f334ad4303aa6b?s=96&d=mm&r=g\",\"url\":\"https:\\\/\\\/secure.gravatar.com\\\/avatar\\\/e0a867bdedb85fd243eadf09663511f96fc81e0720a4a42581f334ad4303aa6b?s=96&d=mm&r=g\",\"contentUrl\":\"https:\\\/\\\/secure.gravatar.com\\\/avatar\\\/e0a867bdedb85fd243eadf09663511f96fc81e0720a4a42581f334ad4303aa6b?s=96&d=mm&r=g\",\"caption\":\"Reda\u00e7\u00e3o\"}}]}<\/script>\n<!-- \/ Yoast SEO plugin. -->","yoast_head_json":{"title":"Avan\u00e7o dos jihadistas e a amea\u00e7a de ampliar o p\u00e2ntano iraquiano - Notibras","robots":{"index":"index","follow":"follow","max-snippet":"max-snippet:-1","max-image-preview":"max-image-preview:large","max-video-preview":"max-video-preview:-1"},"canonical":"https:\/\/www.notibras.com\/site\/avanco-dos-jihadistas-e-a-ameaca-de-ampliar-o-pantano-iraquiano\/","og_locale":"pt_BR","og_type":"article","og_title":"Avan\u00e7o dos jihadistas e a amea\u00e7a de ampliar o p\u00e2ntano iraquiano - Notibras","og_description":"Diante do avan\u00e7o do grupo jihadista EIIL (Estado Isl\u00e2mico do Iraque e do Levante), a Ar\u00e1bia Saudita enviou 30 mil soldados para a fronteira com o Iraque, depois de os soldados iraquianos se retirarem da fronteira com esse pa\u00eds e tamb\u00e9m com a S\u00edria. A emissora Al Arabiya informou que obteve um v\u00eddeo em que [&hellip;]","og_url":"https:\/\/www.notibras.com\/site\/avanco-dos-jihadistas-e-a-ameaca-de-ampliar-o-pantano-iraquiano\/","og_site_name":"Notibras","article_publisher":"https:\/\/www.facebook.com\/notibras\/","article_published_time":"2014-07-08T01:35:34+00:00","og_image":[{"width":800,"height":532,"url":"https:\/\/www.notibras.com\/site\/wp-content\/uploads\/2014\/07\/jiha.jpg","type":"image\/jpeg"}],"author":"Reda\u00e7\u00e3o","twitter_card":"summary_large_image","twitter_creator":"@Notibras","twitter_site":"@Notibras","twitter_misc":{"Escrito por":"Reda\u00e7\u00e3o","Est. tempo de leitura":"3 minutos"},"schema":{"@context":"https:\/\/schema.org","@graph":[{"@type":"Article","@id":"https:\/\/www.notibras.com\/site\/avanco-dos-jihadistas-e-a-ameaca-de-ampliar-o-pantano-iraquiano\/#article","isPartOf":{"@id":"https:\/\/www.notibras.com\/site\/avanco-dos-jihadistas-e-a-ameaca-de-ampliar-o-pantano-iraquiano\/"},"author":{"name":"Reda\u00e7\u00e3o","@id":"https:\/\/www.notibras.com\/site\/#\/schema\/person\/36ab0979449956132d3e5b517ea76ac8"},"headline":"Avan\u00e7o dos jihadistas e a amea\u00e7a de ampliar o p\u00e2ntano iraquiano","datePublished":"2014-07-08T01:35:34+00:00","mainEntityOfPage":{"@id":"https:\/\/www.notibras.com\/site\/avanco-dos-jihadistas-e-a-ameaca-de-ampliar-o-pantano-iraquiano\/"},"wordCount":568,"commentCount":0,"publisher":{"@id":"https:\/\/www.notibras.com\/site\/#organization"},"image":{"@id":"https:\/\/www.notibras.com\/site\/avanco-dos-jihadistas-e-a-ameaca-de-ampliar-o-pantano-iraquiano\/#primaryimage"},"thumbnailUrl":"https:\/\/www.notibras.com\/site\/wp-content\/uploads\/2014\/07\/jiha.jpg","articleSection":["Opina a\u00ed"],"inLanguage":"pt-BR","potentialAction":[{"@type":"CommentAction","name":"Comment","target":["https:\/\/www.notibras.com\/site\/avanco-dos-jihadistas-e-a-ameaca-de-ampliar-o-pantano-iraquiano\/#respond"]}]},{"@type":"WebPage","@id":"https:\/\/www.notibras.com\/site\/avanco-dos-jihadistas-e-a-ameaca-de-ampliar-o-pantano-iraquiano\/","url":"https:\/\/www.notibras.com\/site\/avanco-dos-jihadistas-e-a-ameaca-de-ampliar-o-pantano-iraquiano\/","name":"Avan\u00e7o dos jihadistas e a amea\u00e7a de ampliar o p\u00e2ntano iraquiano - Notibras","isPartOf":{"@id":"https:\/\/www.notibras.com\/site\/#website"},"primaryImageOfPage":{"@id":"https:\/\/www.notibras.com\/site\/avanco-dos-jihadistas-e-a-ameaca-de-ampliar-o-pantano-iraquiano\/#primaryimage"},"image":{"@id":"https:\/\/www.notibras.com\/site\/avanco-dos-jihadistas-e-a-ameaca-de-ampliar-o-pantano-iraquiano\/#primaryimage"},"thumbnailUrl":"https:\/\/www.notibras.com\/site\/wp-content\/uploads\/2014\/07\/jiha.jpg","datePublished":"2014-07-08T01:35:34+00:00","breadcrumb":{"@id":"https:\/\/www.notibras.com\/site\/avanco-dos-jihadistas-e-a-ameaca-de-ampliar-o-pantano-iraquiano\/#breadcrumb"},"inLanguage":"pt-BR","potentialAction":[{"@type":"ReadAction","target":["https:\/\/www.notibras.com\/site\/avanco-dos-jihadistas-e-a-ameaca-de-ampliar-o-pantano-iraquiano\/"]}]},{"@type":"ImageObject","inLanguage":"pt-BR","@id":"https:\/\/www.notibras.com\/site\/avanco-dos-jihadistas-e-a-ameaca-de-ampliar-o-pantano-iraquiano\/#primaryimage","url":"https:\/\/www.notibras.com\/site\/wp-content\/uploads\/2014\/07\/jiha.jpg","contentUrl":"https:\/\/www.notibras.com\/site\/wp-content\/uploads\/2014\/07\/jiha.jpg","width":800,"height":532},{"@type":"BreadcrumbList","@id":"https:\/\/www.notibras.com\/site\/avanco-dos-jihadistas-e-a-ameaca-de-ampliar-o-pantano-iraquiano\/#breadcrumb","itemListElement":[{"@type":"ListItem","position":1,"name":"In\u00edcio","item":"https:\/\/www.notibras.com\/site\/"},{"@type":"ListItem","position":2,"name":"Avan\u00e7o dos jihadistas e a amea\u00e7a de ampliar o p\u00e2ntano iraquiano"}]},{"@type":"WebSite","@id":"https:\/\/www.notibras.com\/site\/#website","url":"https:\/\/www.notibras.com\/site\/","name":"Notibras","description":"Not\u00edcias de Bras\u00edlia, do Brasil e do Mundo","publisher":{"@id":"https:\/\/www.notibras.com\/site\/#organization"},"potentialAction":[{"@type":"SearchAction","target":{"@type":"EntryPoint","urlTemplate":"https:\/\/www.notibras.com\/site\/?s={search_term_string}"},"query-input":{"@type":"PropertyValueSpecification","valueRequired":true,"valueName":"search_term_string"}}],"inLanguage":"pt-BR"},{"@type":"Organization","@id":"https:\/\/www.notibras.com\/site\/#organization","name":"Grupo Notibras de Comunica\u00e7\u00e3o","url":"https:\/\/www.notibras.com\/site\/","logo":{"@type":"ImageObject","inLanguage":"pt-BR","@id":"https:\/\/www.notibras.com\/site\/#\/schema\/logo\/image\/","url":"https:\/\/www.notibras.com\/site\/wp-content\/uploads\/2023\/01\/notibras23.png","contentUrl":"https:\/\/www.notibras.com\/site\/wp-content\/uploads\/2023\/01\/notibras23.png","width":350,"height":87,"caption":"Grupo Notibras de Comunica\u00e7\u00e3o"},"image":{"@id":"https:\/\/www.notibras.com\/site\/#\/schema\/logo\/image\/"},"sameAs":["https:\/\/www.facebook.com\/notibras\/","https:\/\/x.com\/Notibras","https:\/\/www.instagram.com\/notibras\/"]},{"@type":"Person","@id":"https:\/\/www.notibras.com\/site\/#\/schema\/person\/36ab0979449956132d3e5b517ea76ac8","name":"Reda\u00e7\u00e3o","image":{"@type":"ImageObject","inLanguage":"pt-BR","@id":"https:\/\/secure.gravatar.com\/avatar\/e0a867bdedb85fd243eadf09663511f96fc81e0720a4a42581f334ad4303aa6b?s=96&d=mm&r=g","url":"https:\/\/secure.gravatar.com\/avatar\/e0a867bdedb85fd243eadf09663511f96fc81e0720a4a42581f334ad4303aa6b?s=96&d=mm&r=g","contentUrl":"https:\/\/secure.gravatar.com\/avatar\/e0a867bdedb85fd243eadf09663511f96fc81e0720a4a42581f334ad4303aa6b?s=96&d=mm&r=g","caption":"Reda\u00e7\u00e3o"}}]}},"amp_enabled":true,"_links":{"self":[{"href":"https:\/\/www.notibras.com\/site\/wp-json\/wp\/v2\/posts\/15551","targetHints":{"allow":["GET"]}}],"collection":[{"href":"https:\/\/www.notibras.com\/site\/wp-json\/wp\/v2\/posts"}],"about":[{"href":"https:\/\/www.notibras.com\/site\/wp-json\/wp\/v2\/types\/post"}],"author":[{"embeddable":true,"href":"https:\/\/www.notibras.com\/site\/wp-json\/wp\/v2\/users\/2"}],"replies":[{"embeddable":true,"href":"https:\/\/www.notibras.com\/site\/wp-json\/wp\/v2\/comments?post=15551"}],"version-history":[{"count":0,"href":"https:\/\/www.notibras.com\/site\/wp-json\/wp\/v2\/posts\/15551\/revisions"}],"wp:featuredmedia":[{"embeddable":true,"href":"https:\/\/www.notibras.com\/site\/wp-json\/wp\/v2\/media\/15552"}],"wp:attachment":[{"href":"https:\/\/www.notibras.com\/site\/wp-json\/wp\/v2\/media?parent=15551"}],"wp:term":[{"taxonomy":"category","embeddable":true,"href":"https:\/\/www.notibras.com\/site\/wp-json\/wp\/v2\/categories?post=15551"},{"taxonomy":"post_tag","embeddable":true,"href":"https:\/\/www.notibras.com\/site\/wp-json\/wp\/v2\/tags?post=15551"}],"curies":[{"name":"wp","href":"https:\/\/api.w.org\/{rel}","templated":true}]}}