{"id":15596,"date":"2014-07-08T05:43:46","date_gmt":"2014-07-08T08:43:46","guid":{"rendered":"http:\/\/www.notibras.com\/site\/?p=15596"},"modified":"2014-07-08T16:42:00","modified_gmt":"2014-07-08T19:42:00","slug":"seja-vivo-nao-precisa-de-oi-claro-so-tim-e-adeus-chatice-de-operadoras","status":"publish","type":"post","link":"https:\/\/www.notibras.com\/site\/seja-vivo-nao-precisa-de-oi-claro-so-tim-e-adeus-chatice-de-operadoras\/","title":{"rendered":"Seja vivo. N\u00e3o precisa de oi, claro; s\u00f3 tim. E adeus chatice"},"content":{"rendered":"<p>A partir desta ter\u00e7a 8, ser\u00e1 mais f\u00e1cil cancelar servi\u00e7os de telefonia fixa e m\u00f3vel, internet e TVs por assinatura. O cancelamento poder\u00e1 ser feito por telefone, terminais ou internet, sem necessidade de falar com atendentes. O bloqueio das contas ser\u00e1 autom\u00e1tico, com prazo m\u00e1ximo de dois dias para conclus\u00e3o, podendo ser feito por meio de liga\u00e7\u00e3o telef\u00f4nica, pela internet ou pelos terminais.<\/p>\n<p>Esses benef\u00edcios est\u00e3o previstos no Regulamento Geral de Direitos do Consumidor de Servi\u00e7os de Telecomunica\u00e7\u00f5es (RGC), que entra em vigor nesta ter\u00e7a-feira. Com o RGC, a Ag\u00eancia Nacional de Telecomunica\u00e7\u00f5es (Anatel) busca diminuir o n\u00famero de reclama\u00e7\u00f5es feitas por consumidores a sua central de atendimento.<\/p>\n<p>Al\u00e9m de ter a atribui\u00e7\u00e3o de cancelar as contas, caso seja a vontade dos clientes, as lojas associadas \u00e0s operadoras ter\u00e3o tamb\u00e9m de fazer registro de reclama\u00e7\u00f5es, bem como atender a clientes que buscam resolver problemas em suas contas. O retorno sobre reclama\u00e7\u00f5es relativas a cobran\u00e7as ter\u00e3o de ser feitos em, no m\u00e1ximo, 30 dias. Se a empresa n\u00e3o cumprir o prazo, ter\u00e1 de corrigir automaticamente o valor da fatura. Se ela j\u00e1 tiver sido paga, a operadora ter\u00e1 de devolver o valor em dobro.<\/p>\n<p>Outra vantagem, do ponto de vista do consumidor, \u00e9 que as empresas operadoras ter\u00e3o a obriga\u00e7\u00e3o de retornar as liga\u00e7\u00f5es, caso estas caiam. As novas regras fixam, ainda, validade m\u00ednima de 30 dias para os cr\u00e9ditos das contas pr\u00e9-pagas. Caber\u00e1 \u00e0s empresas informar aos clientes pr\u00e9-pagos a data de expira\u00e7\u00e3o dos cr\u00e9ditos e, aos p\u00f3s-pagos, que os limites de servi\u00e7os de mensagem (SMS) e internet m\u00f3vel est\u00e3o pr\u00f3ximos de atingir os limites previstos no plano contratado.<\/p>\n<blockquote><p>No caso dos p\u00f3s-pagos, as novas regras preveem, ainda, faturas mais detalhadas, de forma a dar mais clareza e transpar\u00eancia ao servi\u00e7o. O regulamento prev\u00ea que os pacotes de servi\u00e7os conjuntos (combos) estejam agrupados no mesmo contrato.<\/p><\/blockquote>\n<p>Ofertas e planos de vendas ter\u00e3o de ser disponibilizados nos <em>sites <\/em>das operadoras. Com isso, a Anatel tenta evitar que planos iguais sejam comercializados com valores diferenciados, prejudicando alguns clientes \u2013 pr\u00e1tica relatada em queixas reportadas \u00e0 Anatel. Al\u00e9m disso, os contratos com fideliza\u00e7\u00e3o ter\u00e3o validade m\u00e1xima de 12 meses<\/p>\n<p>A Oi informou j\u00e1 estar implementando as mudan\u00e7as exigidas pelo novo regulamento, apesar de considerar alguns prazos \u201cincompat\u00edveis com a complexidade das altera\u00e7\u00f5es necess\u00e1rias\u201d. A Telef\u00f4nica Vivo informa tamb\u00e9m confirma que est\u00e1 implantando e trabalhando para cumprir as obriga\u00e7\u00f5es do novo RGC, com cerca de 200 pessoas \u201cengajadas para adaptar os sistemas de atendimento ao cliente \u00e0s novas regras em um prazo extremamente curto\u201d.<\/p>\n<p>A Claro, igualmente, informou que est\u00e1 implementando as disposi\u00e7\u00f5es do RGC, para \u201ccumprir o grande volume de determina\u00e7\u00f5es previstas\u201d. J\u00e1 a TIM disse que \u201ctrabalha para se adequar\u201d ao regulamento nos prazos apresentados. Para a TIM, \u201cmudan\u00e7as que reforcem os direitos dos consumidores e contribuam para a melhoria da rela\u00e7\u00e3o entre clientes e empresas s\u00e3o sempre ben\u00e9ficas\u201d.<\/p>\n<p>A GVT informou que est\u00e1 \u201ctrabalhando intensamente&#8221; para cumprir, at\u00e9 amanh\u00e3 (8) as regras previstas. Segundo a empresa, devido ao grande n\u00famero de mudan\u00e7as exigidas e ao curto prazo concedido para sua implementa\u00e7\u00e3o, \u201cest\u00e3o sendo realizadas v\u00e1rias adequa\u00e7\u00f5es em todos os sistemas e rotinas de relacionamento com o cliente\u201d.<\/p>\n<p>O Sindicato Nacional das Empresas de Telefonia e de Servi\u00e7o M\u00f3vel Celular e Pessoal (SindiTelebrasil) informou que as operadoras est\u00e3o promovendo, desde mar\u00e7o, profundas altera\u00e7\u00f5es em seus sistemas operacionais e de atendimento ao cliente para colocar em pr\u00e1tica o novo regulamento. \u201cAs prestadoras reiteram seu cont\u00ednuo objetivo de melhor atender a seus clientes e refor\u00e7am a import\u00e2ncia de que as mudan\u00e7as de regras sempre sejam precedidas de estudos de impacto regulat\u00f3rio e econ\u00f4mico, garantindo o est\u00edmulo ao investimento que resulte em efetiva melhoria da qualidade e expans\u00e3o dos servi\u00e7os\u201d, diz a entidade.<\/p>\n<p><strong>Pedro Peduzzi, ABr<br \/>\n<\/strong><\/p>\n","protected":false},"excerpt":{"rendered":"<p>A partir desta ter\u00e7a 8, ser\u00e1 mais f\u00e1cil cancelar servi\u00e7os de telefonia fixa e m\u00f3vel, internet e TVs por assinatura. O cancelamento poder\u00e1 ser feito por telefone, terminais ou internet, sem necessidade de falar com atendentes. O bloqueio das contas ser\u00e1 autom\u00e1tico, com prazo m\u00e1ximo de dois dias para conclus\u00e3o, podendo ser feito por meio [&hellip;]<\/p>\n","protected":false},"author":2,"featured_media":15597,"comment_status":"open","ping_status":"closed","sticky":false,"template":"","format":"standard","meta":{"_acf_changed":false,"footnotes":""},"categories":[16],"tags":[],"class_list":["post-15596","post","type-post","status-publish","format-standard","has-post-thumbnail","hentry","category-brasil"],"acf":[],"yoast_head":"<!-- This site is optimized with the Yoast SEO plugin v27.2 - https:\/\/yoast.com\/product\/yoast-seo-wordpress\/ -->\n<title>Seja vivo. N\u00e3o precisa de oi, claro; s\u00f3 tim. E adeus chatice - Notibras<\/title>\n<meta name=\"robots\" content=\"index, follow, max-snippet:-1, max-image-preview:large, max-video-preview:-1\" \/>\n<link rel=\"canonical\" href=\"https:\/\/www.notibras.com\/site\/seja-vivo-nao-precisa-de-oi-claro-so-tim-e-adeus-chatice-de-operadoras\/\" \/>\n<meta property=\"og:locale\" content=\"pt_BR\" \/>\n<meta property=\"og:type\" content=\"article\" \/>\n<meta property=\"og:title\" content=\"Seja vivo. N\u00e3o precisa de oi, claro; s\u00f3 tim. E adeus chatice - Notibras\" \/>\n<meta property=\"og:description\" content=\"A partir desta ter\u00e7a 8, ser\u00e1 mais f\u00e1cil cancelar servi\u00e7os de telefonia fixa e m\u00f3vel, internet e TVs por assinatura. O cancelamento poder\u00e1 ser feito por telefone, terminais ou internet, sem necessidade de falar com atendentes. O bloqueio das contas ser\u00e1 autom\u00e1tico, com prazo m\u00e1ximo de dois dias para conclus\u00e3o, podendo ser feito por meio [&hellip;]\" \/>\n<meta property=\"og:url\" content=\"https:\/\/www.notibras.com\/site\/seja-vivo-nao-precisa-de-oi-claro-so-tim-e-adeus-chatice-de-operadoras\/\" \/>\n<meta property=\"og:site_name\" content=\"Notibras\" \/>\n<meta property=\"article:publisher\" content=\"https:\/\/www.facebook.com\/notibras\/\" \/>\n<meta property=\"article:published_time\" content=\"2014-07-08T08:43:46+00:00\" \/>\n<meta property=\"article:modified_time\" content=\"2014-07-08T19:42:00+00:00\" \/>\n<meta property=\"og:image\" content=\"https:\/\/www.notibras.com\/site\/wp-content\/uploads\/2014\/07\/teclando-celular.jpg\" \/>\n\t<meta property=\"og:image:width\" content=\"515\" \/>\n\t<meta property=\"og:image:height\" content=\"394\" \/>\n\t<meta property=\"og:image:type\" content=\"image\/jpeg\" \/>\n<meta name=\"author\" content=\"Reda\u00e7\u00e3o\" \/>\n<meta name=\"twitter:card\" content=\"summary_large_image\" \/>\n<meta name=\"twitter:creator\" content=\"@Notibras\" \/>\n<meta name=\"twitter:site\" content=\"@Notibras\" \/>\n<meta name=\"twitter:label1\" content=\"Escrito por\" \/>\n\t<meta name=\"twitter:data1\" content=\"Reda\u00e7\u00e3o\" \/>\n\t<meta name=\"twitter:label2\" content=\"Est. tempo de leitura\" \/>\n\t<meta name=\"twitter:data2\" content=\"3 minutos\" \/>\n<script type=\"application\/ld+json\" class=\"yoast-schema-graph\">{\"@context\":\"https:\/\/schema.org\",\"@graph\":[{\"@type\":\"Article\",\"@id\":\"https:\/\/www.notibras.com\/site\/seja-vivo-nao-precisa-de-oi-claro-so-tim-e-adeus-chatice-de-operadoras\/#article\",\"isPartOf\":{\"@id\":\"https:\/\/www.notibras.com\/site\/seja-vivo-nao-precisa-de-oi-claro-so-tim-e-adeus-chatice-de-operadoras\/\"},\"author\":{\"name\":\"Reda\u00e7\u00e3o\",\"@id\":\"https:\/\/www.notibras.com\/site\/#\/schema\/person\/36ab0979449956132d3e5b517ea76ac8\"},\"headline\":\"Seja vivo. N\u00e3o precisa de oi, claro; s\u00f3 tim. E adeus chatice\",\"datePublished\":\"2014-07-08T08:43:46+00:00\",\"dateModified\":\"2014-07-08T19:42:00+00:00\",\"mainEntityOfPage\":{\"@id\":\"https:\/\/www.notibras.com\/site\/seja-vivo-nao-precisa-de-oi-claro-so-tim-e-adeus-chatice-de-operadoras\/\"},\"wordCount\":711,\"commentCount\":0,\"publisher\":{\"@id\":\"https:\/\/www.notibras.com\/site\/#organization\"},\"image\":{\"@id\":\"https:\/\/www.notibras.com\/site\/seja-vivo-nao-precisa-de-oi-claro-so-tim-e-adeus-chatice-de-operadoras\/#primaryimage\"},\"thumbnailUrl\":\"https:\/\/www.notibras.com\/site\/wp-content\/uploads\/2014\/07\/teclando-celular.jpg\",\"articleSection\":[\"Brasil\"],\"inLanguage\":\"pt-BR\",\"potentialAction\":[{\"@type\":\"CommentAction\",\"name\":\"Comment\",\"target\":[\"https:\/\/www.notibras.com\/site\/seja-vivo-nao-precisa-de-oi-claro-so-tim-e-adeus-chatice-de-operadoras\/#respond\"]}]},{\"@type\":\"WebPage\",\"@id\":\"https:\/\/www.notibras.com\/site\/seja-vivo-nao-precisa-de-oi-claro-so-tim-e-adeus-chatice-de-operadoras\/\",\"url\":\"https:\/\/www.notibras.com\/site\/seja-vivo-nao-precisa-de-oi-claro-so-tim-e-adeus-chatice-de-operadoras\/\",\"name\":\"Seja vivo. N\u00e3o precisa de oi, claro; s\u00f3 tim. E adeus chatice - Notibras\",\"isPartOf\":{\"@id\":\"https:\/\/www.notibras.com\/site\/#website\"},\"primaryImageOfPage\":{\"@id\":\"https:\/\/www.notibras.com\/site\/seja-vivo-nao-precisa-de-oi-claro-so-tim-e-adeus-chatice-de-operadoras\/#primaryimage\"},\"image\":{\"@id\":\"https:\/\/www.notibras.com\/site\/seja-vivo-nao-precisa-de-oi-claro-so-tim-e-adeus-chatice-de-operadoras\/#primaryimage\"},\"thumbnailUrl\":\"https:\/\/www.notibras.com\/site\/wp-content\/uploads\/2014\/07\/teclando-celular.jpg\",\"datePublished\":\"2014-07-08T08:43:46+00:00\",\"dateModified\":\"2014-07-08T19:42:00+00:00\",\"breadcrumb\":{\"@id\":\"https:\/\/www.notibras.com\/site\/seja-vivo-nao-precisa-de-oi-claro-so-tim-e-adeus-chatice-de-operadoras\/#breadcrumb\"},\"inLanguage\":\"pt-BR\",\"potentialAction\":[{\"@type\":\"ReadAction\",\"target\":[\"https:\/\/www.notibras.com\/site\/seja-vivo-nao-precisa-de-oi-claro-so-tim-e-adeus-chatice-de-operadoras\/\"]}]},{\"@type\":\"ImageObject\",\"inLanguage\":\"pt-BR\",\"@id\":\"https:\/\/www.notibras.com\/site\/seja-vivo-nao-precisa-de-oi-claro-so-tim-e-adeus-chatice-de-operadoras\/#primaryimage\",\"url\":\"https:\/\/www.notibras.com\/site\/wp-content\/uploads\/2014\/07\/teclando-celular.jpg\",\"contentUrl\":\"https:\/\/www.notibras.com\/site\/wp-content\/uploads\/2014\/07\/teclando-celular.jpg\",\"width\":515,\"height\":394},{\"@type\":\"BreadcrumbList\",\"@id\":\"https:\/\/www.notibras.com\/site\/seja-vivo-nao-precisa-de-oi-claro-so-tim-e-adeus-chatice-de-operadoras\/#breadcrumb\",\"itemListElement\":[{\"@type\":\"ListItem\",\"position\":1,\"name\":\"In\u00edcio\",\"item\":\"https:\/\/www.notibras.com\/site\/\"},{\"@type\":\"ListItem\",\"position\":2,\"name\":\"Seja vivo. N\u00e3o precisa de oi, claro; s\u00f3 tim. E adeus chatice\"}]},{\"@type\":\"WebSite\",\"@id\":\"https:\/\/www.notibras.com\/site\/#website\",\"url\":\"https:\/\/www.notibras.com\/site\/\",\"name\":\"Notibras\",\"description\":\"Not\u00edcias de Bras\u00edlia, do Brasil e do Mundo\",\"publisher\":{\"@id\":\"https:\/\/www.notibras.com\/site\/#organization\"},\"potentialAction\":[{\"@type\":\"SearchAction\",\"target\":{\"@type\":\"EntryPoint\",\"urlTemplate\":\"https:\/\/www.notibras.com\/site\/?s={search_term_string}\"},\"query-input\":{\"@type\":\"PropertyValueSpecification\",\"valueRequired\":true,\"valueName\":\"search_term_string\"}}],\"inLanguage\":\"pt-BR\"},{\"@type\":\"Organization\",\"@id\":\"https:\/\/www.notibras.com\/site\/#organization\",\"name\":\"Grupo Notibras de Comunica\u00e7\u00e3o\",\"url\":\"https:\/\/www.notibras.com\/site\/\",\"logo\":{\"@type\":\"ImageObject\",\"inLanguage\":\"pt-BR\",\"@id\":\"https:\/\/www.notibras.com\/site\/#\/schema\/logo\/image\/\",\"url\":\"https:\/\/www.notibras.com\/site\/wp-content\/uploads\/2023\/01\/notibras23.png\",\"contentUrl\":\"https:\/\/www.notibras.com\/site\/wp-content\/uploads\/2023\/01\/notibras23.png\",\"width\":350,\"height\":87,\"caption\":\"Grupo Notibras de Comunica\u00e7\u00e3o\"},\"image\":{\"@id\":\"https:\/\/www.notibras.com\/site\/#\/schema\/logo\/image\/\"},\"sameAs\":[\"https:\/\/www.facebook.com\/notibras\/\",\"https:\/\/x.com\/Notibras\",\"https:\/\/www.instagram.com\/notibras\/\"]},{\"@type\":\"Person\",\"@id\":\"https:\/\/www.notibras.com\/site\/#\/schema\/person\/36ab0979449956132d3e5b517ea76ac8\",\"name\":\"Reda\u00e7\u00e3o\",\"image\":{\"@type\":\"ImageObject\",\"inLanguage\":\"pt-BR\",\"@id\":\"https:\/\/secure.gravatar.com\/avatar\/e0a867bdedb85fd243eadf09663511f96fc81e0720a4a42581f334ad4303aa6b?s=96&d=mm&r=g\",\"url\":\"https:\/\/secure.gravatar.com\/avatar\/e0a867bdedb85fd243eadf09663511f96fc81e0720a4a42581f334ad4303aa6b?s=96&d=mm&r=g\",\"contentUrl\":\"https:\/\/secure.gravatar.com\/avatar\/e0a867bdedb85fd243eadf09663511f96fc81e0720a4a42581f334ad4303aa6b?s=96&d=mm&r=g\",\"caption\":\"Reda\u00e7\u00e3o\"}}]}<\/script>\n<!-- \/ Yoast SEO plugin. -->","yoast_head_json":{"title":"Seja vivo. N\u00e3o precisa de oi, claro; s\u00f3 tim. E adeus chatice - Notibras","robots":{"index":"index","follow":"follow","max-snippet":"max-snippet:-1","max-image-preview":"max-image-preview:large","max-video-preview":"max-video-preview:-1"},"canonical":"https:\/\/www.notibras.com\/site\/seja-vivo-nao-precisa-de-oi-claro-so-tim-e-adeus-chatice-de-operadoras\/","og_locale":"pt_BR","og_type":"article","og_title":"Seja vivo. N\u00e3o precisa de oi, claro; s\u00f3 tim. E adeus chatice - Notibras","og_description":"A partir desta ter\u00e7a 8, ser\u00e1 mais f\u00e1cil cancelar servi\u00e7os de telefonia fixa e m\u00f3vel, internet e TVs por assinatura. O cancelamento poder\u00e1 ser feito por telefone, terminais ou internet, sem necessidade de falar com atendentes. O bloqueio das contas ser\u00e1 autom\u00e1tico, com prazo m\u00e1ximo de dois dias para conclus\u00e3o, podendo ser feito por meio [&hellip;]","og_url":"https:\/\/www.notibras.com\/site\/seja-vivo-nao-precisa-de-oi-claro-so-tim-e-adeus-chatice-de-operadoras\/","og_site_name":"Notibras","article_publisher":"https:\/\/www.facebook.com\/notibras\/","article_published_time":"2014-07-08T08:43:46+00:00","article_modified_time":"2014-07-08T19:42:00+00:00","og_image":[{"width":515,"height":394,"url":"https:\/\/www.notibras.com\/site\/wp-content\/uploads\/2014\/07\/teclando-celular.jpg","type":"image\/jpeg"}],"author":"Reda\u00e7\u00e3o","twitter_card":"summary_large_image","twitter_creator":"@Notibras","twitter_site":"@Notibras","twitter_misc":{"Escrito por":"Reda\u00e7\u00e3o","Est. tempo de leitura":"3 minutos"},"schema":{"@context":"https:\/\/schema.org","@graph":[{"@type":"Article","@id":"https:\/\/www.notibras.com\/site\/seja-vivo-nao-precisa-de-oi-claro-so-tim-e-adeus-chatice-de-operadoras\/#article","isPartOf":{"@id":"https:\/\/www.notibras.com\/site\/seja-vivo-nao-precisa-de-oi-claro-so-tim-e-adeus-chatice-de-operadoras\/"},"author":{"name":"Reda\u00e7\u00e3o","@id":"https:\/\/www.notibras.com\/site\/#\/schema\/person\/36ab0979449956132d3e5b517ea76ac8"},"headline":"Seja vivo. N\u00e3o precisa de oi, claro; s\u00f3 tim. E adeus chatice","datePublished":"2014-07-08T08:43:46+00:00","dateModified":"2014-07-08T19:42:00+00:00","mainEntityOfPage":{"@id":"https:\/\/www.notibras.com\/site\/seja-vivo-nao-precisa-de-oi-claro-so-tim-e-adeus-chatice-de-operadoras\/"},"wordCount":711,"commentCount":0,"publisher":{"@id":"https:\/\/www.notibras.com\/site\/#organization"},"image":{"@id":"https:\/\/www.notibras.com\/site\/seja-vivo-nao-precisa-de-oi-claro-so-tim-e-adeus-chatice-de-operadoras\/#primaryimage"},"thumbnailUrl":"https:\/\/www.notibras.com\/site\/wp-content\/uploads\/2014\/07\/teclando-celular.jpg","articleSection":["Brasil"],"inLanguage":"pt-BR","potentialAction":[{"@type":"CommentAction","name":"Comment","target":["https:\/\/www.notibras.com\/site\/seja-vivo-nao-precisa-de-oi-claro-so-tim-e-adeus-chatice-de-operadoras\/#respond"]}]},{"@type":"WebPage","@id":"https:\/\/www.notibras.com\/site\/seja-vivo-nao-precisa-de-oi-claro-so-tim-e-adeus-chatice-de-operadoras\/","url":"https:\/\/www.notibras.com\/site\/seja-vivo-nao-precisa-de-oi-claro-so-tim-e-adeus-chatice-de-operadoras\/","name":"Seja vivo. N\u00e3o precisa de oi, claro; s\u00f3 tim. E adeus chatice - Notibras","isPartOf":{"@id":"https:\/\/www.notibras.com\/site\/#website"},"primaryImageOfPage":{"@id":"https:\/\/www.notibras.com\/site\/seja-vivo-nao-precisa-de-oi-claro-so-tim-e-adeus-chatice-de-operadoras\/#primaryimage"},"image":{"@id":"https:\/\/www.notibras.com\/site\/seja-vivo-nao-precisa-de-oi-claro-so-tim-e-adeus-chatice-de-operadoras\/#primaryimage"},"thumbnailUrl":"https:\/\/www.notibras.com\/site\/wp-content\/uploads\/2014\/07\/teclando-celular.jpg","datePublished":"2014-07-08T08:43:46+00:00","dateModified":"2014-07-08T19:42:00+00:00","breadcrumb":{"@id":"https:\/\/www.notibras.com\/site\/seja-vivo-nao-precisa-de-oi-claro-so-tim-e-adeus-chatice-de-operadoras\/#breadcrumb"},"inLanguage":"pt-BR","potentialAction":[{"@type":"ReadAction","target":["https:\/\/www.notibras.com\/site\/seja-vivo-nao-precisa-de-oi-claro-so-tim-e-adeus-chatice-de-operadoras\/"]}]},{"@type":"ImageObject","inLanguage":"pt-BR","@id":"https:\/\/www.notibras.com\/site\/seja-vivo-nao-precisa-de-oi-claro-so-tim-e-adeus-chatice-de-operadoras\/#primaryimage","url":"https:\/\/www.notibras.com\/site\/wp-content\/uploads\/2014\/07\/teclando-celular.jpg","contentUrl":"https:\/\/www.notibras.com\/site\/wp-content\/uploads\/2014\/07\/teclando-celular.jpg","width":515,"height":394},{"@type":"BreadcrumbList","@id":"https:\/\/www.notibras.com\/site\/seja-vivo-nao-precisa-de-oi-claro-so-tim-e-adeus-chatice-de-operadoras\/#breadcrumb","itemListElement":[{"@type":"ListItem","position":1,"name":"In\u00edcio","item":"https:\/\/www.notibras.com\/site\/"},{"@type":"ListItem","position":2,"name":"Seja vivo. N\u00e3o precisa de oi, claro; s\u00f3 tim. E adeus chatice"}]},{"@type":"WebSite","@id":"https:\/\/www.notibras.com\/site\/#website","url":"https:\/\/www.notibras.com\/site\/","name":"Notibras","description":"Not\u00edcias de Bras\u00edlia, do Brasil e do Mundo","publisher":{"@id":"https:\/\/www.notibras.com\/site\/#organization"},"potentialAction":[{"@type":"SearchAction","target":{"@type":"EntryPoint","urlTemplate":"https:\/\/www.notibras.com\/site\/?s={search_term_string}"},"query-input":{"@type":"PropertyValueSpecification","valueRequired":true,"valueName":"search_term_string"}}],"inLanguage":"pt-BR"},{"@type":"Organization","@id":"https:\/\/www.notibras.com\/site\/#organization","name":"Grupo Notibras de Comunica\u00e7\u00e3o","url":"https:\/\/www.notibras.com\/site\/","logo":{"@type":"ImageObject","inLanguage":"pt-BR","@id":"https:\/\/www.notibras.com\/site\/#\/schema\/logo\/image\/","url":"https:\/\/www.notibras.com\/site\/wp-content\/uploads\/2023\/01\/notibras23.png","contentUrl":"https:\/\/www.notibras.com\/site\/wp-content\/uploads\/2023\/01\/notibras23.png","width":350,"height":87,"caption":"Grupo Notibras de Comunica\u00e7\u00e3o"},"image":{"@id":"https:\/\/www.notibras.com\/site\/#\/schema\/logo\/image\/"},"sameAs":["https:\/\/www.facebook.com\/notibras\/","https:\/\/x.com\/Notibras","https:\/\/www.instagram.com\/notibras\/"]},{"@type":"Person","@id":"https:\/\/www.notibras.com\/site\/#\/schema\/person\/36ab0979449956132d3e5b517ea76ac8","name":"Reda\u00e7\u00e3o","image":{"@type":"ImageObject","inLanguage":"pt-BR","@id":"https:\/\/secure.gravatar.com\/avatar\/e0a867bdedb85fd243eadf09663511f96fc81e0720a4a42581f334ad4303aa6b?s=96&d=mm&r=g","url":"https:\/\/secure.gravatar.com\/avatar\/e0a867bdedb85fd243eadf09663511f96fc81e0720a4a42581f334ad4303aa6b?s=96&d=mm&r=g","contentUrl":"https:\/\/secure.gravatar.com\/avatar\/e0a867bdedb85fd243eadf09663511f96fc81e0720a4a42581f334ad4303aa6b?s=96&d=mm&r=g","caption":"Reda\u00e7\u00e3o"}}]}},"amp_enabled":true,"_links":{"self":[{"href":"https:\/\/www.notibras.com\/site\/wp-json\/wp\/v2\/posts\/15596","targetHints":{"allow":["GET"]}}],"collection":[{"href":"https:\/\/www.notibras.com\/site\/wp-json\/wp\/v2\/posts"}],"about":[{"href":"https:\/\/www.notibras.com\/site\/wp-json\/wp\/v2\/types\/post"}],"author":[{"embeddable":true,"href":"https:\/\/www.notibras.com\/site\/wp-json\/wp\/v2\/users\/2"}],"replies":[{"embeddable":true,"href":"https:\/\/www.notibras.com\/site\/wp-json\/wp\/v2\/comments?post=15596"}],"version-history":[{"count":0,"href":"https:\/\/www.notibras.com\/site\/wp-json\/wp\/v2\/posts\/15596\/revisions"}],"wp:featuredmedia":[{"embeddable":true,"href":"https:\/\/www.notibras.com\/site\/wp-json\/wp\/v2\/media\/15597"}],"wp:attachment":[{"href":"https:\/\/www.notibras.com\/site\/wp-json\/wp\/v2\/media?parent=15596"}],"wp:term":[{"taxonomy":"category","embeddable":true,"href":"https:\/\/www.notibras.com\/site\/wp-json\/wp\/v2\/categories?post=15596"},{"taxonomy":"post_tag","embeddable":true,"href":"https:\/\/www.notibras.com\/site\/wp-json\/wp\/v2\/tags?post=15596"}],"curies":[{"name":"wp","href":"https:\/\/api.w.org\/{rel}","templated":true}]}}