{"id":15599,"date":"2014-07-08T05:48:47","date_gmt":"2014-07-08T08:48:47","guid":{"rendered":"http:\/\/www.notibras.com\/site\/?p=15599"},"modified":"2014-07-08T06:04:21","modified_gmt":"2014-07-08T09:04:21","slug":"joaquim-fica-mais-um-mes-para-promover-transicao-tranquila","status":"publish","type":"post","link":"https:\/\/www.notibras.com\/site\/joaquim-fica-mais-um-mes-para-promover-transicao-tranquila\/","title":{"rendered":"Joaquim fica mais um m\u00eas para promover a transi\u00e7\u00e3o"},"content":{"rendered":"<div class=\"content\">\n<p>O presidente do Supremo Tribunal Federal (STF), Joaquim Barbosa, pediu que a publica\u00e7\u00e3o de sua aposentadoria seja adiada para o dia 6 de agosto.<\/p>\n<p>Segundo Barbosa, a decis\u00e3o foi tomada para garantir uma transi\u00e7\u00e3o tranquila para a gest\u00e3o do vice-presidente do tribunal, Ricardo Lewandowski.<\/p>\n<blockquote><p>Na semana passada, Barbosa pediu oficialmente ao Minist\u00e9rio da Justi\u00e7a, \u00f3rg\u00e3o respons\u00e1vel pela tramita\u00e7\u00e3o, que a aposentadoria fosse publicada no dia 10 deste m\u00eas.<\/p><\/blockquote>\n<p>Barbosa havia afirmado que a sess\u00e3o do dia 1\u00ba de julho, \u00faltima antes do recesso do Judici\u00e1rio, seria sua \u00faltima no Supremo.<\/p>\n<p>Na ocasi\u00e3o, o presidente do STF disse que deixa a Corte de forma tranquila e com a \u201calma leve\u201d. Em maio,\u00a0 ele anunciou que se aposentaria antecipadamente, ap\u00f3s 11 anos como ministro da Corte.<\/p>\n<p><strong>Andr\u00e9 Richter, ABr<\/strong><\/p>\n<\/div>\n","protected":false},"excerpt":{"rendered":"<p>O presidente do Supremo Tribunal Federal (STF), Joaquim Barbosa, pediu que a publica\u00e7\u00e3o de sua aposentadoria seja adiada para o dia 6 de agosto. Segundo Barbosa, a decis\u00e3o foi tomada para garantir uma transi\u00e7\u00e3o tranquila para a gest\u00e3o do vice-presidente do tribunal, Ricardo Lewandowski. Na semana passada, Barbosa pediu oficialmente ao Minist\u00e9rio da Justi\u00e7a, \u00f3rg\u00e3o [&hellip;]<\/p>\n","protected":false},"author":2,"featured_media":15600,"comment_status":"open","ping_status":"closed","sticky":false,"template":"","format":"standard","meta":{"_acf_changed":false,"footnotes":""},"categories":[16],"tags":[],"class_list":["post-15599","post","type-post","status-publish","format-standard","has-post-thumbnail","hentry","category-brasil"],"acf":[],"_links":{"self":[{"href":"https:\/\/www.notibras.com\/site\/wp-json\/wp\/v2\/posts\/15599","targetHints":{"allow":["GET"]}}],"collection":[{"href":"https:\/\/www.notibras.com\/site\/wp-json\/wp\/v2\/posts"}],"about":[{"href":"https:\/\/www.notibras.com\/site\/wp-json\/wp\/v2\/types\/post"}],"author":[{"embeddable":true,"href":"https:\/\/www.notibras.com\/site\/wp-json\/wp\/v2\/users\/2"}],"replies":[{"embeddable":true,"href":"https:\/\/www.notibras.com\/site\/wp-json\/wp\/v2\/comments?post=15599"}],"version-history":[{"count":0,"href":"https:\/\/www.notibras.com\/site\/wp-json\/wp\/v2\/posts\/15599\/revisions"}],"wp:featuredmedia":[{"embeddable":true,"href":"https:\/\/www.notibras.com\/site\/wp-json\/wp\/v2\/media\/15600"}],"wp:attachment":[{"href":"https:\/\/www.notibras.com\/site\/wp-json\/wp\/v2\/media?parent=15599"}],"wp:term":[{"taxonomy":"category","embeddable":true,"href":"https:\/\/www.notibras.com\/site\/wp-json\/wp\/v2\/categories?post=15599"},{"taxonomy":"post_tag","embeddable":true,"href":"https:\/\/www.notibras.com\/site\/wp-json\/wp\/v2\/tags?post=15599"}],"curies":[{"name":"wp","href":"https:\/\/api.w.org\/{rel}","templated":true}]}}