{"id":15607,"date":"2014-07-08T06:03:26","date_gmt":"2014-07-08T09:03:26","guid":{"rendered":"http:\/\/www.notibras.com\/site\/?p=15607"},"modified":"2014-07-09T14:49:00","modified_gmt":"2014-07-09T17:49:00","slug":"menino-de-6-anos-morto-a-facadas-na-zona-leste-paulista","status":"publish","type":"post","link":"https:\/\/www.notibras.com\/site\/menino-de-6-anos-morto-a-facadas-na-zona-leste-paulista\/","title":{"rendered":"Menino de 6 anos morto a facadas na zona leste paulista"},"content":{"rendered":"<p>Um menino de 6 anos foi morto a facadas na noite de segunda-feira, na rua Chaut\u00e1, na Penha, zona leste de S\u00e3o Paulo.<\/p>\n<p>O pai da crian\u00e7a encontrou o corpo do filho e chamou a pol\u00edcia por volta das 19h55.<\/p>\n<blockquote><p>De acordo com a Pol\u00edcia Civil, a m\u00e3e da crian\u00e7a \u00e9 a principal suspeita do crime. A pol\u00edcia, por\u00e9m, n\u00e3o informou a motiva\u00e7\u00e3o do crime, nem quantas vezes a v\u00edtima foi golpeada.<\/p><\/blockquote>\n<p>Segundo a PM, o menino morreu antes de ser resgatado. A m\u00e3e da crian\u00e7a foi levada ao Hospital Geral de Guarulhos, na regi\u00e3o metropolitana de S\u00e3o Paulo.<\/p>\n<p>O caso foi encaminhado ao 10\u00ba Distrito Policial (Penha).<\/p>\n","protected":false},"excerpt":{"rendered":"<p>Um menino de 6 anos foi morto a facadas na noite de segunda-feira, na rua Chaut\u00e1, na Penha, zona leste de S\u00e3o Paulo. O pai da crian\u00e7a encontrou o corpo do filho e chamou a pol\u00edcia por volta das 19h55. De acordo com a Pol\u00edcia Civil, a m\u00e3e da crian\u00e7a \u00e9 a principal suspeita do [&hellip;]<\/p>\n","protected":false},"author":2,"featured_media":15608,"comment_status":"open","ping_status":"closed","sticky":false,"template":"","format":"standard","meta":{"_acf_changed":false,"footnotes":""},"categories":[24],"tags":[],"class_list":["post-15607","post","type-post","status-publish","format-standard","has-post-thumbnail","hentry","category-sao-paulo"],"acf":[],"_links":{"self":[{"href":"https:\/\/www.notibras.com\/site\/wp-json\/wp\/v2\/posts\/15607","targetHints":{"allow":["GET"]}}],"collection":[{"href":"https:\/\/www.notibras.com\/site\/wp-json\/wp\/v2\/posts"}],"about":[{"href":"https:\/\/www.notibras.com\/site\/wp-json\/wp\/v2\/types\/post"}],"author":[{"embeddable":true,"href":"https:\/\/www.notibras.com\/site\/wp-json\/wp\/v2\/users\/2"}],"replies":[{"embeddable":true,"href":"https:\/\/www.notibras.com\/site\/wp-json\/wp\/v2\/comments?post=15607"}],"version-history":[{"count":0,"href":"https:\/\/www.notibras.com\/site\/wp-json\/wp\/v2\/posts\/15607\/revisions"}],"wp:featuredmedia":[{"embeddable":true,"href":"https:\/\/www.notibras.com\/site\/wp-json\/wp\/v2\/media\/15608"}],"wp:attachment":[{"href":"https:\/\/www.notibras.com\/site\/wp-json\/wp\/v2\/media?parent=15607"}],"wp:term":[{"taxonomy":"category","embeddable":true,"href":"https:\/\/www.notibras.com\/site\/wp-json\/wp\/v2\/categories?post=15607"},{"taxonomy":"post_tag","embeddable":true,"href":"https:\/\/www.notibras.com\/site\/wp-json\/wp\/v2\/tags?post=15607"}],"curies":[{"name":"wp","href":"https:\/\/api.w.org\/{rel}","templated":true}]}}