{"id":15692,"date":"2014-07-08T22:26:50","date_gmt":"2014-07-09T01:26:50","guid":{"rendered":"http:\/\/www.notibras.com\/site\/?p=15692"},"modified":"2014-07-09T14:48:07","modified_gmt":"2014-07-09T17:48:07","slug":"plinio-perde-a-luta-contra-o-cancer-e-brasil-perde-um-estadista","status":"publish","type":"post","link":"https:\/\/www.notibras.com\/site\/plinio-perde-a-luta-contra-o-cancer-e-brasil-perde-um-estadista\/","title":{"rendered":"Pl\u00ednio perde luta do c\u00e2ncer e Brasil perde um estadista"},"content":{"rendered":"<p>P l\u00ednio de Arruda Sampaio, ex-deputado federal e\u00a0candidato \u00e0 Presid\u00eancia pelo Psol em 2010,\u00a0morreu nesta ter\u00e7a-feira, em S\u00e3o Paulo, aos 83 anos de idade. Pl\u00ednio estava internado havia mais de um m\u00eas\u00a0no Hospital S\u00edrio-Liban\u00eas, para tratamento de um c\u00e2ncer \u00f3sseo, e faleceu\u00a0em decorr\u00eancia de fal\u00eancia de m\u00faltiplos \u00f3rg\u00e3os e sistemas.<\/p>\n<p class=\"text\">Em nota oficial, o Psol lamentou o passar de um de seus principais nomes. &#8220;O Psol e o pa\u00eds perderam um grande protagonista da hist\u00f3ria recente e da luta pela justi\u00e7a social e pela democracia no Brasil.&#8221;<\/p>\n<blockquote>\n<p class=\"text\">Graduado em Direito e promotor p\u00fablico, Pl\u00ednio iniciou sua carreira pol\u00edtica como deputado nos anos 1960, quando foi relator do projeto de reforma agr\u00e1ria de Jo\u00e3o Goulart. Teve seu mandato cassado em 9 de abril de 1964,\u00a0\u00e0s v\u00e9speras do golpe militar.<\/p>\n<\/blockquote>\n<p class=\"text\">Retornou ao pa\u00eds na d\u00e9cada de 70 e participou da funda\u00e7\u00e3o do PT, do qual saiu em 2005.\u00a0No mesmo ano, filiou-se ao Psol, pelo qual concorreu ao governo de S\u00e3o Paulo, em 2006, e \u00e0 Presid\u00eancia da Rep\u00fablica, em 2010.<\/p>\n<p class=\"text\">&#8220;O PSOL se solidariza com os familiares de Pl\u00ednio e ressalta que sentir\u00e1 a aus\u00eancia de um dos maiores lutadores socialistas e colaboradores do partido. Certamente, continuaremos levando adiante os ideais por justi\u00e7a social, defendidos incansavelmente por ele\u201d, ressalta o presidente nacional do PSOL, Luiz Ara\u00fajo.<\/p>\n<p class=\"text\">&#8220;Estamos muito tristes com a not\u00edcia da perda de um s\u00edmbolo hist\u00f3rico da esquerda brasileira&#8221;, lamentou Luciana Genro, candidata do Psol \u00e0 Presid\u00eancia<\/p>\n","protected":false},"excerpt":{"rendered":"<p>P l\u00ednio de Arruda Sampaio, ex-deputado federal e\u00a0candidato \u00e0 Presid\u00eancia pelo Psol em 2010,\u00a0morreu nesta ter\u00e7a-feira, em S\u00e3o Paulo, aos 83 anos de idade. Pl\u00ednio estava internado havia mais de um m\u00eas\u00a0no Hospital S\u00edrio-Liban\u00eas, para tratamento de um c\u00e2ncer \u00f3sseo, e faleceu\u00a0em decorr\u00eancia de fal\u00eancia de m\u00faltiplos \u00f3rg\u00e3os e sistemas. Em nota oficial, o Psol [&hellip;]<\/p>\n","protected":false},"author":2,"featured_media":15693,"comment_status":"open","ping_status":"closed","sticky":false,"template":"","format":"standard","meta":{"_acf_changed":false,"footnotes":""},"categories":[16],"tags":[],"class_list":["post-15692","post","type-post","status-publish","format-standard","has-post-thumbnail","hentry","category-brasil"],"acf":[],"_links":{"self":[{"href":"https:\/\/www.notibras.com\/site\/wp-json\/wp\/v2\/posts\/15692","targetHints":{"allow":["GET"]}}],"collection":[{"href":"https:\/\/www.notibras.com\/site\/wp-json\/wp\/v2\/posts"}],"about":[{"href":"https:\/\/www.notibras.com\/site\/wp-json\/wp\/v2\/types\/post"}],"author":[{"embeddable":true,"href":"https:\/\/www.notibras.com\/site\/wp-json\/wp\/v2\/users\/2"}],"replies":[{"embeddable":true,"href":"https:\/\/www.notibras.com\/site\/wp-json\/wp\/v2\/comments?post=15692"}],"version-history":[{"count":0,"href":"https:\/\/www.notibras.com\/site\/wp-json\/wp\/v2\/posts\/15692\/revisions"}],"wp:featuredmedia":[{"embeddable":true,"href":"https:\/\/www.notibras.com\/site\/wp-json\/wp\/v2\/media\/15693"}],"wp:attachment":[{"href":"https:\/\/www.notibras.com\/site\/wp-json\/wp\/v2\/media?parent=15692"}],"wp:term":[{"taxonomy":"category","embeddable":true,"href":"https:\/\/www.notibras.com\/site\/wp-json\/wp\/v2\/categories?post=15692"},{"taxonomy":"post_tag","embeddable":true,"href":"https:\/\/www.notibras.com\/site\/wp-json\/wp\/v2\/tags?post=15692"}],"curies":[{"name":"wp","href":"https:\/\/api.w.org\/{rel}","templated":true}]}}