{"id":15695,"date":"2014-07-09T05:26:40","date_gmt":"2014-07-09T08:26:40","guid":{"rendered":"http:\/\/www.notibras.com\/site\/?p=15695"},"modified":"2014-07-09T14:47:06","modified_gmt":"2014-07-09T17:47:06","slug":"onda-de-violencia-toma-conta-do-pais-apos-goleada-do-vexame","status":"publish","type":"post","link":"https:\/\/www.notibras.com\/site\/onda-de-violencia-toma-conta-do-pais-apos-goleada-do-vexame\/","title":{"rendered":"Onda de viol\u00eancia toma conta do pa\u00eds ap\u00f3s goleada no Mineir\u00e3o"},"content":{"rendered":"<p>O p\u00f3s vexame da goleada sofrida pela sele\u00e7\u00e3o brasileira no Mineir\u00e3o transformou-se em viol\u00eancia em diferentes cidades do pa\u00eds. Cerca de 18 \u00f4nibus foram queimados em S\u00e3o Paulo e em Curitiba e confus\u00f5es, incluindo brigas, pris\u00f5es e pessoas feridas, foram registrados em pelo menos outras quatro cidades.<\/p>\n<p>Dentro do Mineir\u00e3o, o clima tamb\u00e9m j\u00e1 era tenso no come\u00e7o da goleada. Quatro pessoas sendo expulsas do est\u00e1dio. Um por destruir uma lixeira, um por tentar agredir um idoso e outros dois por brigas.<\/p>\n<p>Al\u00e9m disso, um torcedor alem\u00e3o, Eugen Weber, levou um soco no ouvido ao comemorar um gol e perdeu a audi\u00e7\u00e3o no ouvido direito \u2013 ap\u00f3s o primeiro socorre, n\u00e3o era poss\u00edvel ainda avaliar se o dano seria permanente.<\/p>\n<p>O humorista da Rede Globo Marcelo Adnet levou um pontap\u00e9 no momento em que fazia uma reportagem para o Fant\u00e1stico. Ele bateu boca com o torcedor agressor e foi \u00e0 delegacia do est\u00e1dio para registrar queixa. A lentid\u00e3o e a fila, por conta de outros casos, fizeram Adnet desistir e ir embora. Este problema tamb\u00e9m ocasionou o baixo n\u00famero de registros (15 boletins de ocorr\u00eancia).<\/p>\n<p>O local que mais sofreu at\u00e9 agora com a frustra\u00e7\u00e3o dos torcedores transformada em viol\u00eancia foi a regi\u00e3o da Savassi, em Belo Horizonte, tradicional ponto de comemora\u00e7\u00e3o mineiro. Antes do jogo, quatro pessoas j\u00e1 tinham sido presas, tr\u00eas delas por tentar vender um ingresso para o jogo do Mineir\u00e3o e outra por porte de arma branca.<\/p>\n<blockquote><p>Durante a partida, por\u00e9m, v\u00e1rias confus\u00f5es surgiram entre os cerca de 25 mil torcedores. Mais quatro pessoas foram presas. Um por desacato e outros tr\u00eas por agress\u00e3o a policiais. A informa\u00e7\u00e3o foi dada pelo coronel Helbert Figueir\u00f3, respons\u00e1vel pelo policiamento no local. Al\u00e9m disso, ao menos 12 pessoas foram feridas nas muitas brigas que seguiram ao jogo. At\u00e9 as 20h a Pol\u00edcia Militar havia feito 17 pris\u00f5es e a concentra\u00e7\u00e3o terminou em conflito. As pessoas deveriam deixar o local at\u00e9 as 22h, o que n\u00e3o aconteceu, e iniciou nova confus\u00e3o com os policiais.<\/p><\/blockquote>\n<p>A porta de uma loja na Savassi foi depredada depois do jogo. Segundo a PM, um torcedor exaltado quebrou a porta no chute. O dono da loja foi avisado e dois seguran\u00e7as privados foram contratados para proteger o estabelecimento de roubos.<\/p>\n<p>Na Bahia, uma confus\u00e3o terminou em pancadaria na Fan Fest, realizada no Farol da Barra. Tr\u00eas homens e uma mulher foram detidos pela pol\u00edcia e o show do cantor Leo Santana foi cancelado pela organiza\u00e7\u00e3o. De acordo com a prefeitura de Salvador, o evento reuniu 50 mil pessoas.<\/p>\n<p>A briga teria come\u00e7ado ap\u00f3s dois homens trocarem empurr\u00f5es nas proximidades do palco. A discuss\u00e3o evoluiu para socos e pontap\u00e9s em frente ao posto policial, agora com tr\u00eas envolvidos. Na hora do tumulto, um dos homens tentou fugir correndo pelo meio da multid\u00e3o, mas foi alcan\u00e7ado pelos PMs e conduzido para a viatura.<\/p>\n<p>Em S\u00e3o Paulo, o clima na Fan Fest, no vale do Anhangaba\u00fa, e na Vila Madalena, local de concentra\u00e7\u00e3o dos torcedores durante a Copa, foi de confraterniza\u00e7\u00e3o. Os dois locais lutaram para o in\u00edcio do jogo, mas come\u00e7aram a esvaziar ainda durante o primeiro tempo do duelo.<\/p>\n<p>Um p\u00e1tio de \u00f4nibus na zona sul da cidade, por\u00e9m, foi atacado por v\u00e2ndalos, que atiraram fogo a um p\u00e1tio lotado na regi\u00e3o da represa de Guarapiranga. A SPTrans, empresa respons\u00e1vel pelo setor na capital paulista, disse que as informa\u00e7\u00f5es preliminares s\u00e3o de que 15 \u00f4nibus foram atingidos e que trabalha com a hip\u00f3tese de vandalismo ligado \u00e0 Copa.<\/p>\n<p>No Paran\u00e1, os \u00f4nibus tamb\u00e9m foram alvo da revolta de torcedores. Entre 18h45 e 20h, 15 \u00f4nibus foram atacados. A maioria deles foi apedrejado e teve suas janelas quebradas. Em cinco casos, por\u00e9m, os v\u00e2ndalos tamb\u00e9m tentaram colocar fogo nos ve\u00edculos. Segundo o Centro de Controle Operacional da Urbs, os \u00f4nibus j\u00e1 foram substitu\u00eddos. N\u00e3o h\u00e1 informa\u00e7\u00e3o sobre feridos.<\/p>\n<p>Na Pra\u00e7a de Espanha, 17 pessoas se envolveram em uma briga, com direito a garrafadas. A pol\u00edcia acabou com a briga, mas n\u00e3o h\u00e1 informa\u00e7\u00e3o sobre o n\u00famero de presos. J\u00e1 em Colombo, na grande Curitiba, a pol\u00edcia foi chamada logo depois do jogo, quando um homem amea\u00e7ou se matar por causa da partida.<\/p>\n<p>Em Copacabana, uma briga entre torcedores assustou o p\u00fablico que se amontoava para acompanhar a partida em frente a um tel\u00e3o na orla. Segundo o comando do 19\u00ba BPM, a confus\u00e3o gerou correria de torcedores assustados e a briga foi dispersa. O medo foi t\u00e3o grande que muitos pensaram estar acontecendo um arrast\u00e3o, seguido de quebra-quebra, ambas hip\u00f3teses descartadas pela pol\u00edcia.<\/p>\n<p>Em Pernambuco, os problemas come\u00e7aram ainda no primeiro tempo da partida. Na Fan Fest no centro do Recife, depois do terceiro gol da Alemanha, come\u00e7ou uma confus\u00e3o generalizada. A pol\u00edcia entrou com a cavalaria no meio da multid\u00e3o e jogou g\u00e1s lacrimog\u00eanio para tentar afastar os brig\u00f5es. No meio da correria, pessoas acabaram pisoteadas. Ap\u00f3s a partida, a organiza\u00e7\u00e3o disse que o problema foi pequeno e superado.<\/p>\n<p>Em diversos bairros do Recife, moradores queimaram pneus e causaram tumultos logo ap\u00f3s o apito final. A Avenida Manoel Gon\u00e7alves da Luz, no bairro da Mustardinha, chegou a ser interditada. Foram registradas outras manifesta\u00e7\u00f5es, menores, em bairros como V\u00e1rzea e Iputinga.<\/p>\n","protected":false},"excerpt":{"rendered":"<p>O p\u00f3s vexame da goleada sofrida pela sele\u00e7\u00e3o brasileira no Mineir\u00e3o transformou-se em viol\u00eancia em diferentes cidades do pa\u00eds. Cerca de 18 \u00f4nibus foram queimados em S\u00e3o Paulo e em Curitiba e confus\u00f5es, incluindo brigas, pris\u00f5es e pessoas feridas, foram registrados em pelo menos outras quatro cidades. Dentro do Mineir\u00e3o, o clima tamb\u00e9m j\u00e1 era [&hellip;]<\/p>\n","protected":false},"author":2,"featured_media":15696,"comment_status":"open","ping_status":"closed","sticky":false,"template":"","format":"standard","meta":{"_acf_changed":false,"footnotes":""},"categories":[16],"tags":[],"class_list":["post-15695","post","type-post","status-publish","format-standard","has-post-thumbnail","hentry","category-brasil"],"acf":[],"_links":{"self":[{"href":"https:\/\/www.notibras.com\/site\/wp-json\/wp\/v2\/posts\/15695","targetHints":{"allow":["GET"]}}],"collection":[{"href":"https:\/\/www.notibras.com\/site\/wp-json\/wp\/v2\/posts"}],"about":[{"href":"https:\/\/www.notibras.com\/site\/wp-json\/wp\/v2\/types\/post"}],"author":[{"embeddable":true,"href":"https:\/\/www.notibras.com\/site\/wp-json\/wp\/v2\/users\/2"}],"replies":[{"embeddable":true,"href":"https:\/\/www.notibras.com\/site\/wp-json\/wp\/v2\/comments?post=15695"}],"version-history":[{"count":0,"href":"https:\/\/www.notibras.com\/site\/wp-json\/wp\/v2\/posts\/15695\/revisions"}],"wp:featuredmedia":[{"embeddable":true,"href":"https:\/\/www.notibras.com\/site\/wp-json\/wp\/v2\/media\/15696"}],"wp:attachment":[{"href":"https:\/\/www.notibras.com\/site\/wp-json\/wp\/v2\/media?parent=15695"}],"wp:term":[{"taxonomy":"category","embeddable":true,"href":"https:\/\/www.notibras.com\/site\/wp-json\/wp\/v2\/categories?post=15695"},{"taxonomy":"post_tag","embeddable":true,"href":"https:\/\/www.notibras.com\/site\/wp-json\/wp\/v2\/tags?post=15695"}],"curies":[{"name":"wp","href":"https:\/\/api.w.org\/{rel}","templated":true}]}}