{"id":15708,"date":"2014-07-09T05:59:55","date_gmt":"2014-07-09T08:59:55","guid":{"rendered":"http:\/\/www.notibras.com\/site\/?p=15708"},"modified":"2014-07-09T05:59:55","modified_gmt":"2014-07-09T08:59:55","slug":"humilhacao-historica-abala-moral-da-selecao-caiu-a-ficha","status":"publish","type":"post","link":"https:\/\/www.notibras.com\/site\/humilhacao-historica-abala-moral-da-selecao-caiu-a-ficha\/","title":{"rendered":"Humilha\u00e7\u00e3o hist\u00f3rica abala moral da sele\u00e7\u00e3o. Caiu a ficha?"},"content":{"rendered":"<p>Sim, amigos. Foi 7 x 1 para a Alemanha. Caiu a ficha?<\/p>\n<p>Agora me diga, depois desse massacre, dessa humilha\u00e7\u00e3o hist\u00f3rica, dizer o qu\u00ea, escrever o qu\u00ea ?<\/p>\n<p>Antes de mais nada, lembrar que foi a maior derrota brasileira de todos os tempos&#8230; e numa Copa do Mundo ! Pior! Numa Copa jogada em territ\u00f3rio brasileiro, com um est\u00e1dio cheio, hino nacional cantando na goela, as arquibancadas em verde-amarelo, um jogo semifinal.\u00a0 N\u00e3o, nos meus 66 anos de vida nunca tinha visto algo parecido nem imaginava um dia ver.<\/p>\n<p>Sim, amigos, o <em>Mineirazzo<\/em> desse 8 de julho de 2014 foi pior, muito mais vergonhoso do que o <em>Maracanazzo <\/em>\u00a0de 1950, quando perdemos a final para o Uruguai por 2 x1, de virada, numa partida em que fomos melhores em campo a maior parte do jogo e em toda a competi\u00e7\u00e3o.<\/p>\n<p>Ora, contra a Alemanha n\u00e3o jogamos nada, j\u00e1 perd\u00edamos de 5 x 0 aos 28 minutos do primeiro tempo. Fomos engolidos, vaiados,\u00a0 tomamos ol\u00e9 dos \u2018gringos\u2019, um \u00a0chocolate, ficamos \u2018de bobinho\u2019 na roda, sem pernas, sem for\u00e7a mental, entregues e apreciando Schweinsteiger, Kendira, Kross, Ozil, Muller a passear em campo, a trocar passes como se estivessem brincando de baba com uma equipe de escola prim\u00e1ria, tal era a superioridade deles os \u2018alem\u00e3o\u2019.<\/p>\n<p>Bem, quem acompanha esses escritos \u2018Na Varanda da Copa\u2019 sabe muito bem que sempre achei poss\u00edvel uma derrota brasileira, at\u00e9 porque a equipe de Felip\u00e3o n\u00e3o jogou uma s\u00f3 boa partida nessa copa. Apontei defeitos graves como o vazio no meio campo, a falta de ocupa\u00e7\u00e3o de espa\u00e7o e de um homem na mei\u00faca para pensar o jogo. E a falta de treinamentos, de um esquema t\u00e1tico, de jogadas ensaiadas. Viv\u00edamos de lampejos, solu\u00e7os aqui e ali, individuais.<\/p>\n<p>Ent\u00e3o, quando soube que Felip\u00e3o tinha escalado Bernardo para substituir Neymar, comentei com os amigos: \u2018 Nos fudemos!\u2019\u00a0 Mas n\u00e3o imaginava tamanha goleada.<\/p>\n<p>Ora, quem vem acompanhando a Copa sabe muito bem que a for\u00e7a da equipe alem\u00e3 \u00e9 sua organiza\u00e7\u00e3o t\u00e1tica, a troca de passes no meio campo esperando a brecha para penetrar e finalizar , a ocupa\u00e7\u00e3o dos espa\u00e7os com intelig\u00eancia e varia\u00e7\u00e3o de jogadas e jogadores.<\/p>\n<p>Por isso, imagin\u00e1vamos que a sele\u00e7\u00e3o de Felip\u00e3o entraria com tr\u00eas volantes \u2013 Luis Gustavo, Fernandinho e Paulinho -, mais Oscar e\/ou William um pouco mais adiante, e Hulk ou o in\u00fatil Fred (querido do treinador) entre os zagueiros advers\u00e1rios. Assim, povoar\u00edamos o meio campo, far\u00edamos press\u00e3o marcando a sa\u00edda de bola alem\u00e3 e, com o avan\u00e7o tamb\u00e9m dos laterais, incomodar\u00edamos o goleir\u00e3o Neuer. \u00a0Mas&#8230; qual o qu\u00ea !<\/p>\n<p>At\u00e9 come\u00e7amos o jogo a fustigar a defensiva alem\u00e3, sem proveito nas finaliza\u00e7\u00f5es chochas, de fora. Mas, j\u00e1 aos 10 minutos, tomamos um gol de cabe\u00e7a tolo, na cobran\u00e7a de um escanteio, quando J\u00falio Cesar n\u00e3o saiu do ch\u00e3o para cortar o cruzamento, David Luis estava mal posicionado e Maicon n\u00e3o apareceu para impedir a testada de Muller \u2013 1 x 0.\u00a0 Pensei: quanta falta faz o Tiago Silva e como o David se deu mal jogando mais pela direita, com o Dante pelo lado esquerdo.<\/p>\n<p>Mal observava esse problema de posicionamento defensivo na equipe e, em seis minutos apenas, dos 22 aos 28, os alem\u00e3es fizeram quatro gols tabelando, penetrado com facilidade pelo miolo de nossa defesa como se estivesse passeando num zool\u00f3gico num domingo \u00e0 tardinha:<\/p>\n<p>Aos 22\u2019, o veterano Klose recebeu livre na frente da pequena \u00e1rea e tentou duas vezes para fazer, ap\u00f3s rebote de Julio Cesar, o seu 16 \u00ba gol em copa do mundo, transformando-se agora no maior artilheiro de todas as copas \u2013 2 x 0. Pane Geral ! Kross, vindo de tr\u00e1s, livre, marcou aos 24 e 25 minutos, com a defesa brasileira olhando a trama que veio de longe: 3 x 0 e 4 x 0. Todos diante da tela\u00a0 da tev\u00ea ainda se olhavam, perplexos, quando Khendira ampliou, f\u00e1cil, de chapa: 5 x 0. Olhei pro cron\u00f4metro que marcava 28 minutos de jogo, somente. Deus\u2019pai!<\/p>\n<p>O que estava acontecendo? S\u00f2 um time jogava em campo. O outro era um grupo de \u2018pernas de pau\u2019, correndo feito malucos, de forma desorganizada, sem ver bola. Um desolo.<\/p>\n<p>Na segunda etapa, ora vejam, o Felip\u00e3o trocou Fernandinho por Paulinho e ainda o troncudo e bundudo Hulk pelo l\u00e9pido Ramires.\u00a0 Mas cad\u00ea o Oscar, onde estaria o Fred, o que foi fazer o pequenino Bernardo naquele jogo de adultos?<\/p>\n<p>Come\u00e7amos bem, apertando, tentando o gol, chutando, mas ent\u00e3o nos deparamos com o pared\u00e3o Neuer, o melhor goleiro da competi\u00e7\u00e3o e do planeta.\u00a0 Tr\u00eas \u00f3timas defesas. \u00a0Os alem\u00e3es, de rubronegro,\u00a0 j\u00e1 fechadinhos, \u00a0s\u00f3 esperavam o nosso erro para ampliar o placar em contragolpes, sem fazer muita for\u00e7a: 6 x 0 aos 23\u2019, gol de Schuerlle, que entrou faminto no lugar de Klose, completando um passe rasteiro e limpo do veteran\u00edssimo lateral Lahm. O mesmo Schuerlle, penetrando pela esquerda encheu o p\u00e9 e Juilo Cesar s\u00f3 assustou-se com as redes a balan\u00e7ar pela s\u00e9tima vez \u2013 7 x 0. O gol de honra foi de Oscar, aos 45, fechando o pano.<\/p>\n<p>Muito choro nas arquibancadas, nas ruas, dentro das casas brasileiras, crian\u00e7as, marmanjos e velhinhas, l\u00e1grimas a rodo tamb\u00e9m em campo, o consolo dos alem\u00e3es de alma lavada (nunca imaginaram conseguir tal fa\u00e7anha hist\u00f3rica), al\u00e9m de explica\u00e7\u00f5es e desculpas sem nexo de atletas e do treinador Felip\u00e3o, capaz de p\u00e9rolas, tipo \u2018Fizemos o nosso melhor\u2019; \u2018N\u00e3o estou arrependido de nada\u2019 e \u2018 O culpado fui eu\u2019.\u00a0 Oh! \u00a0Pan\u00e7a e bolso cheios.<\/p>\n<p>&#8211; N\u00e3o, n\u00e3o podemos nem devemos esquecer esse dia. Precisamos mudar muita coisa no futebol brasileiro. H\u00e1 muito deixamos de ser os melhores do mundo. Estamos atrasados t\u00e9cnica e taticamente.<\/p>\n<p>&#8211; \u00c9 hora de reformular nossos m\u00e9todos de trabalho. Desde a escolha dos garotos para as divis\u00f5es de base dos nossos clubes, hoje com crit\u00e9rios err\u00f4neos (mais estatura e menos habilidades) e objetivando apenas ganhar dinheiro com a venda dos meninos para o exterior.<\/p>\n<p>&#8211; Essa gera\u00e7\u00e3o \u2018Felip\u00e3o\u2019 ficar\u00e1 marcada para sempre, estigmatizada por uma derrota, uma goleada inimagin\u00e1vel e inexplic\u00e1vel para o futebol penta-campe\u00e3o do mundo. Alguns deles ainda ter\u00e3o chances em pr\u00f3ximas copas, como Neymar, Oscar, David Luis, Tiago &#8230;<\/p>\n<p>&#8211; Faltaram treino, aplica\u00e7\u00e3o, planejamento, estrat\u00e9gia de jogo e categoria a muitos dos nossos jogadores, mal escolhidos, mal convocados, mal escalados. Tivemos jogadores em campo com dificuldade de dominar um bola, brigando com a \u2018menina\u2019.<\/p>\n<p>&#8211; Ou algu\u00e9m imaginava ser poss\u00edvel ganhar a Copa jogando com um goleiro superado, com Maicon de lateral, Oscar, Hulk, Paulinho fora de forma, a grossura de Hulk, a apatia e inoper\u00e2ncia de Fred, a estatura de Bernardo, sem intelig\u00eancia no meio campo e muito menos ainda no banco e vesti\u00e1rios. Ora !\u00a0 Bai,bai, pai !<\/p>\n<p>Mas a Copa n\u00e3o acabou, nem mesmo pra o arrumadinho de Felip\u00e3o. S\u00e1bado tem mais um jogo pela disputa do terceiro lugar \u2013 Brasil x sele\u00e7\u00e3o derrotada no confronto desta quarta entre Argentina x Holanda.\u00a0 Jogo bom de ver esse. Olho na tev\u00ea.<\/p>\n<p>Sei n\u00e3o, depois do vexame brasileiro, acho que vai dar na final Alemanha x Holanda.\u00a0 Ser\u00e1 o mais justo, foram as duas melhores equipes da Copa at\u00e9 agora. Ou n\u00e3o?<\/p>\n<p>A n\u00e3o ser que as preces do Papa Chico cheguem aos c\u00e9us e o \u2018anjo\u2019 Messi\u00a0 decida fazer dos seus milagres.<\/p>\n<p><strong>Z\u00e9 de Jesus Barreto<\/strong><\/p>\n<p>&nbsp;<\/p>\n","protected":false},"excerpt":{"rendered":"<p>Sim, amigos. Foi 7 x 1 para a Alemanha. Caiu a ficha? Agora me diga, depois desse massacre, dessa humilha\u00e7\u00e3o hist\u00f3rica, dizer o qu\u00ea, escrever o qu\u00ea ? Antes de mais nada, lembrar que foi a maior derrota brasileira de todos os tempos&#8230; e numa Copa do Mundo ! Pior! Numa Copa jogada em territ\u00f3rio [&hellip;]<\/p>\n","protected":false},"author":2,"featured_media":15709,"comment_status":"open","ping_status":"closed","sticky":false,"template":"","format":"standard","meta":{"_acf_changed":false,"footnotes":""},"categories":[25],"tags":[],"class_list":["post-15708","post","type-post","status-publish","format-standard","has-post-thumbnail","hentry","category-opina-ai"],"acf":[],"yoast_head":"<!-- This site is optimized with the Yoast SEO plugin v27.5 - https:\/\/yoast.com\/product\/yoast-seo-wordpress\/ -->\n<title>Humilha\u00e7\u00e3o hist\u00f3rica abala moral da sele\u00e7\u00e3o. Caiu a ficha? - Notibras<\/title>\n<meta name=\"robots\" content=\"index, follow, max-snippet:-1, max-image-preview:large, max-video-preview:-1\" \/>\n<link rel=\"canonical\" href=\"https:\/\/www.notibras.com\/site\/humilhacao-historica-abala-moral-da-selecao-caiu-a-ficha\/\" \/>\n<meta property=\"og:locale\" content=\"pt_BR\" \/>\n<meta property=\"og:type\" content=\"article\" \/>\n<meta property=\"og:title\" content=\"Humilha\u00e7\u00e3o hist\u00f3rica abala moral da sele\u00e7\u00e3o. Caiu a ficha? - Notibras\" \/>\n<meta property=\"og:description\" content=\"Sim, amigos. Foi 7 x 1 para a Alemanha. Caiu a ficha? Agora me diga, depois desse massacre, dessa humilha\u00e7\u00e3o hist\u00f3rica, dizer o qu\u00ea, escrever o qu\u00ea ? Antes de mais nada, lembrar que foi a maior derrota brasileira de todos os tempos&#8230; e numa Copa do Mundo ! Pior! Numa Copa jogada em territ\u00f3rio [&hellip;]\" \/>\n<meta property=\"og:url\" content=\"https:\/\/www.notibras.com\/site\/humilhacao-historica-abala-moral-da-selecao-caiu-a-ficha\/\" \/>\n<meta property=\"og:site_name\" content=\"Notibras\" \/>\n<meta property=\"article:publisher\" content=\"https:\/\/www.facebook.com\/notibras\/\" \/>\n<meta property=\"article:published_time\" content=\"2014-07-09T08:59:55+00:00\" \/>\n<meta property=\"og:image\" content=\"https:\/\/www.notibras.com\/site\/wp-content\/uploads\/2014\/07\/08-07-2014_22_22_57_.jpg\" \/>\n\t<meta property=\"og:image:width\" content=\"480\" \/>\n\t<meta property=\"og:image:height\" content=\"360\" \/>\n\t<meta property=\"og:image:type\" content=\"image\/jpeg\" \/>\n<meta name=\"author\" content=\"Reda\u00e7\u00e3o\" \/>\n<meta name=\"twitter:card\" content=\"summary_large_image\" \/>\n<meta name=\"twitter:creator\" content=\"@Notibras\" \/>\n<meta name=\"twitter:site\" content=\"@Notibras\" \/>\n<meta name=\"twitter:label1\" content=\"Escrito por\" \/>\n\t<meta name=\"twitter:data1\" content=\"Reda\u00e7\u00e3o\" \/>\n\t<meta name=\"twitter:label2\" content=\"Est. tempo de leitura\" \/>\n\t<meta name=\"twitter:data2\" content=\"6 minutos\" \/>\n<script type=\"application\/ld+json\" class=\"yoast-schema-graph\">{\"@context\":\"https:\\\/\\\/schema.org\",\"@graph\":[{\"@type\":\"Article\",\"@id\":\"https:\\\/\\\/www.notibras.com\\\/site\\\/humilhacao-historica-abala-moral-da-selecao-caiu-a-ficha\\\/#article\",\"isPartOf\":{\"@id\":\"https:\\\/\\\/www.notibras.com\\\/site\\\/humilhacao-historica-abala-moral-da-selecao-caiu-a-ficha\\\/\"},\"author\":{\"name\":\"Reda\u00e7\u00e3o\",\"@id\":\"https:\\\/\\\/www.notibras.com\\\/site\\\/#\\\/schema\\\/person\\\/36ab0979449956132d3e5b517ea76ac8\"},\"headline\":\"Humilha\u00e7\u00e3o hist\u00f3rica abala moral da sele\u00e7\u00e3o. Caiu a ficha?\",\"datePublished\":\"2014-07-09T08:59:55+00:00\",\"mainEntityOfPage\":{\"@id\":\"https:\\\/\\\/www.notibras.com\\\/site\\\/humilhacao-historica-abala-moral-da-selecao-caiu-a-ficha\\\/\"},\"wordCount\":1288,\"commentCount\":0,\"publisher\":{\"@id\":\"https:\\\/\\\/www.notibras.com\\\/site\\\/#organization\"},\"image\":{\"@id\":\"https:\\\/\\\/www.notibras.com\\\/site\\\/humilhacao-historica-abala-moral-da-selecao-caiu-a-ficha\\\/#primaryimage\"},\"thumbnailUrl\":\"https:\\\/\\\/www.notibras.com\\\/site\\\/wp-content\\\/uploads\\\/2014\\\/07\\\/08-07-2014_22_22_57_.jpg\",\"articleSection\":[\"Opina a\u00ed\"],\"inLanguage\":\"pt-BR\",\"potentialAction\":[{\"@type\":\"CommentAction\",\"name\":\"Comment\",\"target\":[\"https:\\\/\\\/www.notibras.com\\\/site\\\/humilhacao-historica-abala-moral-da-selecao-caiu-a-ficha\\\/#respond\"]}]},{\"@type\":\"WebPage\",\"@id\":\"https:\\\/\\\/www.notibras.com\\\/site\\\/humilhacao-historica-abala-moral-da-selecao-caiu-a-ficha\\\/\",\"url\":\"https:\\\/\\\/www.notibras.com\\\/site\\\/humilhacao-historica-abala-moral-da-selecao-caiu-a-ficha\\\/\",\"name\":\"Humilha\u00e7\u00e3o hist\u00f3rica abala moral da sele\u00e7\u00e3o. Caiu a ficha? - Notibras\",\"isPartOf\":{\"@id\":\"https:\\\/\\\/www.notibras.com\\\/site\\\/#website\"},\"primaryImageOfPage\":{\"@id\":\"https:\\\/\\\/www.notibras.com\\\/site\\\/humilhacao-historica-abala-moral-da-selecao-caiu-a-ficha\\\/#primaryimage\"},\"image\":{\"@id\":\"https:\\\/\\\/www.notibras.com\\\/site\\\/humilhacao-historica-abala-moral-da-selecao-caiu-a-ficha\\\/#primaryimage\"},\"thumbnailUrl\":\"https:\\\/\\\/www.notibras.com\\\/site\\\/wp-content\\\/uploads\\\/2014\\\/07\\\/08-07-2014_22_22_57_.jpg\",\"datePublished\":\"2014-07-09T08:59:55+00:00\",\"breadcrumb\":{\"@id\":\"https:\\\/\\\/www.notibras.com\\\/site\\\/humilhacao-historica-abala-moral-da-selecao-caiu-a-ficha\\\/#breadcrumb\"},\"inLanguage\":\"pt-BR\",\"potentialAction\":[{\"@type\":\"ReadAction\",\"target\":[\"https:\\\/\\\/www.notibras.com\\\/site\\\/humilhacao-historica-abala-moral-da-selecao-caiu-a-ficha\\\/\"]}]},{\"@type\":\"ImageObject\",\"inLanguage\":\"pt-BR\",\"@id\":\"https:\\\/\\\/www.notibras.com\\\/site\\\/humilhacao-historica-abala-moral-da-selecao-caiu-a-ficha\\\/#primaryimage\",\"url\":\"https:\\\/\\\/www.notibras.com\\\/site\\\/wp-content\\\/uploads\\\/2014\\\/07\\\/08-07-2014_22_22_57_.jpg\",\"contentUrl\":\"https:\\\/\\\/www.notibras.com\\\/site\\\/wp-content\\\/uploads\\\/2014\\\/07\\\/08-07-2014_22_22_57_.jpg\",\"width\":480,\"height\":360},{\"@type\":\"BreadcrumbList\",\"@id\":\"https:\\\/\\\/www.notibras.com\\\/site\\\/humilhacao-historica-abala-moral-da-selecao-caiu-a-ficha\\\/#breadcrumb\",\"itemListElement\":[{\"@type\":\"ListItem\",\"position\":1,\"name\":\"In\u00edcio\",\"item\":\"https:\\\/\\\/www.notibras.com\\\/site\\\/\"},{\"@type\":\"ListItem\",\"position\":2,\"name\":\"Humilha\u00e7\u00e3o hist\u00f3rica abala moral da sele\u00e7\u00e3o. Caiu a ficha?\"}]},{\"@type\":\"WebSite\",\"@id\":\"https:\\\/\\\/www.notibras.com\\\/site\\\/#website\",\"url\":\"https:\\\/\\\/www.notibras.com\\\/site\\\/\",\"name\":\"Notibras\",\"description\":\"Not\u00edcias de Bras\u00edlia, do Brasil e do Mundo\",\"publisher\":{\"@id\":\"https:\\\/\\\/www.notibras.com\\\/site\\\/#organization\"},\"potentialAction\":[{\"@type\":\"SearchAction\",\"target\":{\"@type\":\"EntryPoint\",\"urlTemplate\":\"https:\\\/\\\/www.notibras.com\\\/site\\\/?s={search_term_string}\"},\"query-input\":{\"@type\":\"PropertyValueSpecification\",\"valueRequired\":true,\"valueName\":\"search_term_string\"}}],\"inLanguage\":\"pt-BR\"},{\"@type\":\"Organization\",\"@id\":\"https:\\\/\\\/www.notibras.com\\\/site\\\/#organization\",\"name\":\"Grupo Notibras de Comunica\u00e7\u00e3o\",\"url\":\"https:\\\/\\\/www.notibras.com\\\/site\\\/\",\"logo\":{\"@type\":\"ImageObject\",\"inLanguage\":\"pt-BR\",\"@id\":\"https:\\\/\\\/www.notibras.com\\\/site\\\/#\\\/schema\\\/logo\\\/image\\\/\",\"url\":\"https:\\\/\\\/www.notibras.com\\\/site\\\/wp-content\\\/uploads\\\/2023\\\/01\\\/notibras23.png\",\"contentUrl\":\"https:\\\/\\\/www.notibras.com\\\/site\\\/wp-content\\\/uploads\\\/2023\\\/01\\\/notibras23.png\",\"width\":350,\"height\":87,\"caption\":\"Grupo Notibras de Comunica\u00e7\u00e3o\"},\"image\":{\"@id\":\"https:\\\/\\\/www.notibras.com\\\/site\\\/#\\\/schema\\\/logo\\\/image\\\/\"},\"sameAs\":[\"https:\\\/\\\/www.facebook.com\\\/notibras\\\/\",\"https:\\\/\\\/x.com\\\/Notibras\",\"https:\\\/\\\/www.instagram.com\\\/notibras\\\/\"]},{\"@type\":\"Person\",\"@id\":\"https:\\\/\\\/www.notibras.com\\\/site\\\/#\\\/schema\\\/person\\\/36ab0979449956132d3e5b517ea76ac8\",\"name\":\"Reda\u00e7\u00e3o\",\"image\":{\"@type\":\"ImageObject\",\"inLanguage\":\"pt-BR\",\"@id\":\"https:\\\/\\\/secure.gravatar.com\\\/avatar\\\/e0a867bdedb85fd243eadf09663511f96fc81e0720a4a42581f334ad4303aa6b?s=96&d=mm&r=g\",\"url\":\"https:\\\/\\\/secure.gravatar.com\\\/avatar\\\/e0a867bdedb85fd243eadf09663511f96fc81e0720a4a42581f334ad4303aa6b?s=96&d=mm&r=g\",\"contentUrl\":\"https:\\\/\\\/secure.gravatar.com\\\/avatar\\\/e0a867bdedb85fd243eadf09663511f96fc81e0720a4a42581f334ad4303aa6b?s=96&d=mm&r=g\",\"caption\":\"Reda\u00e7\u00e3o\"}}]}<\/script>\n<!-- \/ Yoast SEO plugin. -->","yoast_head_json":{"title":"Humilha\u00e7\u00e3o hist\u00f3rica abala moral da sele\u00e7\u00e3o. Caiu a ficha? - Notibras","robots":{"index":"index","follow":"follow","max-snippet":"max-snippet:-1","max-image-preview":"max-image-preview:large","max-video-preview":"max-video-preview:-1"},"canonical":"https:\/\/www.notibras.com\/site\/humilhacao-historica-abala-moral-da-selecao-caiu-a-ficha\/","og_locale":"pt_BR","og_type":"article","og_title":"Humilha\u00e7\u00e3o hist\u00f3rica abala moral da sele\u00e7\u00e3o. Caiu a ficha? - Notibras","og_description":"Sim, amigos. Foi 7 x 1 para a Alemanha. Caiu a ficha? Agora me diga, depois desse massacre, dessa humilha\u00e7\u00e3o hist\u00f3rica, dizer o qu\u00ea, escrever o qu\u00ea ? Antes de mais nada, lembrar que foi a maior derrota brasileira de todos os tempos&#8230; e numa Copa do Mundo ! Pior! Numa Copa jogada em territ\u00f3rio [&hellip;]","og_url":"https:\/\/www.notibras.com\/site\/humilhacao-historica-abala-moral-da-selecao-caiu-a-ficha\/","og_site_name":"Notibras","article_publisher":"https:\/\/www.facebook.com\/notibras\/","article_published_time":"2014-07-09T08:59:55+00:00","og_image":[{"width":480,"height":360,"url":"https:\/\/www.notibras.com\/site\/wp-content\/uploads\/2014\/07\/08-07-2014_22_22_57_.jpg","type":"image\/jpeg"}],"author":"Reda\u00e7\u00e3o","twitter_card":"summary_large_image","twitter_creator":"@Notibras","twitter_site":"@Notibras","twitter_misc":{"Escrito por":"Reda\u00e7\u00e3o","Est. tempo de leitura":"6 minutos"},"schema":{"@context":"https:\/\/schema.org","@graph":[{"@type":"Article","@id":"https:\/\/www.notibras.com\/site\/humilhacao-historica-abala-moral-da-selecao-caiu-a-ficha\/#article","isPartOf":{"@id":"https:\/\/www.notibras.com\/site\/humilhacao-historica-abala-moral-da-selecao-caiu-a-ficha\/"},"author":{"name":"Reda\u00e7\u00e3o","@id":"https:\/\/www.notibras.com\/site\/#\/schema\/person\/36ab0979449956132d3e5b517ea76ac8"},"headline":"Humilha\u00e7\u00e3o hist\u00f3rica abala moral da sele\u00e7\u00e3o. Caiu a ficha?","datePublished":"2014-07-09T08:59:55+00:00","mainEntityOfPage":{"@id":"https:\/\/www.notibras.com\/site\/humilhacao-historica-abala-moral-da-selecao-caiu-a-ficha\/"},"wordCount":1288,"commentCount":0,"publisher":{"@id":"https:\/\/www.notibras.com\/site\/#organization"},"image":{"@id":"https:\/\/www.notibras.com\/site\/humilhacao-historica-abala-moral-da-selecao-caiu-a-ficha\/#primaryimage"},"thumbnailUrl":"https:\/\/www.notibras.com\/site\/wp-content\/uploads\/2014\/07\/08-07-2014_22_22_57_.jpg","articleSection":["Opina a\u00ed"],"inLanguage":"pt-BR","potentialAction":[{"@type":"CommentAction","name":"Comment","target":["https:\/\/www.notibras.com\/site\/humilhacao-historica-abala-moral-da-selecao-caiu-a-ficha\/#respond"]}]},{"@type":"WebPage","@id":"https:\/\/www.notibras.com\/site\/humilhacao-historica-abala-moral-da-selecao-caiu-a-ficha\/","url":"https:\/\/www.notibras.com\/site\/humilhacao-historica-abala-moral-da-selecao-caiu-a-ficha\/","name":"Humilha\u00e7\u00e3o hist\u00f3rica abala moral da sele\u00e7\u00e3o. Caiu a ficha? - Notibras","isPartOf":{"@id":"https:\/\/www.notibras.com\/site\/#website"},"primaryImageOfPage":{"@id":"https:\/\/www.notibras.com\/site\/humilhacao-historica-abala-moral-da-selecao-caiu-a-ficha\/#primaryimage"},"image":{"@id":"https:\/\/www.notibras.com\/site\/humilhacao-historica-abala-moral-da-selecao-caiu-a-ficha\/#primaryimage"},"thumbnailUrl":"https:\/\/www.notibras.com\/site\/wp-content\/uploads\/2014\/07\/08-07-2014_22_22_57_.jpg","datePublished":"2014-07-09T08:59:55+00:00","breadcrumb":{"@id":"https:\/\/www.notibras.com\/site\/humilhacao-historica-abala-moral-da-selecao-caiu-a-ficha\/#breadcrumb"},"inLanguage":"pt-BR","potentialAction":[{"@type":"ReadAction","target":["https:\/\/www.notibras.com\/site\/humilhacao-historica-abala-moral-da-selecao-caiu-a-ficha\/"]}]},{"@type":"ImageObject","inLanguage":"pt-BR","@id":"https:\/\/www.notibras.com\/site\/humilhacao-historica-abala-moral-da-selecao-caiu-a-ficha\/#primaryimage","url":"https:\/\/www.notibras.com\/site\/wp-content\/uploads\/2014\/07\/08-07-2014_22_22_57_.jpg","contentUrl":"https:\/\/www.notibras.com\/site\/wp-content\/uploads\/2014\/07\/08-07-2014_22_22_57_.jpg","width":480,"height":360},{"@type":"BreadcrumbList","@id":"https:\/\/www.notibras.com\/site\/humilhacao-historica-abala-moral-da-selecao-caiu-a-ficha\/#breadcrumb","itemListElement":[{"@type":"ListItem","position":1,"name":"In\u00edcio","item":"https:\/\/www.notibras.com\/site\/"},{"@type":"ListItem","position":2,"name":"Humilha\u00e7\u00e3o hist\u00f3rica abala moral da sele\u00e7\u00e3o. Caiu a ficha?"}]},{"@type":"WebSite","@id":"https:\/\/www.notibras.com\/site\/#website","url":"https:\/\/www.notibras.com\/site\/","name":"Notibras","description":"Not\u00edcias de Bras\u00edlia, do Brasil e do Mundo","publisher":{"@id":"https:\/\/www.notibras.com\/site\/#organization"},"potentialAction":[{"@type":"SearchAction","target":{"@type":"EntryPoint","urlTemplate":"https:\/\/www.notibras.com\/site\/?s={search_term_string}"},"query-input":{"@type":"PropertyValueSpecification","valueRequired":true,"valueName":"search_term_string"}}],"inLanguage":"pt-BR"},{"@type":"Organization","@id":"https:\/\/www.notibras.com\/site\/#organization","name":"Grupo Notibras de Comunica\u00e7\u00e3o","url":"https:\/\/www.notibras.com\/site\/","logo":{"@type":"ImageObject","inLanguage":"pt-BR","@id":"https:\/\/www.notibras.com\/site\/#\/schema\/logo\/image\/","url":"https:\/\/www.notibras.com\/site\/wp-content\/uploads\/2023\/01\/notibras23.png","contentUrl":"https:\/\/www.notibras.com\/site\/wp-content\/uploads\/2023\/01\/notibras23.png","width":350,"height":87,"caption":"Grupo Notibras de Comunica\u00e7\u00e3o"},"image":{"@id":"https:\/\/www.notibras.com\/site\/#\/schema\/logo\/image\/"},"sameAs":["https:\/\/www.facebook.com\/notibras\/","https:\/\/x.com\/Notibras","https:\/\/www.instagram.com\/notibras\/"]},{"@type":"Person","@id":"https:\/\/www.notibras.com\/site\/#\/schema\/person\/36ab0979449956132d3e5b517ea76ac8","name":"Reda\u00e7\u00e3o","image":{"@type":"ImageObject","inLanguage":"pt-BR","@id":"https:\/\/secure.gravatar.com\/avatar\/e0a867bdedb85fd243eadf09663511f96fc81e0720a4a42581f334ad4303aa6b?s=96&d=mm&r=g","url":"https:\/\/secure.gravatar.com\/avatar\/e0a867bdedb85fd243eadf09663511f96fc81e0720a4a42581f334ad4303aa6b?s=96&d=mm&r=g","contentUrl":"https:\/\/secure.gravatar.com\/avatar\/e0a867bdedb85fd243eadf09663511f96fc81e0720a4a42581f334ad4303aa6b?s=96&d=mm&r=g","caption":"Reda\u00e7\u00e3o"}}]}},"amp_enabled":true,"_links":{"self":[{"href":"https:\/\/www.notibras.com\/site\/wp-json\/wp\/v2\/posts\/15708","targetHints":{"allow":["GET"]}}],"collection":[{"href":"https:\/\/www.notibras.com\/site\/wp-json\/wp\/v2\/posts"}],"about":[{"href":"https:\/\/www.notibras.com\/site\/wp-json\/wp\/v2\/types\/post"}],"author":[{"embeddable":true,"href":"https:\/\/www.notibras.com\/site\/wp-json\/wp\/v2\/users\/2"}],"replies":[{"embeddable":true,"href":"https:\/\/www.notibras.com\/site\/wp-json\/wp\/v2\/comments?post=15708"}],"version-history":[{"count":0,"href":"https:\/\/www.notibras.com\/site\/wp-json\/wp\/v2\/posts\/15708\/revisions"}],"wp:featuredmedia":[{"embeddable":true,"href":"https:\/\/www.notibras.com\/site\/wp-json\/wp\/v2\/media\/15709"}],"wp:attachment":[{"href":"https:\/\/www.notibras.com\/site\/wp-json\/wp\/v2\/media?parent=15708"}],"wp:term":[{"taxonomy":"category","embeddable":true,"href":"https:\/\/www.notibras.com\/site\/wp-json\/wp\/v2\/categories?post=15708"},{"taxonomy":"post_tag","embeddable":true,"href":"https:\/\/www.notibras.com\/site\/wp-json\/wp\/v2\/tags?post=15708"}],"curies":[{"name":"wp","href":"https:\/\/api.w.org\/{rel}","templated":true}]}}