{"id":15740,"date":"2014-07-09T08:22:05","date_gmt":"2014-07-09T11:22:05","guid":{"rendered":"http:\/\/www.notibras.com\/site\/?p=15740"},"modified":"2014-07-09T08:22:05","modified_gmt":"2014-07-09T11:22:05","slug":"sem-seguranca-esta-todo-mundo-em-panico-em-brasilia","status":"publish","type":"post","link":"https:\/\/www.notibras.com\/site\/sem-seguranca-esta-todo-mundo-em-panico-em-brasilia\/","title":{"rendered":"Sem seguran\u00e7a, est\u00e1 todo mundo em p\u00e2nico em Bras\u00edlia"},"content":{"rendered":"<p style=\"text-align: left;\">\u00c9 s\u00f3 ler os jornais, ouvir o r\u00e1dio e assistir os canais de televis\u00e3o, para que a sensa\u00e7\u00e3o de inseguran\u00e7a que toma conta do dia a dia da popula\u00e7\u00e3o do DF ganhe cores vivas e o contorno de uma realidade inafast\u00e1vel, que se resume no medo de trabalhadores, comerciantes, estudantes e donas de casa. A incapacidade do governo de dividir as aten\u00e7\u00f5es dos \u00f3rg\u00e3os de seguran\u00e7a p\u00fablica entre os eventos da FIFA e o dia a dia do cidad\u00e3o pintam com nitidez o descaso e a incapacidade de quem comanda a pol\u00edtica p\u00fablica de seguran\u00e7a do DF. Coitados de n\u00f3s.<\/p>\n<p style=\"text-align: left;\"><strong>Celson Bianchi<\/strong>, in <em>A Voz da Verdade<\/em><\/p>\n","protected":false},"excerpt":{"rendered":"<p>\u00c9 s\u00f3 ler os jornais, ouvir o r\u00e1dio e assistir os canais de televis\u00e3o, para que a sensa\u00e7\u00e3o de inseguran\u00e7a que toma conta do dia a dia da popula\u00e7\u00e3o do DF ganhe cores vivas e o contorno de uma realidade inafast\u00e1vel, que se resume no medo de trabalhadores, comerciantes, estudantes e donas de casa. A [&hellip;]<\/p>\n","protected":false},"author":2,"featured_media":15741,"comment_status":"open","ping_status":"closed","sticky":false,"template":"","format":"standard","meta":{"_acf_changed":false,"footnotes":""},"categories":[26],"tags":[],"class_list":["post-15740","post","type-post","status-publish","format-standard","has-post-thumbnail","hentry","category-eleicoes-2022"],"acf":[],"_links":{"self":[{"href":"https:\/\/www.notibras.com\/site\/wp-json\/wp\/v2\/posts\/15740","targetHints":{"allow":["GET"]}}],"collection":[{"href":"https:\/\/www.notibras.com\/site\/wp-json\/wp\/v2\/posts"}],"about":[{"href":"https:\/\/www.notibras.com\/site\/wp-json\/wp\/v2\/types\/post"}],"author":[{"embeddable":true,"href":"https:\/\/www.notibras.com\/site\/wp-json\/wp\/v2\/users\/2"}],"replies":[{"embeddable":true,"href":"https:\/\/www.notibras.com\/site\/wp-json\/wp\/v2\/comments?post=15740"}],"version-history":[{"count":0,"href":"https:\/\/www.notibras.com\/site\/wp-json\/wp\/v2\/posts\/15740\/revisions"}],"wp:featuredmedia":[{"embeddable":true,"href":"https:\/\/www.notibras.com\/site\/wp-json\/wp\/v2\/media\/15741"}],"wp:attachment":[{"href":"https:\/\/www.notibras.com\/site\/wp-json\/wp\/v2\/media?parent=15740"}],"wp:term":[{"taxonomy":"category","embeddable":true,"href":"https:\/\/www.notibras.com\/site\/wp-json\/wp\/v2\/categories?post=15740"},{"taxonomy":"post_tag","embeddable":true,"href":"https:\/\/www.notibras.com\/site\/wp-json\/wp\/v2\/tags?post=15740"}],"curies":[{"name":"wp","href":"https:\/\/api.w.org\/{rel}","templated":true}]}}