{"id":15804,"date":"2014-07-09T20:51:43","date_gmt":"2014-07-09T23:51:43","guid":{"rendered":"http:\/\/www.notibras.com\/site\/?p=15804"},"modified":"2014-07-10T10:58:08","modified_gmt":"2014-07-10T13:58:08","slug":"alemanha-e-argentina-fazem-final-brasil-e-holanda-diaputam-3o-lugar","status":"publish","type":"post","link":"https:\/\/www.notibras.com\/site\/alemanha-e-argentina-fazem-final-brasil-e-holanda-diaputam-3o-lugar\/","title":{"rendered":"Alemanha e Argentina fazem final; Brasil e Holanda disputam 3\u00ba lugar"},"content":{"rendered":"<p>Ap\u00f3s um insistente 0 a 0 no tempo regulamentar e na prorroga\u00e7\u00e3o, a Argentina derrotou nos p\u00eanaltis (4-2) a Holanda em S\u00e3o Paulo, nesta quarta-feira pelas semifinais da Copa do Mundo, e se classificou para enfrentar a Alemanha no Maracan\u00e3, na final do Mundial no Brasil.<\/p>\n<p>N\u00e3o houve jeito de desempatar holandeses e argentinos com a bola rolando e a decis\u00e3o foi para os p\u00eanaltis, nos quais o goleiro Sergio Romero brilhou, pegando as cobran\u00e7as de Vlaar e Sneijder e contando com a ajuda dos companheiros, que acertaram todos os chutes.<\/p>\n<p>Com a vit\u00f3ria, a Argentina, bicampe\u00e3 mundial (1978 e 1986), se classificou para disputar sua primeira final de Copa do Mundo desde 1990, quando foi derrotada pela Alemanha, justamente a advers\u00e1ria na grande decis\u00e3o. Alem\u00e3es e argentinos duelam pelo t\u00edtulo neste domingo \u00e0s 17h00, no Maracan\u00e3.<\/p>\n<p>J\u00e1 a Holanda morreu na praia novamente. Ap\u00f3s os vice-campeonatos de 1974, 1978 e de 2010, os laranjas ter\u00e3o que se contentar com a disputa do terceiro lugar, no qual enfrentar\u00e3o a sele\u00e7\u00e3o brasileira em Bras\u00edlia, no s\u00e1bado.<\/p>\n<p>Ap\u00f3s capengar pela fase de grupos, a Argentina sofreu para vencer a Su\u00ed\u00e7a nas oitavas de final (1-0 na prorroga\u00e7\u00e3o) e s\u00f3 foi apresentar um bom futebol nas quartas contra a B\u00e9lgica (1-0).<\/p>\n<p>Contra os &#8216;Diabos Vermelhos&#8217;, por\u00e9m, a sele\u00e7\u00e3o argentina sofreu um duro golpe com a les\u00e3o de Angel Di Maria, motorzinho da equipe que sofreu um estiramento na coxa.<\/p>\n<p>Para o lugar do meia, o t\u00e9cnico Alejandro Sabella optou por Enzo P\u00e9rez, que j\u00e1 havia entrado no primeiro tempo diante da B\u00e9lgica, quando Di Maria precisou ser substitu\u00eddo.<\/p>\n<p>Marcos Rojo, que cumpriu suspens\u00e3o por ac\u00famulo de cart\u00f5es amarelos, voltou ao time titular, que entrou em campo no esquema 4-3-3, usado por Sabella desde o segundo tempo da estreia na competi\u00e7\u00e3o, contra a B\u00f3snia. Lavezzi, Messi e Higua\u00edn formaram a linha de frente.<\/p>\n<p>Do outro lado, o t\u00e9cnico Louis van Gaal surpreendeu com a escala\u00e7\u00e3o do volante Nigel De Jong, que substituiu Memphis Depay. De Jong havia sido declarado indispon\u00edvel para o restante do Mundial, depois de ter sa\u00eddo contundido nos primeiros minutos do confronto com o M\u00e9xico, nas oitavas de final.<\/p>\n<p>O atacante Robin van Persie, que chegou a ser d\u00favida por causa de uma indisposi\u00e7\u00e3o estomacal, comandou o ataque laranja junto ao craque Arjen Robben.<\/p>\n<p>Bem postadas em campo, as duas equipes fizeram um jogo parelho e de poucas emo\u00e7\u00f5es. A Argentina foi ligeiramente superior, com um pouco mais de posse de bola (53%) e uma forte marca\u00e7\u00e3o a partir do meio de campo.<\/p>\n<blockquote><p>Robben, craque do time e destaque da Holanda no Mundial, viu-se bem marcado e foi pouco acionado.<\/p><\/blockquote>\n<p>Mesmo assim, o primeiro lance de perigo na partida foi laranja. Aos 12 minutos, Wesley Sneijder recebeu na entrada da \u00e1rea e arriscou um chute de primeira. A bola passou a direita do gol de Sergio Romero.<\/p>\n<p>No minuto seguinte, Messi quase abriu o placar. Numa cobran\u00e7a de falta muito perigosa, o craque chutou forte, mas Jasper Cillessen segurou com muita firmeza.<\/p>\n<p>Com a forte marca\u00e7\u00e3o de Javier Mascherano, Lucas Biglia e Enzo P\u00e9rez no meio &#8211; ajudados pelo trio ofensivo -, a Holanda encontrou dificuldade para sair de seu campo e chegar ao gol argentino, mas a defesa se comportou bem e tamb\u00e9m deu pouco espa\u00e7o a Messi e companhia.<\/p>\n<p>Na volta do vesti\u00e1rio, Van Gaal, insatisfeito com a atua\u00e7\u00e3o do time e preocupado com o cart\u00e3o amarelo levado por Martins Indi, tirou o zagueiro para a entrada do lateral-direito Dayl Janmmaat. Com isso, Blind foi para a zaga e Dirk Kuyt para a lateral-esquerda.<\/p>\n<p>A mudan\u00e7a deu um pouco mais de op\u00e7\u00f5es ofensivas ao time europeu, mas a partida continuou muito truncada, com as duas equipes dando a impress\u00e3o de estarem com mais medo de perder que vontade de ganhar.<\/p>\n<p>Os dois centroavantes do jogo, Van Persie e Higua\u00edn, continuavam sumidos em campo.<\/p>\n<p>Higua\u00edn, autor do gol da classifica\u00e7\u00e3o nas quartas de final contra a B\u00e9lgica, apareceu apenas aos 30 minutos do segundo tempo. O atacante recebeu cruzamento rasteiro de P\u00e9rez e finalizou com um toque de primeira na corrida. A bola foi parar na rede pelo lado de fora, enganando a torcida argentina, que gritou gol.<\/p>\n<p>Nos acr\u00e9scimos, a Holanda teve a maior chance da partida. Robben tabelou com Van Persie e invadiu a \u00e1rea. O craque do Bayern de Munique acabou demorando para finalizar, dando a Mascherano a oportunidade de se recuperar e travar o chute com um carrinho salvador.<\/p>\n","protected":false},"excerpt":{"rendered":"<p>Ap\u00f3s um insistente 0 a 0 no tempo regulamentar e na prorroga\u00e7\u00e3o, a Argentina derrotou nos p\u00eanaltis (4-2) a Holanda em S\u00e3o Paulo, nesta quarta-feira pelas semifinais da Copa do Mundo, e se classificou para enfrentar a Alemanha no Maracan\u00e3, na final do Mundial no Brasil. N\u00e3o houve jeito de desempatar holandeses e argentinos com [&hellip;]<\/p>\n","protected":false},"author":2,"featured_media":15805,"comment_status":"open","ping_status":"closed","sticky":false,"template":"","format":"standard","meta":{"_acf_changed":false,"footnotes":""},"categories":[19],"tags":[],"class_list":["post-15804","post","type-post","status-publish","format-standard","has-post-thumbnail","hentry","category-esportes"],"acf":[],"yoast_head":"<!-- This site is optimized with the Yoast SEO plugin v27.2 - https:\/\/yoast.com\/product\/yoast-seo-wordpress\/ -->\n<title>Alemanha e Argentina fazem final; Brasil e Holanda disputam 3\u00ba lugar - Notibras<\/title>\n<meta name=\"robots\" content=\"index, follow, max-snippet:-1, max-image-preview:large, max-video-preview:-1\" \/>\n<link rel=\"canonical\" href=\"https:\/\/www.notibras.com\/site\/alemanha-e-argentina-fazem-final-brasil-e-holanda-diaputam-3o-lugar\/\" \/>\n<meta property=\"og:locale\" content=\"pt_BR\" \/>\n<meta property=\"og:type\" content=\"article\" \/>\n<meta property=\"og:title\" content=\"Alemanha e Argentina fazem final; Brasil e Holanda disputam 3\u00ba lugar - Notibras\" \/>\n<meta property=\"og:description\" content=\"Ap\u00f3s um insistente 0 a 0 no tempo regulamentar e na prorroga\u00e7\u00e3o, a Argentina derrotou nos p\u00eanaltis (4-2) a Holanda em S\u00e3o Paulo, nesta quarta-feira pelas semifinais da Copa do Mundo, e se classificou para enfrentar a Alemanha no Maracan\u00e3, na final do Mundial no Brasil. N\u00e3o houve jeito de desempatar holandeses e argentinos com [&hellip;]\" \/>\n<meta property=\"og:url\" content=\"https:\/\/www.notibras.com\/site\/alemanha-e-argentina-fazem-final-brasil-e-holanda-diaputam-3o-lugar\/\" \/>\n<meta property=\"og:site_name\" content=\"Notibras\" \/>\n<meta property=\"article:publisher\" content=\"https:\/\/www.facebook.com\/notibras\/\" \/>\n<meta property=\"article:published_time\" content=\"2014-07-09T23:51:43+00:00\" \/>\n<meta property=\"article:modified_time\" content=\"2014-07-10T13:58:08+00:00\" \/>\n<meta property=\"og:image\" content=\"https:\/\/www.notibras.com\/site\/wp-content\/uploads\/2014\/07\/34argentinaholandaafppedro-ugarte-scaled.jpg\" \/>\n\t<meta property=\"og:image:width\" content=\"2560\" \/>\n\t<meta property=\"og:image:height\" content=\"1674\" \/>\n\t<meta property=\"og:image:type\" content=\"image\/jpeg\" \/>\n<meta name=\"author\" content=\"Reda\u00e7\u00e3o\" \/>\n<meta name=\"twitter:card\" content=\"summary_large_image\" \/>\n<meta name=\"twitter:creator\" content=\"@Notibras\" \/>\n<meta name=\"twitter:site\" content=\"@Notibras\" \/>\n<meta name=\"twitter:label1\" content=\"Escrito por\" \/>\n\t<meta name=\"twitter:data1\" content=\"Reda\u00e7\u00e3o\" \/>\n\t<meta name=\"twitter:label2\" content=\"Est. tempo de leitura\" \/>\n\t<meta name=\"twitter:data2\" content=\"4 minutos\" \/>\n<script type=\"application\/ld+json\" class=\"yoast-schema-graph\">{\"@context\":\"https:\/\/schema.org\",\"@graph\":[{\"@type\":\"Article\",\"@id\":\"https:\/\/www.notibras.com\/site\/alemanha-e-argentina-fazem-final-brasil-e-holanda-diaputam-3o-lugar\/#article\",\"isPartOf\":{\"@id\":\"https:\/\/www.notibras.com\/site\/alemanha-e-argentina-fazem-final-brasil-e-holanda-diaputam-3o-lugar\/\"},\"author\":{\"name\":\"Reda\u00e7\u00e3o\",\"@id\":\"https:\/\/www.notibras.com\/site\/#\/schema\/person\/36ab0979449956132d3e5b517ea76ac8\"},\"headline\":\"Alemanha e Argentina fazem final; Brasil e Holanda disputam 3\u00ba lugar\",\"datePublished\":\"2014-07-09T23:51:43+00:00\",\"dateModified\":\"2014-07-10T13:58:08+00:00\",\"mainEntityOfPage\":{\"@id\":\"https:\/\/www.notibras.com\/site\/alemanha-e-argentina-fazem-final-brasil-e-holanda-diaputam-3o-lugar\/\"},\"wordCount\":805,\"commentCount\":0,\"publisher\":{\"@id\":\"https:\/\/www.notibras.com\/site\/#organization\"},\"image\":{\"@id\":\"https:\/\/www.notibras.com\/site\/alemanha-e-argentina-fazem-final-brasil-e-holanda-diaputam-3o-lugar\/#primaryimage\"},\"thumbnailUrl\":\"https:\/\/www.notibras.com\/site\/wp-content\/uploads\/2014\/07\/34argentinaholandaafppedro-ugarte-scaled.jpg\",\"articleSection\":[\"Esportes\"],\"inLanguage\":\"pt-BR\",\"potentialAction\":[{\"@type\":\"CommentAction\",\"name\":\"Comment\",\"target\":[\"https:\/\/www.notibras.com\/site\/alemanha-e-argentina-fazem-final-brasil-e-holanda-diaputam-3o-lugar\/#respond\"]}]},{\"@type\":\"WebPage\",\"@id\":\"https:\/\/www.notibras.com\/site\/alemanha-e-argentina-fazem-final-brasil-e-holanda-diaputam-3o-lugar\/\",\"url\":\"https:\/\/www.notibras.com\/site\/alemanha-e-argentina-fazem-final-brasil-e-holanda-diaputam-3o-lugar\/\",\"name\":\"Alemanha e Argentina fazem final; Brasil e Holanda disputam 3\u00ba lugar - Notibras\",\"isPartOf\":{\"@id\":\"https:\/\/www.notibras.com\/site\/#website\"},\"primaryImageOfPage\":{\"@id\":\"https:\/\/www.notibras.com\/site\/alemanha-e-argentina-fazem-final-brasil-e-holanda-diaputam-3o-lugar\/#primaryimage\"},\"image\":{\"@id\":\"https:\/\/www.notibras.com\/site\/alemanha-e-argentina-fazem-final-brasil-e-holanda-diaputam-3o-lugar\/#primaryimage\"},\"thumbnailUrl\":\"https:\/\/www.notibras.com\/site\/wp-content\/uploads\/2014\/07\/34argentinaholandaafppedro-ugarte-scaled.jpg\",\"datePublished\":\"2014-07-09T23:51:43+00:00\",\"dateModified\":\"2014-07-10T13:58:08+00:00\",\"breadcrumb\":{\"@id\":\"https:\/\/www.notibras.com\/site\/alemanha-e-argentina-fazem-final-brasil-e-holanda-diaputam-3o-lugar\/#breadcrumb\"},\"inLanguage\":\"pt-BR\",\"potentialAction\":[{\"@type\":\"ReadAction\",\"target\":[\"https:\/\/www.notibras.com\/site\/alemanha-e-argentina-fazem-final-brasil-e-holanda-diaputam-3o-lugar\/\"]}]},{\"@type\":\"ImageObject\",\"inLanguage\":\"pt-BR\",\"@id\":\"https:\/\/www.notibras.com\/site\/alemanha-e-argentina-fazem-final-brasil-e-holanda-diaputam-3o-lugar\/#primaryimage\",\"url\":\"https:\/\/www.notibras.com\/site\/wp-content\/uploads\/2014\/07\/34argentinaholandaafppedro-ugarte-scaled.jpg\",\"contentUrl\":\"https:\/\/www.notibras.com\/site\/wp-content\/uploads\/2014\/07\/34argentinaholandaafppedro-ugarte-scaled.jpg\",\"width\":2560,\"height\":1674},{\"@type\":\"BreadcrumbList\",\"@id\":\"https:\/\/www.notibras.com\/site\/alemanha-e-argentina-fazem-final-brasil-e-holanda-diaputam-3o-lugar\/#breadcrumb\",\"itemListElement\":[{\"@type\":\"ListItem\",\"position\":1,\"name\":\"In\u00edcio\",\"item\":\"https:\/\/www.notibras.com\/site\/\"},{\"@type\":\"ListItem\",\"position\":2,\"name\":\"Alemanha e Argentina fazem final; Brasil e Holanda disputam 3\u00ba lugar\"}]},{\"@type\":\"WebSite\",\"@id\":\"https:\/\/www.notibras.com\/site\/#website\",\"url\":\"https:\/\/www.notibras.com\/site\/\",\"name\":\"Notibras\",\"description\":\"Not\u00edcias de Bras\u00edlia, do Brasil e do Mundo\",\"publisher\":{\"@id\":\"https:\/\/www.notibras.com\/site\/#organization\"},\"potentialAction\":[{\"@type\":\"SearchAction\",\"target\":{\"@type\":\"EntryPoint\",\"urlTemplate\":\"https:\/\/www.notibras.com\/site\/?s={search_term_string}\"},\"query-input\":{\"@type\":\"PropertyValueSpecification\",\"valueRequired\":true,\"valueName\":\"search_term_string\"}}],\"inLanguage\":\"pt-BR\"},{\"@type\":\"Organization\",\"@id\":\"https:\/\/www.notibras.com\/site\/#organization\",\"name\":\"Grupo Notibras de Comunica\u00e7\u00e3o\",\"url\":\"https:\/\/www.notibras.com\/site\/\",\"logo\":{\"@type\":\"ImageObject\",\"inLanguage\":\"pt-BR\",\"@id\":\"https:\/\/www.notibras.com\/site\/#\/schema\/logo\/image\/\",\"url\":\"https:\/\/www.notibras.com\/site\/wp-content\/uploads\/2023\/01\/notibras23.png\",\"contentUrl\":\"https:\/\/www.notibras.com\/site\/wp-content\/uploads\/2023\/01\/notibras23.png\",\"width\":350,\"height\":87,\"caption\":\"Grupo Notibras de Comunica\u00e7\u00e3o\"},\"image\":{\"@id\":\"https:\/\/www.notibras.com\/site\/#\/schema\/logo\/image\/\"},\"sameAs\":[\"https:\/\/www.facebook.com\/notibras\/\",\"https:\/\/x.com\/Notibras\",\"https:\/\/www.instagram.com\/notibras\/\"]},{\"@type\":\"Person\",\"@id\":\"https:\/\/www.notibras.com\/site\/#\/schema\/person\/36ab0979449956132d3e5b517ea76ac8\",\"name\":\"Reda\u00e7\u00e3o\",\"image\":{\"@type\":\"ImageObject\",\"inLanguage\":\"pt-BR\",\"@id\":\"https:\/\/secure.gravatar.com\/avatar\/e0a867bdedb85fd243eadf09663511f96fc81e0720a4a42581f334ad4303aa6b?s=96&d=mm&r=g\",\"url\":\"https:\/\/secure.gravatar.com\/avatar\/e0a867bdedb85fd243eadf09663511f96fc81e0720a4a42581f334ad4303aa6b?s=96&d=mm&r=g\",\"contentUrl\":\"https:\/\/secure.gravatar.com\/avatar\/e0a867bdedb85fd243eadf09663511f96fc81e0720a4a42581f334ad4303aa6b?s=96&d=mm&r=g\",\"caption\":\"Reda\u00e7\u00e3o\"}}]}<\/script>\n<!-- \/ Yoast SEO plugin. -->","yoast_head_json":{"title":"Alemanha e Argentina fazem final; Brasil e Holanda disputam 3\u00ba lugar - Notibras","robots":{"index":"index","follow":"follow","max-snippet":"max-snippet:-1","max-image-preview":"max-image-preview:large","max-video-preview":"max-video-preview:-1"},"canonical":"https:\/\/www.notibras.com\/site\/alemanha-e-argentina-fazem-final-brasil-e-holanda-diaputam-3o-lugar\/","og_locale":"pt_BR","og_type":"article","og_title":"Alemanha e Argentina fazem final; Brasil e Holanda disputam 3\u00ba lugar - Notibras","og_description":"Ap\u00f3s um insistente 0 a 0 no tempo regulamentar e na prorroga\u00e7\u00e3o, a Argentina derrotou nos p\u00eanaltis (4-2) a Holanda em S\u00e3o Paulo, nesta quarta-feira pelas semifinais da Copa do Mundo, e se classificou para enfrentar a Alemanha no Maracan\u00e3, na final do Mundial no Brasil. N\u00e3o houve jeito de desempatar holandeses e argentinos com [&hellip;]","og_url":"https:\/\/www.notibras.com\/site\/alemanha-e-argentina-fazem-final-brasil-e-holanda-diaputam-3o-lugar\/","og_site_name":"Notibras","article_publisher":"https:\/\/www.facebook.com\/notibras\/","article_published_time":"2014-07-09T23:51:43+00:00","article_modified_time":"2014-07-10T13:58:08+00:00","og_image":[{"width":2560,"height":1674,"url":"https:\/\/www.notibras.com\/site\/wp-content\/uploads\/2014\/07\/34argentinaholandaafppedro-ugarte-scaled.jpg","type":"image\/jpeg"}],"author":"Reda\u00e7\u00e3o","twitter_card":"summary_large_image","twitter_creator":"@Notibras","twitter_site":"@Notibras","twitter_misc":{"Escrito por":"Reda\u00e7\u00e3o","Est. tempo de leitura":"4 minutos"},"schema":{"@context":"https:\/\/schema.org","@graph":[{"@type":"Article","@id":"https:\/\/www.notibras.com\/site\/alemanha-e-argentina-fazem-final-brasil-e-holanda-diaputam-3o-lugar\/#article","isPartOf":{"@id":"https:\/\/www.notibras.com\/site\/alemanha-e-argentina-fazem-final-brasil-e-holanda-diaputam-3o-lugar\/"},"author":{"name":"Reda\u00e7\u00e3o","@id":"https:\/\/www.notibras.com\/site\/#\/schema\/person\/36ab0979449956132d3e5b517ea76ac8"},"headline":"Alemanha e Argentina fazem final; Brasil e Holanda disputam 3\u00ba lugar","datePublished":"2014-07-09T23:51:43+00:00","dateModified":"2014-07-10T13:58:08+00:00","mainEntityOfPage":{"@id":"https:\/\/www.notibras.com\/site\/alemanha-e-argentina-fazem-final-brasil-e-holanda-diaputam-3o-lugar\/"},"wordCount":805,"commentCount":0,"publisher":{"@id":"https:\/\/www.notibras.com\/site\/#organization"},"image":{"@id":"https:\/\/www.notibras.com\/site\/alemanha-e-argentina-fazem-final-brasil-e-holanda-diaputam-3o-lugar\/#primaryimage"},"thumbnailUrl":"https:\/\/www.notibras.com\/site\/wp-content\/uploads\/2014\/07\/34argentinaholandaafppedro-ugarte-scaled.jpg","articleSection":["Esportes"],"inLanguage":"pt-BR","potentialAction":[{"@type":"CommentAction","name":"Comment","target":["https:\/\/www.notibras.com\/site\/alemanha-e-argentina-fazem-final-brasil-e-holanda-diaputam-3o-lugar\/#respond"]}]},{"@type":"WebPage","@id":"https:\/\/www.notibras.com\/site\/alemanha-e-argentina-fazem-final-brasil-e-holanda-diaputam-3o-lugar\/","url":"https:\/\/www.notibras.com\/site\/alemanha-e-argentina-fazem-final-brasil-e-holanda-diaputam-3o-lugar\/","name":"Alemanha e Argentina fazem final; Brasil e Holanda disputam 3\u00ba lugar - Notibras","isPartOf":{"@id":"https:\/\/www.notibras.com\/site\/#website"},"primaryImageOfPage":{"@id":"https:\/\/www.notibras.com\/site\/alemanha-e-argentina-fazem-final-brasil-e-holanda-diaputam-3o-lugar\/#primaryimage"},"image":{"@id":"https:\/\/www.notibras.com\/site\/alemanha-e-argentina-fazem-final-brasil-e-holanda-diaputam-3o-lugar\/#primaryimage"},"thumbnailUrl":"https:\/\/www.notibras.com\/site\/wp-content\/uploads\/2014\/07\/34argentinaholandaafppedro-ugarte-scaled.jpg","datePublished":"2014-07-09T23:51:43+00:00","dateModified":"2014-07-10T13:58:08+00:00","breadcrumb":{"@id":"https:\/\/www.notibras.com\/site\/alemanha-e-argentina-fazem-final-brasil-e-holanda-diaputam-3o-lugar\/#breadcrumb"},"inLanguage":"pt-BR","potentialAction":[{"@type":"ReadAction","target":["https:\/\/www.notibras.com\/site\/alemanha-e-argentina-fazem-final-brasil-e-holanda-diaputam-3o-lugar\/"]}]},{"@type":"ImageObject","inLanguage":"pt-BR","@id":"https:\/\/www.notibras.com\/site\/alemanha-e-argentina-fazem-final-brasil-e-holanda-diaputam-3o-lugar\/#primaryimage","url":"https:\/\/www.notibras.com\/site\/wp-content\/uploads\/2014\/07\/34argentinaholandaafppedro-ugarte-scaled.jpg","contentUrl":"https:\/\/www.notibras.com\/site\/wp-content\/uploads\/2014\/07\/34argentinaholandaafppedro-ugarte-scaled.jpg","width":2560,"height":1674},{"@type":"BreadcrumbList","@id":"https:\/\/www.notibras.com\/site\/alemanha-e-argentina-fazem-final-brasil-e-holanda-diaputam-3o-lugar\/#breadcrumb","itemListElement":[{"@type":"ListItem","position":1,"name":"In\u00edcio","item":"https:\/\/www.notibras.com\/site\/"},{"@type":"ListItem","position":2,"name":"Alemanha e Argentina fazem final; Brasil e Holanda disputam 3\u00ba lugar"}]},{"@type":"WebSite","@id":"https:\/\/www.notibras.com\/site\/#website","url":"https:\/\/www.notibras.com\/site\/","name":"Notibras","description":"Not\u00edcias de Bras\u00edlia, do Brasil e do Mundo","publisher":{"@id":"https:\/\/www.notibras.com\/site\/#organization"},"potentialAction":[{"@type":"SearchAction","target":{"@type":"EntryPoint","urlTemplate":"https:\/\/www.notibras.com\/site\/?s={search_term_string}"},"query-input":{"@type":"PropertyValueSpecification","valueRequired":true,"valueName":"search_term_string"}}],"inLanguage":"pt-BR"},{"@type":"Organization","@id":"https:\/\/www.notibras.com\/site\/#organization","name":"Grupo Notibras de Comunica\u00e7\u00e3o","url":"https:\/\/www.notibras.com\/site\/","logo":{"@type":"ImageObject","inLanguage":"pt-BR","@id":"https:\/\/www.notibras.com\/site\/#\/schema\/logo\/image\/","url":"https:\/\/www.notibras.com\/site\/wp-content\/uploads\/2023\/01\/notibras23.png","contentUrl":"https:\/\/www.notibras.com\/site\/wp-content\/uploads\/2023\/01\/notibras23.png","width":350,"height":87,"caption":"Grupo Notibras de Comunica\u00e7\u00e3o"},"image":{"@id":"https:\/\/www.notibras.com\/site\/#\/schema\/logo\/image\/"},"sameAs":["https:\/\/www.facebook.com\/notibras\/","https:\/\/x.com\/Notibras","https:\/\/www.instagram.com\/notibras\/"]},{"@type":"Person","@id":"https:\/\/www.notibras.com\/site\/#\/schema\/person\/36ab0979449956132d3e5b517ea76ac8","name":"Reda\u00e7\u00e3o","image":{"@type":"ImageObject","inLanguage":"pt-BR","@id":"https:\/\/secure.gravatar.com\/avatar\/e0a867bdedb85fd243eadf09663511f96fc81e0720a4a42581f334ad4303aa6b?s=96&d=mm&r=g","url":"https:\/\/secure.gravatar.com\/avatar\/e0a867bdedb85fd243eadf09663511f96fc81e0720a4a42581f334ad4303aa6b?s=96&d=mm&r=g","contentUrl":"https:\/\/secure.gravatar.com\/avatar\/e0a867bdedb85fd243eadf09663511f96fc81e0720a4a42581f334ad4303aa6b?s=96&d=mm&r=g","caption":"Reda\u00e7\u00e3o"}}]}},"amp_enabled":true,"_links":{"self":[{"href":"https:\/\/www.notibras.com\/site\/wp-json\/wp\/v2\/posts\/15804","targetHints":{"allow":["GET"]}}],"collection":[{"href":"https:\/\/www.notibras.com\/site\/wp-json\/wp\/v2\/posts"}],"about":[{"href":"https:\/\/www.notibras.com\/site\/wp-json\/wp\/v2\/types\/post"}],"author":[{"embeddable":true,"href":"https:\/\/www.notibras.com\/site\/wp-json\/wp\/v2\/users\/2"}],"replies":[{"embeddable":true,"href":"https:\/\/www.notibras.com\/site\/wp-json\/wp\/v2\/comments?post=15804"}],"version-history":[{"count":0,"href":"https:\/\/www.notibras.com\/site\/wp-json\/wp\/v2\/posts\/15804\/revisions"}],"wp:featuredmedia":[{"embeddable":true,"href":"https:\/\/www.notibras.com\/site\/wp-json\/wp\/v2\/media\/15805"}],"wp:attachment":[{"href":"https:\/\/www.notibras.com\/site\/wp-json\/wp\/v2\/media?parent=15804"}],"wp:term":[{"taxonomy":"category","embeddable":true,"href":"https:\/\/www.notibras.com\/site\/wp-json\/wp\/v2\/categories?post=15804"},{"taxonomy":"post_tag","embeddable":true,"href":"https:\/\/www.notibras.com\/site\/wp-json\/wp\/v2\/tags?post=15804"}],"curies":[{"name":"wp","href":"https:\/\/api.w.org\/{rel}","templated":true}]}}