{"id":15822,"date":"2014-07-09T22:57:24","date_gmt":"2014-07-10T01:57:24","guid":{"rendered":"http:\/\/www.notibras.com\/site\/?p=15822"},"modified":"2014-07-09T22:57:24","modified_gmt":"2014-07-10T01:57:24","slug":"reforma-politica-serve-de-tabua-da-salvacao-para-a-democracia","status":"publish","type":"post","link":"https:\/\/www.notibras.com\/site\/reforma-politica-serve-de-tabua-da-salvacao-para-a-democracia\/","title":{"rendered":"Reforma pol\u00edtica serve de t\u00e1bua da salva\u00e7\u00e3o para a democracia"},"content":{"rendered":"<p>Encerrado o prazo para o registro das candidaturas, os partidos apresentaram suas estimativas de gastos na campanha presidencial de 2014. As cifras s\u00e3o assustadoras e comprovam que a democracia brasileira exige, com urg\u00eancia, uma profunda reforma pol\u00edtica. Do contr\u00e1rio, o poder do dinheiro vai desfigur\u00e1-la por completo.<\/p>\n<p>De acordo com os dados disponibilizados, os custos da disputa sucess\u00f3ria deste ano chegam a R$ 916,7 milh\u00f5es. As campanhas mais caras s\u00e3o as de Dilma Rousseff, que tenta a reelei\u00e7\u00e3o, e a de A\u00e9cio Neves, o cambaleante presidenci\u00e1vel do PSDB \u2013 a primeira estimada em R$ 298 milh\u00f5es e a segunda, em R$ 290 milh\u00f5es. Confira abaixo a previs\u00e3o de gastos dos candidatos:<\/p>\n<p>1- Dilma Rousseff (PT): R$ 298 milh\u00f5es<\/p>\n<p>2- A\u00e9cio Neves (PSDB): R$ 290 milh\u00f5es<\/p>\n<p>3- Eduardo Campos (PSB): R$ 150 milh\u00f5es<\/p>\n<p>4- Eduardo Jorge (PV): R$ 90 milh\u00f5es<\/p>\n<p>5- Pastor Everaldo (PSC): R$ 50 milh\u00f5es<\/p>\n<p>6- Eymael (PSDC): R$ 25 milh\u00f5es<\/p>\n<p>7- Levy Fid\u00e9lix (PRTB): R$ 12 milh\u00f5es<\/p>\n<p>8- Luciana Genro (PSOL): R$ 900 mil<\/p>\n<p>9- Z\u00e9 Maria (PSTU): R$ 400 mil<\/p>\n<p>10- Rui Costa Pimenta (PCO): R$ 300 mil<\/p>\n<p>11- Mauro Iasi (PCB): R$ 100 mil<\/p>\n<p>Nas elei\u00e7\u00f5es presidenciais de 2010, o PT fixou inicialmente o gasto de R$ 157 milh\u00f5es no primeiro turno, valor que foi alterado para R$ 191 milh\u00f5es, com a ida de Dilma Rousseff ao segundo turno. A campanha do ent\u00e3o candidato Jos\u00e9 Serra (PSDB) registrou custo de R$ 180 milh\u00f5es \u2013 que tamb\u00e9m foi revisto na sequ\u00eancia.<\/p>\n<p>Agora, os dois partidos elevaram suas estimativas e as campanhas dos 11 presidenci\u00e1veis beiram R$ 1 bilh\u00e3o de gastos apenas no primeiro turno. O grosso desta grana ser\u00e1 gasto nos programas eleitorais que ir\u00e3o ao ar, em rede nacional de r\u00e1dio e tev\u00ea, a partir de agosto. Viagens pelo Brasil, com\u00edcios em centenas de cidades e outras atividades abocanhar\u00e3o o restante destes recursos.<\/p>\n<blockquote><p>Afora a disputa presidencial, o Brasil tamb\u00e9m ter\u00e1 em outubro elei\u00e7\u00f5es de governadores, senadores, deputados federais e estaduais. O volume de grana ser\u00e1 ainda maior. Em 2010 foram declarados gastos de R$ 3,23 bilh\u00f5es no conjunto destas campanhas. A tend\u00eancia agora \u00e9 de mais do dobro de custos \u2013 cerca de R$ 6 bilh\u00f5es. Apenas no pleito ao governado de S\u00e3o Paulo, Paulo Skaf (PMDB) registrou gasto de R$ 95 milh\u00f5es; Alexandre Padilha (PT) definiu seu teto em R$ 92 milh\u00f5es; e Geraldo Alckmin (PSDB) declarou gastos de at\u00e9 R$ 90 milh\u00f5es para a sua reelei\u00e7\u00e3o. Todas estas cifras contabilizam somente os recursos oficiais da campanha. N\u00e3o incluem o famoso Caixa-2, que n\u00e3o \u00e9 registrado nos tribunais regionais e \u00e9 considerado crime.<\/p><\/blockquote>\n<p>Com o atual sistema eleitoral e num pa\u00eds de dimens\u00f5es continentais n\u00e3o d\u00e1 para escapar destes gastos milion\u00e1rios \u2013 a n\u00e3o ser que se pretenda apenas marcar posi\u00e7\u00e3o na disputa. O problema \u00e9 que esta fortuna desfigura a democracia, que se aparta ainda mais da sociedade. Com o tempo, a disputa eleitoral se torna cada vez mais elitista, num t\u00edpica democracia dos rica\u00e7os. Al\u00e9m disso, a maior parte destes recursos \u00e9 financiada por poderosas empresas, que t\u00eam seus interesses pol\u00edticos e econ\u00f4micos nas elei\u00e7\u00f5es. Como ningu\u00e9m doa dinheiro de gra\u00e7a, esta grana ser\u00e1 cobrada dos futuros governantes e legisladores. O resultado \u00e9 a cria\u00e7\u00e3o de um terreno prop\u00edcio para a corrup\u00e7\u00e3o.<\/p>\n<p>V\u00e1rios setores da sociedade j\u00e1 perceberam que \u00e9 preciso alterar urgentemente este quadro para salvar a democracia brasileira. OAB, CNBB, UNE, centrais sindicais e v\u00e1rios outros movimentos sociais apresentaram um projeto de reforma pol\u00edtica que tem como centro o financiamento p\u00fablico das elei\u00e7\u00f5es. No mesmo rumo, est\u00e1 em curso no pa\u00eds a campanha pela convoca\u00e7\u00e3o do plebiscito para a Constituinte da reforma pol\u00edtica, que visa elevar a consci\u00eancia pol\u00edtica da sociedade e aumentar a press\u00e3o sobre o Congresso Nacional. O financiamento p\u00fablico exclusivo n\u00e3o corrigir\u00e1 todas as distor\u00e7\u00f5es do sistema eleitoral numa democracia liberal, mas servir\u00e1 ao menos para minimizar o poder do dinheiro nas elei\u00e7\u00f5es.<\/p>\n<p><strong>Altamiro Borges<\/strong><\/p>\n","protected":false},"excerpt":{"rendered":"<p>Encerrado o prazo para o registro das candidaturas, os partidos apresentaram suas estimativas de gastos na campanha presidencial de 2014. As cifras s\u00e3o assustadoras e comprovam que a democracia brasileira exige, com urg\u00eancia, uma profunda reforma pol\u00edtica. Do contr\u00e1rio, o poder do dinheiro vai desfigur\u00e1-la por completo. De acordo com os dados disponibilizados, os custos [&hellip;]<\/p>\n","protected":false},"author":2,"featured_media":15823,"comment_status":"open","ping_status":"closed","sticky":false,"template":"","format":"standard","meta":{"_acf_changed":false,"footnotes":""},"categories":[25],"tags":[],"class_list":["post-15822","post","type-post","status-publish","format-standard","has-post-thumbnail","hentry","category-opina-ai"],"acf":[],"yoast_head":"<!-- This site is optimized with the Yoast SEO plugin v27.5 - https:\/\/yoast.com\/product\/yoast-seo-wordpress\/ -->\n<title>Reforma pol\u00edtica serve de t\u00e1bua da salva\u00e7\u00e3o para a democracia - Notibras<\/title>\n<meta name=\"robots\" content=\"index, follow, max-snippet:-1, max-image-preview:large, max-video-preview:-1\" \/>\n<link rel=\"canonical\" href=\"https:\/\/www.notibras.com\/site\/reforma-politica-serve-de-tabua-da-salvacao-para-a-democracia\/\" \/>\n<meta property=\"og:locale\" content=\"pt_BR\" \/>\n<meta property=\"og:type\" content=\"article\" \/>\n<meta property=\"og:title\" content=\"Reforma pol\u00edtica serve de t\u00e1bua da salva\u00e7\u00e3o para a democracia - Notibras\" \/>\n<meta property=\"og:description\" content=\"Encerrado o prazo para o registro das candidaturas, os partidos apresentaram suas estimativas de gastos na campanha presidencial de 2014. As cifras s\u00e3o assustadoras e comprovam que a democracia brasileira exige, com urg\u00eancia, uma profunda reforma pol\u00edtica. Do contr\u00e1rio, o poder do dinheiro vai desfigur\u00e1-la por completo. De acordo com os dados disponibilizados, os custos [&hellip;]\" \/>\n<meta property=\"og:url\" content=\"https:\/\/www.notibras.com\/site\/reforma-politica-serve-de-tabua-da-salvacao-para-a-democracia\/\" \/>\n<meta property=\"og:site_name\" content=\"Notibras\" \/>\n<meta property=\"article:publisher\" content=\"https:\/\/www.facebook.com\/notibras\/\" \/>\n<meta property=\"article:published_time\" content=\"2014-07-10T01:57:24+00:00\" \/>\n<meta property=\"og:image\" content=\"https:\/\/www.notibras.com\/site\/wp-content\/uploads\/2014\/07\/130627-ReformaPol\u00edticaB.jpg\" \/>\n\t<meta property=\"og:image:width\" content=\"500\" \/>\n\t<meta property=\"og:image:height\" content=\"352\" \/>\n\t<meta property=\"og:image:type\" content=\"image\/jpeg\" \/>\n<meta name=\"author\" content=\"Reda\u00e7\u00e3o\" \/>\n<meta name=\"twitter:card\" content=\"summary_large_image\" \/>\n<meta name=\"twitter:creator\" content=\"@Notibras\" \/>\n<meta name=\"twitter:site\" content=\"@Notibras\" \/>\n<meta name=\"twitter:label1\" content=\"Escrito por\" \/>\n\t<meta name=\"twitter:data1\" content=\"Reda\u00e7\u00e3o\" \/>\n\t<meta name=\"twitter:label2\" content=\"Est. tempo de leitura\" \/>\n\t<meta name=\"twitter:data2\" content=\"3 minutos\" \/>\n<script type=\"application\/ld+json\" class=\"yoast-schema-graph\">{\"@context\":\"https:\\\/\\\/schema.org\",\"@graph\":[{\"@type\":\"Article\",\"@id\":\"https:\\\/\\\/www.notibras.com\\\/site\\\/reforma-politica-serve-de-tabua-da-salvacao-para-a-democracia\\\/#article\",\"isPartOf\":{\"@id\":\"https:\\\/\\\/www.notibras.com\\\/site\\\/reforma-politica-serve-de-tabua-da-salvacao-para-a-democracia\\\/\"},\"author\":{\"name\":\"Reda\u00e7\u00e3o\",\"@id\":\"https:\\\/\\\/www.notibras.com\\\/site\\\/#\\\/schema\\\/person\\\/36ab0979449956132d3e5b517ea76ac8\"},\"headline\":\"Reforma pol\u00edtica serve de t\u00e1bua da salva\u00e7\u00e3o para a democracia\",\"datePublished\":\"2014-07-10T01:57:24+00:00\",\"mainEntityOfPage\":{\"@id\":\"https:\\\/\\\/www.notibras.com\\\/site\\\/reforma-politica-serve-de-tabua-da-salvacao-para-a-democracia\\\/\"},\"wordCount\":704,\"commentCount\":0,\"publisher\":{\"@id\":\"https:\\\/\\\/www.notibras.com\\\/site\\\/#organization\"},\"image\":{\"@id\":\"https:\\\/\\\/www.notibras.com\\\/site\\\/reforma-politica-serve-de-tabua-da-salvacao-para-a-democracia\\\/#primaryimage\"},\"thumbnailUrl\":\"https:\\\/\\\/www.notibras.com\\\/site\\\/wp-content\\\/uploads\\\/2014\\\/07\\\/130627-ReformaPol\u00edticaB.jpg\",\"articleSection\":[\"Opina a\u00ed\"],\"inLanguage\":\"pt-BR\",\"potentialAction\":[{\"@type\":\"CommentAction\",\"name\":\"Comment\",\"target\":[\"https:\\\/\\\/www.notibras.com\\\/site\\\/reforma-politica-serve-de-tabua-da-salvacao-para-a-democracia\\\/#respond\"]}]},{\"@type\":\"WebPage\",\"@id\":\"https:\\\/\\\/www.notibras.com\\\/site\\\/reforma-politica-serve-de-tabua-da-salvacao-para-a-democracia\\\/\",\"url\":\"https:\\\/\\\/www.notibras.com\\\/site\\\/reforma-politica-serve-de-tabua-da-salvacao-para-a-democracia\\\/\",\"name\":\"Reforma pol\u00edtica serve de t\u00e1bua da salva\u00e7\u00e3o para a democracia - Notibras\",\"isPartOf\":{\"@id\":\"https:\\\/\\\/www.notibras.com\\\/site\\\/#website\"},\"primaryImageOfPage\":{\"@id\":\"https:\\\/\\\/www.notibras.com\\\/site\\\/reforma-politica-serve-de-tabua-da-salvacao-para-a-democracia\\\/#primaryimage\"},\"image\":{\"@id\":\"https:\\\/\\\/www.notibras.com\\\/site\\\/reforma-politica-serve-de-tabua-da-salvacao-para-a-democracia\\\/#primaryimage\"},\"thumbnailUrl\":\"https:\\\/\\\/www.notibras.com\\\/site\\\/wp-content\\\/uploads\\\/2014\\\/07\\\/130627-ReformaPol\u00edticaB.jpg\",\"datePublished\":\"2014-07-10T01:57:24+00:00\",\"breadcrumb\":{\"@id\":\"https:\\\/\\\/www.notibras.com\\\/site\\\/reforma-politica-serve-de-tabua-da-salvacao-para-a-democracia\\\/#breadcrumb\"},\"inLanguage\":\"pt-BR\",\"potentialAction\":[{\"@type\":\"ReadAction\",\"target\":[\"https:\\\/\\\/www.notibras.com\\\/site\\\/reforma-politica-serve-de-tabua-da-salvacao-para-a-democracia\\\/\"]}]},{\"@type\":\"ImageObject\",\"inLanguage\":\"pt-BR\",\"@id\":\"https:\\\/\\\/www.notibras.com\\\/site\\\/reforma-politica-serve-de-tabua-da-salvacao-para-a-democracia\\\/#primaryimage\",\"url\":\"https:\\\/\\\/www.notibras.com\\\/site\\\/wp-content\\\/uploads\\\/2014\\\/07\\\/130627-ReformaPol\u00edticaB.jpg\",\"contentUrl\":\"https:\\\/\\\/www.notibras.com\\\/site\\\/wp-content\\\/uploads\\\/2014\\\/07\\\/130627-ReformaPol\u00edticaB.jpg\",\"width\":500,\"height\":352},{\"@type\":\"BreadcrumbList\",\"@id\":\"https:\\\/\\\/www.notibras.com\\\/site\\\/reforma-politica-serve-de-tabua-da-salvacao-para-a-democracia\\\/#breadcrumb\",\"itemListElement\":[{\"@type\":\"ListItem\",\"position\":1,\"name\":\"In\u00edcio\",\"item\":\"https:\\\/\\\/www.notibras.com\\\/site\\\/\"},{\"@type\":\"ListItem\",\"position\":2,\"name\":\"Reforma pol\u00edtica serve de t\u00e1bua da salva\u00e7\u00e3o para a democracia\"}]},{\"@type\":\"WebSite\",\"@id\":\"https:\\\/\\\/www.notibras.com\\\/site\\\/#website\",\"url\":\"https:\\\/\\\/www.notibras.com\\\/site\\\/\",\"name\":\"Notibras\",\"description\":\"Not\u00edcias de Bras\u00edlia, do Brasil e do Mundo\",\"publisher\":{\"@id\":\"https:\\\/\\\/www.notibras.com\\\/site\\\/#organization\"},\"potentialAction\":[{\"@type\":\"SearchAction\",\"target\":{\"@type\":\"EntryPoint\",\"urlTemplate\":\"https:\\\/\\\/www.notibras.com\\\/site\\\/?s={search_term_string}\"},\"query-input\":{\"@type\":\"PropertyValueSpecification\",\"valueRequired\":true,\"valueName\":\"search_term_string\"}}],\"inLanguage\":\"pt-BR\"},{\"@type\":\"Organization\",\"@id\":\"https:\\\/\\\/www.notibras.com\\\/site\\\/#organization\",\"name\":\"Grupo Notibras de Comunica\u00e7\u00e3o\",\"url\":\"https:\\\/\\\/www.notibras.com\\\/site\\\/\",\"logo\":{\"@type\":\"ImageObject\",\"inLanguage\":\"pt-BR\",\"@id\":\"https:\\\/\\\/www.notibras.com\\\/site\\\/#\\\/schema\\\/logo\\\/image\\\/\",\"url\":\"https:\\\/\\\/www.notibras.com\\\/site\\\/wp-content\\\/uploads\\\/2023\\\/01\\\/notibras23.png\",\"contentUrl\":\"https:\\\/\\\/www.notibras.com\\\/site\\\/wp-content\\\/uploads\\\/2023\\\/01\\\/notibras23.png\",\"width\":350,\"height\":87,\"caption\":\"Grupo Notibras de Comunica\u00e7\u00e3o\"},\"image\":{\"@id\":\"https:\\\/\\\/www.notibras.com\\\/site\\\/#\\\/schema\\\/logo\\\/image\\\/\"},\"sameAs\":[\"https:\\\/\\\/www.facebook.com\\\/notibras\\\/\",\"https:\\\/\\\/x.com\\\/Notibras\",\"https:\\\/\\\/www.instagram.com\\\/notibras\\\/\"]},{\"@type\":\"Person\",\"@id\":\"https:\\\/\\\/www.notibras.com\\\/site\\\/#\\\/schema\\\/person\\\/36ab0979449956132d3e5b517ea76ac8\",\"name\":\"Reda\u00e7\u00e3o\",\"image\":{\"@type\":\"ImageObject\",\"inLanguage\":\"pt-BR\",\"@id\":\"https:\\\/\\\/secure.gravatar.com\\\/avatar\\\/e0a867bdedb85fd243eadf09663511f96fc81e0720a4a42581f334ad4303aa6b?s=96&d=mm&r=g\",\"url\":\"https:\\\/\\\/secure.gravatar.com\\\/avatar\\\/e0a867bdedb85fd243eadf09663511f96fc81e0720a4a42581f334ad4303aa6b?s=96&d=mm&r=g\",\"contentUrl\":\"https:\\\/\\\/secure.gravatar.com\\\/avatar\\\/e0a867bdedb85fd243eadf09663511f96fc81e0720a4a42581f334ad4303aa6b?s=96&d=mm&r=g\",\"caption\":\"Reda\u00e7\u00e3o\"}}]}<\/script>\n<!-- \/ Yoast SEO plugin. -->","yoast_head_json":{"title":"Reforma pol\u00edtica serve de t\u00e1bua da salva\u00e7\u00e3o para a democracia - Notibras","robots":{"index":"index","follow":"follow","max-snippet":"max-snippet:-1","max-image-preview":"max-image-preview:large","max-video-preview":"max-video-preview:-1"},"canonical":"https:\/\/www.notibras.com\/site\/reforma-politica-serve-de-tabua-da-salvacao-para-a-democracia\/","og_locale":"pt_BR","og_type":"article","og_title":"Reforma pol\u00edtica serve de t\u00e1bua da salva\u00e7\u00e3o para a democracia - Notibras","og_description":"Encerrado o prazo para o registro das candidaturas, os partidos apresentaram suas estimativas de gastos na campanha presidencial de 2014. As cifras s\u00e3o assustadoras e comprovam que a democracia brasileira exige, com urg\u00eancia, uma profunda reforma pol\u00edtica. Do contr\u00e1rio, o poder do dinheiro vai desfigur\u00e1-la por completo. De acordo com os dados disponibilizados, os custos [&hellip;]","og_url":"https:\/\/www.notibras.com\/site\/reforma-politica-serve-de-tabua-da-salvacao-para-a-democracia\/","og_site_name":"Notibras","article_publisher":"https:\/\/www.facebook.com\/notibras\/","article_published_time":"2014-07-10T01:57:24+00:00","og_image":[{"width":500,"height":352,"url":"https:\/\/www.notibras.com\/site\/wp-content\/uploads\/2014\/07\/130627-ReformaPol\u00edticaB.jpg","type":"image\/jpeg"}],"author":"Reda\u00e7\u00e3o","twitter_card":"summary_large_image","twitter_creator":"@Notibras","twitter_site":"@Notibras","twitter_misc":{"Escrito por":"Reda\u00e7\u00e3o","Est. tempo de leitura":"3 minutos"},"schema":{"@context":"https:\/\/schema.org","@graph":[{"@type":"Article","@id":"https:\/\/www.notibras.com\/site\/reforma-politica-serve-de-tabua-da-salvacao-para-a-democracia\/#article","isPartOf":{"@id":"https:\/\/www.notibras.com\/site\/reforma-politica-serve-de-tabua-da-salvacao-para-a-democracia\/"},"author":{"name":"Reda\u00e7\u00e3o","@id":"https:\/\/www.notibras.com\/site\/#\/schema\/person\/36ab0979449956132d3e5b517ea76ac8"},"headline":"Reforma pol\u00edtica serve de t\u00e1bua da salva\u00e7\u00e3o para a democracia","datePublished":"2014-07-10T01:57:24+00:00","mainEntityOfPage":{"@id":"https:\/\/www.notibras.com\/site\/reforma-politica-serve-de-tabua-da-salvacao-para-a-democracia\/"},"wordCount":704,"commentCount":0,"publisher":{"@id":"https:\/\/www.notibras.com\/site\/#organization"},"image":{"@id":"https:\/\/www.notibras.com\/site\/reforma-politica-serve-de-tabua-da-salvacao-para-a-democracia\/#primaryimage"},"thumbnailUrl":"https:\/\/www.notibras.com\/site\/wp-content\/uploads\/2014\/07\/130627-ReformaPol\u00edticaB.jpg","articleSection":["Opina a\u00ed"],"inLanguage":"pt-BR","potentialAction":[{"@type":"CommentAction","name":"Comment","target":["https:\/\/www.notibras.com\/site\/reforma-politica-serve-de-tabua-da-salvacao-para-a-democracia\/#respond"]}]},{"@type":"WebPage","@id":"https:\/\/www.notibras.com\/site\/reforma-politica-serve-de-tabua-da-salvacao-para-a-democracia\/","url":"https:\/\/www.notibras.com\/site\/reforma-politica-serve-de-tabua-da-salvacao-para-a-democracia\/","name":"Reforma pol\u00edtica serve de t\u00e1bua da salva\u00e7\u00e3o para a democracia - Notibras","isPartOf":{"@id":"https:\/\/www.notibras.com\/site\/#website"},"primaryImageOfPage":{"@id":"https:\/\/www.notibras.com\/site\/reforma-politica-serve-de-tabua-da-salvacao-para-a-democracia\/#primaryimage"},"image":{"@id":"https:\/\/www.notibras.com\/site\/reforma-politica-serve-de-tabua-da-salvacao-para-a-democracia\/#primaryimage"},"thumbnailUrl":"https:\/\/www.notibras.com\/site\/wp-content\/uploads\/2014\/07\/130627-ReformaPol\u00edticaB.jpg","datePublished":"2014-07-10T01:57:24+00:00","breadcrumb":{"@id":"https:\/\/www.notibras.com\/site\/reforma-politica-serve-de-tabua-da-salvacao-para-a-democracia\/#breadcrumb"},"inLanguage":"pt-BR","potentialAction":[{"@type":"ReadAction","target":["https:\/\/www.notibras.com\/site\/reforma-politica-serve-de-tabua-da-salvacao-para-a-democracia\/"]}]},{"@type":"ImageObject","inLanguage":"pt-BR","@id":"https:\/\/www.notibras.com\/site\/reforma-politica-serve-de-tabua-da-salvacao-para-a-democracia\/#primaryimage","url":"https:\/\/www.notibras.com\/site\/wp-content\/uploads\/2014\/07\/130627-ReformaPol\u00edticaB.jpg","contentUrl":"https:\/\/www.notibras.com\/site\/wp-content\/uploads\/2014\/07\/130627-ReformaPol\u00edticaB.jpg","width":500,"height":352},{"@type":"BreadcrumbList","@id":"https:\/\/www.notibras.com\/site\/reforma-politica-serve-de-tabua-da-salvacao-para-a-democracia\/#breadcrumb","itemListElement":[{"@type":"ListItem","position":1,"name":"In\u00edcio","item":"https:\/\/www.notibras.com\/site\/"},{"@type":"ListItem","position":2,"name":"Reforma pol\u00edtica serve de t\u00e1bua da salva\u00e7\u00e3o para a democracia"}]},{"@type":"WebSite","@id":"https:\/\/www.notibras.com\/site\/#website","url":"https:\/\/www.notibras.com\/site\/","name":"Notibras","description":"Not\u00edcias de Bras\u00edlia, do Brasil e do Mundo","publisher":{"@id":"https:\/\/www.notibras.com\/site\/#organization"},"potentialAction":[{"@type":"SearchAction","target":{"@type":"EntryPoint","urlTemplate":"https:\/\/www.notibras.com\/site\/?s={search_term_string}"},"query-input":{"@type":"PropertyValueSpecification","valueRequired":true,"valueName":"search_term_string"}}],"inLanguage":"pt-BR"},{"@type":"Organization","@id":"https:\/\/www.notibras.com\/site\/#organization","name":"Grupo Notibras de Comunica\u00e7\u00e3o","url":"https:\/\/www.notibras.com\/site\/","logo":{"@type":"ImageObject","inLanguage":"pt-BR","@id":"https:\/\/www.notibras.com\/site\/#\/schema\/logo\/image\/","url":"https:\/\/www.notibras.com\/site\/wp-content\/uploads\/2023\/01\/notibras23.png","contentUrl":"https:\/\/www.notibras.com\/site\/wp-content\/uploads\/2023\/01\/notibras23.png","width":350,"height":87,"caption":"Grupo Notibras de Comunica\u00e7\u00e3o"},"image":{"@id":"https:\/\/www.notibras.com\/site\/#\/schema\/logo\/image\/"},"sameAs":["https:\/\/www.facebook.com\/notibras\/","https:\/\/x.com\/Notibras","https:\/\/www.instagram.com\/notibras\/"]},{"@type":"Person","@id":"https:\/\/www.notibras.com\/site\/#\/schema\/person\/36ab0979449956132d3e5b517ea76ac8","name":"Reda\u00e7\u00e3o","image":{"@type":"ImageObject","inLanguage":"pt-BR","@id":"https:\/\/secure.gravatar.com\/avatar\/e0a867bdedb85fd243eadf09663511f96fc81e0720a4a42581f334ad4303aa6b?s=96&d=mm&r=g","url":"https:\/\/secure.gravatar.com\/avatar\/e0a867bdedb85fd243eadf09663511f96fc81e0720a4a42581f334ad4303aa6b?s=96&d=mm&r=g","contentUrl":"https:\/\/secure.gravatar.com\/avatar\/e0a867bdedb85fd243eadf09663511f96fc81e0720a4a42581f334ad4303aa6b?s=96&d=mm&r=g","caption":"Reda\u00e7\u00e3o"}}]}},"amp_enabled":true,"_links":{"self":[{"href":"https:\/\/www.notibras.com\/site\/wp-json\/wp\/v2\/posts\/15822","targetHints":{"allow":["GET"]}}],"collection":[{"href":"https:\/\/www.notibras.com\/site\/wp-json\/wp\/v2\/posts"}],"about":[{"href":"https:\/\/www.notibras.com\/site\/wp-json\/wp\/v2\/types\/post"}],"author":[{"embeddable":true,"href":"https:\/\/www.notibras.com\/site\/wp-json\/wp\/v2\/users\/2"}],"replies":[{"embeddable":true,"href":"https:\/\/www.notibras.com\/site\/wp-json\/wp\/v2\/comments?post=15822"}],"version-history":[{"count":0,"href":"https:\/\/www.notibras.com\/site\/wp-json\/wp\/v2\/posts\/15822\/revisions"}],"wp:featuredmedia":[{"embeddable":true,"href":"https:\/\/www.notibras.com\/site\/wp-json\/wp\/v2\/media\/15823"}],"wp:attachment":[{"href":"https:\/\/www.notibras.com\/site\/wp-json\/wp\/v2\/media?parent=15822"}],"wp:term":[{"taxonomy":"category","embeddable":true,"href":"https:\/\/www.notibras.com\/site\/wp-json\/wp\/v2\/categories?post=15822"},{"taxonomy":"post_tag","embeddable":true,"href":"https:\/\/www.notibras.com\/site\/wp-json\/wp\/v2\/tags?post=15822"}],"curies":[{"name":"wp","href":"https:\/\/api.w.org\/{rel}","templated":true}]}}