{"id":15888,"date":"2014-07-10T23:16:51","date_gmt":"2014-07-11T02:16:51","guid":{"rendered":"http:\/\/www.notibras.com\/site\/?p=15888"},"modified":"2014-07-11T00:20:05","modified_gmt":"2014-07-11T03:20:05","slug":"liberalismo-ou-imperialismo-o-que-esperar-apos-as-urnas","status":"publish","type":"post","link":"https:\/\/www.notibras.com\/site\/liberalismo-ou-imperialismo-o-que-esperar-apos-as-urnas\/","title":{"rendered":"Liberalismo ou imperialismo, o que esperar ap\u00f3s as urnas?"},"content":{"rendered":"<p>Ao nos ocuparmos das quest\u00f5es nacionais, n\u00e3o devemos nos precipitar, pois h\u00e1 pressa, e n\u00e3o se deve desperdi\u00e7ar tempo em assuntos e discuss\u00f5es de import\u00e2ncia secund\u00e1ria.\u00a0 A situa\u00e7\u00e3o \u00e9 grave demais para que se tire o foco do que interessa. Um tema que n\u00e3o deveria merecer gasto de nossa energia s\u00e3o as elei\u00e7\u00f5es presidenciais.<\/p>\n<p>Em artigo recente, \u201cElei\u00e7\u00f5es e Modelo Dependente\u201d, escrevi: \u201cO real sistema de poder manobra sempre para que todos os candidatos com chance de chegar ao 2\u00ba turno estejam comprometidos com a realiza\u00e7\u00e3o destes objetivos: ampliar e aprofundar a desnacionaliza\u00e7\u00e3o da economia, desindustrializ\u00e1-la, servir a d\u00edvida &#8211;\u00a0 inflada pela composi\u00e7\u00e3o de juros absurdos \u2013 e\u00a0 propiciar ganhos desmedidos \u00e0s grandes empresas transnacionais.<\/p>\n<blockquote><p>\u201dPortanto, com\u00a0 qualquer \u201celeito\u201d, a vit\u00f3ria ser\u00e1 do sistema imperial e de saqueio, comandado pela oligarquia financeira angloamericana, atrav\u00e9s de carteis transnacionais e coadjuvada por concentradores locais.<\/p><\/blockquote>\n<p>Sessenta anos de atraso tecnol\u00f3gico aumentando e crescente perda de autodetermina\u00e7\u00e3o pol\u00edtica e econ\u00f4mica geraram condi\u00e7\u00f5es deterioradas de vida no Pa\u00eds.<\/p>\n<p>Essa deteriora\u00e7\u00e3o tem sido acompanhada por doses maci\u00e7as de desinforma\u00e7\u00e3o, sendo a natural revolta popular manipulada por opositores diretamente vinculados \u00e0quela oligarquia financeira e principalmente por entidades controladas por esta, que agem para desestabilizar a presente ger\u00eancia petista.<\/p>\n<p>Esta, na verdade, atende ao sistema de poder da oligarquia, contra o qual a revolta deveria se dirigir.\u00a0 \u00c9 como culpar s\u00f3 o gerente do restaurante que manda servir alimentos estragados e que, se n\u00e3o o fizer, ser\u00e1 sumariamente demitido.<\/p>\n<p>De qualquer forma, n\u00e3o \u00e9 toler\u00e1vel\u00a0 a lesividade das\u00a0 pol\u00edticas do atual governo, como:<br \/>\n1) os leil\u00f5es do petr\u00f3leo;<br \/>\n2) o agravamento da situa\u00e7\u00e3o do setor de energia el\u00e9trica no quadro de um sistema predador, que se diz \u201cde mercado\u201d;<br \/>\n3) as parcerias p\u00fablico-privadas;<br \/>\n4)\u00a0 novas eleva\u00e7\u00f5es das absurdas taxas de juros dos t\u00edtulos p\u00fablicos, que sangram o Tesouro, em favor dos concentradores financeiros.<\/p>\n<p>H\u00e1 que denunciar tamb\u00e9m a continuidade:<br \/>\n1) das aliena\u00e7\u00f5es de terras usadas predatoriamente, em grandes plantations,\u00a0 para exporta\u00e7\u00e3o;<br \/>\n2) da extrema desnacionaliza\u00e7\u00e3o da economia;<br \/>\n3) do favorecimento aos carteis transnacionais, praticantes de pre\u00e7os extorsivos e de transfer\u00eancia;<br \/>\n4) da liberdade de exporta\u00e7\u00e3o, com baixa ou nula tributa\u00e7\u00e3o, de inestim\u00e1veis recursos minerais, preciosos\u00a0 e estrat\u00e9gicos, inclusive o ni\u00f3bio, em que o pouco caso com os interesses nacionais recebe o\u00a0 aval da CODEMIG,\u00a0 estadual de Minas Gerais.<\/p>\n<p>Entre os crimes mais graves das ger\u00eancias petistas est\u00e3o como os decretos e medidas para\u00a0 liberar as sementes transg\u00eanicas e os agrot\u00f3xicos a elas associados.\u00a0 A urgente proibi\u00e7\u00e3o dessas sementes tem de ser exigida nas mobiliza\u00e7\u00f5es populares sem as quais o processo de desintegra\u00e7\u00e3o do Pa\u00eds n\u00e3o ter\u00e1 solu\u00e7\u00e3o de continuidade.<\/p>\n<p>Mais de 800 cientistas de 82 pa\u00edses assinaram carta aberta, na qual pedem a suspens\u00e3o imediata das licen\u00e7as ambientais para cultivos transg\u00eanicos e produtos derivados, tanto comercialmente como em testes em campo aberto, durante ao menos cinco anos.<\/p>\n<blockquote><p>Eles proclamam: \u201cas patentes dos organismos vivos, dos processos, das sementes, das linhas de c\u00e9lulas e genes devem ser revogadas e proibidas.\u201d<\/p><\/blockquote>\n<p>Apontam agr\u00f4nomos e bi\u00f3logos: &#8220;Se as abelhas desaparecerem da face da Terra, a humanidade ter\u00e1 apenas mais quatro anos de exist\u00eancia. Sem abelhas n\u00e3o h\u00e1 poliniza\u00e7\u00e3o, nem reprodu\u00e7\u00e3o da flora; sem flora n\u00e3o h\u00e1 animais, sem animais, n\u00e3o haver\u00e1 ra\u00e7a humana.&#8221;<\/p>\n<p>Isso n\u00e3o \u00e9\u00a0 pouco, e\u00a0 h\u00e1 mais que isso. Os cientistas confirmam que os cultivos transg\u00eanicos prejudicam os agricultores, inclusive por envolver o\u00a0 aumento do uso de herbicidas e o empobrecimento do solo. Ademais, intensificam o monop\u00f3lio das grandes empresas sobre os alimentos, o que est\u00e1 levando os agricultores familiares \u00e0 mis\u00e9ria e impedindo a\u00a0 seguran\u00e7a alimentar e a sa\u00fade no mundo.<\/p>\n<p>At\u00e9 mesmo nos EUA e no Reino Unido, fontes do pr\u00f3prio Estado\u00a0 reconhecem o perigo dos transg\u00eanicos para a biodiversidade e a sa\u00fade humana e animal. A transfer\u00eancia horizontal de genes acarreta a difus\u00e3o de genes que tornam incur\u00e1veis as doen\u00e7as infecciosas e\u00a0 criam v\u00edrus e bact\u00e9rias causadores de doen\u00e7as e muta\u00e7\u00f5es capazes de provocar o c\u00e2ncer.<\/p>\n<p>Liberalismo ou imperialismo?<\/p>\n<p>A oligarquia financeira mundial tem investido no Brasil \u2013 durante mais de um s\u00e9culo, de forma crescente &#8211;\u00a0 na (de)forma\u00e7\u00e3o de opini\u00f5es e na deseduca\u00e7\u00e3o, gerando confus\u00e3o mental e animosidade entre grupos sociais e indiv\u00edduos, associadas a doutrinas e ideologias.<\/p>\n<p>Os saqueadores e seus adeptos &#8211;\u00a0 remunerados ou n\u00e3o &#8211;\u00a0 encobrem a verdadeira natureza das\u00a0 pol\u00edticas que realizam o saqueio imperial, fazendo que at\u00e9 mesmo os cr\u00edticos delas as qualifiquem de liberais e neoliberais.<\/p>\n<p>Esses nomes n\u00e3o costumam causar repulsa geral e at\u00e9\u00a0 exercem atra\u00e7\u00e3o sobre as pessoas que os associam a termos da mesma raiz, como \u201clivre\u201d , libert\u00e1rio\u201d, \u201cliberdade\u201d.\u00a0 Palavras\u00a0 bonitas e antigos ide\u00e1rios das revolu\u00e7\u00f5es francesa e norte-americana, que\u00a0 passaram a ser evocados por mentores das pol\u00edticas de escraviza\u00e7\u00e3o atrav\u00e9s da economia.<\/p>\n<p>Do mesmo modo que as oligarquias nos pa\u00edses centrais, os defensores, no Brasil,\u00a0 dos privil\u00e9gios aos carteis transnacionais e de seus contatos coloniais ou semicoloniais tamb\u00e9m se dizem e s\u00e3o chamados de (neo)liberais.<\/p>\n<p>Ent\u00e3o, o que, na realidade, n\u00e3o passa de mera apropria\u00e7\u00e3o dos recursos naturais e dos frutos do trabalho de um pa\u00eds, fica sendo discutido como se fosse quest\u00e3o doutrin\u00e1ria.<\/p>\n<p>O engodo \u00e9 ainda maior, porque se atribui aos liberais ser contr\u00e1rios \u00e0 interven\u00e7\u00e3o do Estado, e porque a grande maioria das pessoas ignora que atualmente, na maioria dos pa\u00edses, o Estado \u00e9 controlado pela oligarquia e que ele interv\u00e9m, em favor desta, nas finan\u00e7as e na economia.<\/p>\n<p>Por causa disso &#8211; mas sem que o p\u00fablico perceba que \u00e9 por isso &#8211;\u00a0 o\u00a0 Estado comporta-se como insaci\u00e1vel coletor de impostos e taxas, sem prestar servi\u00e7os, nem investir bem, nem assegurar direitos sociais b\u00e1sicos.<\/p>\n<p>A pr\u00f3pria incompet\u00eancia adrede instalada no Estado, serviu para fazer aumentar ainda mais a concentra\u00e7\u00e3o predadora, atrav\u00e9s das privatiza\u00e7\u00f5es.<\/p>\n<p>Essas est\u00e3o sendo desfeitas em alguns pa\u00edses como R\u00fassia e Fran\u00e7a, enquanto no\u00a0 Brasil o Estado s\u00f3 aumenta de tamanho como repassador de recursos a concentradores estrangeiros e locais.<\/p>\n<p>Antes, tivemos excelentes avan\u00e7os tecnol\u00f3gicos em estatais, mas elas foram sendo minadas para \u201cjustificar\u201d as privatiza\u00e7\u00f5es. Tudo em nome da \u201clivre\u201d iniciativa, na qual\u00a0 carteis e monop\u00f3lios sufocam a iniciativa, impedem a concorr\u00eancia e apropriam-se das poucas tecnologias n\u00e3o impedidas de surgir.<\/p>\n<p>Entretanto, nenhum pa\u00eds se desenvolveu sem a lideran\u00e7a do Estado, o \u00fanico instrumento de a sociedade organizar-se para evoluir e defender-se, papel que ainda desempenha em alguns pa\u00edses, ainda que nem sempre a contento geral.<\/p>\n<p>Sem o Estado a seu servi\u00e7o, a sociedade\u00a0 transforma-se em massa amorfa, composta por indiv\u00edduos sem personalidade e sem liberdade alguma, como ocorre no grande n\u00famero de pa\u00edses dominados pela oligarquia financeira mundial, inclusive em suas sedes &#8211;\u00a0\u00a0 EUA, Reino Unido.<\/p>\n<p>Assim, as institui\u00e7\u00f5es formalmente democr\u00e1ticas, mesmo quando n\u00e3o violadas por desestabiliza\u00e7\u00f5es e golpes de Estado, ficam sob controle daquela oligarquia. Os \u201cgovernantes\u201d s\u00e3o prepostos ou acuados.<\/p>\n<p>De fato, n\u00e3o existe democracia sob regimes que n\u00e3o estabelecem limite \u00e0 concentra\u00e7\u00e3o econ\u00f4mico-financeira.\u00a0 A falsa que temos aqui leva \u00e0 convuls\u00e3o, com chance de o que vier depois, levar \u00e0 guerra civil, \u00e0 desintegra\u00e7\u00e3o e a ainda maior submiss\u00e3o ao imp\u00e9rio mundial.<\/p>\n<p>Portanto, nossa sobreviv\u00eancia depende de os brasileiros n\u00e3o mais se deixarem pautar pela\u00a0 agenda e pelos conceitos do imp\u00e9rio. S\u00f3 come\u00e7ar\u00e1 a ser viabilizada, quando a consci\u00eancia dos fatos deixar de ser obscurecida por ideologias,\u00a0 e quando os brasileiros deixarem de repelir-se entre si por diverg\u00eancias de opini\u00e3o, inclusive esquerda ou direita.<\/p>\n<p><strong>Adriano Benayon<\/strong><\/p>\n","protected":false},"excerpt":{"rendered":"<p>Ao nos ocuparmos das quest\u00f5es nacionais, n\u00e3o devemos nos precipitar, pois h\u00e1 pressa, e n\u00e3o se deve desperdi\u00e7ar tempo em assuntos e discuss\u00f5es de import\u00e2ncia secund\u00e1ria.\u00a0 A situa\u00e7\u00e3o \u00e9 grave demais para que se tire o foco do que interessa. Um tema que n\u00e3o deveria merecer gasto de nossa energia s\u00e3o as elei\u00e7\u00f5es presidenciais. Em [&hellip;]<\/p>\n","protected":false},"author":2,"featured_media":15889,"comment_status":"open","ping_status":"closed","sticky":false,"template":"","format":"standard","meta":{"_acf_changed":false,"footnotes":""},"categories":[25],"tags":[],"class_list":["post-15888","post","type-post","status-publish","format-standard","has-post-thumbnail","hentry","category-opina-ai"],"acf":[],"yoast_head":"<!-- This site is optimized with the Yoast SEO plugin v27.5 - https:\/\/yoast.com\/product\/yoast-seo-wordpress\/ -->\n<title>Liberalismo ou imperialismo, o que esperar ap\u00f3s as urnas? - Notibras<\/title>\n<meta name=\"robots\" content=\"index, follow, max-snippet:-1, max-image-preview:large, max-video-preview:-1\" \/>\n<link rel=\"canonical\" href=\"https:\/\/www.notibras.com\/site\/liberalismo-ou-imperialismo-o-que-esperar-apos-as-urnas\/\" \/>\n<meta property=\"og:locale\" content=\"pt_BR\" \/>\n<meta property=\"og:type\" content=\"article\" \/>\n<meta property=\"og:title\" content=\"Liberalismo ou imperialismo, o que esperar ap\u00f3s as urnas? - Notibras\" \/>\n<meta property=\"og:description\" content=\"Ao nos ocuparmos das quest\u00f5es nacionais, n\u00e3o devemos nos precipitar, pois h\u00e1 pressa, e n\u00e3o se deve desperdi\u00e7ar tempo em assuntos e discuss\u00f5es de import\u00e2ncia secund\u00e1ria.\u00a0 A situa\u00e7\u00e3o \u00e9 grave demais para que se tire o foco do que interessa. Um tema que n\u00e3o deveria merecer gasto de nossa energia s\u00e3o as elei\u00e7\u00f5es presidenciais. Em [&hellip;]\" \/>\n<meta property=\"og:url\" content=\"https:\/\/www.notibras.com\/site\/liberalismo-ou-imperialismo-o-que-esperar-apos-as-urnas\/\" \/>\n<meta property=\"og:site_name\" content=\"Notibras\" \/>\n<meta property=\"article:publisher\" content=\"https:\/\/www.facebook.com\/notibras\/\" \/>\n<meta property=\"article:published_time\" content=\"2014-07-11T02:16:51+00:00\" \/>\n<meta property=\"article:modified_time\" content=\"2014-07-11T03:20:05+00:00\" \/>\n<meta property=\"og:image\" content=\"https:\/\/www.notibras.com\/site\/wp-content\/uploads\/2014\/07\/op.jpg\" \/>\n\t<meta property=\"og:image:width\" content=\"1600\" \/>\n\t<meta property=\"og:image:height\" content=\"1063\" \/>\n\t<meta property=\"og:image:type\" content=\"image\/jpeg\" \/>\n<meta name=\"author\" content=\"Reda\u00e7\u00e3o\" \/>\n<meta name=\"twitter:card\" content=\"summary_large_image\" \/>\n<meta name=\"twitter:creator\" content=\"@Notibras\" \/>\n<meta name=\"twitter:site\" content=\"@Notibras\" \/>\n<meta name=\"twitter:label1\" content=\"Escrito por\" \/>\n\t<meta name=\"twitter:data1\" content=\"Reda\u00e7\u00e3o\" \/>\n\t<meta name=\"twitter:label2\" content=\"Est. tempo de leitura\" \/>\n\t<meta name=\"twitter:data2\" content=\"7 minutos\" \/>\n<script type=\"application\/ld+json\" class=\"yoast-schema-graph\">{\"@context\":\"https:\\\/\\\/schema.org\",\"@graph\":[{\"@type\":\"Article\",\"@id\":\"https:\\\/\\\/www.notibras.com\\\/site\\\/liberalismo-ou-imperialismo-o-que-esperar-apos-as-urnas\\\/#article\",\"isPartOf\":{\"@id\":\"https:\\\/\\\/www.notibras.com\\\/site\\\/liberalismo-ou-imperialismo-o-que-esperar-apos-as-urnas\\\/\"},\"author\":{\"name\":\"Reda\u00e7\u00e3o\",\"@id\":\"https:\\\/\\\/www.notibras.com\\\/site\\\/#\\\/schema\\\/person\\\/36ab0979449956132d3e5b517ea76ac8\"},\"headline\":\"Liberalismo ou imperialismo, o que esperar ap\u00f3s as urnas?\",\"datePublished\":\"2014-07-11T02:16:51+00:00\",\"dateModified\":\"2014-07-11T03:20:05+00:00\",\"mainEntityOfPage\":{\"@id\":\"https:\\\/\\\/www.notibras.com\\\/site\\\/liberalismo-ou-imperialismo-o-que-esperar-apos-as-urnas\\\/\"},\"wordCount\":1371,\"commentCount\":0,\"publisher\":{\"@id\":\"https:\\\/\\\/www.notibras.com\\\/site\\\/#organization\"},\"image\":{\"@id\":\"https:\\\/\\\/www.notibras.com\\\/site\\\/liberalismo-ou-imperialismo-o-que-esperar-apos-as-urnas\\\/#primaryimage\"},\"thumbnailUrl\":\"https:\\\/\\\/www.notibras.com\\\/site\\\/wp-content\\\/uploads\\\/2014\\\/07\\\/op.jpg\",\"articleSection\":[\"Opina a\u00ed\"],\"inLanguage\":\"pt-BR\",\"potentialAction\":[{\"@type\":\"CommentAction\",\"name\":\"Comment\",\"target\":[\"https:\\\/\\\/www.notibras.com\\\/site\\\/liberalismo-ou-imperialismo-o-que-esperar-apos-as-urnas\\\/#respond\"]}]},{\"@type\":\"WebPage\",\"@id\":\"https:\\\/\\\/www.notibras.com\\\/site\\\/liberalismo-ou-imperialismo-o-que-esperar-apos-as-urnas\\\/\",\"url\":\"https:\\\/\\\/www.notibras.com\\\/site\\\/liberalismo-ou-imperialismo-o-que-esperar-apos-as-urnas\\\/\",\"name\":\"Liberalismo ou imperialismo, o que esperar ap\u00f3s as urnas? - Notibras\",\"isPartOf\":{\"@id\":\"https:\\\/\\\/www.notibras.com\\\/site\\\/#website\"},\"primaryImageOfPage\":{\"@id\":\"https:\\\/\\\/www.notibras.com\\\/site\\\/liberalismo-ou-imperialismo-o-que-esperar-apos-as-urnas\\\/#primaryimage\"},\"image\":{\"@id\":\"https:\\\/\\\/www.notibras.com\\\/site\\\/liberalismo-ou-imperialismo-o-que-esperar-apos-as-urnas\\\/#primaryimage\"},\"thumbnailUrl\":\"https:\\\/\\\/www.notibras.com\\\/site\\\/wp-content\\\/uploads\\\/2014\\\/07\\\/op.jpg\",\"datePublished\":\"2014-07-11T02:16:51+00:00\",\"dateModified\":\"2014-07-11T03:20:05+00:00\",\"breadcrumb\":{\"@id\":\"https:\\\/\\\/www.notibras.com\\\/site\\\/liberalismo-ou-imperialismo-o-que-esperar-apos-as-urnas\\\/#breadcrumb\"},\"inLanguage\":\"pt-BR\",\"potentialAction\":[{\"@type\":\"ReadAction\",\"target\":[\"https:\\\/\\\/www.notibras.com\\\/site\\\/liberalismo-ou-imperialismo-o-que-esperar-apos-as-urnas\\\/\"]}]},{\"@type\":\"ImageObject\",\"inLanguage\":\"pt-BR\",\"@id\":\"https:\\\/\\\/www.notibras.com\\\/site\\\/liberalismo-ou-imperialismo-o-que-esperar-apos-as-urnas\\\/#primaryimage\",\"url\":\"https:\\\/\\\/www.notibras.com\\\/site\\\/wp-content\\\/uploads\\\/2014\\\/07\\\/op.jpg\",\"contentUrl\":\"https:\\\/\\\/www.notibras.com\\\/site\\\/wp-content\\\/uploads\\\/2014\\\/07\\\/op.jpg\",\"width\":1600,\"height\":1063},{\"@type\":\"BreadcrumbList\",\"@id\":\"https:\\\/\\\/www.notibras.com\\\/site\\\/liberalismo-ou-imperialismo-o-que-esperar-apos-as-urnas\\\/#breadcrumb\",\"itemListElement\":[{\"@type\":\"ListItem\",\"position\":1,\"name\":\"In\u00edcio\",\"item\":\"https:\\\/\\\/www.notibras.com\\\/site\\\/\"},{\"@type\":\"ListItem\",\"position\":2,\"name\":\"Liberalismo ou imperialismo, o que esperar ap\u00f3s as urnas?\"}]},{\"@type\":\"WebSite\",\"@id\":\"https:\\\/\\\/www.notibras.com\\\/site\\\/#website\",\"url\":\"https:\\\/\\\/www.notibras.com\\\/site\\\/\",\"name\":\"Notibras\",\"description\":\"Not\u00edcias de Bras\u00edlia, do Brasil e do Mundo\",\"publisher\":{\"@id\":\"https:\\\/\\\/www.notibras.com\\\/site\\\/#organization\"},\"potentialAction\":[{\"@type\":\"SearchAction\",\"target\":{\"@type\":\"EntryPoint\",\"urlTemplate\":\"https:\\\/\\\/www.notibras.com\\\/site\\\/?s={search_term_string}\"},\"query-input\":{\"@type\":\"PropertyValueSpecification\",\"valueRequired\":true,\"valueName\":\"search_term_string\"}}],\"inLanguage\":\"pt-BR\"},{\"@type\":\"Organization\",\"@id\":\"https:\\\/\\\/www.notibras.com\\\/site\\\/#organization\",\"name\":\"Grupo Notibras de Comunica\u00e7\u00e3o\",\"url\":\"https:\\\/\\\/www.notibras.com\\\/site\\\/\",\"logo\":{\"@type\":\"ImageObject\",\"inLanguage\":\"pt-BR\",\"@id\":\"https:\\\/\\\/www.notibras.com\\\/site\\\/#\\\/schema\\\/logo\\\/image\\\/\",\"url\":\"https:\\\/\\\/www.notibras.com\\\/site\\\/wp-content\\\/uploads\\\/2023\\\/01\\\/notibras23.png\",\"contentUrl\":\"https:\\\/\\\/www.notibras.com\\\/site\\\/wp-content\\\/uploads\\\/2023\\\/01\\\/notibras23.png\",\"width\":350,\"height\":87,\"caption\":\"Grupo Notibras de Comunica\u00e7\u00e3o\"},\"image\":{\"@id\":\"https:\\\/\\\/www.notibras.com\\\/site\\\/#\\\/schema\\\/logo\\\/image\\\/\"},\"sameAs\":[\"https:\\\/\\\/www.facebook.com\\\/notibras\\\/\",\"https:\\\/\\\/x.com\\\/Notibras\",\"https:\\\/\\\/www.instagram.com\\\/notibras\\\/\"]},{\"@type\":\"Person\",\"@id\":\"https:\\\/\\\/www.notibras.com\\\/site\\\/#\\\/schema\\\/person\\\/36ab0979449956132d3e5b517ea76ac8\",\"name\":\"Reda\u00e7\u00e3o\",\"image\":{\"@type\":\"ImageObject\",\"inLanguage\":\"pt-BR\",\"@id\":\"https:\\\/\\\/secure.gravatar.com\\\/avatar\\\/e0a867bdedb85fd243eadf09663511f96fc81e0720a4a42581f334ad4303aa6b?s=96&d=mm&r=g\",\"url\":\"https:\\\/\\\/secure.gravatar.com\\\/avatar\\\/e0a867bdedb85fd243eadf09663511f96fc81e0720a4a42581f334ad4303aa6b?s=96&d=mm&r=g\",\"contentUrl\":\"https:\\\/\\\/secure.gravatar.com\\\/avatar\\\/e0a867bdedb85fd243eadf09663511f96fc81e0720a4a42581f334ad4303aa6b?s=96&d=mm&r=g\",\"caption\":\"Reda\u00e7\u00e3o\"}}]}<\/script>\n<!-- \/ Yoast SEO plugin. -->","yoast_head_json":{"title":"Liberalismo ou imperialismo, o que esperar ap\u00f3s as urnas? - Notibras","robots":{"index":"index","follow":"follow","max-snippet":"max-snippet:-1","max-image-preview":"max-image-preview:large","max-video-preview":"max-video-preview:-1"},"canonical":"https:\/\/www.notibras.com\/site\/liberalismo-ou-imperialismo-o-que-esperar-apos-as-urnas\/","og_locale":"pt_BR","og_type":"article","og_title":"Liberalismo ou imperialismo, o que esperar ap\u00f3s as urnas? - Notibras","og_description":"Ao nos ocuparmos das quest\u00f5es nacionais, n\u00e3o devemos nos precipitar, pois h\u00e1 pressa, e n\u00e3o se deve desperdi\u00e7ar tempo em assuntos e discuss\u00f5es de import\u00e2ncia secund\u00e1ria.\u00a0 A situa\u00e7\u00e3o \u00e9 grave demais para que se tire o foco do que interessa. Um tema que n\u00e3o deveria merecer gasto de nossa energia s\u00e3o as elei\u00e7\u00f5es presidenciais. Em [&hellip;]","og_url":"https:\/\/www.notibras.com\/site\/liberalismo-ou-imperialismo-o-que-esperar-apos-as-urnas\/","og_site_name":"Notibras","article_publisher":"https:\/\/www.facebook.com\/notibras\/","article_published_time":"2014-07-11T02:16:51+00:00","article_modified_time":"2014-07-11T03:20:05+00:00","og_image":[{"width":1600,"height":1063,"url":"https:\/\/www.notibras.com\/site\/wp-content\/uploads\/2014\/07\/op.jpg","type":"image\/jpeg"}],"author":"Reda\u00e7\u00e3o","twitter_card":"summary_large_image","twitter_creator":"@Notibras","twitter_site":"@Notibras","twitter_misc":{"Escrito por":"Reda\u00e7\u00e3o","Est. tempo de leitura":"7 minutos"},"schema":{"@context":"https:\/\/schema.org","@graph":[{"@type":"Article","@id":"https:\/\/www.notibras.com\/site\/liberalismo-ou-imperialismo-o-que-esperar-apos-as-urnas\/#article","isPartOf":{"@id":"https:\/\/www.notibras.com\/site\/liberalismo-ou-imperialismo-o-que-esperar-apos-as-urnas\/"},"author":{"name":"Reda\u00e7\u00e3o","@id":"https:\/\/www.notibras.com\/site\/#\/schema\/person\/36ab0979449956132d3e5b517ea76ac8"},"headline":"Liberalismo ou imperialismo, o que esperar ap\u00f3s as urnas?","datePublished":"2014-07-11T02:16:51+00:00","dateModified":"2014-07-11T03:20:05+00:00","mainEntityOfPage":{"@id":"https:\/\/www.notibras.com\/site\/liberalismo-ou-imperialismo-o-que-esperar-apos-as-urnas\/"},"wordCount":1371,"commentCount":0,"publisher":{"@id":"https:\/\/www.notibras.com\/site\/#organization"},"image":{"@id":"https:\/\/www.notibras.com\/site\/liberalismo-ou-imperialismo-o-que-esperar-apos-as-urnas\/#primaryimage"},"thumbnailUrl":"https:\/\/www.notibras.com\/site\/wp-content\/uploads\/2014\/07\/op.jpg","articleSection":["Opina a\u00ed"],"inLanguage":"pt-BR","potentialAction":[{"@type":"CommentAction","name":"Comment","target":["https:\/\/www.notibras.com\/site\/liberalismo-ou-imperialismo-o-que-esperar-apos-as-urnas\/#respond"]}]},{"@type":"WebPage","@id":"https:\/\/www.notibras.com\/site\/liberalismo-ou-imperialismo-o-que-esperar-apos-as-urnas\/","url":"https:\/\/www.notibras.com\/site\/liberalismo-ou-imperialismo-o-que-esperar-apos-as-urnas\/","name":"Liberalismo ou imperialismo, o que esperar ap\u00f3s as urnas? - Notibras","isPartOf":{"@id":"https:\/\/www.notibras.com\/site\/#website"},"primaryImageOfPage":{"@id":"https:\/\/www.notibras.com\/site\/liberalismo-ou-imperialismo-o-que-esperar-apos-as-urnas\/#primaryimage"},"image":{"@id":"https:\/\/www.notibras.com\/site\/liberalismo-ou-imperialismo-o-que-esperar-apos-as-urnas\/#primaryimage"},"thumbnailUrl":"https:\/\/www.notibras.com\/site\/wp-content\/uploads\/2014\/07\/op.jpg","datePublished":"2014-07-11T02:16:51+00:00","dateModified":"2014-07-11T03:20:05+00:00","breadcrumb":{"@id":"https:\/\/www.notibras.com\/site\/liberalismo-ou-imperialismo-o-que-esperar-apos-as-urnas\/#breadcrumb"},"inLanguage":"pt-BR","potentialAction":[{"@type":"ReadAction","target":["https:\/\/www.notibras.com\/site\/liberalismo-ou-imperialismo-o-que-esperar-apos-as-urnas\/"]}]},{"@type":"ImageObject","inLanguage":"pt-BR","@id":"https:\/\/www.notibras.com\/site\/liberalismo-ou-imperialismo-o-que-esperar-apos-as-urnas\/#primaryimage","url":"https:\/\/www.notibras.com\/site\/wp-content\/uploads\/2014\/07\/op.jpg","contentUrl":"https:\/\/www.notibras.com\/site\/wp-content\/uploads\/2014\/07\/op.jpg","width":1600,"height":1063},{"@type":"BreadcrumbList","@id":"https:\/\/www.notibras.com\/site\/liberalismo-ou-imperialismo-o-que-esperar-apos-as-urnas\/#breadcrumb","itemListElement":[{"@type":"ListItem","position":1,"name":"In\u00edcio","item":"https:\/\/www.notibras.com\/site\/"},{"@type":"ListItem","position":2,"name":"Liberalismo ou imperialismo, o que esperar ap\u00f3s as urnas?"}]},{"@type":"WebSite","@id":"https:\/\/www.notibras.com\/site\/#website","url":"https:\/\/www.notibras.com\/site\/","name":"Notibras","description":"Not\u00edcias de Bras\u00edlia, do Brasil e do Mundo","publisher":{"@id":"https:\/\/www.notibras.com\/site\/#organization"},"potentialAction":[{"@type":"SearchAction","target":{"@type":"EntryPoint","urlTemplate":"https:\/\/www.notibras.com\/site\/?s={search_term_string}"},"query-input":{"@type":"PropertyValueSpecification","valueRequired":true,"valueName":"search_term_string"}}],"inLanguage":"pt-BR"},{"@type":"Organization","@id":"https:\/\/www.notibras.com\/site\/#organization","name":"Grupo Notibras de Comunica\u00e7\u00e3o","url":"https:\/\/www.notibras.com\/site\/","logo":{"@type":"ImageObject","inLanguage":"pt-BR","@id":"https:\/\/www.notibras.com\/site\/#\/schema\/logo\/image\/","url":"https:\/\/www.notibras.com\/site\/wp-content\/uploads\/2023\/01\/notibras23.png","contentUrl":"https:\/\/www.notibras.com\/site\/wp-content\/uploads\/2023\/01\/notibras23.png","width":350,"height":87,"caption":"Grupo Notibras de Comunica\u00e7\u00e3o"},"image":{"@id":"https:\/\/www.notibras.com\/site\/#\/schema\/logo\/image\/"},"sameAs":["https:\/\/www.facebook.com\/notibras\/","https:\/\/x.com\/Notibras","https:\/\/www.instagram.com\/notibras\/"]},{"@type":"Person","@id":"https:\/\/www.notibras.com\/site\/#\/schema\/person\/36ab0979449956132d3e5b517ea76ac8","name":"Reda\u00e7\u00e3o","image":{"@type":"ImageObject","inLanguage":"pt-BR","@id":"https:\/\/secure.gravatar.com\/avatar\/e0a867bdedb85fd243eadf09663511f96fc81e0720a4a42581f334ad4303aa6b?s=96&d=mm&r=g","url":"https:\/\/secure.gravatar.com\/avatar\/e0a867bdedb85fd243eadf09663511f96fc81e0720a4a42581f334ad4303aa6b?s=96&d=mm&r=g","contentUrl":"https:\/\/secure.gravatar.com\/avatar\/e0a867bdedb85fd243eadf09663511f96fc81e0720a4a42581f334ad4303aa6b?s=96&d=mm&r=g","caption":"Reda\u00e7\u00e3o"}}]}},"amp_enabled":true,"_links":{"self":[{"href":"https:\/\/www.notibras.com\/site\/wp-json\/wp\/v2\/posts\/15888","targetHints":{"allow":["GET"]}}],"collection":[{"href":"https:\/\/www.notibras.com\/site\/wp-json\/wp\/v2\/posts"}],"about":[{"href":"https:\/\/www.notibras.com\/site\/wp-json\/wp\/v2\/types\/post"}],"author":[{"embeddable":true,"href":"https:\/\/www.notibras.com\/site\/wp-json\/wp\/v2\/users\/2"}],"replies":[{"embeddable":true,"href":"https:\/\/www.notibras.com\/site\/wp-json\/wp\/v2\/comments?post=15888"}],"version-history":[{"count":0,"href":"https:\/\/www.notibras.com\/site\/wp-json\/wp\/v2\/posts\/15888\/revisions"}],"wp:featuredmedia":[{"embeddable":true,"href":"https:\/\/www.notibras.com\/site\/wp-json\/wp\/v2\/media\/15889"}],"wp:attachment":[{"href":"https:\/\/www.notibras.com\/site\/wp-json\/wp\/v2\/media?parent=15888"}],"wp:term":[{"taxonomy":"category","embeddable":true,"href":"https:\/\/www.notibras.com\/site\/wp-json\/wp\/v2\/categories?post=15888"},{"taxonomy":"post_tag","embeddable":true,"href":"https:\/\/www.notibras.com\/site\/wp-json\/wp\/v2\/tags?post=15888"}],"curies":[{"name":"wp","href":"https:\/\/api.w.org\/{rel}","templated":true}]}}