{"id":15904,"date":"2014-07-11T00:25:38","date_gmt":"2014-07-11T03:25:38","guid":{"rendered":"http:\/\/www.notibras.com\/site\/?p=15904"},"modified":"2014-07-11T16:05:28","modified_gmt":"2014-07-11T19:05:28","slug":"movimentos-sociais-voltam-as-ruas-para-atacar-a-violencia-da-policia","status":"publish","type":"post","link":"https:\/\/www.notibras.com\/site\/movimentos-sociais-voltam-as-ruas-para-atacar-a-violencia-da-policia\/","title":{"rendered":"Movimentos sociais voltam \u00e0s ruas contra a viol\u00eancia da pol\u00edcia"},"content":{"rendered":"<p>Uma manifesta\u00e7\u00e3o pelo fim da viol\u00eancia policial contra os movimentos sociais interrompeu o tr\u00e2nsito em frente \u00e0 Secretaria de Estado de Seguran\u00e7a P\u00fablica de S\u00e3o Paulo (SSP) na noite desta quinta 10. Concentrados no Largo S\u00e3o Francisco, centro da capital, militantes de diversos movimentos sociais acabaram conseguindo uma reuni\u00e3o com a assessoria do secret\u00e1rio, Fernando Grella. Participaram do ato a Central de Movimentos Populares, o Centro de Direitos Humanos \u2013 Gaspar Garcia, a Frente de Luta por Moradia e a Uni\u00e3o dos Movimentos de Moradia da Grande S\u00e3o Paulo e Interior.<\/p>\n<p>Uma comiss\u00e3o de dez ativistas apresentou \u00e0 secretaria sete casos em que, segundo os movimentos, houve excesso na a\u00e7\u00e3o policial. \u201cA gente precisa definitivamente mudar os padr\u00f5es da Pol\u00edcia Militar (PM), \u00a0principalmente no que diz respeito aos grupos mais vulner\u00e1veis: fam\u00edlias sem-teto, popula\u00e7\u00e3o em situa\u00e7\u00e3o de rua. Pessoas que \u00e0s vezes precisam do apoio da pol\u00edcia e s\u00e3o violentadas e agredidas\u201d, ressaltou Benedito Barbosa, advogado do Centro Gaspar Garcia.<\/p>\n<blockquote><p>Barbosa foi agredido ao prestar assist\u00eancia a fam\u00edlias despejadas em uma reintegra\u00e7\u00e3o de posse na Rua Aurora, centro paulistano, no \u00faltimo dia 25.\u00a0 \u201cCheguei por volta das 7h. A conselheira tutelar me informou que as fam\u00edlias estavam sendo agredidas pela pol\u00edcia, porque as portas estavam sendo derrubadas e tudo mais. Eu fui na porta para tentar entrar no local. Eles disseram que eu n\u00e3o ia entrar. Quando eu me dirigi at\u00e9 a porta, para entrar, eles me pegaram pelo pesco\u00e7o, num mata-le\u00e3o\u201d, relatou. A agress\u00e3o contra o advogado foi um dos casos que motivaram o protesto.<\/p><\/blockquote>\n<p>No encontro, ficou acertada uma nova reuni\u00e3o para segunda-feira (14) onde ser\u00e3o estabelecidos os termos para uma audi\u00eancia p\u00fablica em que os problemas ser\u00e3o discutidos n\u00e3o s\u00f3 com Grella, mas tamb\u00e9m com o comando da PM. \u201cPorque passar s\u00f3 com o secret\u00e1rio acaba virando s\u00f3 uma conversa.\u00a0 O pessoal quer que a decis\u00e3o chegue na ponta, porque entre o discurso e a ponta tem muita contradi\u00e7\u00e3o\u201d, explicou o militante do Centro Gaspar Garcia, Luiz Kohara.<\/p>\n<p>A garoa e o frio fizeram com que o coletivo Se N\u00e3o Tiver Direitos, N\u00e3o Vai Ter Copa cancelasse outro protesto marcado para acontecer na Pra\u00e7a Roosevelt, tamb\u00e9m no centro, na noite de hoje. A manifesta\u00e7\u00e3o iria cobrar a liberta\u00e7\u00e3o de F\u00e1bio Hideki e Rafael Marques, presos em um protesto contra os gastos para realiza\u00e7\u00e3o da Copa do Mundo no dia 23 de junho.<\/p>\n<div class=\"node-info\"><strong>Daniel Mello, ABr<\/strong><\/div>\n","protected":false},"excerpt":{"rendered":"<p>Uma manifesta\u00e7\u00e3o pelo fim da viol\u00eancia policial contra os movimentos sociais interrompeu o tr\u00e2nsito em frente \u00e0 Secretaria de Estado de Seguran\u00e7a P\u00fablica de S\u00e3o Paulo (SSP) na noite desta quinta 10. Concentrados no Largo S\u00e3o Francisco, centro da capital, militantes de diversos movimentos sociais acabaram conseguindo uma reuni\u00e3o com a assessoria do secret\u00e1rio, Fernando [&hellip;]<\/p>\n","protected":false},"author":2,"featured_media":15906,"comment_status":"open","ping_status":"closed","sticky":false,"template":"","format":"standard","meta":{"_acf_changed":false,"footnotes":""},"categories":[24],"tags":[],"class_list":["post-15904","post","type-post","status-publish","format-standard","has-post-thumbnail","hentry","category-sao-paulo"],"acf":[],"_links":{"self":[{"href":"https:\/\/www.notibras.com\/site\/wp-json\/wp\/v2\/posts\/15904","targetHints":{"allow":["GET"]}}],"collection":[{"href":"https:\/\/www.notibras.com\/site\/wp-json\/wp\/v2\/posts"}],"about":[{"href":"https:\/\/www.notibras.com\/site\/wp-json\/wp\/v2\/types\/post"}],"author":[{"embeddable":true,"href":"https:\/\/www.notibras.com\/site\/wp-json\/wp\/v2\/users\/2"}],"replies":[{"embeddable":true,"href":"https:\/\/www.notibras.com\/site\/wp-json\/wp\/v2\/comments?post=15904"}],"version-history":[{"count":0,"href":"https:\/\/www.notibras.com\/site\/wp-json\/wp\/v2\/posts\/15904\/revisions"}],"wp:featuredmedia":[{"embeddable":true,"href":"https:\/\/www.notibras.com\/site\/wp-json\/wp\/v2\/media\/15906"}],"wp:attachment":[{"href":"https:\/\/www.notibras.com\/site\/wp-json\/wp\/v2\/media?parent=15904"}],"wp:term":[{"taxonomy":"category","embeddable":true,"href":"https:\/\/www.notibras.com\/site\/wp-json\/wp\/v2\/categories?post=15904"},{"taxonomy":"post_tag","embeddable":true,"href":"https:\/\/www.notibras.com\/site\/wp-json\/wp\/v2\/tags?post=15904"}],"curies":[{"name":"wp","href":"https:\/\/api.w.org\/{rel}","templated":true}]}}