{"id":16004,"date":"2014-07-12T09:42:39","date_gmt":"2014-07-12T12:42:39","guid":{"rendered":"http:\/\/www.notibras.com\/site\/?p=16004"},"modified":"2014-07-12T09:42:39","modified_gmt":"2014-07-12T12:42:39","slug":"corpo-de-alpinista-e-achado-depois-de-32-anos-no-mont-blanc","status":"publish","type":"post","link":"https:\/\/www.notibras.com\/site\/corpo-de-alpinista-e-achado-depois-de-32-anos-no-mont-blanc\/","title":{"rendered":"Corpo de alpinista \u00e9 achado depois de 32 anos no Mont-Blanc"},"content":{"rendered":"<p>O corpo de um alpinista desaparecido h\u00e1 32 anos enquanto escalava o Mont-Blanc foi descoberto recentemente a 2,7 mil metros de altitude, revelou a imprensa francesa nesta semana.<\/p>\n<p class=\"text\">O corpo do franc\u00eas Patrice Yvert, que treinava para ser guia de montanha e tinha 23 anos quando desapareceu, foi localizado por alpinistas que caminhavam por uma geleira na regi\u00e3o, a Tal\u00e8fre.<br \/>\nO Mont-Blanc, situado na Fran\u00e7a e na It\u00e1lia, \u00e9 o pico mais alto da Europa Ocidental, com 4,8 mil metros de altitude.<\/p>\n<p class=\"text\">O corpo foi identificado gra\u00e7as \u00e0 carteira de identidade no casaco, da mesma cor que havia sido declarada pelo pai da v\u00edtima para auxiliar as opera\u00e7\u00f5es de resgate na \u00e9poca.\u00a0Yvert, origin\u00e1rio de Chamonix-Mont-Blanc, havia desaparecido em mar\u00e7o de 1982, ao tentar escalar sozinho a parte oeste da chamada Agulha Verde, a 4,1 mil metros de altitude.<\/p>\n<p class=\"text\">Mas as condi\u00e7\u00f5es meteorol\u00f3gicas se deterioraram fortemente durante a escalada e avalanches ocorreram. Devido \u00e0s p\u00e9ssimas condi\u00e7\u00f5es clim\u00e1ticas, as equipes de resgate tiveram de esperar para sobrevoar a regi\u00e3o em helic\u00f3pteros.<\/p>\n<p class=\"text\">V\u00e1rios voos foram efetuados ap\u00f3s o desaparecimento de Yvert, mas os socorristas n\u00e3o conseguiram encontrar nenhum vest\u00edgio do alpinista pela montanha.\u00a0Uma equipe de resgate conseguiu partir a p\u00e9 dois dias depois do desaparecimento de Yvert, fazendo o mesmo percurso que ele havia feito, mas tamb\u00e9m n\u00e3o conseguiu localiz\u00e1-lo.<\/p>\n<p class=\"text\">Os amigos de Yvert, que o haviam acompanhado at\u00e9 um certo trecho da escalada, afirmaram que o perderam de vista no momento em que ele chegava ao pico da Agulha Verde.<\/p>\n<p class=\"text\">O pai do jovem alpinista, G\u00e9rard Yvert, diz ter vivido sentimentos contradit\u00f3rios ap\u00f3s ter sido informado sobre a descoberta do corpo pela pol\u00edcia da montanha. \u201cN\u00e3o \u00e9 um al\u00edvio. Pensava que morreria antes que o encontrassem\u201d, disse o pai.<\/p>\n<blockquote>\n<p class=\"text\">\u201cTeria preferido que ele ficasse l\u00e1 no alto. Ele estava melhor na montanha do que em um caix\u00e3o\u201d, disse G\u00e9rard, 80 anos, \u00e0 r\u00e1dio RTL. \u201cNesses anos todos, passei muitas vezes pela \u00e1rea. Talvez ele estivesse a apenas cinco ou seis metros de mim\u201d, afirmou.<\/p>\n<\/blockquote>\n<p class=\"text\">\u201cDesde os 8 anos, ele s\u00f3 pensava na montanha. Fui eu que o levei para esquiar, quando ele ainda era bem jovem\u201d, contou o pai.<\/p>\n<p class=\"text\">A pol\u00edcia n\u00e3o autorizou que ele visse os restos mortais, que estariam bastante deteriorados, apesar das baix\u00edssimas temperaturas.<\/p>\n<p class=\"text\">\u201cPenso que ele chegou ao pico durante o mau tempo e decidiu descer por uma outra parte, o corredor Whymper\u201d, disse o pai. Especialistas acreditam que a falta de visibilidade por causa do mau tempo fez com que o alpinista ca\u00edsse em uma fenda da geleira de Tal\u00e8fre.<\/p>\n<p class=\"text\">Segundo G\u00e9rard, seu filho dever\u00e1 retornar \u00e0 montanha. Suas cinzas ser\u00e3o dispersadas no Mont-Blanc em um voo de helic\u00f3ptero.\u00a0De acordo com a imprensa francesa, cerca de 130 alpinistas permanecem desaparecidos no maci\u00e7o do Mont-Blanc desde 1950.<\/p>\n","protected":false},"excerpt":{"rendered":"<p>O corpo de um alpinista desaparecido h\u00e1 32 anos enquanto escalava o Mont-Blanc foi descoberto recentemente a 2,7 mil metros de altitude, revelou a imprensa francesa nesta semana. O corpo do franc\u00eas Patrice Yvert, que treinava para ser guia de montanha e tinha 23 anos quando desapareceu, foi localizado por alpinistas que caminhavam por uma [&hellip;]<\/p>\n","protected":false},"author":2,"featured_media":16005,"comment_status":"open","ping_status":"closed","sticky":false,"template":"","format":"standard","meta":{"_acf_changed":false,"footnotes":""},"categories":[17],"tags":[],"class_list":["post-16004","post","type-post","status-publish","format-standard","has-post-thumbnail","hentry","category-mundo"],"acf":[],"_links":{"self":[{"href":"https:\/\/www.notibras.com\/site\/wp-json\/wp\/v2\/posts\/16004","targetHints":{"allow":["GET"]}}],"collection":[{"href":"https:\/\/www.notibras.com\/site\/wp-json\/wp\/v2\/posts"}],"about":[{"href":"https:\/\/www.notibras.com\/site\/wp-json\/wp\/v2\/types\/post"}],"author":[{"embeddable":true,"href":"https:\/\/www.notibras.com\/site\/wp-json\/wp\/v2\/users\/2"}],"replies":[{"embeddable":true,"href":"https:\/\/www.notibras.com\/site\/wp-json\/wp\/v2\/comments?post=16004"}],"version-history":[{"count":0,"href":"https:\/\/www.notibras.com\/site\/wp-json\/wp\/v2\/posts\/16004\/revisions"}],"wp:featuredmedia":[{"embeddable":true,"href":"https:\/\/www.notibras.com\/site\/wp-json\/wp\/v2\/media\/16005"}],"wp:attachment":[{"href":"https:\/\/www.notibras.com\/site\/wp-json\/wp\/v2\/media?parent=16004"}],"wp:term":[{"taxonomy":"category","embeddable":true,"href":"https:\/\/www.notibras.com\/site\/wp-json\/wp\/v2\/categories?post=16004"},{"taxonomy":"post_tag","embeddable":true,"href":"https:\/\/www.notibras.com\/site\/wp-json\/wp\/v2\/tags?post=16004"}],"curies":[{"name":"wp","href":"https:\/\/api.w.org\/{rel}","templated":true}]}}