{"id":16017,"date":"2014-07-12T17:37:31","date_gmt":"2014-07-12T20:37:31","guid":{"rendered":"http:\/\/www.notibras.com\/site\/?p=16017"},"modified":"2014-07-13T07:36:28","modified_gmt":"2014-07-13T10:36:28","slug":"julio-cesar-e-o-goleiro-mais-vazado-na-historia-da-selecao-brasileira","status":"publish","type":"post","link":"https:\/\/www.notibras.com\/site\/julio-cesar-e-o-goleiro-mais-vazado-na-historia-da-selecao-brasileira\/","title":{"rendered":"J\u00falio C\u00e9sar \u00e9 o goleiro mais vazado na hist\u00f3ria da sele\u00e7\u00e3o brasileira"},"content":{"rendered":"<p>Considerado um dos vil\u00f5es da Copa de 2010 e chamado de her\u00f3i depois do jogo contra o Chile neste Mundial, J\u00falio C\u00e9sar acaba sua participa\u00e7\u00e3o no torneio com um recorde negativo. Ele se tornou o goleiro mais vazado do Brasil na competi\u00e7\u00e3o neste s\u00e1bado, segundo levantamento apontado em reportagem do Uol.<\/p>\n<p>At\u00e9 a partida contra a Holanda, pela disputa de terceiro e quarto, J\u00falio C\u00e9sar estava empatado com Taffarel, com 15 gols sofridos cada um. No entanto, com os tr\u00eas que tomou neste s\u00e1bado ele se isolou neste posto com 18.<\/p>\n<p>Os gols sofridos por J\u00falio C\u00e9sar foram 13 nesta edi\u00e7\u00e3o do Mundial e outros quatro na Copa de 2010.\u00a0J\u00e1 Taffarel tinha essa marca dividida em tr\u00eas Copas, sendo duas delas campanhas at\u00e9 a decis\u00e3o. O goleiro foi vazado duas vezes em 1990, tr\u00eas em 1994 e mais 10 em 1998.<\/p>\n<p>Al\u00e9m de uma Copa, os goleiros t\u00eam tamb\u00e9m seis partidas de diferen\u00e7a. J\u00falio C\u00e9sar atuou em 12 jogos contra 18 de Taffarel.<\/p>\n<p>O terceiro colocado desta lista \u00e9 Gilmar dos Santos Neves, que tamb\u00e9m atuou em tr\u00eas Mundiais. Ele sofreu quatro em 1958, cinco em 1962 e um em 1966.\u00a0O ex-goleiro esteve em campo em 14 partidas.<\/p>\n<p>Al\u00e9m da marca pessoal, J\u00falio C\u00e9sar ainda amargou o status de ser o goleiro a mais sofrer gols em uma \u00fanica edi\u00e7\u00e3o de Copa. S\u00f3 no Mundial do Brasil, ele sofreu 14 gols, ultrapassando a competi\u00e7\u00e3o de 1938, quando Batatais e Walter Goulart foram vazados 11 vezes.<\/p>\n","protected":false},"excerpt":{"rendered":"<p>Considerado um dos vil\u00f5es da Copa de 2010 e chamado de her\u00f3i depois do jogo contra o Chile neste Mundial, J\u00falio C\u00e9sar acaba sua participa\u00e7\u00e3o no torneio com um recorde negativo. Ele se tornou o goleiro mais vazado do Brasil na competi\u00e7\u00e3o neste s\u00e1bado, segundo levantamento apontado em reportagem do Uol. At\u00e9 a partida contra [&hellip;]<\/p>\n","protected":false},"author":2,"featured_media":16018,"comment_status":"open","ping_status":"closed","sticky":false,"template":"","format":"standard","meta":{"_acf_changed":false,"footnotes":""},"categories":[19],"tags":[],"class_list":["post-16017","post","type-post","status-publish","format-standard","has-post-thumbnail","hentry","category-esportes"],"acf":[],"yoast_head":"<!-- This site is optimized with the Yoast SEO plugin v27.2 - https:\/\/yoast.com\/product\/yoast-seo-wordpress\/ -->\n<title>J\u00falio C\u00e9sar \u00e9 o goleiro mais vazado na hist\u00f3ria da sele\u00e7\u00e3o brasileira - Notibras<\/title>\n<meta name=\"robots\" content=\"index, follow, max-snippet:-1, max-image-preview:large, max-video-preview:-1\" \/>\n<link rel=\"canonical\" href=\"https:\/\/www.notibras.com\/site\/julio-cesar-e-o-goleiro-mais-vazado-na-historia-da-selecao-brasileira\/\" \/>\n<meta property=\"og:locale\" content=\"pt_BR\" \/>\n<meta property=\"og:type\" content=\"article\" \/>\n<meta property=\"og:title\" content=\"J\u00falio C\u00e9sar \u00e9 o goleiro mais vazado na hist\u00f3ria da sele\u00e7\u00e3o brasileira - Notibras\" \/>\n<meta property=\"og:description\" content=\"Considerado um dos vil\u00f5es da Copa de 2010 e chamado de her\u00f3i depois do jogo contra o Chile neste Mundial, J\u00falio C\u00e9sar acaba sua participa\u00e7\u00e3o no torneio com um recorde negativo. Ele se tornou o goleiro mais vazado do Brasil na competi\u00e7\u00e3o neste s\u00e1bado, segundo levantamento apontado em reportagem do Uol. At\u00e9 a partida contra [&hellip;]\" \/>\n<meta property=\"og:url\" content=\"https:\/\/www.notibras.com\/site\/julio-cesar-e-o-goleiro-mais-vazado-na-historia-da-selecao-brasileira\/\" \/>\n<meta property=\"og:site_name\" content=\"Notibras\" \/>\n<meta property=\"article:publisher\" content=\"https:\/\/www.facebook.com\/notibras\/\" \/>\n<meta property=\"article:published_time\" content=\"2014-07-12T20:37:31+00:00\" \/>\n<meta property=\"article:modified_time\" content=\"2014-07-13T10:36:28+00:00\" \/>\n<meta property=\"og:image\" content=\"https:\/\/www.notibras.com\/site\/wp-content\/uploads\/2014\/07\/copa.jpg\" \/>\n\t<meta property=\"og:image:width\" content=\"620\" \/>\n\t<meta property=\"og:image:height\" content=\"465\" \/>\n\t<meta property=\"og:image:type\" content=\"image\/jpeg\" \/>\n<meta name=\"author\" content=\"Reda\u00e7\u00e3o\" \/>\n<meta name=\"twitter:card\" content=\"summary_large_image\" \/>\n<meta name=\"twitter:creator\" content=\"@Notibras\" \/>\n<meta name=\"twitter:site\" content=\"@Notibras\" \/>\n<meta name=\"twitter:label1\" content=\"Escrito por\" \/>\n\t<meta name=\"twitter:data1\" content=\"Reda\u00e7\u00e3o\" \/>\n\t<meta name=\"twitter:label2\" content=\"Est. tempo de leitura\" \/>\n\t<meta name=\"twitter:data2\" content=\"1 minuto\" \/>\n<script type=\"application\/ld+json\" class=\"yoast-schema-graph\">{\"@context\":\"https:\/\/schema.org\",\"@graph\":[{\"@type\":\"Article\",\"@id\":\"https:\/\/www.notibras.com\/site\/julio-cesar-e-o-goleiro-mais-vazado-na-historia-da-selecao-brasileira\/#article\",\"isPartOf\":{\"@id\":\"https:\/\/www.notibras.com\/site\/julio-cesar-e-o-goleiro-mais-vazado-na-historia-da-selecao-brasileira\/\"},\"author\":{\"name\":\"Reda\u00e7\u00e3o\",\"@id\":\"https:\/\/www.notibras.com\/site\/#\/schema\/person\/36ab0979449956132d3e5b517ea76ac8\"},\"headline\":\"J\u00falio C\u00e9sar \u00e9 o goleiro mais vazado na hist\u00f3ria da sele\u00e7\u00e3o brasileira\",\"datePublished\":\"2014-07-12T20:37:31+00:00\",\"dateModified\":\"2014-07-13T10:36:28+00:00\",\"mainEntityOfPage\":{\"@id\":\"https:\/\/www.notibras.com\/site\/julio-cesar-e-o-goleiro-mais-vazado-na-historia-da-selecao-brasileira\/\"},\"wordCount\":273,\"commentCount\":0,\"publisher\":{\"@id\":\"https:\/\/www.notibras.com\/site\/#organization\"},\"image\":{\"@id\":\"https:\/\/www.notibras.com\/site\/julio-cesar-e-o-goleiro-mais-vazado-na-historia-da-selecao-brasileira\/#primaryimage\"},\"thumbnailUrl\":\"https:\/\/www.notibras.com\/site\/wp-content\/uploads\/2014\/07\/copa.jpg\",\"articleSection\":[\"Esportes\"],\"inLanguage\":\"pt-BR\",\"potentialAction\":[{\"@type\":\"CommentAction\",\"name\":\"Comment\",\"target\":[\"https:\/\/www.notibras.com\/site\/julio-cesar-e-o-goleiro-mais-vazado-na-historia-da-selecao-brasileira\/#respond\"]}]},{\"@type\":\"WebPage\",\"@id\":\"https:\/\/www.notibras.com\/site\/julio-cesar-e-o-goleiro-mais-vazado-na-historia-da-selecao-brasileira\/\",\"url\":\"https:\/\/www.notibras.com\/site\/julio-cesar-e-o-goleiro-mais-vazado-na-historia-da-selecao-brasileira\/\",\"name\":\"J\u00falio C\u00e9sar \u00e9 o goleiro mais vazado na hist\u00f3ria da sele\u00e7\u00e3o brasileira - Notibras\",\"isPartOf\":{\"@id\":\"https:\/\/www.notibras.com\/site\/#website\"},\"primaryImageOfPage\":{\"@id\":\"https:\/\/www.notibras.com\/site\/julio-cesar-e-o-goleiro-mais-vazado-na-historia-da-selecao-brasileira\/#primaryimage\"},\"image\":{\"@id\":\"https:\/\/www.notibras.com\/site\/julio-cesar-e-o-goleiro-mais-vazado-na-historia-da-selecao-brasileira\/#primaryimage\"},\"thumbnailUrl\":\"https:\/\/www.notibras.com\/site\/wp-content\/uploads\/2014\/07\/copa.jpg\",\"datePublished\":\"2014-07-12T20:37:31+00:00\",\"dateModified\":\"2014-07-13T10:36:28+00:00\",\"breadcrumb\":{\"@id\":\"https:\/\/www.notibras.com\/site\/julio-cesar-e-o-goleiro-mais-vazado-na-historia-da-selecao-brasileira\/#breadcrumb\"},\"inLanguage\":\"pt-BR\",\"potentialAction\":[{\"@type\":\"ReadAction\",\"target\":[\"https:\/\/www.notibras.com\/site\/julio-cesar-e-o-goleiro-mais-vazado-na-historia-da-selecao-brasileira\/\"]}]},{\"@type\":\"ImageObject\",\"inLanguage\":\"pt-BR\",\"@id\":\"https:\/\/www.notibras.com\/site\/julio-cesar-e-o-goleiro-mais-vazado-na-historia-da-selecao-brasileira\/#primaryimage\",\"url\":\"https:\/\/www.notibras.com\/site\/wp-content\/uploads\/2014\/07\/copa.jpg\",\"contentUrl\":\"https:\/\/www.notibras.com\/site\/wp-content\/uploads\/2014\/07\/copa.jpg\",\"width\":620,\"height\":465},{\"@type\":\"BreadcrumbList\",\"@id\":\"https:\/\/www.notibras.com\/site\/julio-cesar-e-o-goleiro-mais-vazado-na-historia-da-selecao-brasileira\/#breadcrumb\",\"itemListElement\":[{\"@type\":\"ListItem\",\"position\":1,\"name\":\"In\u00edcio\",\"item\":\"https:\/\/www.notibras.com\/site\/\"},{\"@type\":\"ListItem\",\"position\":2,\"name\":\"J\u00falio C\u00e9sar \u00e9 o goleiro mais vazado na hist\u00f3ria da sele\u00e7\u00e3o brasileira\"}]},{\"@type\":\"WebSite\",\"@id\":\"https:\/\/www.notibras.com\/site\/#website\",\"url\":\"https:\/\/www.notibras.com\/site\/\",\"name\":\"Notibras\",\"description\":\"Not\u00edcias de Bras\u00edlia, do Brasil e do Mundo\",\"publisher\":{\"@id\":\"https:\/\/www.notibras.com\/site\/#organization\"},\"potentialAction\":[{\"@type\":\"SearchAction\",\"target\":{\"@type\":\"EntryPoint\",\"urlTemplate\":\"https:\/\/www.notibras.com\/site\/?s={search_term_string}\"},\"query-input\":{\"@type\":\"PropertyValueSpecification\",\"valueRequired\":true,\"valueName\":\"search_term_string\"}}],\"inLanguage\":\"pt-BR\"},{\"@type\":\"Organization\",\"@id\":\"https:\/\/www.notibras.com\/site\/#organization\",\"name\":\"Grupo Notibras de Comunica\u00e7\u00e3o\",\"url\":\"https:\/\/www.notibras.com\/site\/\",\"logo\":{\"@type\":\"ImageObject\",\"inLanguage\":\"pt-BR\",\"@id\":\"https:\/\/www.notibras.com\/site\/#\/schema\/logo\/image\/\",\"url\":\"https:\/\/www.notibras.com\/site\/wp-content\/uploads\/2023\/01\/notibras23.png\",\"contentUrl\":\"https:\/\/www.notibras.com\/site\/wp-content\/uploads\/2023\/01\/notibras23.png\",\"width\":350,\"height\":87,\"caption\":\"Grupo Notibras de Comunica\u00e7\u00e3o\"},\"image\":{\"@id\":\"https:\/\/www.notibras.com\/site\/#\/schema\/logo\/image\/\"},\"sameAs\":[\"https:\/\/www.facebook.com\/notibras\/\",\"https:\/\/x.com\/Notibras\",\"https:\/\/www.instagram.com\/notibras\/\"]},{\"@type\":\"Person\",\"@id\":\"https:\/\/www.notibras.com\/site\/#\/schema\/person\/36ab0979449956132d3e5b517ea76ac8\",\"name\":\"Reda\u00e7\u00e3o\",\"image\":{\"@type\":\"ImageObject\",\"inLanguage\":\"pt-BR\",\"@id\":\"https:\/\/secure.gravatar.com\/avatar\/e0a867bdedb85fd243eadf09663511f96fc81e0720a4a42581f334ad4303aa6b?s=96&d=mm&r=g\",\"url\":\"https:\/\/secure.gravatar.com\/avatar\/e0a867bdedb85fd243eadf09663511f96fc81e0720a4a42581f334ad4303aa6b?s=96&d=mm&r=g\",\"contentUrl\":\"https:\/\/secure.gravatar.com\/avatar\/e0a867bdedb85fd243eadf09663511f96fc81e0720a4a42581f334ad4303aa6b?s=96&d=mm&r=g\",\"caption\":\"Reda\u00e7\u00e3o\"}}]}<\/script>\n<!-- \/ Yoast SEO plugin. -->","yoast_head_json":{"title":"J\u00falio C\u00e9sar \u00e9 o goleiro mais vazado na hist\u00f3ria da sele\u00e7\u00e3o brasileira - Notibras","robots":{"index":"index","follow":"follow","max-snippet":"max-snippet:-1","max-image-preview":"max-image-preview:large","max-video-preview":"max-video-preview:-1"},"canonical":"https:\/\/www.notibras.com\/site\/julio-cesar-e-o-goleiro-mais-vazado-na-historia-da-selecao-brasileira\/","og_locale":"pt_BR","og_type":"article","og_title":"J\u00falio C\u00e9sar \u00e9 o goleiro mais vazado na hist\u00f3ria da sele\u00e7\u00e3o brasileira - Notibras","og_description":"Considerado um dos vil\u00f5es da Copa de 2010 e chamado de her\u00f3i depois do jogo contra o Chile neste Mundial, J\u00falio C\u00e9sar acaba sua participa\u00e7\u00e3o no torneio com um recorde negativo. Ele se tornou o goleiro mais vazado do Brasil na competi\u00e7\u00e3o neste s\u00e1bado, segundo levantamento apontado em reportagem do Uol. At\u00e9 a partida contra [&hellip;]","og_url":"https:\/\/www.notibras.com\/site\/julio-cesar-e-o-goleiro-mais-vazado-na-historia-da-selecao-brasileira\/","og_site_name":"Notibras","article_publisher":"https:\/\/www.facebook.com\/notibras\/","article_published_time":"2014-07-12T20:37:31+00:00","article_modified_time":"2014-07-13T10:36:28+00:00","og_image":[{"width":620,"height":465,"url":"https:\/\/www.notibras.com\/site\/wp-content\/uploads\/2014\/07\/copa.jpg","type":"image\/jpeg"}],"author":"Reda\u00e7\u00e3o","twitter_card":"summary_large_image","twitter_creator":"@Notibras","twitter_site":"@Notibras","twitter_misc":{"Escrito por":"Reda\u00e7\u00e3o","Est. tempo de leitura":"1 minuto"},"schema":{"@context":"https:\/\/schema.org","@graph":[{"@type":"Article","@id":"https:\/\/www.notibras.com\/site\/julio-cesar-e-o-goleiro-mais-vazado-na-historia-da-selecao-brasileira\/#article","isPartOf":{"@id":"https:\/\/www.notibras.com\/site\/julio-cesar-e-o-goleiro-mais-vazado-na-historia-da-selecao-brasileira\/"},"author":{"name":"Reda\u00e7\u00e3o","@id":"https:\/\/www.notibras.com\/site\/#\/schema\/person\/36ab0979449956132d3e5b517ea76ac8"},"headline":"J\u00falio C\u00e9sar \u00e9 o goleiro mais vazado na hist\u00f3ria da sele\u00e7\u00e3o brasileira","datePublished":"2014-07-12T20:37:31+00:00","dateModified":"2014-07-13T10:36:28+00:00","mainEntityOfPage":{"@id":"https:\/\/www.notibras.com\/site\/julio-cesar-e-o-goleiro-mais-vazado-na-historia-da-selecao-brasileira\/"},"wordCount":273,"commentCount":0,"publisher":{"@id":"https:\/\/www.notibras.com\/site\/#organization"},"image":{"@id":"https:\/\/www.notibras.com\/site\/julio-cesar-e-o-goleiro-mais-vazado-na-historia-da-selecao-brasileira\/#primaryimage"},"thumbnailUrl":"https:\/\/www.notibras.com\/site\/wp-content\/uploads\/2014\/07\/copa.jpg","articleSection":["Esportes"],"inLanguage":"pt-BR","potentialAction":[{"@type":"CommentAction","name":"Comment","target":["https:\/\/www.notibras.com\/site\/julio-cesar-e-o-goleiro-mais-vazado-na-historia-da-selecao-brasileira\/#respond"]}]},{"@type":"WebPage","@id":"https:\/\/www.notibras.com\/site\/julio-cesar-e-o-goleiro-mais-vazado-na-historia-da-selecao-brasileira\/","url":"https:\/\/www.notibras.com\/site\/julio-cesar-e-o-goleiro-mais-vazado-na-historia-da-selecao-brasileira\/","name":"J\u00falio C\u00e9sar \u00e9 o goleiro mais vazado na hist\u00f3ria da sele\u00e7\u00e3o brasileira - Notibras","isPartOf":{"@id":"https:\/\/www.notibras.com\/site\/#website"},"primaryImageOfPage":{"@id":"https:\/\/www.notibras.com\/site\/julio-cesar-e-o-goleiro-mais-vazado-na-historia-da-selecao-brasileira\/#primaryimage"},"image":{"@id":"https:\/\/www.notibras.com\/site\/julio-cesar-e-o-goleiro-mais-vazado-na-historia-da-selecao-brasileira\/#primaryimage"},"thumbnailUrl":"https:\/\/www.notibras.com\/site\/wp-content\/uploads\/2014\/07\/copa.jpg","datePublished":"2014-07-12T20:37:31+00:00","dateModified":"2014-07-13T10:36:28+00:00","breadcrumb":{"@id":"https:\/\/www.notibras.com\/site\/julio-cesar-e-o-goleiro-mais-vazado-na-historia-da-selecao-brasileira\/#breadcrumb"},"inLanguage":"pt-BR","potentialAction":[{"@type":"ReadAction","target":["https:\/\/www.notibras.com\/site\/julio-cesar-e-o-goleiro-mais-vazado-na-historia-da-selecao-brasileira\/"]}]},{"@type":"ImageObject","inLanguage":"pt-BR","@id":"https:\/\/www.notibras.com\/site\/julio-cesar-e-o-goleiro-mais-vazado-na-historia-da-selecao-brasileira\/#primaryimage","url":"https:\/\/www.notibras.com\/site\/wp-content\/uploads\/2014\/07\/copa.jpg","contentUrl":"https:\/\/www.notibras.com\/site\/wp-content\/uploads\/2014\/07\/copa.jpg","width":620,"height":465},{"@type":"BreadcrumbList","@id":"https:\/\/www.notibras.com\/site\/julio-cesar-e-o-goleiro-mais-vazado-na-historia-da-selecao-brasileira\/#breadcrumb","itemListElement":[{"@type":"ListItem","position":1,"name":"In\u00edcio","item":"https:\/\/www.notibras.com\/site\/"},{"@type":"ListItem","position":2,"name":"J\u00falio C\u00e9sar \u00e9 o goleiro mais vazado na hist\u00f3ria da sele\u00e7\u00e3o brasileira"}]},{"@type":"WebSite","@id":"https:\/\/www.notibras.com\/site\/#website","url":"https:\/\/www.notibras.com\/site\/","name":"Notibras","description":"Not\u00edcias de Bras\u00edlia, do Brasil e do Mundo","publisher":{"@id":"https:\/\/www.notibras.com\/site\/#organization"},"potentialAction":[{"@type":"SearchAction","target":{"@type":"EntryPoint","urlTemplate":"https:\/\/www.notibras.com\/site\/?s={search_term_string}"},"query-input":{"@type":"PropertyValueSpecification","valueRequired":true,"valueName":"search_term_string"}}],"inLanguage":"pt-BR"},{"@type":"Organization","@id":"https:\/\/www.notibras.com\/site\/#organization","name":"Grupo Notibras de Comunica\u00e7\u00e3o","url":"https:\/\/www.notibras.com\/site\/","logo":{"@type":"ImageObject","inLanguage":"pt-BR","@id":"https:\/\/www.notibras.com\/site\/#\/schema\/logo\/image\/","url":"https:\/\/www.notibras.com\/site\/wp-content\/uploads\/2023\/01\/notibras23.png","contentUrl":"https:\/\/www.notibras.com\/site\/wp-content\/uploads\/2023\/01\/notibras23.png","width":350,"height":87,"caption":"Grupo Notibras de Comunica\u00e7\u00e3o"},"image":{"@id":"https:\/\/www.notibras.com\/site\/#\/schema\/logo\/image\/"},"sameAs":["https:\/\/www.facebook.com\/notibras\/","https:\/\/x.com\/Notibras","https:\/\/www.instagram.com\/notibras\/"]},{"@type":"Person","@id":"https:\/\/www.notibras.com\/site\/#\/schema\/person\/36ab0979449956132d3e5b517ea76ac8","name":"Reda\u00e7\u00e3o","image":{"@type":"ImageObject","inLanguage":"pt-BR","@id":"https:\/\/secure.gravatar.com\/avatar\/e0a867bdedb85fd243eadf09663511f96fc81e0720a4a42581f334ad4303aa6b?s=96&d=mm&r=g","url":"https:\/\/secure.gravatar.com\/avatar\/e0a867bdedb85fd243eadf09663511f96fc81e0720a4a42581f334ad4303aa6b?s=96&d=mm&r=g","contentUrl":"https:\/\/secure.gravatar.com\/avatar\/e0a867bdedb85fd243eadf09663511f96fc81e0720a4a42581f334ad4303aa6b?s=96&d=mm&r=g","caption":"Reda\u00e7\u00e3o"}}]}},"amp_enabled":true,"_links":{"self":[{"href":"https:\/\/www.notibras.com\/site\/wp-json\/wp\/v2\/posts\/16017","targetHints":{"allow":["GET"]}}],"collection":[{"href":"https:\/\/www.notibras.com\/site\/wp-json\/wp\/v2\/posts"}],"about":[{"href":"https:\/\/www.notibras.com\/site\/wp-json\/wp\/v2\/types\/post"}],"author":[{"embeddable":true,"href":"https:\/\/www.notibras.com\/site\/wp-json\/wp\/v2\/users\/2"}],"replies":[{"embeddable":true,"href":"https:\/\/www.notibras.com\/site\/wp-json\/wp\/v2\/comments?post=16017"}],"version-history":[{"count":0,"href":"https:\/\/www.notibras.com\/site\/wp-json\/wp\/v2\/posts\/16017\/revisions"}],"wp:featuredmedia":[{"embeddable":true,"href":"https:\/\/www.notibras.com\/site\/wp-json\/wp\/v2\/media\/16018"}],"wp:attachment":[{"href":"https:\/\/www.notibras.com\/site\/wp-json\/wp\/v2\/media?parent=16017"}],"wp:term":[{"taxonomy":"category","embeddable":true,"href":"https:\/\/www.notibras.com\/site\/wp-json\/wp\/v2\/categories?post=16017"},{"taxonomy":"post_tag","embeddable":true,"href":"https:\/\/www.notibras.com\/site\/wp-json\/wp\/v2\/tags?post=16017"}],"curies":[{"name":"wp","href":"https:\/\/api.w.org\/{rel}","templated":true}]}}