{"id":16038,"date":"2014-07-12T18:40:24","date_gmt":"2014-07-12T21:40:24","guid":{"rendered":"http:\/\/www.notibras.com\/site\/?p=16038"},"modified":"2014-07-12T19:42:55","modified_gmt":"2014-07-12T22:42:55","slug":"brasil-deu-mais-espaco-que-argentina-diz-o-craque-robben","status":"publish","type":"post","link":"https:\/\/www.notibras.com\/site\/brasil-deu-mais-espaco-que-argentina-diz-o-craque-robben\/","title":{"rendered":"Brasil deu mais espa\u00e7o que Argentina, diz o craque Robben"},"content":{"rendered":"<p>Um dos craques da Copa do Mundo e concorrente ao posto de melhor jogador da competi\u00e7\u00e3o, o ponta direita holand\u00eas Arjen Robben apontou falhas da sele\u00e7\u00e3o brasileira ap\u00f3s a vit\u00f3ria da Holanda por 3 a 0, neste s\u00e1bado, na disputa pelo terceiro lugar.<\/p>\n<p>&#8220;Contra Argentina foi diferente, hoje deram mais espa\u00e7o pra gente. Tenho muito orgulho. Preciso elogiar a equipe, merecia mais e agora estou esgotado. Dei tudo o que tinha. Todo apoio com os f\u00e3s e merec\u00edamos a final pelo que jogamos. Estou esgotado, a gente deu tudo o m\u00eas inteiro. A gente merecia jogar amanha, mas tamb\u00e9m o terceiro lugar. A gente continua de ressaca&#8221;, falou em entrevista oficial reproduzida SporTV.<\/p>\n<p>A Argentina passou pela Holanda na semifinal da Copa do Mundo, mas precisou dos p\u00eanaltis para vencer. Na partida disputada no Itaquer\u00e3o, em S\u00e3o Paulo, Robben teve poucos espa\u00e7os e apareceu com menos intensidade do que o de costume.<\/p>\n<p>Mesmo fora, ele elogiou o embate entre Alemanha e Argentina na final, que acontecer\u00e1 neste domingo, no Maracan\u00e3. Mas afirmou que fica decepcionado por estar fora do confronto, com a Holanda, que se sagrou a terceira colocada da Copa.<\/p>\n<blockquote><p>&#8220;\u00c9 um final legal de se jogar, mas a decep\u00e7\u00e3o fica. Est\u00e1vamos t\u00e3o pr\u00f3ximos do objetivo&#8221;, acrescentou.<\/p><\/blockquote>\n<p>O craque holand\u00eas ainda agradeceu ao povo brasileiro e desejou boa sorte \u00e0 sele\u00e7\u00e3o brasileira ap\u00f3s o fracasso.<\/p>\n<p>&#8211; Em primeiro lugar, antes de come\u00e7ar, eu estaria de agradecer a todo o povo brasileiro pelo apoio. Foi uma honra estar aqui e fazer parte do torneio especialmente pelas pessoas. Obrigada a todo o povo brasileiro. Foi a melhor forma de encerrar o torneio. Merec\u00edamos o terceiro lugar. Ningu\u00e9m esperava Holanda em terceiro lugar e \u00e9 muito bom terminar assim de 3 a 0 para o Brasil. Para eles foi muito dif\u00edcil depois do 7 a 1 para a Alemanha. Desejo a eles toda a sorte do mundo&#8221;, falou, em entrevista coletiva.<\/p>\n","protected":false},"excerpt":{"rendered":"<p>Um dos craques da Copa do Mundo e concorrente ao posto de melhor jogador da competi\u00e7\u00e3o, o ponta direita holand\u00eas Arjen Robben apontou falhas da sele\u00e7\u00e3o brasileira ap\u00f3s a vit\u00f3ria da Holanda por 3 a 0, neste s\u00e1bado, na disputa pelo terceiro lugar. &#8220;Contra Argentina foi diferente, hoje deram mais espa\u00e7o pra gente. Tenho muito [&hellip;]<\/p>\n","protected":false},"author":2,"featured_media":16039,"comment_status":"open","ping_status":"closed","sticky":false,"template":"","format":"standard","meta":{"_acf_changed":false,"footnotes":""},"categories":[19],"tags":[],"class_list":["post-16038","post","type-post","status-publish","format-standard","has-post-thumbnail","hentry","category-esportes"],"acf":[],"_links":{"self":[{"href":"https:\/\/www.notibras.com\/site\/wp-json\/wp\/v2\/posts\/16038","targetHints":{"allow":["GET"]}}],"collection":[{"href":"https:\/\/www.notibras.com\/site\/wp-json\/wp\/v2\/posts"}],"about":[{"href":"https:\/\/www.notibras.com\/site\/wp-json\/wp\/v2\/types\/post"}],"author":[{"embeddable":true,"href":"https:\/\/www.notibras.com\/site\/wp-json\/wp\/v2\/users\/2"}],"replies":[{"embeddable":true,"href":"https:\/\/www.notibras.com\/site\/wp-json\/wp\/v2\/comments?post=16038"}],"version-history":[{"count":0,"href":"https:\/\/www.notibras.com\/site\/wp-json\/wp\/v2\/posts\/16038\/revisions"}],"wp:featuredmedia":[{"embeddable":true,"href":"https:\/\/www.notibras.com\/site\/wp-json\/wp\/v2\/media\/16039"}],"wp:attachment":[{"href":"https:\/\/www.notibras.com\/site\/wp-json\/wp\/v2\/media?parent=16038"}],"wp:term":[{"taxonomy":"category","embeddable":true,"href":"https:\/\/www.notibras.com\/site\/wp-json\/wp\/v2\/categories?post=16038"},{"taxonomy":"post_tag","embeddable":true,"href":"https:\/\/www.notibras.com\/site\/wp-json\/wp\/v2\/tags?post=16038"}],"curies":[{"name":"wp","href":"https:\/\/api.w.org\/{rel}","templated":true}]}}