{"id":16041,"date":"2014-07-12T18:44:10","date_gmt":"2014-07-12T21:44:10","guid":{"rendered":"http:\/\/www.notibras.com\/site\/?p=16041"},"modified":"2014-07-12T19:46:38","modified_gmt":"2014-07-12T22:46:38","slug":"thiago-silva-tenta-livrar-a-cara-mereciamos-um-lugar-melhor","status":"publish","type":"post","link":"https:\/\/www.notibras.com\/site\/thiago-silva-tenta-livrar-a-cara-mereciamos-um-lugar-melhor\/","title":{"rendered":"Thiago Silva tenta livrar a cara. &#8216;Merec\u00edamos um lugar melhor&#8217;"},"content":{"rendered":"<p>Depois de cumprir suspens\u00e3o, Thiago Silva voltou a defender a sele\u00e7\u00e3o brasileira, mas n\u00e3o evitou mais uma derrota. Dessa vez, ap\u00f3s perder por 3 a 0 para a Holanda, o time ficou com o 4\u00ba lugar da Copa do Mundo. Por isso, o capit\u00e3o pediu desculpas.<\/p>\n<p>Apesar de reconhecer que o desempenho n\u00e3o foi dos melhores, o zagueiro afirmou que o 4\u00ba lugar n\u00e3o corresponde \u00e0 verdade.<\/p>\n<blockquote><p>&#8220;Frustra\u00e7\u00e3o, n\u00e9? A gente sonhou com esse momento, passei noites sem dormir e acabar dessa forma.. A gente n\u00e3o merecia um final desse jeito que foi. Mas infelizmente \u00e9 futebol, temos que pedir desculpas ao povo que nos apoiou no 7 a 1 e no 3 a 0 tamb\u00e9m. Vaiaram no final porque \u00e9 normal, tem sentimento. Mas nossa tristeza \u00e9 muito grande. Chegar em casa e falar para fam\u00edlia que n\u00e3o conseguiu&#8221;, lamentou o atleta do PSG.<\/p><\/blockquote>\n<p>Com a derrota em Bras\u00edlia, a sele\u00e7\u00e3o teve a sua pior derrota para a Holanda e tamb\u00e9m fez J\u00falio C\u00e9sar entrar para a hist\u00f3ria da competi\u00e7\u00e3o como o goleiro brasileiro que mais tomou gol.<\/p>\n<p>Neste domingo, Alemanha e Argentina se enfrentam no Maracan\u00e3 para decidir quem ser\u00e1 o campe\u00e3o.<\/p>\n","protected":false},"excerpt":{"rendered":"<p>Depois de cumprir suspens\u00e3o, Thiago Silva voltou a defender a sele\u00e7\u00e3o brasileira, mas n\u00e3o evitou mais uma derrota. Dessa vez, ap\u00f3s perder por 3 a 0 para a Holanda, o time ficou com o 4\u00ba lugar da Copa do Mundo. Por isso, o capit\u00e3o pediu desculpas. Apesar de reconhecer que o desempenho n\u00e3o foi dos [&hellip;]<\/p>\n","protected":false},"author":2,"featured_media":16042,"comment_status":"open","ping_status":"closed","sticky":false,"template":"","format":"standard","meta":{"_acf_changed":false,"footnotes":""},"categories":[19],"tags":[],"class_list":["post-16041","post","type-post","status-publish","format-standard","has-post-thumbnail","hentry","category-esportes"],"acf":[],"_links":{"self":[{"href":"https:\/\/www.notibras.com\/site\/wp-json\/wp\/v2\/posts\/16041","targetHints":{"allow":["GET"]}}],"collection":[{"href":"https:\/\/www.notibras.com\/site\/wp-json\/wp\/v2\/posts"}],"about":[{"href":"https:\/\/www.notibras.com\/site\/wp-json\/wp\/v2\/types\/post"}],"author":[{"embeddable":true,"href":"https:\/\/www.notibras.com\/site\/wp-json\/wp\/v2\/users\/2"}],"replies":[{"embeddable":true,"href":"https:\/\/www.notibras.com\/site\/wp-json\/wp\/v2\/comments?post=16041"}],"version-history":[{"count":0,"href":"https:\/\/www.notibras.com\/site\/wp-json\/wp\/v2\/posts\/16041\/revisions"}],"wp:featuredmedia":[{"embeddable":true,"href":"https:\/\/www.notibras.com\/site\/wp-json\/wp\/v2\/media\/16042"}],"wp:attachment":[{"href":"https:\/\/www.notibras.com\/site\/wp-json\/wp\/v2\/media?parent=16041"}],"wp:term":[{"taxonomy":"category","embeddable":true,"href":"https:\/\/www.notibras.com\/site\/wp-json\/wp\/v2\/categories?post=16041"},{"taxonomy":"post_tag","embeddable":true,"href":"https:\/\/www.notibras.com\/site\/wp-json\/wp\/v2\/tags?post=16041"}],"curies":[{"name":"wp","href":"https:\/\/api.w.org\/{rel}","templated":true}]}}