{"id":16044,"date":"2014-07-12T17:47:30","date_gmt":"2014-07-12T20:47:30","guid":{"rendered":"http:\/\/www.notibras.com\/site\/?p=16044"},"modified":"2014-07-12T19:51:30","modified_gmt":"2014-07-12T22:51:30","slug":"ramires-apos-mais-fracasso-diz-que-time-fica-ate-tonto","status":"publish","type":"post","link":"https:\/\/www.notibras.com\/site\/ramires-apos-mais-fracasso-diz-que-time-fica-ate-tonto\/","title":{"rendered":"Ramires, ap\u00f3s mais fracasso, diz que time fica at\u00e9 tonto"},"content":{"rendered":"<p>O meia Ramires, do Chelsea (ING), foi escalado por Luiz Felipe Scolari como titular no lado direito do setor ofensivo e mostrou mais uma vez uma m\u00e1 atua\u00e7\u00e3o na Copa do Mundo, neste s\u00e1bado, na derrota por 3 a 0 para a Holanda, no Man\u00e9 Garrincha, em Bras\u00edlia. O Brasil cravou o 4\u00ba lugar da Copa com mais um rev\u00e9s. Ramires pediu desculpas e descreveu o sentimento ao deixar a Copa.<\/p>\n<blockquote><p>&#8220;Agora \u00e9 dif\u00edcil porque a gente, eu posso dizer que sai ate meio perdido. A gente teve uma outra oportunidade n\u00e3o de dar a volta por cima, mas talvez de terminar a Copa bem, porque no \u00faltimo jogo n\u00e3o esper\u00e1vamos o 7 . Acho que as coisas aconteceram, a gente n\u00e3o tem muito o que falar. N\u00e3o tem como apontar um ou\u00a0 outro, como \u00e9 um grupo \u00e9 um grupo nas derrotas tamb\u00e9m. Agora \u00e9 levantar a cabe\u00e7a, buscar for\u00e7a nos nossos familiares&#8221;, disse.<\/p><\/blockquote>\n<p>Apesar da derrota, Ramires ainda encontrou saldo positivo na Copa, de alguma maneira. &#8220;Que o povo n\u00e3o deixe de acreditar, acho que a gente resgatou uma coisa bonita que \u00e9 a torcida voltar a torcer. A gente no caminho do \u00f4nibus viu a torcida acenar e apoiar a gente&#8221;, falou. &#8220;A gente pede desculpa ao torcedor&#8221;, concluiu.<\/p>\n","protected":false},"excerpt":{"rendered":"<p>O meia Ramires, do Chelsea (ING), foi escalado por Luiz Felipe Scolari como titular no lado direito do setor ofensivo e mostrou mais uma vez uma m\u00e1 atua\u00e7\u00e3o na Copa do Mundo, neste s\u00e1bado, na derrota por 3 a 0 para a Holanda, no Man\u00e9 Garrincha, em Bras\u00edlia. O Brasil cravou o 4\u00ba lugar da [&hellip;]<\/p>\n","protected":false},"author":2,"featured_media":16045,"comment_status":"open","ping_status":"closed","sticky":false,"template":"","format":"standard","meta":{"_acf_changed":false,"footnotes":""},"categories":[19],"tags":[],"class_list":["post-16044","post","type-post","status-publish","format-standard","has-post-thumbnail","hentry","category-esportes"],"acf":[],"_links":{"self":[{"href":"https:\/\/www.notibras.com\/site\/wp-json\/wp\/v2\/posts\/16044","targetHints":{"allow":["GET"]}}],"collection":[{"href":"https:\/\/www.notibras.com\/site\/wp-json\/wp\/v2\/posts"}],"about":[{"href":"https:\/\/www.notibras.com\/site\/wp-json\/wp\/v2\/types\/post"}],"author":[{"embeddable":true,"href":"https:\/\/www.notibras.com\/site\/wp-json\/wp\/v2\/users\/2"}],"replies":[{"embeddable":true,"href":"https:\/\/www.notibras.com\/site\/wp-json\/wp\/v2\/comments?post=16044"}],"version-history":[{"count":0,"href":"https:\/\/www.notibras.com\/site\/wp-json\/wp\/v2\/posts\/16044\/revisions"}],"wp:featuredmedia":[{"embeddable":true,"href":"https:\/\/www.notibras.com\/site\/wp-json\/wp\/v2\/media\/16045"}],"wp:attachment":[{"href":"https:\/\/www.notibras.com\/site\/wp-json\/wp\/v2\/media?parent=16044"}],"wp:term":[{"taxonomy":"category","embeddable":true,"href":"https:\/\/www.notibras.com\/site\/wp-json\/wp\/v2\/categories?post=16044"},{"taxonomy":"post_tag","embeddable":true,"href":"https:\/\/www.notibras.com\/site\/wp-json\/wp\/v2\/tags?post=16044"}],"curies":[{"name":"wp","href":"https:\/\/api.w.org\/{rel}","templated":true}]}}