{"id":16051,"date":"2014-07-12T18:57:27","date_gmt":"2014-07-12T21:57:27","guid":{"rendered":"http:\/\/www.notibras.com\/site\/?p=16051"},"modified":"2014-07-12T19:59:21","modified_gmt":"2014-07-12T22:59:21","slug":"ole-da-argentina-ironiza-o-quarto-lugar-que-ficou-para-o-brasil","status":"publish","type":"post","link":"https:\/\/www.notibras.com\/site\/ole-da-argentina-ironiza-o-quarto-lugar-que-ficou-para-o-brasil\/","title":{"rendered":"Ol\u00e9, da Argentina, ironiza o quarto lugar que ficou para o Brasil"},"content":{"rendered":"<p>Mais uma decep\u00e7\u00e3o, e mais provoca\u00e7\u00f5es dos argentinos. O jornal Ol\u00e9 n\u00e3o perdoou a derrota de 3 a 0 do Brasil para a Holanda, em jogo disputado neste s\u00e1bado, no Man\u00e9 Garrincha, e voltou a tirar sarro da sele\u00e7\u00e3o brasileira, assim como aconteceu na \u00faltima ter\u00e7a-feira, ap\u00f3s a humilhante goleada de 7 a 1 para a Alemanha na semifinal.<\/p>\n<p>&#8220;Parab\u00e9ns, Brasil&#8221;, cravou a manchete do Ol\u00e9, para depois provocar ainda mais no texto: &#8220;A equipe de Felip\u00e3o n\u00e3o conseguiu sequer subir no p\u00f3dio: perdeu de 3 a 0 da Holanda e ficou com o quarto lugar. Os comandados de Van Gaal n\u00e3o quiseram impor outra humilha\u00e7\u00e3o aos brasileiros e tiraram o p\u00e9 do acelerador depois do segundo gol, no primeiro tempo&#8221;.<\/p>\n<p>A segunda decep\u00e7\u00e3o brasileira em apenas uma semana tamb\u00e9m n\u00e3o escapou dos jornais de todo o mundo. O tradicional Gazzetta dello Sport, da It\u00e1lia, falou em &#8216;mais uma surra&#8217;, enquanto o Corriere dello Sport, tamb\u00e9m italiano, disse: &#8220;Brasil, outra crise&#8221;.<\/p>\n<blockquote><p>J\u00e1 o site do jornal As, da Espanha, destacou que o Brasil n\u00e3o conseguiu &#8216;nem salvar a honra&#8217;. &#8220;Outra boa exibi\u00e7\u00e3o de Robben, que sofreu o p\u00eanalti do primeiro gol. Blind e Wijnaldum garantiram o bronze da Holanda e o desastre do anfitri\u00e3o&#8221;, acrescentou.<\/p><\/blockquote>\n<p>&#8220;Cuarto de castigo&#8221;, disse o Marca, tamb\u00e9m da Espanha, brincando com a posi\u00e7\u00e3o alcan\u00e7ada pelo Brasil no Mundial. O jornal ressaltou ainda que a sele\u00e7\u00e3o anfitri\u00e3 se despediu da Copa do Mundo deixando uma imagem muito ruim ap\u00f3s as duas derrotas.<\/p>\n","protected":false},"excerpt":{"rendered":"<p>Mais uma decep\u00e7\u00e3o, e mais provoca\u00e7\u00f5es dos argentinos. O jornal Ol\u00e9 n\u00e3o perdoou a derrota de 3 a 0 do Brasil para a Holanda, em jogo disputado neste s\u00e1bado, no Man\u00e9 Garrincha, e voltou a tirar sarro da sele\u00e7\u00e3o brasileira, assim como aconteceu na \u00faltima ter\u00e7a-feira, ap\u00f3s a humilhante goleada de 7 a 1 para [&hellip;]<\/p>\n","protected":false},"author":2,"featured_media":16052,"comment_status":"open","ping_status":"closed","sticky":false,"template":"","format":"standard","meta":{"_acf_changed":false,"footnotes":""},"categories":[19],"tags":[],"class_list":["post-16051","post","type-post","status-publish","format-standard","has-post-thumbnail","hentry","category-esportes"],"acf":[],"yoast_head":"<!-- This site is optimized with the Yoast SEO plugin v27.2 - https:\/\/yoast.com\/product\/yoast-seo-wordpress\/ -->\n<title>Ol\u00e9, da Argentina, ironiza o quarto lugar que ficou para o Brasil - Notibras<\/title>\n<meta name=\"robots\" content=\"index, follow, max-snippet:-1, max-image-preview:large, max-video-preview:-1\" \/>\n<link rel=\"canonical\" href=\"https:\/\/www.notibras.com\/site\/ole-da-argentina-ironiza-o-quarto-lugar-que-ficou-para-o-brasil\/\" \/>\n<meta property=\"og:locale\" content=\"pt_BR\" \/>\n<meta property=\"og:type\" content=\"article\" \/>\n<meta property=\"og:title\" content=\"Ol\u00e9, da Argentina, ironiza o quarto lugar que ficou para o Brasil - Notibras\" \/>\n<meta property=\"og:description\" content=\"Mais uma decep\u00e7\u00e3o, e mais provoca\u00e7\u00f5es dos argentinos. O jornal Ol\u00e9 n\u00e3o perdoou a derrota de 3 a 0 do Brasil para a Holanda, em jogo disputado neste s\u00e1bado, no Man\u00e9 Garrincha, e voltou a tirar sarro da sele\u00e7\u00e3o brasileira, assim como aconteceu na \u00faltima ter\u00e7a-feira, ap\u00f3s a humilhante goleada de 7 a 1 para [&hellip;]\" \/>\n<meta property=\"og:url\" content=\"https:\/\/www.notibras.com\/site\/ole-da-argentina-ironiza-o-quarto-lugar-que-ficou-para-o-brasil\/\" \/>\n<meta property=\"og:site_name\" content=\"Notibras\" \/>\n<meta property=\"article:publisher\" content=\"https:\/\/www.facebook.com\/notibras\/\" \/>\n<meta property=\"article:published_time\" content=\"2014-07-12T21:57:27+00:00\" \/>\n<meta property=\"article:modified_time\" content=\"2014-07-12T22:59:21+00:00\" \/>\n<meta property=\"og:image\" content=\"https:\/\/www.notibras.com\/site\/wp-content\/uploads\/2014\/07\/co3.jpg\" \/>\n\t<meta property=\"og:image:width\" content=\"615\" \/>\n\t<meta property=\"og:image:height\" content=\"300\" \/>\n\t<meta property=\"og:image:type\" content=\"image\/jpeg\" \/>\n<meta name=\"author\" content=\"Reda\u00e7\u00e3o\" \/>\n<meta name=\"twitter:card\" content=\"summary_large_image\" \/>\n<meta name=\"twitter:creator\" content=\"@Notibras\" \/>\n<meta name=\"twitter:site\" content=\"@Notibras\" \/>\n<meta name=\"twitter:label1\" content=\"Escrito por\" \/>\n\t<meta name=\"twitter:data1\" content=\"Reda\u00e7\u00e3o\" \/>\n\t<meta name=\"twitter:label2\" content=\"Est. tempo de leitura\" \/>\n\t<meta name=\"twitter:data2\" content=\"1 minuto\" \/>\n<script type=\"application\/ld+json\" class=\"yoast-schema-graph\">{\"@context\":\"https:\/\/schema.org\",\"@graph\":[{\"@type\":\"Article\",\"@id\":\"https:\/\/www.notibras.com\/site\/ole-da-argentina-ironiza-o-quarto-lugar-que-ficou-para-o-brasil\/#article\",\"isPartOf\":{\"@id\":\"https:\/\/www.notibras.com\/site\/ole-da-argentina-ironiza-o-quarto-lugar-que-ficou-para-o-brasil\/\"},\"author\":{\"name\":\"Reda\u00e7\u00e3o\",\"@id\":\"https:\/\/www.notibras.com\/site\/#\/schema\/person\/36ab0979449956132d3e5b517ea76ac8\"},\"headline\":\"Ol\u00e9, da Argentina, ironiza o quarto lugar que ficou para o Brasil\",\"datePublished\":\"2014-07-12T21:57:27+00:00\",\"dateModified\":\"2014-07-12T22:59:21+00:00\",\"mainEntityOfPage\":{\"@id\":\"https:\/\/www.notibras.com\/site\/ole-da-argentina-ironiza-o-quarto-lugar-que-ficou-para-o-brasil\/\"},\"wordCount\":279,\"commentCount\":0,\"publisher\":{\"@id\":\"https:\/\/www.notibras.com\/site\/#organization\"},\"image\":{\"@id\":\"https:\/\/www.notibras.com\/site\/ole-da-argentina-ironiza-o-quarto-lugar-que-ficou-para-o-brasil\/#primaryimage\"},\"thumbnailUrl\":\"https:\/\/www.notibras.com\/site\/wp-content\/uploads\/2014\/07\/co3.jpg\",\"articleSection\":[\"Esportes\"],\"inLanguage\":\"pt-BR\",\"potentialAction\":[{\"@type\":\"CommentAction\",\"name\":\"Comment\",\"target\":[\"https:\/\/www.notibras.com\/site\/ole-da-argentina-ironiza-o-quarto-lugar-que-ficou-para-o-brasil\/#respond\"]}]},{\"@type\":\"WebPage\",\"@id\":\"https:\/\/www.notibras.com\/site\/ole-da-argentina-ironiza-o-quarto-lugar-que-ficou-para-o-brasil\/\",\"url\":\"https:\/\/www.notibras.com\/site\/ole-da-argentina-ironiza-o-quarto-lugar-que-ficou-para-o-brasil\/\",\"name\":\"Ol\u00e9, da Argentina, ironiza o quarto lugar que ficou para o Brasil - Notibras\",\"isPartOf\":{\"@id\":\"https:\/\/www.notibras.com\/site\/#website\"},\"primaryImageOfPage\":{\"@id\":\"https:\/\/www.notibras.com\/site\/ole-da-argentina-ironiza-o-quarto-lugar-que-ficou-para-o-brasil\/#primaryimage\"},\"image\":{\"@id\":\"https:\/\/www.notibras.com\/site\/ole-da-argentina-ironiza-o-quarto-lugar-que-ficou-para-o-brasil\/#primaryimage\"},\"thumbnailUrl\":\"https:\/\/www.notibras.com\/site\/wp-content\/uploads\/2014\/07\/co3.jpg\",\"datePublished\":\"2014-07-12T21:57:27+00:00\",\"dateModified\":\"2014-07-12T22:59:21+00:00\",\"breadcrumb\":{\"@id\":\"https:\/\/www.notibras.com\/site\/ole-da-argentina-ironiza-o-quarto-lugar-que-ficou-para-o-brasil\/#breadcrumb\"},\"inLanguage\":\"pt-BR\",\"potentialAction\":[{\"@type\":\"ReadAction\",\"target\":[\"https:\/\/www.notibras.com\/site\/ole-da-argentina-ironiza-o-quarto-lugar-que-ficou-para-o-brasil\/\"]}]},{\"@type\":\"ImageObject\",\"inLanguage\":\"pt-BR\",\"@id\":\"https:\/\/www.notibras.com\/site\/ole-da-argentina-ironiza-o-quarto-lugar-que-ficou-para-o-brasil\/#primaryimage\",\"url\":\"https:\/\/www.notibras.com\/site\/wp-content\/uploads\/2014\/07\/co3.jpg\",\"contentUrl\":\"https:\/\/www.notibras.com\/site\/wp-content\/uploads\/2014\/07\/co3.jpg\",\"width\":615,\"height\":300},{\"@type\":\"BreadcrumbList\",\"@id\":\"https:\/\/www.notibras.com\/site\/ole-da-argentina-ironiza-o-quarto-lugar-que-ficou-para-o-brasil\/#breadcrumb\",\"itemListElement\":[{\"@type\":\"ListItem\",\"position\":1,\"name\":\"In\u00edcio\",\"item\":\"https:\/\/www.notibras.com\/site\/\"},{\"@type\":\"ListItem\",\"position\":2,\"name\":\"Ol\u00e9, da Argentina, ironiza o quarto lugar que ficou para o Brasil\"}]},{\"@type\":\"WebSite\",\"@id\":\"https:\/\/www.notibras.com\/site\/#website\",\"url\":\"https:\/\/www.notibras.com\/site\/\",\"name\":\"Notibras\",\"description\":\"Not\u00edcias de Bras\u00edlia, do Brasil e do Mundo\",\"publisher\":{\"@id\":\"https:\/\/www.notibras.com\/site\/#organization\"},\"potentialAction\":[{\"@type\":\"SearchAction\",\"target\":{\"@type\":\"EntryPoint\",\"urlTemplate\":\"https:\/\/www.notibras.com\/site\/?s={search_term_string}\"},\"query-input\":{\"@type\":\"PropertyValueSpecification\",\"valueRequired\":true,\"valueName\":\"search_term_string\"}}],\"inLanguage\":\"pt-BR\"},{\"@type\":\"Organization\",\"@id\":\"https:\/\/www.notibras.com\/site\/#organization\",\"name\":\"Grupo Notibras de Comunica\u00e7\u00e3o\",\"url\":\"https:\/\/www.notibras.com\/site\/\",\"logo\":{\"@type\":\"ImageObject\",\"inLanguage\":\"pt-BR\",\"@id\":\"https:\/\/www.notibras.com\/site\/#\/schema\/logo\/image\/\",\"url\":\"https:\/\/www.notibras.com\/site\/wp-content\/uploads\/2023\/01\/notibras23.png\",\"contentUrl\":\"https:\/\/www.notibras.com\/site\/wp-content\/uploads\/2023\/01\/notibras23.png\",\"width\":350,\"height\":87,\"caption\":\"Grupo Notibras de Comunica\u00e7\u00e3o\"},\"image\":{\"@id\":\"https:\/\/www.notibras.com\/site\/#\/schema\/logo\/image\/\"},\"sameAs\":[\"https:\/\/www.facebook.com\/notibras\/\",\"https:\/\/x.com\/Notibras\",\"https:\/\/www.instagram.com\/notibras\/\"]},{\"@type\":\"Person\",\"@id\":\"https:\/\/www.notibras.com\/site\/#\/schema\/person\/36ab0979449956132d3e5b517ea76ac8\",\"name\":\"Reda\u00e7\u00e3o\",\"image\":{\"@type\":\"ImageObject\",\"inLanguage\":\"pt-BR\",\"@id\":\"https:\/\/secure.gravatar.com\/avatar\/e0a867bdedb85fd243eadf09663511f96fc81e0720a4a42581f334ad4303aa6b?s=96&d=mm&r=g\",\"url\":\"https:\/\/secure.gravatar.com\/avatar\/e0a867bdedb85fd243eadf09663511f96fc81e0720a4a42581f334ad4303aa6b?s=96&d=mm&r=g\",\"contentUrl\":\"https:\/\/secure.gravatar.com\/avatar\/e0a867bdedb85fd243eadf09663511f96fc81e0720a4a42581f334ad4303aa6b?s=96&d=mm&r=g\",\"caption\":\"Reda\u00e7\u00e3o\"}}]}<\/script>\n<!-- \/ Yoast SEO plugin. -->","yoast_head_json":{"title":"Ol\u00e9, da Argentina, ironiza o quarto lugar que ficou para o Brasil - Notibras","robots":{"index":"index","follow":"follow","max-snippet":"max-snippet:-1","max-image-preview":"max-image-preview:large","max-video-preview":"max-video-preview:-1"},"canonical":"https:\/\/www.notibras.com\/site\/ole-da-argentina-ironiza-o-quarto-lugar-que-ficou-para-o-brasil\/","og_locale":"pt_BR","og_type":"article","og_title":"Ol\u00e9, da Argentina, ironiza o quarto lugar que ficou para o Brasil - Notibras","og_description":"Mais uma decep\u00e7\u00e3o, e mais provoca\u00e7\u00f5es dos argentinos. O jornal Ol\u00e9 n\u00e3o perdoou a derrota de 3 a 0 do Brasil para a Holanda, em jogo disputado neste s\u00e1bado, no Man\u00e9 Garrincha, e voltou a tirar sarro da sele\u00e7\u00e3o brasileira, assim como aconteceu na \u00faltima ter\u00e7a-feira, ap\u00f3s a humilhante goleada de 7 a 1 para [&hellip;]","og_url":"https:\/\/www.notibras.com\/site\/ole-da-argentina-ironiza-o-quarto-lugar-que-ficou-para-o-brasil\/","og_site_name":"Notibras","article_publisher":"https:\/\/www.facebook.com\/notibras\/","article_published_time":"2014-07-12T21:57:27+00:00","article_modified_time":"2014-07-12T22:59:21+00:00","og_image":[{"width":615,"height":300,"url":"https:\/\/www.notibras.com\/site\/wp-content\/uploads\/2014\/07\/co3.jpg","type":"image\/jpeg"}],"author":"Reda\u00e7\u00e3o","twitter_card":"summary_large_image","twitter_creator":"@Notibras","twitter_site":"@Notibras","twitter_misc":{"Escrito por":"Reda\u00e7\u00e3o","Est. tempo de leitura":"1 minuto"},"schema":{"@context":"https:\/\/schema.org","@graph":[{"@type":"Article","@id":"https:\/\/www.notibras.com\/site\/ole-da-argentina-ironiza-o-quarto-lugar-que-ficou-para-o-brasil\/#article","isPartOf":{"@id":"https:\/\/www.notibras.com\/site\/ole-da-argentina-ironiza-o-quarto-lugar-que-ficou-para-o-brasil\/"},"author":{"name":"Reda\u00e7\u00e3o","@id":"https:\/\/www.notibras.com\/site\/#\/schema\/person\/36ab0979449956132d3e5b517ea76ac8"},"headline":"Ol\u00e9, da Argentina, ironiza o quarto lugar que ficou para o Brasil","datePublished":"2014-07-12T21:57:27+00:00","dateModified":"2014-07-12T22:59:21+00:00","mainEntityOfPage":{"@id":"https:\/\/www.notibras.com\/site\/ole-da-argentina-ironiza-o-quarto-lugar-que-ficou-para-o-brasil\/"},"wordCount":279,"commentCount":0,"publisher":{"@id":"https:\/\/www.notibras.com\/site\/#organization"},"image":{"@id":"https:\/\/www.notibras.com\/site\/ole-da-argentina-ironiza-o-quarto-lugar-que-ficou-para-o-brasil\/#primaryimage"},"thumbnailUrl":"https:\/\/www.notibras.com\/site\/wp-content\/uploads\/2014\/07\/co3.jpg","articleSection":["Esportes"],"inLanguage":"pt-BR","potentialAction":[{"@type":"CommentAction","name":"Comment","target":["https:\/\/www.notibras.com\/site\/ole-da-argentina-ironiza-o-quarto-lugar-que-ficou-para-o-brasil\/#respond"]}]},{"@type":"WebPage","@id":"https:\/\/www.notibras.com\/site\/ole-da-argentina-ironiza-o-quarto-lugar-que-ficou-para-o-brasil\/","url":"https:\/\/www.notibras.com\/site\/ole-da-argentina-ironiza-o-quarto-lugar-que-ficou-para-o-brasil\/","name":"Ol\u00e9, da Argentina, ironiza o quarto lugar que ficou para o Brasil - Notibras","isPartOf":{"@id":"https:\/\/www.notibras.com\/site\/#website"},"primaryImageOfPage":{"@id":"https:\/\/www.notibras.com\/site\/ole-da-argentina-ironiza-o-quarto-lugar-que-ficou-para-o-brasil\/#primaryimage"},"image":{"@id":"https:\/\/www.notibras.com\/site\/ole-da-argentina-ironiza-o-quarto-lugar-que-ficou-para-o-brasil\/#primaryimage"},"thumbnailUrl":"https:\/\/www.notibras.com\/site\/wp-content\/uploads\/2014\/07\/co3.jpg","datePublished":"2014-07-12T21:57:27+00:00","dateModified":"2014-07-12T22:59:21+00:00","breadcrumb":{"@id":"https:\/\/www.notibras.com\/site\/ole-da-argentina-ironiza-o-quarto-lugar-que-ficou-para-o-brasil\/#breadcrumb"},"inLanguage":"pt-BR","potentialAction":[{"@type":"ReadAction","target":["https:\/\/www.notibras.com\/site\/ole-da-argentina-ironiza-o-quarto-lugar-que-ficou-para-o-brasil\/"]}]},{"@type":"ImageObject","inLanguage":"pt-BR","@id":"https:\/\/www.notibras.com\/site\/ole-da-argentina-ironiza-o-quarto-lugar-que-ficou-para-o-brasil\/#primaryimage","url":"https:\/\/www.notibras.com\/site\/wp-content\/uploads\/2014\/07\/co3.jpg","contentUrl":"https:\/\/www.notibras.com\/site\/wp-content\/uploads\/2014\/07\/co3.jpg","width":615,"height":300},{"@type":"BreadcrumbList","@id":"https:\/\/www.notibras.com\/site\/ole-da-argentina-ironiza-o-quarto-lugar-que-ficou-para-o-brasil\/#breadcrumb","itemListElement":[{"@type":"ListItem","position":1,"name":"In\u00edcio","item":"https:\/\/www.notibras.com\/site\/"},{"@type":"ListItem","position":2,"name":"Ol\u00e9, da Argentina, ironiza o quarto lugar que ficou para o Brasil"}]},{"@type":"WebSite","@id":"https:\/\/www.notibras.com\/site\/#website","url":"https:\/\/www.notibras.com\/site\/","name":"Notibras","description":"Not\u00edcias de Bras\u00edlia, do Brasil e do Mundo","publisher":{"@id":"https:\/\/www.notibras.com\/site\/#organization"},"potentialAction":[{"@type":"SearchAction","target":{"@type":"EntryPoint","urlTemplate":"https:\/\/www.notibras.com\/site\/?s={search_term_string}"},"query-input":{"@type":"PropertyValueSpecification","valueRequired":true,"valueName":"search_term_string"}}],"inLanguage":"pt-BR"},{"@type":"Organization","@id":"https:\/\/www.notibras.com\/site\/#organization","name":"Grupo Notibras de Comunica\u00e7\u00e3o","url":"https:\/\/www.notibras.com\/site\/","logo":{"@type":"ImageObject","inLanguage":"pt-BR","@id":"https:\/\/www.notibras.com\/site\/#\/schema\/logo\/image\/","url":"https:\/\/www.notibras.com\/site\/wp-content\/uploads\/2023\/01\/notibras23.png","contentUrl":"https:\/\/www.notibras.com\/site\/wp-content\/uploads\/2023\/01\/notibras23.png","width":350,"height":87,"caption":"Grupo Notibras de Comunica\u00e7\u00e3o"},"image":{"@id":"https:\/\/www.notibras.com\/site\/#\/schema\/logo\/image\/"},"sameAs":["https:\/\/www.facebook.com\/notibras\/","https:\/\/x.com\/Notibras","https:\/\/www.instagram.com\/notibras\/"]},{"@type":"Person","@id":"https:\/\/www.notibras.com\/site\/#\/schema\/person\/36ab0979449956132d3e5b517ea76ac8","name":"Reda\u00e7\u00e3o","image":{"@type":"ImageObject","inLanguage":"pt-BR","@id":"https:\/\/secure.gravatar.com\/avatar\/e0a867bdedb85fd243eadf09663511f96fc81e0720a4a42581f334ad4303aa6b?s=96&d=mm&r=g","url":"https:\/\/secure.gravatar.com\/avatar\/e0a867bdedb85fd243eadf09663511f96fc81e0720a4a42581f334ad4303aa6b?s=96&d=mm&r=g","contentUrl":"https:\/\/secure.gravatar.com\/avatar\/e0a867bdedb85fd243eadf09663511f96fc81e0720a4a42581f334ad4303aa6b?s=96&d=mm&r=g","caption":"Reda\u00e7\u00e3o"}}]}},"amp_enabled":true,"_links":{"self":[{"href":"https:\/\/www.notibras.com\/site\/wp-json\/wp\/v2\/posts\/16051","targetHints":{"allow":["GET"]}}],"collection":[{"href":"https:\/\/www.notibras.com\/site\/wp-json\/wp\/v2\/posts"}],"about":[{"href":"https:\/\/www.notibras.com\/site\/wp-json\/wp\/v2\/types\/post"}],"author":[{"embeddable":true,"href":"https:\/\/www.notibras.com\/site\/wp-json\/wp\/v2\/users\/2"}],"replies":[{"embeddable":true,"href":"https:\/\/www.notibras.com\/site\/wp-json\/wp\/v2\/comments?post=16051"}],"version-history":[{"count":0,"href":"https:\/\/www.notibras.com\/site\/wp-json\/wp\/v2\/posts\/16051\/revisions"}],"wp:featuredmedia":[{"embeddable":true,"href":"https:\/\/www.notibras.com\/site\/wp-json\/wp\/v2\/media\/16052"}],"wp:attachment":[{"href":"https:\/\/www.notibras.com\/site\/wp-json\/wp\/v2\/media?parent=16051"}],"wp:term":[{"taxonomy":"category","embeddable":true,"href":"https:\/\/www.notibras.com\/site\/wp-json\/wp\/v2\/categories?post=16051"},{"taxonomy":"post_tag","embeddable":true,"href":"https:\/\/www.notibras.com\/site\/wp-json\/wp\/v2\/tags?post=16051"}],"curies":[{"name":"wp","href":"https:\/\/api.w.org\/{rel}","templated":true}]}}